{"id":47656,"date":"2024-06-11T10:20:46","date_gmt":"2024-06-11T14:20:46","guid":{"rendered":"https:\/\/www.uqac.ca\/uqactualites\/?p=47656"},"modified":"2024-07-22T15:12:42","modified_gmt":"2024-07-22T19:12:42","slug":"luqac-accueille-9-nouveaux-membres-du-corps-professoral","status":"publish","type":"post","link":"https:\/\/www.uqac.ca\/uqactualites\/2024\/06\/11\/luqac-accueille-9-nouveaux-membres-du-corps-professoral\/","title":{"rendered":"L\u2019UQAC accueille 9 nouveaux membres du corps professoral"},"content":{"rendered":"<p>Le 5 juin dernier avait lieu la journ\u00e9e d\u2019accueil des nouvelles professeures et nouveaux professeurs de l\u2019UQAC. L\u2019\u00e9v\u00e9nement s\u2019est d\u00e9roul\u00e9 dans la Salle collaborative &#8211; La Bulle, \u00e0 la biblioth\u00e8que. Des membres du personnel \u00e9taient sur place afin d\u2019animer diverses s\u00e9ances visant \u00e0 pr\u00e9senter les <a href=\"https:\/\/www.uqac.ca\/direction-et-services\/#decanats\" target=\"_blank\" rel=\"noopener\">trois d\u00e9canats<\/a> ainsi que les diff\u00e9rents services de l\u2019Universit\u00e9. En fin de journ\u00e9e, les 9 recrues du corps professoral ont \u00e9t\u00e9 ensuite accueillies chaleureusement au<a href=\"https:\/\/nikanite.uqac.ca\/\" target=\"_blank\" rel=\"noopener\"> Centre des Premi\u00e8res Nations Nikanite<\/a> pour une activit\u00e9 sociale, en compagnie de la doyenne des affaires d\u00e9partementales, Val\u00e9rie Legendre-Guillemin.<\/p>\n<p>Nous souhaitons la bienvenue aux 9 nouvelles professeures et nouveaux professeurs ainsi qu\u2019une longue carri\u00e8re au sein de notre universit\u00e9.<\/p>\n<h5><strong>Liste des professeures et professeurs par d\u00e9partement<\/strong><\/h5>\n<h6>D\u00e9partement des sciences appliqu\u00e9es (DSA)<\/h6>\n<ul>\n<li>Vincent Abomdi De Paul | g\u00e9nie civil<\/li>\n<li>Dominique Genna | sciences de la Terre<\/li>\n<\/ul>\n<h6>D\u00e9partement des sciences de la sant\u00e9 (DSS)<\/h6>\n<ul>\n<li>Micha\u00ebl Bertrand-Charrette | physioth\u00e9rapie<\/li>\n<li>Benjamin Gallais | psychologie<\/li>\n<li>Andr\u00e9a Paradis | sciences infirmi\u00e8res<\/li>\n<\/ul>\n<h6>D\u00e9partement des sciences de l\u2019\u00e9ducation (DSE)<\/h6>\n<ul>\n<li>Camille Jutras Dupont | enseignement<\/li>\n<\/ul>\n<h6>D\u00e9partement des sciences fondamentales (DSF)<\/h6>\n<ul>\n<li>\u00c9dith Breton | g\u00e9nomique appliqu\u00e9e \u00e0 la g\u00e9n\u00e9tique<\/li>\n<\/ul>\n<h6>D\u00e9partement des sciences humaines et sociales (DSHS)<\/h6>\n<ul>\n<li>Julie Fortin | intervention plein air<\/li>\n<\/ul>\n<h6>D\u00e9partement d\u2019informatique et de math\u00e9matique (DIM)<\/h6>\n<ul>\n<li>Sorelle Audrey Kamkuimo Kengne | th\u00e9orie et pratique de la cr\u00e9ation de jeux vid\u00e9o<\/li>\n<\/ul>\n","protected":false},"excerpt":{"rendered":"<p>Le 5 juin dernier avait lieu la journ\u00e9e d\u2019accueil des nouvelles professeures et nouveaux professeurs de l\u2019UQAC. L\u2019\u00e9v\u00e9nement s\u2019est d\u00e9roul\u00e9 dans la Salle collaborative &#8211; La Bulle, \u00e0 la biblioth\u00e8que. Des membres du personnel \u00e9taient sur place afin d\u2019animer diverses s\u00e9ances visant \u00e0 pr\u00e9senter les trois d\u00e9canats ainsi que les diff\u00e9rents services de l\u2019Universit\u00e9. En [&hellip;]<\/p>\n","protected":false},"author":5,"featured_media":47657,"comment_status":"closed","ping_status":"open","sticky":false,"template":"","format":"standard","meta":{"footnotes":""},"categories":[2795,61],"tags":[20,21,5,3,22,23,2888],"yoast_head":"<!-- This site is optimized with the Yoast SEO plugin v24.2 - https:\/\/yoast.com\/wordpress\/plugins\/seo\/ -->\r\n<title>L\u2019UQAC accueille 9 nouveaux membres du corps professoral - UQACtualit\u00e9s<\/title>\r\n<meta name=\"description\" content=\"L&#039;UQAC a organis\u00e9 une journ\u00e9e d&#039;accueil pour les 9 nouveaux professeurs et nouvelles professeures de l&#039;universit\u00e9\" \/>\r\n<meta name=\"robots\" content=\"index, follow, max-snippet:-1, max-image-preview:large, max-video-preview:-1\" \/>\r\n<link rel=\"canonical\" href=\"https:\/\/www.uqac.ca\/uqactualites\/2024\/06\/11\/luqac-accueille-9-nouveaux-membres-du-corps-professoral\/\" \/>\r\n<meta property=\"og:locale\" content=\"fr_CA\" \/>\r\n<meta property=\"og:type\" content=\"article\" \/>\r\n<meta property=\"og:title\" content=\"L\u2019UQAC accueille 9 nouveaux membres du corps professoral - UQACtualit\u00e9s\" \/>\r\n<meta property=\"og:description\" content=\"L&#039;UQAC a organis\u00e9 une journ\u00e9e d&#039;accueil pour les 9 nouveaux professeurs et nouvelles professeures de l&#039;universit\u00e9\" \/>\r\n<meta property=\"og:url\" content=\"https:\/\/www.uqac.ca\/uqactualites\/2024\/06\/11\/luqac-accueille-9-nouveaux-membres-du-corps-professoral\/\" \/>\r\n<meta property=\"og:site_name\" content=\"UQACtualit\u00e9s\" \/>\r\n<meta property=\"article:published_time\" content=\"2024-06-11T14:20:46+00:00\" \/>\r\n<meta property=\"article:modified_time\" content=\"2024-07-22T19:12:42+00:00\" \/>\r\n<meta property=\"og:image\" content=\"https:\/\/www.uqac.ca\/uqactualites\/wp-content\/uploads\/2024\/06\/profs-accueil-mduhaime-h24.jpg\" \/>\r\n\t<meta property=\"og:image:width\" content=\"1920\" \/>\r\n\t<meta property=\"og:image:height\" content=\"1077\" \/>\r\n\t<meta property=\"og:image:type\" content=\"image\/jpeg\" \/>\r\n<meta name=\"author\" content=\"Service des communications et des relations publiques\" \/>\r\n<meta name=\"twitter:card\" content=\"summary_large_image\" \/>\r\n<meta name=\"twitter:label1\" content=\"\u00c9crit par\" \/>\n\t<meta name=\"twitter:data1\" content=\"Service des communications et des relations publiques\" \/>\n\t<meta name=\"twitter:label2\" content=\"Estimation du temps de lecture\" \/>\n\t<meta name=\"twitter:data2\" content=\"2 minutes\" \/>\r\n<script type=\"application\/ld+json\" class=\"yoast-schema-graph\">{\"@context\":\"https:\/\/schema.org\",\"@graph\":[{\"@type\":\"WebPage\",\"@id\":\"https:\/\/www.uqac.ca\/uqactualites\/2024\/06\/11\/luqac-accueille-9-nouveaux-membres-du-corps-professoral\/\",\"url\":\"https:\/\/www.uqac.ca\/uqactualites\/2024\/06\/11\/luqac-accueille-9-nouveaux-membres-du-corps-professoral\/\",\"name\":\"L\u2019UQAC accueille 9 nouveaux membres du corps professoral - UQACtualit\u00e9s\",\"isPartOf\":{\"@id\":\"https:\/\/www.uqac.ca\/uqactualites\/#website\"},\"primaryImageOfPage\":{\"@id\":\"https:\/\/www.uqac.ca\/uqactualites\/2024\/06\/11\/luqac-accueille-9-nouveaux-membres-du-corps-professoral\/#primaryimage\"},\"image\":{\"@id\":\"https:\/\/www.uqac.ca\/uqactualites\/2024\/06\/11\/luqac-accueille-9-nouveaux-membres-du-corps-professoral\/#primaryimage\"},\"thumbnailUrl\":\"https:\/\/www.uqac.ca\/uqactualites\/wp-content\/uploads\/2024\/06\/profs-accueil-mduhaime-h24.jpg\",\"datePublished\":\"2024-06-11T14:20:46+00:00\",\"dateModified\":\"2024-07-22T19:12:42+00:00\",\"author\":{\"@id\":\"https:\/\/www.uqac.ca\/uqactualites\/#\/schema\/person\/366c45a0c4f0e677b41b4af5886e2018\"},\"description\":\"L'UQAC a organis\u00e9 une journ\u00e9e d'accueil pour les 9 nouveaux professeurs et nouvelles professeures de l'universit\u00e9\",\"breadcrumb\":{\"@id\":\"https:\/\/www.uqac.ca\/uqactualites\/2024\/06\/11\/luqac-accueille-9-nouveaux-membres-du-corps-professoral\/#breadcrumb\"},\"inLanguage\":\"fr-CA\",\"potentialAction\":[{\"@type\":\"ReadAction\",\"target\":[\"https:\/\/www.uqac.ca\/uqactualites\/2024\/06\/11\/luqac-accueille-9-nouveaux-membres-du-corps-professoral\/\"]}]},{\"@type\":\"ImageObject\",\"inLanguage\":\"fr-CA\",\"@id\":\"https:\/\/www.uqac.ca\/uqactualites\/2024\/06\/11\/luqac-accueille-9-nouveaux-membres-du-corps-professoral\/#primaryimage\",\"url\":\"https:\/\/www.uqac.ca\/uqactualites\/wp-content\/uploads\/2024\/06\/profs-accueil-mduhaime-h24.jpg\",\"contentUrl\":\"https:\/\/www.uqac.ca\/uqactualites\/wp-content\/uploads\/2024\/06\/profs-accueil-mduhaime-h24.jpg\",\"width\":1920,\"height\":1077,\"caption\":\"De gauche \u00e0 droite: Val\u00e9rie Legendre-Guillemin, doyenne des affaires d\u00e9partementales et les nouvelles professeures et nouveaux professeurs Andr\u00e9a Paradis, Benjamin Gallais, Sorelle Audrey Kamkuimo Kengne, Micha\u00ebl Bertrand-Charrette, Vincent Abomdi De Paul, Julie Fortin, Dominique Genna, Camille Jutras Dupont et \u00c9dith Breton.\"},{\"@type\":\"BreadcrumbList\",\"@id\":\"https:\/\/www.uqac.ca\/uqactualites\/2024\/06\/11\/luqac-accueille-9-nouveaux-membres-du-corps-professoral\/#breadcrumb\",\"itemListElement\":[{\"@type\":\"ListItem\",\"position\":1,\"name\":\"Home\",\"item\":\"https:\/\/www.uqac.ca\/uqactualites\/\"},{\"@type\":\"ListItem\",\"position\":2,\"name\":\"L\u2019UQAC accueille 9 nouveaux membres du corps professoral\"}]},{\"@type\":\"WebSite\",\"@id\":\"https:\/\/www.uqac.ca\/uqactualites\/#website\",\"url\":\"https:\/\/www.uqac.ca\/uqactualites\/\",\"name\":\"UQACtualit\u00e9s\",\"description\":\"Le portail des nouvelles de l&#039;UQAC\",\"potentialAction\":[{\"@type\":\"SearchAction\",\"target\":{\"@type\":\"EntryPoint\",\"urlTemplate\":\"https:\/\/www.uqac.ca\/uqactualites\/?s={search_term_string}\"},\"query-input\":{\"@type\":\"PropertyValueSpecification\",\"valueRequired\":true,\"valueName\":\"search_term_string\"}}],\"inLanguage\":\"fr-CA\"},{\"@type\":\"Person\",\"@id\":\"https:\/\/www.uqac.ca\/uqactualites\/#\/schema\/person\/366c45a0c4f0e677b41b4af5886e2018\",\"name\":\"Service des communications et des relations publiques\",\"image\":{\"@type\":\"ImageObject\",\"inLanguage\":\"fr-CA\",\"@id\":\"https:\/\/www.uqac.ca\/uqactualites\/#\/schema\/person\/image\/\",\"url\":\"https:\/\/secure.gravatar.com\/avatar\/20fbbda8a292f59f2d3461a5b999c00b?s=96&d=mm&r=g\",\"contentUrl\":\"https:\/\/secure.gravatar.com\/avatar\/20fbbda8a292f59f2d3461a5b999c00b?s=96&d=mm&r=g\",\"caption\":\"Service des communications et des relations publiques\"},\"url\":\"https:\/\/www.uqac.ca\/uqactualites\/author\/bap\/\"}]}<\/script>\r\n<!-- \/ Yoast SEO plugin. -->","yoast_head_json":{"title":"L\u2019UQAC accueille 9 nouveaux membres du corps professoral - UQACtualit\u00e9s","description":"L'UQAC a organis\u00e9 une journ\u00e9e d'accueil pour les 9 nouveaux professeurs et nouvelles professeures de l'universit\u00e9","robots":{"index":"index","follow":"follow","max-snippet":"max-snippet:-1","max-image-preview":"max-image-preview:large","max-video-preview":"max-video-preview:-1"},"canonical":"https:\/\/www.uqac.ca\/uqactualites\/2024\/06\/11\/luqac-accueille-9-nouveaux-membres-du-corps-professoral\/","og_locale":"fr_CA","og_type":"article","og_title":"L\u2019UQAC accueille 9 nouveaux membres du corps professoral - UQACtualit\u00e9s","og_description":"L'UQAC a organis\u00e9 une journ\u00e9e d'accueil pour les 9 nouveaux professeurs et nouvelles professeures de l'universit\u00e9","og_url":"https:\/\/www.uqac.ca\/uqactualites\/2024\/06\/11\/luqac-accueille-9-nouveaux-membres-du-corps-professoral\/","og_site_name":"UQACtualit\u00e9s","article_published_time":"2024-06-11T14:20:46+00:00","article_modified_time":"2024-07-22T19:12:42+00:00","og_image":[{"width":1920,"height":1077,"url":"https:\/\/www.uqac.ca\/uqactualites\/wp-content\/uploads\/2024\/06\/profs-accueil-mduhaime-h24.jpg","type":"image\/jpeg"}],"author":"Service des communications et des relations publiques","twitter_card":"summary_large_image","twitter_misc":{"\u00c9crit par":"Service des communications et des relations publiques","Estimation du temps de lecture":"2 minutes"},"schema":{"@context":"https:\/\/schema.org","@graph":[{"@type":"WebPage","@id":"https:\/\/www.uqac.ca\/uqactualites\/2024\/06\/11\/luqac-accueille-9-nouveaux-membres-du-corps-professoral\/","url":"https:\/\/www.uqac.ca\/uqactualites\/2024\/06\/11\/luqac-accueille-9-nouveaux-membres-du-corps-professoral\/","name":"L\u2019UQAC accueille 9 nouveaux membres du corps professoral - UQACtualit\u00e9s","isPartOf":{"@id":"https:\/\/www.uqac.ca\/uqactualites\/#website"},"primaryImageOfPage":{"@id":"https:\/\/www.uqac.ca\/uqactualites\/2024\/06\/11\/luqac-accueille-9-nouveaux-membres-du-corps-professoral\/#primaryimage"},"image":{"@id":"https:\/\/www.uqac.ca\/uqactualites\/2024\/06\/11\/luqac-accueille-9-nouveaux-membres-du-corps-professoral\/#primaryimage"},"thumbnailUrl":"https:\/\/www.uqac.ca\/uqactualites\/wp-content\/uploads\/2024\/06\/profs-accueil-mduhaime-h24.jpg","datePublished":"2024-06-11T14:20:46+00:00","dateModified":"2024-07-22T19:12:42+00:00","author":{"@id":"https:\/\/www.uqac.ca\/uqactualites\/#\/schema\/person\/366c45a0c4f0e677b41b4af5886e2018"},"description":"L'UQAC a organis\u00e9 une journ\u00e9e d'accueil pour les 9 nouveaux professeurs et nouvelles professeures de l'universit\u00e9","breadcrumb":{"@id":"https:\/\/www.uqac.ca\/uqactualites\/2024\/06\/11\/luqac-accueille-9-nouveaux-membres-du-corps-professoral\/#breadcrumb"},"inLanguage":"fr-CA","potentialAction":[{"@type":"ReadAction","target":["https:\/\/www.uqac.ca\/uqactualites\/2024\/06\/11\/luqac-accueille-9-nouveaux-membres-du-corps-professoral\/"]}]},{"@type":"ImageObject","inLanguage":"fr-CA","@id":"https:\/\/www.uqac.ca\/uqactualites\/2024\/06\/11\/luqac-accueille-9-nouveaux-membres-du-corps-professoral\/#primaryimage","url":"https:\/\/www.uqac.ca\/uqactualites\/wp-content\/uploads\/2024\/06\/profs-accueil-mduhaime-h24.jpg","contentUrl":"https:\/\/www.uqac.ca\/uqactualites\/wp-content\/uploads\/2024\/06\/profs-accueil-mduhaime-h24.jpg","width":1920,"height":1077,"caption":"De gauche \u00e0 droite: Val\u00e9rie Legendre-Guillemin, doyenne des affaires d\u00e9partementales et les nouvelles professeures et nouveaux professeurs Andr\u00e9a Paradis, Benjamin Gallais, Sorelle Audrey Kamkuimo Kengne, Micha\u00ebl Bertrand-Charrette, Vincent Abomdi De Paul, Julie Fortin, Dominique Genna, Camille Jutras Dupont et \u00c9dith Breton."},{"@type":"BreadcrumbList","@id":"https:\/\/www.uqac.ca\/uqactualites\/2024\/06\/11\/luqac-accueille-9-nouveaux-membres-du-corps-professoral\/#breadcrumb","itemListElement":[{"@type":"ListItem","position":1,"name":"Home","item":"https:\/\/www.uqac.ca\/uqactualites\/"},{"@type":"ListItem","position":2,"name":"L\u2019UQAC accueille 9 nouveaux membres du corps professoral"}]},{"@type":"WebSite","@id":"https:\/\/www.uqac.ca\/uqactualites\/#website","url":"https:\/\/www.uqac.ca\/uqactualites\/","name":"UQACtualit\u00e9s","description":"Le portail des nouvelles de l&#039;UQAC","potentialAction":[{"@type":"SearchAction","target":{"@type":"EntryPoint","urlTemplate":"https:\/\/www.uqac.ca\/uqactualites\/?s={search_term_string}"},"query-input":{"@type":"PropertyValueSpecification","valueRequired":true,"valueName":"search_term_string"}}],"inLanguage":"fr-CA"},{"@type":"Person","@id":"https:\/\/www.uqac.ca\/uqactualites\/#\/schema\/person\/366c45a0c4f0e677b41b4af5886e2018","name":"Service des communications et des relations publiques","image":{"@type":"ImageObject","inLanguage":"fr-CA","@id":"https:\/\/www.uqac.ca\/uqactualites\/#\/schema\/person\/image\/","url":"https:\/\/secure.gravatar.com\/avatar\/20fbbda8a292f59f2d3461a5b999c00b?s=96&d=mm&r=g","contentUrl":"https:\/\/secure.gravatar.com\/avatar\/20fbbda8a292f59f2d3461a5b999c00b?s=96&d=mm&r=g","caption":"Service des communications et des relations publiques"},"url":"https:\/\/www.uqac.ca\/uqactualites\/author\/bap\/"}]}},"_links":{"self":[{"href":"https:\/\/www.uqac.ca\/uqactualites\/wp-json\/wp\/v2\/posts\/47656"}],"collection":[{"href":"https:\/\/www.uqac.ca\/uqactualites\/wp-json\/wp\/v2\/posts"}],"about":[{"href":"https:\/\/www.uqac.ca\/uqactualites\/wp-json\/wp\/v2\/types\/post"}],"author":[{"embeddable":true,"href":"https:\/\/www.uqac.ca\/uqactualites\/wp-json\/wp\/v2\/users\/5"}],"replies":[{"embeddable":true,"href":"https:\/\/www.uqac.ca\/uqactualites\/wp-json\/wp\/v2\/comments?post=47656"}],"version-history":[{"count":7,"href":"https:\/\/www.uqac.ca\/uqactualites\/wp-json\/wp\/v2\/posts\/47656\/revisions"}],"predecessor-version":[{"id":47664,"href":"https:\/\/www.uqac.ca\/uqactualites\/wp-json\/wp\/v2\/posts\/47656\/revisions\/47664"}],"wp:featuredmedia":[{"embeddable":true,"href":"https:\/\/www.uqac.ca\/uqactualites\/wp-json\/wp\/v2\/media\/47657"}],"wp:attachment":[{"href":"https:\/\/www.uqac.ca\/uqactualites\/wp-json\/wp\/v2\/media?parent=47656"}],"wp:term":[{"taxonomy":"category","embeddable":true,"href":"https:\/\/www.uqac.ca\/uqactualites\/wp-json\/wp\/v2\/categories?post=47656"},{"taxonomy":"post_tag","embeddable":true,"href":"https:\/\/www.uqac.ca\/uqactualites\/wp-json\/wp\/v2\/tags?post=47656"}],"curies":[{"name":"wp","href":"https:\/\/api.w.org\/{rel}","templated":true}]}}