{"id":47699,"date":"2024-06-18T09:36:20","date_gmt":"2024-06-18T13:36:20","guid":{"rendered":"https:\/\/www.uqac.ca\/uqactualites\/?p=47699"},"modified":"2024-07-22T15:02:30","modified_gmt":"2024-07-22T19:02:30","slug":"le-syndicat-des-employees-et-employes-de-soutien-de-luqac-procede-au-renouvellement-de-sa-convention-collective","status":"publish","type":"post","link":"https:\/\/www.uqac.ca\/uqactualites\/2024\/06\/18\/le-syndicat-des-employees-et-employes-de-soutien-de-luqac-procede-au-renouvellement-de-sa-convention-collective\/","title":{"rendered":"Le Syndicat des employ\u00e9es et employ\u00e9s de soutien de l&rsquo;UQAC proc\u00e8de au renouvellement de sa convention collective"},"content":{"rendered":"<p>Mardi, le 11 juin dernier, les membres du comit\u00e9 de n\u00e9gociation du <a href=\"https:\/\/scfp.ca\/\" target=\"_blank\" rel=\"noopener\">Syndicat canadien de la fonction publique (SCFP)<\/a>, section locale 1574, ainsi que des membres de la direction ont proc\u00e9d\u00e9 \u00e0 la signature officielle d\u2019une nouvelle convention collective pour les 356 employ\u00e9es et employ\u00e9s de soutien de l\u2019UQAC. M. Ghislain Samson, recteur de l\u2019UQAC, ainsi que Mme\u00a0Claudine Simard, pr\u00e9sidente du SCFP-1574, ont pris la parole pour l\u2019occasion.<\/p>\n<p>\u00c0 la suite d\u2019un processus de n\u00e9gociations rigoureux, la direction et le SCFP sont parvenus \u00e0 arriver \u00e0 un accord, qui fut ensuite approuv\u00e9 par l\u2019ensemble des membres du personnel de soutien.<\/p>\n<p>Le nouveau contrat de travail contient notamment des avanc\u00e9es importantes pour les 51 membres du personnel de soutien en recherche. L\u2019entr\u00e9e en vigueur du nouveau certificat d\u2019accr\u00e9ditation, fusionnant les deux unit\u00e9s, permettra de valoriser et de reconna\u00eetre la contribution et l\u2019exp\u00e9rience des membres du personnel \u00e9voluant dans ce secteur. La nouvelle convention pr\u00e9voit \u00e9galement de nouveaux gains pour tous les groupes (technique, bureau et m\u00e9tier).<\/p>\n<h4>Sur la photo \u00e0 la une<\/h4>\n<p>(De gauche \u00e0 droite)<\/p>\n<p><span style=\"text-decoration: underline;\">\u00c0 l\u2019arri\u00e8re:<\/span> Genevi\u00e8ve Couillard, conseill\u00e8re (SRH); Alex Simard, conseill\u00e8re (SRH); Annie Fournier, directrice (STI); Pierre Ouellet, directeur (SRH); Mohamed Bouazara, vice-recteur \u00e0 la recherche, \u00e0 la cr\u00e9ation et \u00e0 l\u2019innovation; Yannick Gagnon, membre du comit\u00e9 de n\u00e9gociation (<a href=\"https:\/\/www.uqac.ca\/scfp1574\/\" target=\"_blank\" rel=\"noopener\">SCFP-1574<\/a>); \u00c9tienne H\u00e9bert, vice-recteur aux \u00e9tudes, \u00e0 la formation et \u00e0 la r\u00e9ussite; Marie-Jos\u00e9e Roy, directrice de la mutualisation des infrastructures majeures de recherche (VRRCIP); Martin Truchon, membre du comit\u00e9 de n\u00e9gociation (SCRP-1574) et Claire Simard, conseill\u00e8re syndicale.<\/p>\n<p><span style=\"text-decoration: underline;\">\u00c0 l\u2019avant:<\/span> Dominique Biron, vice-rectrice aux affaires administratives et aux ressources; Ghislain Samson, recteur; Claudine Simard, pr\u00e9sidente (SCRP-1574) et Marc Fillion, vice-pr\u00e9sident (SCFP-1574).<\/p>\n","protected":false},"excerpt":{"rendered":"<p>Mardi, le 11 juin dernier, les membres du comit\u00e9 de n\u00e9gociation du Syndicat canadien de la fonction publique (SCFP), section locale 1574, ainsi que des membres de la direction ont proc\u00e9d\u00e9 \u00e0 la signature officielle d\u2019une nouvelle convention collective pour les 356 employ\u00e9es et employ\u00e9s de soutien de l\u2019UQAC. M. Ghislain Samson, recteur de l\u2019UQAC, [&hellip;]<\/p>\n","protected":false},"author":5,"featured_media":47700,"comment_status":"closed","ping_status":"open","sticky":false,"template":"","format":"standard","meta":{"footnotes":""},"categories":[2795,61],"tags":[1511,404,1512],"yoast_head":"<!-- This site is optimized with the Yoast SEO plugin v24.2 - https:\/\/yoast.com\/wordpress\/plugins\/seo\/ -->\r\n<title>Le Syndicat des employ\u00e9es et employ\u00e9s de soutien de l&#039;UQAC proc\u00e8de au renouvellement de sa convention collective - UQACtualit\u00e9s<\/title>\r\n<meta name=\"description\" content=\"Le Syndicat canadien de la fonction publique (SCFP-1574) et la direction ont proc\u00e9d\u00e9 \u00e0 la signature d\u2019une nouvelle convention collective\" \/>\r\n<meta name=\"robots\" content=\"index, follow, max-snippet:-1, max-image-preview:large, max-video-preview:-1\" \/>\r\n<link rel=\"canonical\" href=\"https:\/\/www.uqac.ca\/uqactualites\/2024\/06\/18\/le-syndicat-des-employees-et-employes-de-soutien-de-luqac-procede-au-renouvellement-de-sa-convention-collective\/\" \/>\r\n<meta property=\"og:locale\" content=\"fr_CA\" \/>\r\n<meta property=\"og:type\" content=\"article\" \/>\r\n<meta property=\"og:title\" content=\"Le Syndicat des employ\u00e9es et employ\u00e9s de soutien de l&#039;UQAC proc\u00e8de au renouvellement de sa convention collective - UQACtualit\u00e9s\" \/>\r\n<meta property=\"og:description\" content=\"Le Syndicat canadien de la fonction publique (SCFP-1574) et la direction ont proc\u00e9d\u00e9 \u00e0 la signature d\u2019une nouvelle convention collective\" \/>\r\n<meta property=\"og:url\" content=\"https:\/\/www.uqac.ca\/uqactualites\/2024\/06\/18\/le-syndicat-des-employees-et-employes-de-soutien-de-luqac-procede-au-renouvellement-de-sa-convention-collective\/\" \/>\r\n<meta property=\"og:site_name\" content=\"UQACtualit\u00e9s\" \/>\r\n<meta property=\"article:published_time\" content=\"2024-06-18T13:36:20+00:00\" \/>\r\n<meta property=\"article:modified_time\" content=\"2024-07-22T19:02:30+00:00\" \/>\r\n<meta property=\"og:image\" content=\"https:\/\/www.uqac.ca\/uqactualites\/wp-content\/uploads\/2024\/06\/SCFP-CC-mduhaime-h24.jpg\" \/>\r\n\t<meta property=\"og:image:width\" content=\"1920\" \/>\r\n\t<meta property=\"og:image:height\" content=\"973\" \/>\r\n\t<meta property=\"og:image:type\" content=\"image\/jpeg\" \/>\r\n<meta name=\"author\" content=\"Service des communications et des relations publiques\" \/>\r\n<meta name=\"twitter:card\" content=\"summary_large_image\" \/>\r\n<meta name=\"twitter:label1\" content=\"\u00c9crit par\" \/>\n\t<meta name=\"twitter:data1\" content=\"Service des communications et des relations publiques\" \/>\n\t<meta name=\"twitter:label2\" content=\"Estimation du temps de lecture\" \/>\n\t<meta name=\"twitter:data2\" content=\"2 minutes\" \/>\r\n<script type=\"application\/ld+json\" class=\"yoast-schema-graph\">{\"@context\":\"https:\/\/schema.org\",\"@graph\":[{\"@type\":\"WebPage\",\"@id\":\"https:\/\/www.uqac.ca\/uqactualites\/2024\/06\/18\/le-syndicat-des-employees-et-employes-de-soutien-de-luqac-procede-au-renouvellement-de-sa-convention-collective\/\",\"url\":\"https:\/\/www.uqac.ca\/uqactualites\/2024\/06\/18\/le-syndicat-des-employees-et-employes-de-soutien-de-luqac-procede-au-renouvellement-de-sa-convention-collective\/\",\"name\":\"Le Syndicat des employ\u00e9es et employ\u00e9s de soutien de l'UQAC proc\u00e8de au renouvellement de sa convention collective - UQACtualit\u00e9s\",\"isPartOf\":{\"@id\":\"https:\/\/www.uqac.ca\/uqactualites\/#website\"},\"primaryImageOfPage\":{\"@id\":\"https:\/\/www.uqac.ca\/uqactualites\/2024\/06\/18\/le-syndicat-des-employees-et-employes-de-soutien-de-luqac-procede-au-renouvellement-de-sa-convention-collective\/#primaryimage\"},\"image\":{\"@id\":\"https:\/\/www.uqac.ca\/uqactualites\/2024\/06\/18\/le-syndicat-des-employees-et-employes-de-soutien-de-luqac-procede-au-renouvellement-de-sa-convention-collective\/#primaryimage\"},\"thumbnailUrl\":\"https:\/\/www.uqac.ca\/uqactualites\/wp-content\/uploads\/2024\/06\/SCFP-CC-mduhaime-h24.jpg\",\"datePublished\":\"2024-06-18T13:36:20+00:00\",\"dateModified\":\"2024-07-22T19:02:30+00:00\",\"author\":{\"@id\":\"https:\/\/www.uqac.ca\/uqactualites\/#\/schema\/person\/366c45a0c4f0e677b41b4af5886e2018\"},\"description\":\"Le Syndicat canadien de la fonction publique (SCFP-1574) et la direction ont proc\u00e9d\u00e9 \u00e0 la signature d\u2019une nouvelle convention collective\",\"breadcrumb\":{\"@id\":\"https:\/\/www.uqac.ca\/uqactualites\/2024\/06\/18\/le-syndicat-des-employees-et-employes-de-soutien-de-luqac-procede-au-renouvellement-de-sa-convention-collective\/#breadcrumb\"},\"inLanguage\":\"fr-CA\",\"potentialAction\":[{\"@type\":\"ReadAction\",\"target\":[\"https:\/\/www.uqac.ca\/uqactualites\/2024\/06\/18\/le-syndicat-des-employees-et-employes-de-soutien-de-luqac-procede-au-renouvellement-de-sa-convention-collective\/\"]}]},{\"@type\":\"ImageObject\",\"inLanguage\":\"fr-CA\",\"@id\":\"https:\/\/www.uqac.ca\/uqactualites\/2024\/06\/18\/le-syndicat-des-employees-et-employes-de-soutien-de-luqac-procede-au-renouvellement-de-sa-convention-collective\/#primaryimage\",\"url\":\"https:\/\/www.uqac.ca\/uqactualites\/wp-content\/uploads\/2024\/06\/SCFP-CC-mduhaime-h24.jpg\",\"contentUrl\":\"https:\/\/www.uqac.ca\/uqactualites\/wp-content\/uploads\/2024\/06\/SCFP-CC-mduhaime-h24.jpg\",\"width\":1920,\"height\":973,\"caption\":\"Convention collective SCFP-1574\"},{\"@type\":\"BreadcrumbList\",\"@id\":\"https:\/\/www.uqac.ca\/uqactualites\/2024\/06\/18\/le-syndicat-des-employees-et-employes-de-soutien-de-luqac-procede-au-renouvellement-de-sa-convention-collective\/#breadcrumb\",\"itemListElement\":[{\"@type\":\"ListItem\",\"position\":1,\"name\":\"Home\",\"item\":\"https:\/\/www.uqac.ca\/uqactualites\/\"},{\"@type\":\"ListItem\",\"position\":2,\"name\":\"Le Syndicat des employ\u00e9es et employ\u00e9s de soutien de l&rsquo;UQAC proc\u00e8de au renouvellement de sa convention collective\"}]},{\"@type\":\"WebSite\",\"@id\":\"https:\/\/www.uqac.ca\/uqactualites\/#website\",\"url\":\"https:\/\/www.uqac.ca\/uqactualites\/\",\"name\":\"UQACtualit\u00e9s\",\"description\":\"Le portail des nouvelles de l&#039;UQAC\",\"potentialAction\":[{\"@type\":\"SearchAction\",\"target\":{\"@type\":\"EntryPoint\",\"urlTemplate\":\"https:\/\/www.uqac.ca\/uqactualites\/?s={search_term_string}\"},\"query-input\":{\"@type\":\"PropertyValueSpecification\",\"valueRequired\":true,\"valueName\":\"search_term_string\"}}],\"inLanguage\":\"fr-CA\"},{\"@type\":\"Person\",\"@id\":\"https:\/\/www.uqac.ca\/uqactualites\/#\/schema\/person\/366c45a0c4f0e677b41b4af5886e2018\",\"name\":\"Service des communications et des relations publiques\",\"image\":{\"@type\":\"ImageObject\",\"inLanguage\":\"fr-CA\",\"@id\":\"https:\/\/www.uqac.ca\/uqactualites\/#\/schema\/person\/image\/\",\"url\":\"https:\/\/secure.gravatar.com\/avatar\/20fbbda8a292f59f2d3461a5b999c00b?s=96&d=mm&r=g\",\"contentUrl\":\"https:\/\/secure.gravatar.com\/avatar\/20fbbda8a292f59f2d3461a5b999c00b?s=96&d=mm&r=g\",\"caption\":\"Service des communications et des relations publiques\"},\"url\":\"https:\/\/www.uqac.ca\/uqactualites\/author\/bap\/\"}]}<\/script>\r\n<!-- \/ Yoast SEO plugin. -->","yoast_head_json":{"title":"Le Syndicat des employ\u00e9es et employ\u00e9s de soutien de l'UQAC proc\u00e8de au renouvellement de sa convention collective - UQACtualit\u00e9s","description":"Le Syndicat canadien de la fonction publique (SCFP-1574) et la direction ont proc\u00e9d\u00e9 \u00e0 la signature d\u2019une nouvelle convention collective","robots":{"index":"index","follow":"follow","max-snippet":"max-snippet:-1","max-image-preview":"max-image-preview:large","max-video-preview":"max-video-preview:-1"},"canonical":"https:\/\/www.uqac.ca\/uqactualites\/2024\/06\/18\/le-syndicat-des-employees-et-employes-de-soutien-de-luqac-procede-au-renouvellement-de-sa-convention-collective\/","og_locale":"fr_CA","og_type":"article","og_title":"Le Syndicat des employ\u00e9es et employ\u00e9s de soutien de l'UQAC proc\u00e8de au renouvellement de sa convention collective - UQACtualit\u00e9s","og_description":"Le Syndicat canadien de la fonction publique (SCFP-1574) et la direction ont proc\u00e9d\u00e9 \u00e0 la signature d\u2019une nouvelle convention collective","og_url":"https:\/\/www.uqac.ca\/uqactualites\/2024\/06\/18\/le-syndicat-des-employees-et-employes-de-soutien-de-luqac-procede-au-renouvellement-de-sa-convention-collective\/","og_site_name":"UQACtualit\u00e9s","article_published_time":"2024-06-18T13:36:20+00:00","article_modified_time":"2024-07-22T19:02:30+00:00","og_image":[{"width":1920,"height":973,"url":"https:\/\/www.uqac.ca\/uqactualites\/wp-content\/uploads\/2024\/06\/SCFP-CC-mduhaime-h24.jpg","type":"image\/jpeg"}],"author":"Service des communications et des relations publiques","twitter_card":"summary_large_image","twitter_misc":{"\u00c9crit par":"Service des communications et des relations publiques","Estimation du temps de lecture":"2 minutes"},"schema":{"@context":"https:\/\/schema.org","@graph":[{"@type":"WebPage","@id":"https:\/\/www.uqac.ca\/uqactualites\/2024\/06\/18\/le-syndicat-des-employees-et-employes-de-soutien-de-luqac-procede-au-renouvellement-de-sa-convention-collective\/","url":"https:\/\/www.uqac.ca\/uqactualites\/2024\/06\/18\/le-syndicat-des-employees-et-employes-de-soutien-de-luqac-procede-au-renouvellement-de-sa-convention-collective\/","name":"Le Syndicat des employ\u00e9es et employ\u00e9s de soutien de l'UQAC proc\u00e8de au renouvellement de sa convention collective - UQACtualit\u00e9s","isPartOf":{"@id":"https:\/\/www.uqac.ca\/uqactualites\/#website"},"primaryImageOfPage":{"@id":"https:\/\/www.uqac.ca\/uqactualites\/2024\/06\/18\/le-syndicat-des-employees-et-employes-de-soutien-de-luqac-procede-au-renouvellement-de-sa-convention-collective\/#primaryimage"},"image":{"@id":"https:\/\/www.uqac.ca\/uqactualites\/2024\/06\/18\/le-syndicat-des-employees-et-employes-de-soutien-de-luqac-procede-au-renouvellement-de-sa-convention-collective\/#primaryimage"},"thumbnailUrl":"https:\/\/www.uqac.ca\/uqactualites\/wp-content\/uploads\/2024\/06\/SCFP-CC-mduhaime-h24.jpg","datePublished":"2024-06-18T13:36:20+00:00","dateModified":"2024-07-22T19:02:30+00:00","author":{"@id":"https:\/\/www.uqac.ca\/uqactualites\/#\/schema\/person\/366c45a0c4f0e677b41b4af5886e2018"},"description":"Le Syndicat canadien de la fonction publique (SCFP-1574) et la direction ont proc\u00e9d\u00e9 \u00e0 la signature d\u2019une nouvelle convention collective","breadcrumb":{"@id":"https:\/\/www.uqac.ca\/uqactualites\/2024\/06\/18\/le-syndicat-des-employees-et-employes-de-soutien-de-luqac-procede-au-renouvellement-de-sa-convention-collective\/#breadcrumb"},"inLanguage":"fr-CA","potentialAction":[{"@type":"ReadAction","target":["https:\/\/www.uqac.ca\/uqactualites\/2024\/06\/18\/le-syndicat-des-employees-et-employes-de-soutien-de-luqac-procede-au-renouvellement-de-sa-convention-collective\/"]}]},{"@type":"ImageObject","inLanguage":"fr-CA","@id":"https:\/\/www.uqac.ca\/uqactualites\/2024\/06\/18\/le-syndicat-des-employees-et-employes-de-soutien-de-luqac-procede-au-renouvellement-de-sa-convention-collective\/#primaryimage","url":"https:\/\/www.uqac.ca\/uqactualites\/wp-content\/uploads\/2024\/06\/SCFP-CC-mduhaime-h24.jpg","contentUrl":"https:\/\/www.uqac.ca\/uqactualites\/wp-content\/uploads\/2024\/06\/SCFP-CC-mduhaime-h24.jpg","width":1920,"height":973,"caption":"Convention collective SCFP-1574"},{"@type":"BreadcrumbList","@id":"https:\/\/www.uqac.ca\/uqactualites\/2024\/06\/18\/le-syndicat-des-employees-et-employes-de-soutien-de-luqac-procede-au-renouvellement-de-sa-convention-collective\/#breadcrumb","itemListElement":[{"@type":"ListItem","position":1,"name":"Home","item":"https:\/\/www.uqac.ca\/uqactualites\/"},{"@type":"ListItem","position":2,"name":"Le Syndicat des employ\u00e9es et employ\u00e9s de soutien de l&rsquo;UQAC proc\u00e8de au renouvellement de sa convention collective"}]},{"@type":"WebSite","@id":"https:\/\/www.uqac.ca\/uqactualites\/#website","url":"https:\/\/www.uqac.ca\/uqactualites\/","name":"UQACtualit\u00e9s","description":"Le portail des nouvelles de l&#039;UQAC","potentialAction":[{"@type":"SearchAction","target":{"@type":"EntryPoint","urlTemplate":"https:\/\/www.uqac.ca\/uqactualites\/?s={search_term_string}"},"query-input":{"@type":"PropertyValueSpecification","valueRequired":true,"valueName":"search_term_string"}}],"inLanguage":"fr-CA"},{"@type":"Person","@id":"https:\/\/www.uqac.ca\/uqactualites\/#\/schema\/person\/366c45a0c4f0e677b41b4af5886e2018","name":"Service des communications et des relations publiques","image":{"@type":"ImageObject","inLanguage":"fr-CA","@id":"https:\/\/www.uqac.ca\/uqactualites\/#\/schema\/person\/image\/","url":"https:\/\/secure.gravatar.com\/avatar\/20fbbda8a292f59f2d3461a5b999c00b?s=96&d=mm&r=g","contentUrl":"https:\/\/secure.gravatar.com\/avatar\/20fbbda8a292f59f2d3461a5b999c00b?s=96&d=mm&r=g","caption":"Service des communications et des relations publiques"},"url":"https:\/\/www.uqac.ca\/uqactualites\/author\/bap\/"}]}},"_links":{"self":[{"href":"https:\/\/www.uqac.ca\/uqactualites\/wp-json\/wp\/v2\/posts\/47699"}],"collection":[{"href":"https:\/\/www.uqac.ca\/uqactualites\/wp-json\/wp\/v2\/posts"}],"about":[{"href":"https:\/\/www.uqac.ca\/uqactualites\/wp-json\/wp\/v2\/types\/post"}],"author":[{"embeddable":true,"href":"https:\/\/www.uqac.ca\/uqactualites\/wp-json\/wp\/v2\/users\/5"}],"replies":[{"embeddable":true,"href":"https:\/\/www.uqac.ca\/uqactualites\/wp-json\/wp\/v2\/comments?post=47699"}],"version-history":[{"count":7,"href":"https:\/\/www.uqac.ca\/uqactualites\/wp-json\/wp\/v2\/posts\/47699\/revisions"}],"predecessor-version":[{"id":47985,"href":"https:\/\/www.uqac.ca\/uqactualites\/wp-json\/wp\/v2\/posts\/47699\/revisions\/47985"}],"wp:featuredmedia":[{"embeddable":true,"href":"https:\/\/www.uqac.ca\/uqactualites\/wp-json\/wp\/v2\/media\/47700"}],"wp:attachment":[{"href":"https:\/\/www.uqac.ca\/uqactualites\/wp-json\/wp\/v2\/media?parent=47699"}],"wp:term":[{"taxonomy":"category","embeddable":true,"href":"https:\/\/www.uqac.ca\/uqactualites\/wp-json\/wp\/v2\/categories?post=47699"},{"taxonomy":"post_tag","embeddable":true,"href":"https:\/\/www.uqac.ca\/uqactualites\/wp-json\/wp\/v2\/tags?post=47699"}],"curies":[{"name":"wp","href":"https:\/\/api.w.org\/{rel}","templated":true}]}}