{"id":47762,"date":"2024-06-25T09:04:23","date_gmt":"2024-06-25T13:04:23","guid":{"rendered":"https:\/\/www.uqac.ca\/uqactualites\/?p=47762"},"modified":"2024-07-22T14:20:14","modified_gmt":"2024-07-22T18:20:14","slug":"la-chaire-de-recherche-sur-les-especes-aquatiques-exploitees-de-luqac-laisse-sa-marque-lors-de-la-47e-larval-fish-conference","status":"publish","type":"post","link":"https:\/\/www.uqac.ca\/uqactualites\/2024\/06\/25\/la-chaire-de-recherche-sur-les-especes-aquatiques-exploitees-de-luqac-laisse-sa-marque-lors-de-la-47e-larval-fish-conference\/","title":{"rendered":"La Chaire de recherche sur les esp\u00e8ces aquatiques exploit\u00e9es de l\u2019UQAC laisse sa marque lors de la 47e Larval Fish Conference"},"content":{"rendered":"<p>La <a href=\"https:\/\/larvalfishconference.com\/\" target=\"_blank\" rel=\"noopener\"><em>47<sup>e<\/sup> Larval Fish Conference<\/em> (LFC)<\/a> a eu lieu \u00e0 Huron en Ohio du 12 au 16 mai dernier. Une d\u00e9l\u00e9gation form\u00e9e de membres de la <a href=\"https:\/\/www.creae-uqac.ca\/\" target=\"_blank\" rel=\"noopener\">Chaire de recherche sur les esp\u00e8ces aquatiques exploit\u00e9es (CREAE)<\/a> \u00e9tait pr\u00e9sente lors de cet \u00e9v\u00e9nement annuel, qui vise \u00e0 r\u00e9unir les membres de la communaut\u00e9 scientifique qui s\u2019int\u00e9ressent aux jeunes stades de vie des poissons.<\/p>\n<p>Accompagn\u00e9s de <a href=\"https:\/\/www.uqac.ca\/portfolio\/pascalsirois\/\" target=\"_blank\" rel=\"noopener\">Pascal Sirois<\/a>, directeur de la CREAE et professeur au <a href=\"https:\/\/www.uqac.ca\/dsf\/recherche\/\" target=\"_blank\" rel=\"noopener\">D\u00e9partement des sciences fondamentales (DSF)<\/a>, plusieurs \u00e9tudiants chercheurs et \u00e9tudiantes chercheuses de la CREAE y ont pr\u00e9sent\u00e9 leurs recherches sous forme de pr\u00e9sentation orale ou d\u2019affiche:<\/p>\n<ul>\n<li>Charlotte Gauthier, \u00e9tudiante au <a href=\"https:\/\/www.uqac.ca\/programme\/3805-doctorat-en-biologie\/\" target=\"_blank\" rel=\"noopener\">doctorat en biologie<\/a> (UQAC), a pr\u00e9sent\u00e9 <a href=\"https:\/\/www.creae-uqac.ca\/recherches\/comprendre-les-mouvements-migratoires-du-fletan-atlantique-du-golfe-saint-laurent-en-utilisant-la-chimie-des-otolithes\/\" target=\"_blank\" rel=\"noopener\">ses travaux sur les jeunes fl\u00e9tans atlantiques du golfe du Saint-Laurent<\/a> (pr\u00e9sentation orale \u00e9tudiante)<\/li>\n<li>Rachel Mailhot, \u00e9tudiante \u00e0 la ma\u00eetrise en oc\u00e9anographie (UQAR), a parl\u00e9 de <a href=\"https:\/\/www.creae-uqac.ca\/recherches\/connectivite-entre-le-fjord-du-saguenay-et-lestuaire-du-saint-laurent-des-populations-de-poissons-de-fond-exploites-a-la-peche-recreative-hivernale-2\/\" target=\"_blank\" rel=\"noopener\">la migration des jeunes poissons de fond dans le fjord du Saguenay<\/a> (pr\u00e9sentation orale).<\/li>\n<li>Henrique A. Peres, \u00e9tudiant au doctorat en biologie (UQAC), a montr\u00e9 comment <a href=\"https:\/\/www.creae-uqac.ca\/recherches\/recrutement-des-especes-de-poissons-fourrageres-dans-un-fjord-boreal-2\/\" target=\"_blank\" rel=\"noopener\">l\u2019\u00e9perlan arc-en-ciel du fjord du Saguenay peut \u00eatre utilis\u00e9 comme mod\u00e8le pour comprendre le paradigme de la croissance-survie<\/a> (pr\u00e9sentation orale).<\/li>\n<li>Martin Breton, \u00e9tudiant \u00e0 la <a href=\"https:\/\/www.uqac.ca\/programme\/3018-maitrise-en-ressources-renouvelables\/\" target=\"_blank\" rel=\"noopener\">ma\u00eetrise en ressources renouvelables<\/a> (UQAC), a partag\u00e9 <a href=\"https:\/\/www.creae-uqac.ca\/recherches\/localisation-des-frayeres-deperlans-arc-en-ciel-aux-iles-de-la-madeleine-dans-un-contexte-de-gestion-des-peches-et-de-protection-des-habitats-fauniques\/\" target=\"_blank\" rel=\"noopener\">ses travaux sur l\u2019\u00e9perlan arc-en-ciel des \u00celes-de-la-Madeleine<\/a> (affiche).<\/li>\n<li>Imanol Boussion, \u00e9tudiant \u00e0 la ma\u00eetrise en ressources renouvelables (UQAC), a fait part de <a href=\"https:\/\/www.creae-uqac.ca\/recherches\/mortalite-selective-en-fonction-de-la-taille-des-perchaudes-du-lac-saint-pierre-au-cours-de-leur-premier-hiver\/\" target=\"_blank\" rel=\"noopener\">ses travaux sur la survie hivernale des jeunes perchaudes du lac Saint-Pierre<\/a> (affiche).<\/li>\n<\/ul>\n<p>Deux des membres de cette d\u00e9l\u00e9gation \u00e9tudiante se sont particuli\u00e8rement illustr\u00e9s pour l\u2019occasion en remportant les prix de meilleure pr\u00e9sentation orale et de meilleure affiche.<\/p>\n<h4>Charlotte Gauthier, r\u00e9cipiendaire du prix de la meilleure pr\u00e9sentation orale<\/h4>\n<p><img loading=\"lazy\" decoding=\"async\" class=\"alignnone size-medium wp-image-47763\" src=\"https:\/\/www.uqac.ca\/uqactualites\/wp-content\/uploads\/2024\/06\/lfc2024_cgauthier_prix-750x550-1-300x220.jpg\" alt=\"\" width=\"300\" height=\"220\" srcset=\"https:\/\/www.uqac.ca\/uqactualites\/wp-content\/uploads\/2024\/06\/lfc2024_cgauthier_prix-750x550-1-300x220.jpg 300w, https:\/\/www.uqac.ca\/uqactualites\/wp-content\/uploads\/2024\/06\/lfc2024_cgauthier_prix-750x550-1-150x110.jpg 150w, https:\/\/www.uqac.ca\/uqactualites\/wp-content\/uploads\/2024\/06\/lfc2024_cgauthier_prix-750x550-1-696x510.jpg 696w, https:\/\/www.uqac.ca\/uqactualites\/wp-content\/uploads\/2024\/06\/lfc2024_cgauthier_prix-750x550-1.jpg 750w\" sizes=\"(max-width: 300px) 100vw, 300px\" \/><\/p>\n<p>Le prix Sally Leonard a \u00e9t\u00e9 remis \u00e0 Charlotte Gauthier pour avoir livr\u00e9 la meilleure pr\u00e9sentation orale \u00e9tudiante lors de cette 47<sup>e<\/sup> \u00e9dition de la LFC. <a href=\"https:\/\/www.creae-uqac.ca\/recherches\/comprendre-les-mouvements-migratoires-du-fletan-atlantique-du-golfe-saint-laurent-en-utilisant-la-chimie-des-otolithes\/\" target=\"_blank\" rel=\"noopener\">Le projet de recherche<\/a> pr\u00e9sent\u00e9 \u00e0 la LFC par la doctorante en biologie de l\u2019UQAC est r\u00e9alis\u00e9 sous la direction de Pascal Sirois (UQAC) et la co-direction de Dominique Robert (UQAR-ISMER) et Jonathan Fisher (Marine Institute \u2013 Memorial University of Newfoundland).<\/p>\n<h4>Imanol Boussion, r\u00e9cipiendaire du prix de la meilleure affiche \u00e9tudiante<\/h4>\n<p><img loading=\"lazy\" decoding=\"async\" class=\"alignnone size-medium wp-image-47764\" src=\"https:\/\/www.uqac.ca\/uqactualites\/wp-content\/uploads\/2024\/06\/lfc2024_iboussion_prix-750x550-1-300x220.jpg\" alt=\"\" width=\"300\" height=\"220\" srcset=\"https:\/\/www.uqac.ca\/uqactualites\/wp-content\/uploads\/2024\/06\/lfc2024_iboussion_prix-750x550-1-300x220.jpg 300w, https:\/\/www.uqac.ca\/uqactualites\/wp-content\/uploads\/2024\/06\/lfc2024_iboussion_prix-750x550-1-150x110.jpg 150w, https:\/\/www.uqac.ca\/uqactualites\/wp-content\/uploads\/2024\/06\/lfc2024_iboussion_prix-750x550-1-696x510.jpg 696w, https:\/\/www.uqac.ca\/uqactualites\/wp-content\/uploads\/2024\/06\/lfc2024_iboussion_prix-750x550-1.jpg 750w\" sizes=\"(max-width: 300px) 100vw, 300px\" \/><\/p>\n<p>Imanol Boussion, quant \u00e0 lui, s\u2019est vu octroyer le prix John H. S. Blaxter, qui est remis chaque ann\u00e9e \u00e0 la meilleure affiche \u00e9tudiante de la LFC. L\u2019affiche pr\u00e9sent\u00e9e par le candidat \u00e0 la ma\u00eetrise en ressource renouvelable porte sur une recherche men\u00e9e en collaboration avec \u00c9milie Paquin et Philippe Brodeur (minist\u00e8re de l\u2019Environnement, de la Lutte contre les changements climatiques, de la Faune et des Parcs), sous la direction de Pascale Sirois et la co-direction d\u2019<a href=\"https:\/\/www.uqac.ca\/portfolio\/oliviermorissette\/\" target=\"_blank\" rel=\"noopener\">Olivier Morissette<\/a> (UQAC).<\/p>\n<p>F\u00e9licitations aux deux r\u00e9cipiendaires ainsi qu\u2019\u00e0 l\u2019ensemble des membres de la CREAE, qui par leur pr\u00e9sence \u00e0 un tel \u00e9v\u00e9nement scientifique international, contribuent \u00e0 faire rayonner l\u2019expertise en recherche d\u00e9velopp\u00e9e \u00e0 l\u2019UQAC!<\/p>\n","protected":false},"excerpt":{"rendered":"<p>La 47e Larval Fish Conference (LFC) a eu lieu \u00e0 Huron en Ohio du 12 au 16 mai dernier. Une d\u00e9l\u00e9gation form\u00e9e de membres de la Chaire de recherche sur les esp\u00e8ces aquatiques exploit\u00e9es (CREAE) \u00e9tait pr\u00e9sente lors de cet \u00e9v\u00e9nement annuel, qui vise \u00e0 r\u00e9unir les membres de la communaut\u00e9 scientifique qui s\u2019int\u00e9ressent aux [&hellip;]<\/p>\n","protected":false},"author":5,"featured_media":47765,"comment_status":"closed","ping_status":"open","sticky":false,"template":"","format":"standard","meta":{"footnotes":""},"categories":[2795,61,9],"tags":[2890,217,3,885,65,16],"yoast_head":"<!-- This site is optimized with the Yoast SEO plugin v24.2 - https:\/\/yoast.com\/wordpress\/plugins\/seo\/ -->\r\n<title>La Chaire de recherche sur les esp\u00e8ces aquatiques exploit\u00e9es de l\u2019UQAC laisse sa marque lors de la 47e Larval Fish Conference - UQACtualit\u00e9s<\/title>\r\n<meta name=\"description\" content=\"La Chaire de recherche sur les esp\u00e8ces aquatiques exploit\u00e9es (CREAE) \u00e9tait pr\u00e9sente lors de la 47e Larval Fish Conference\" \/>\r\n<meta name=\"robots\" content=\"index, follow, max-snippet:-1, max-image-preview:large, max-video-preview:-1\" \/>\r\n<link rel=\"canonical\" href=\"https:\/\/www.uqac.ca\/uqactualites\/2024\/06\/25\/la-chaire-de-recherche-sur-les-especes-aquatiques-exploitees-de-luqac-laisse-sa-marque-lors-de-la-47e-larval-fish-conference\/\" \/>\r\n<meta property=\"og:locale\" content=\"fr_CA\" \/>\r\n<meta property=\"og:type\" content=\"article\" \/>\r\n<meta property=\"og:title\" content=\"La Chaire de recherche sur les esp\u00e8ces aquatiques exploit\u00e9es de l\u2019UQAC laisse sa marque lors de la 47e Larval Fish Conference - UQACtualit\u00e9s\" \/>\r\n<meta property=\"og:description\" content=\"La Chaire de recherche sur les esp\u00e8ces aquatiques exploit\u00e9es (CREAE) \u00e9tait pr\u00e9sente lors de la 47e Larval Fish Conference\" \/>\r\n<meta property=\"og:url\" content=\"https:\/\/www.uqac.ca\/uqactualites\/2024\/06\/25\/la-chaire-de-recherche-sur-les-especes-aquatiques-exploitees-de-luqac-laisse-sa-marque-lors-de-la-47e-larval-fish-conference\/\" \/>\r\n<meta property=\"og:site_name\" content=\"UQACtualit\u00e9s\" \/>\r\n<meta property=\"article:published_time\" content=\"2024-06-25T13:04:23+00:00\" \/>\r\n<meta property=\"article:modified_time\" content=\"2024-07-22T18:20:14+00:00\" \/>\r\n<meta property=\"og:image\" content=\"https:\/\/www.uqac.ca\/uqactualites\/wp-content\/uploads\/2024\/06\/LFC2024_CREAE-scaled.jpg\" \/>\r\n\t<meta property=\"og:image:width\" content=\"2560\" \/>\r\n\t<meta property=\"og:image:height\" content=\"1440\" \/>\r\n\t<meta property=\"og:image:type\" content=\"image\/jpeg\" \/>\r\n<meta name=\"author\" content=\"Service des communications et des relations publiques\" \/>\r\n<meta name=\"twitter:card\" content=\"summary_large_image\" \/>\r\n<meta name=\"twitter:label1\" content=\"\u00c9crit par\" \/>\n\t<meta name=\"twitter:data1\" content=\"Service des communications et des relations publiques\" \/>\n\t<meta name=\"twitter:label2\" content=\"Estimation du temps de lecture\" \/>\n\t<meta name=\"twitter:data2\" content=\"3 minutes\" \/>\r\n<script type=\"application\/ld+json\" class=\"yoast-schema-graph\">{\"@context\":\"https:\/\/schema.org\",\"@graph\":[{\"@type\":\"WebPage\",\"@id\":\"https:\/\/www.uqac.ca\/uqactualites\/2024\/06\/25\/la-chaire-de-recherche-sur-les-especes-aquatiques-exploitees-de-luqac-laisse-sa-marque-lors-de-la-47e-larval-fish-conference\/\",\"url\":\"https:\/\/www.uqac.ca\/uqactualites\/2024\/06\/25\/la-chaire-de-recherche-sur-les-especes-aquatiques-exploitees-de-luqac-laisse-sa-marque-lors-de-la-47e-larval-fish-conference\/\",\"name\":\"La Chaire de recherche sur les esp\u00e8ces aquatiques exploit\u00e9es de l\u2019UQAC laisse sa marque lors de la 47e Larval Fish Conference - UQACtualit\u00e9s\",\"isPartOf\":{\"@id\":\"https:\/\/www.uqac.ca\/uqactualites\/#website\"},\"primaryImageOfPage\":{\"@id\":\"https:\/\/www.uqac.ca\/uqactualites\/2024\/06\/25\/la-chaire-de-recherche-sur-les-especes-aquatiques-exploitees-de-luqac-laisse-sa-marque-lors-de-la-47e-larval-fish-conference\/#primaryimage\"},\"image\":{\"@id\":\"https:\/\/www.uqac.ca\/uqactualites\/2024\/06\/25\/la-chaire-de-recherche-sur-les-especes-aquatiques-exploitees-de-luqac-laisse-sa-marque-lors-de-la-47e-larval-fish-conference\/#primaryimage\"},\"thumbnailUrl\":\"https:\/\/www.uqac.ca\/uqactualites\/wp-content\/uploads\/2024\/06\/LFC2024_CREAE-scaled.jpg\",\"datePublished\":\"2024-06-25T13:04:23+00:00\",\"dateModified\":\"2024-07-22T18:20:14+00:00\",\"author\":{\"@id\":\"https:\/\/www.uqac.ca\/uqactualites\/#\/schema\/person\/366c45a0c4f0e677b41b4af5886e2018\"},\"description\":\"La Chaire de recherche sur les esp\u00e8ces aquatiques exploit\u00e9es (CREAE) \u00e9tait pr\u00e9sente lors de la 47e Larval Fish Conference\",\"breadcrumb\":{\"@id\":\"https:\/\/www.uqac.ca\/uqactualites\/2024\/06\/25\/la-chaire-de-recherche-sur-les-especes-aquatiques-exploitees-de-luqac-laisse-sa-marque-lors-de-la-47e-larval-fish-conference\/#breadcrumb\"},\"inLanguage\":\"fr-CA\",\"potentialAction\":[{\"@type\":\"ReadAction\",\"target\":[\"https:\/\/www.uqac.ca\/uqactualites\/2024\/06\/25\/la-chaire-de-recherche-sur-les-especes-aquatiques-exploitees-de-luqac-laisse-sa-marque-lors-de-la-47e-larval-fish-conference\/\"]}]},{\"@type\":\"ImageObject\",\"inLanguage\":\"fr-CA\",\"@id\":\"https:\/\/www.uqac.ca\/uqactualites\/2024\/06\/25\/la-chaire-de-recherche-sur-les-especes-aquatiques-exploitees-de-luqac-laisse-sa-marque-lors-de-la-47e-larval-fish-conference\/#primaryimage\",\"url\":\"https:\/\/www.uqac.ca\/uqactualites\/wp-content\/uploads\/2024\/06\/LFC2024_CREAE-scaled.jpg\",\"contentUrl\":\"https:\/\/www.uqac.ca\/uqactualites\/wp-content\/uploads\/2024\/06\/LFC2024_CREAE-scaled.jpg\",\"width\":2560,\"height\":1440},{\"@type\":\"BreadcrumbList\",\"@id\":\"https:\/\/www.uqac.ca\/uqactualites\/2024\/06\/25\/la-chaire-de-recherche-sur-les-especes-aquatiques-exploitees-de-luqac-laisse-sa-marque-lors-de-la-47e-larval-fish-conference\/#breadcrumb\",\"itemListElement\":[{\"@type\":\"ListItem\",\"position\":1,\"name\":\"Home\",\"item\":\"https:\/\/www.uqac.ca\/uqactualites\/\"},{\"@type\":\"ListItem\",\"position\":2,\"name\":\"La Chaire de recherche sur les esp\u00e8ces aquatiques exploit\u00e9es de l\u2019UQAC laisse sa marque lors de la 47e Larval Fish Conference\"}]},{\"@type\":\"WebSite\",\"@id\":\"https:\/\/www.uqac.ca\/uqactualites\/#website\",\"url\":\"https:\/\/www.uqac.ca\/uqactualites\/\",\"name\":\"UQACtualit\u00e9s\",\"description\":\"Le portail des nouvelles de l&#039;UQAC\",\"potentialAction\":[{\"@type\":\"SearchAction\",\"target\":{\"@type\":\"EntryPoint\",\"urlTemplate\":\"https:\/\/www.uqac.ca\/uqactualites\/?s={search_term_string}\"},\"query-input\":{\"@type\":\"PropertyValueSpecification\",\"valueRequired\":true,\"valueName\":\"search_term_string\"}}],\"inLanguage\":\"fr-CA\"},{\"@type\":\"Person\",\"@id\":\"https:\/\/www.uqac.ca\/uqactualites\/#\/schema\/person\/366c45a0c4f0e677b41b4af5886e2018\",\"name\":\"Service des communications et des relations publiques\",\"image\":{\"@type\":\"ImageObject\",\"inLanguage\":\"fr-CA\",\"@id\":\"https:\/\/www.uqac.ca\/uqactualites\/#\/schema\/person\/image\/\",\"url\":\"https:\/\/secure.gravatar.com\/avatar\/20fbbda8a292f59f2d3461a5b999c00b?s=96&d=mm&r=g\",\"contentUrl\":\"https:\/\/secure.gravatar.com\/avatar\/20fbbda8a292f59f2d3461a5b999c00b?s=96&d=mm&r=g\",\"caption\":\"Service des communications et des relations publiques\"},\"url\":\"https:\/\/www.uqac.ca\/uqactualites\/author\/bap\/\"}]}<\/script>\r\n<!-- \/ Yoast SEO plugin. -->","yoast_head_json":{"title":"La Chaire de recherche sur les esp\u00e8ces aquatiques exploit\u00e9es de l\u2019UQAC laisse sa marque lors de la 47e Larval Fish Conference - UQACtualit\u00e9s","description":"La Chaire de recherche sur les esp\u00e8ces aquatiques exploit\u00e9es (CREAE) \u00e9tait pr\u00e9sente lors de la 47e Larval Fish Conference","robots":{"index":"index","follow":"follow","max-snippet":"max-snippet:-1","max-image-preview":"max-image-preview:large","max-video-preview":"max-video-preview:-1"},"canonical":"https:\/\/www.uqac.ca\/uqactualites\/2024\/06\/25\/la-chaire-de-recherche-sur-les-especes-aquatiques-exploitees-de-luqac-laisse-sa-marque-lors-de-la-47e-larval-fish-conference\/","og_locale":"fr_CA","og_type":"article","og_title":"La Chaire de recherche sur les esp\u00e8ces aquatiques exploit\u00e9es de l\u2019UQAC laisse sa marque lors de la 47e Larval Fish Conference - UQACtualit\u00e9s","og_description":"La Chaire de recherche sur les esp\u00e8ces aquatiques exploit\u00e9es (CREAE) \u00e9tait pr\u00e9sente lors de la 47e Larval Fish Conference","og_url":"https:\/\/www.uqac.ca\/uqactualites\/2024\/06\/25\/la-chaire-de-recherche-sur-les-especes-aquatiques-exploitees-de-luqac-laisse-sa-marque-lors-de-la-47e-larval-fish-conference\/","og_site_name":"UQACtualit\u00e9s","article_published_time":"2024-06-25T13:04:23+00:00","article_modified_time":"2024-07-22T18:20:14+00:00","og_image":[{"width":2560,"height":1440,"url":"https:\/\/www.uqac.ca\/uqactualites\/wp-content\/uploads\/2024\/06\/LFC2024_CREAE-scaled.jpg","type":"image\/jpeg"}],"author":"Service des communications et des relations publiques","twitter_card":"summary_large_image","twitter_misc":{"\u00c9crit par":"Service des communications et des relations publiques","Estimation du temps de lecture":"3 minutes"},"schema":{"@context":"https:\/\/schema.org","@graph":[{"@type":"WebPage","@id":"https:\/\/www.uqac.ca\/uqactualites\/2024\/06\/25\/la-chaire-de-recherche-sur-les-especes-aquatiques-exploitees-de-luqac-laisse-sa-marque-lors-de-la-47e-larval-fish-conference\/","url":"https:\/\/www.uqac.ca\/uqactualites\/2024\/06\/25\/la-chaire-de-recherche-sur-les-especes-aquatiques-exploitees-de-luqac-laisse-sa-marque-lors-de-la-47e-larval-fish-conference\/","name":"La Chaire de recherche sur les esp\u00e8ces aquatiques exploit\u00e9es de l\u2019UQAC laisse sa marque lors de la 47e Larval Fish Conference - UQACtualit\u00e9s","isPartOf":{"@id":"https:\/\/www.uqac.ca\/uqactualites\/#website"},"primaryImageOfPage":{"@id":"https:\/\/www.uqac.ca\/uqactualites\/2024\/06\/25\/la-chaire-de-recherche-sur-les-especes-aquatiques-exploitees-de-luqac-laisse-sa-marque-lors-de-la-47e-larval-fish-conference\/#primaryimage"},"image":{"@id":"https:\/\/www.uqac.ca\/uqactualites\/2024\/06\/25\/la-chaire-de-recherche-sur-les-especes-aquatiques-exploitees-de-luqac-laisse-sa-marque-lors-de-la-47e-larval-fish-conference\/#primaryimage"},"thumbnailUrl":"https:\/\/www.uqac.ca\/uqactualites\/wp-content\/uploads\/2024\/06\/LFC2024_CREAE-scaled.jpg","datePublished":"2024-06-25T13:04:23+00:00","dateModified":"2024-07-22T18:20:14+00:00","author":{"@id":"https:\/\/www.uqac.ca\/uqactualites\/#\/schema\/person\/366c45a0c4f0e677b41b4af5886e2018"},"description":"La Chaire de recherche sur les esp\u00e8ces aquatiques exploit\u00e9es (CREAE) \u00e9tait pr\u00e9sente lors de la 47e Larval Fish Conference","breadcrumb":{"@id":"https:\/\/www.uqac.ca\/uqactualites\/2024\/06\/25\/la-chaire-de-recherche-sur-les-especes-aquatiques-exploitees-de-luqac-laisse-sa-marque-lors-de-la-47e-larval-fish-conference\/#breadcrumb"},"inLanguage":"fr-CA","potentialAction":[{"@type":"ReadAction","target":["https:\/\/www.uqac.ca\/uqactualites\/2024\/06\/25\/la-chaire-de-recherche-sur-les-especes-aquatiques-exploitees-de-luqac-laisse-sa-marque-lors-de-la-47e-larval-fish-conference\/"]}]},{"@type":"ImageObject","inLanguage":"fr-CA","@id":"https:\/\/www.uqac.ca\/uqactualites\/2024\/06\/25\/la-chaire-de-recherche-sur-les-especes-aquatiques-exploitees-de-luqac-laisse-sa-marque-lors-de-la-47e-larval-fish-conference\/#primaryimage","url":"https:\/\/www.uqac.ca\/uqactualites\/wp-content\/uploads\/2024\/06\/LFC2024_CREAE-scaled.jpg","contentUrl":"https:\/\/www.uqac.ca\/uqactualites\/wp-content\/uploads\/2024\/06\/LFC2024_CREAE-scaled.jpg","width":2560,"height":1440},{"@type":"BreadcrumbList","@id":"https:\/\/www.uqac.ca\/uqactualites\/2024\/06\/25\/la-chaire-de-recherche-sur-les-especes-aquatiques-exploitees-de-luqac-laisse-sa-marque-lors-de-la-47e-larval-fish-conference\/#breadcrumb","itemListElement":[{"@type":"ListItem","position":1,"name":"Home","item":"https:\/\/www.uqac.ca\/uqactualites\/"},{"@type":"ListItem","position":2,"name":"La Chaire de recherche sur les esp\u00e8ces aquatiques exploit\u00e9es de l\u2019UQAC laisse sa marque lors de la 47e Larval Fish Conference"}]},{"@type":"WebSite","@id":"https:\/\/www.uqac.ca\/uqactualites\/#website","url":"https:\/\/www.uqac.ca\/uqactualites\/","name":"UQACtualit\u00e9s","description":"Le portail des nouvelles de l&#039;UQAC","potentialAction":[{"@type":"SearchAction","target":{"@type":"EntryPoint","urlTemplate":"https:\/\/www.uqac.ca\/uqactualites\/?s={search_term_string}"},"query-input":{"@type":"PropertyValueSpecification","valueRequired":true,"valueName":"search_term_string"}}],"inLanguage":"fr-CA"},{"@type":"Person","@id":"https:\/\/www.uqac.ca\/uqactualites\/#\/schema\/person\/366c45a0c4f0e677b41b4af5886e2018","name":"Service des communications et des relations publiques","image":{"@type":"ImageObject","inLanguage":"fr-CA","@id":"https:\/\/www.uqac.ca\/uqactualites\/#\/schema\/person\/image\/","url":"https:\/\/secure.gravatar.com\/avatar\/20fbbda8a292f59f2d3461a5b999c00b?s=96&d=mm&r=g","contentUrl":"https:\/\/secure.gravatar.com\/avatar\/20fbbda8a292f59f2d3461a5b999c00b?s=96&d=mm&r=g","caption":"Service des communications et des relations publiques"},"url":"https:\/\/www.uqac.ca\/uqactualites\/author\/bap\/"}]}},"_links":{"self":[{"href":"https:\/\/www.uqac.ca\/uqactualites\/wp-json\/wp\/v2\/posts\/47762"}],"collection":[{"href":"https:\/\/www.uqac.ca\/uqactualites\/wp-json\/wp\/v2\/posts"}],"about":[{"href":"https:\/\/www.uqac.ca\/uqactualites\/wp-json\/wp\/v2\/types\/post"}],"author":[{"embeddable":true,"href":"https:\/\/www.uqac.ca\/uqactualites\/wp-json\/wp\/v2\/users\/5"}],"replies":[{"embeddable":true,"href":"https:\/\/www.uqac.ca\/uqactualites\/wp-json\/wp\/v2\/comments?post=47762"}],"version-history":[{"count":4,"href":"https:\/\/www.uqac.ca\/uqactualites\/wp-json\/wp\/v2\/posts\/47762\/revisions"}],"predecessor-version":[{"id":47769,"href":"https:\/\/www.uqac.ca\/uqactualites\/wp-json\/wp\/v2\/posts\/47762\/revisions\/47769"}],"wp:featuredmedia":[{"embeddable":true,"href":"https:\/\/www.uqac.ca\/uqactualites\/wp-json\/wp\/v2\/media\/47765"}],"wp:attachment":[{"href":"https:\/\/www.uqac.ca\/uqactualites\/wp-json\/wp\/v2\/media?parent=47762"}],"wp:term":[{"taxonomy":"category","embeddable":true,"href":"https:\/\/www.uqac.ca\/uqactualites\/wp-json\/wp\/v2\/categories?post=47762"},{"taxonomy":"post_tag","embeddable":true,"href":"https:\/\/www.uqac.ca\/uqactualites\/wp-json\/wp\/v2\/tags?post=47762"}],"curies":[{"name":"wp","href":"https:\/\/api.w.org\/{rel}","templated":true}]}}