{"id":47804,"date":"2024-07-22T09:16:16","date_gmt":"2024-07-22T13:16:16","guid":{"rendered":"https:\/\/www.uqac.ca\/uqactualites\/?p=47804"},"modified":"2024-08-23T10:24:51","modified_gmt":"2024-08-23T14:24:51","slug":"le-professeur-remi-morin-chasse-participe-a-un-ouvrage-sur-leconomie-circulaire-en-afrique-francophone","status":"publish","type":"post","link":"https:\/\/www.uqac.ca\/uqactualites\/2024\/07\/22\/le-professeur-remi-morin-chasse-participe-a-un-ouvrage-sur-leconomie-circulaire-en-afrique-francophone\/","title":{"rendered":"Le professeur R\u00e9mi Morin Chass\u00e9 participe \u00e0 un ouvrage sur l\u2019\u00c9conomie circulaire en Afrique francophone"},"content":{"rendered":"<p><a href=\"https:\/\/www.uqac.ca\/portfolio\/remimorinchasse\/\" target=\"_blank\" rel=\"noopener\">R\u00e9mi Morin Chass\u00e9<\/a>, professeur au <a href=\"https:\/\/www.uqac.ca\/departements\/dsea\/\" target=\"_blank\" rel=\"noopener\">D\u00e9partement des sciences \u00e9conomiques et administratives (DSEA)<\/a> de l\u2019UQAC, a particip\u00e9 \u00e0 un r\u00e9cent ouvrage publi\u00e9 par <a href=\"https:\/\/www.ifdd.francophonie.org\/\" target=\"_blank\" rel=\"noopener\">l\u2019Institut de la Francophonie pour le d\u00e9veloppement durable (IFDD)<\/a>, un organe subsidiaire de l&rsquo;<a href=\"https:\/\/www.francophonie.org\/\" target=\"_blank\" rel=\"noopener\">Organisation internationale de la Francophonie (OIF)<\/a>.<\/p>\n<p>Cette parution intitul\u00e9e <em>\u00c9conomie circulaire en Afrique francophone<\/em> <em>| Enjeux et d\u00e9fis<\/em> a pour objectif d\u2019analyser et d\u2019approfondir les enjeux, les opportunit\u00e9s et les risques de l\u2019\u00e9conomie circulaire dans les pays d\u2019Afrique francophone, qui repr\u00e9sente 34 des 54 pays membres de l\u2019IFDD. Regroupant une trentaine d\u2019expertes et experts issus de diverses institutions francophones \u00e0 travers le monde, l\u2019ouvrage permettra d\u2019appuyer et d\u2019\u00e9clairer les gouvernements face aux diff\u00e9rentes perspectives qui fondent l\u2019\u00e9conomie circulaire.<\/p>\n<p>Le professeur Morin Chass\u00e9 et son coll\u00e8gue du Centre de recherche en \u00e9conomie de l\u2019environnement, de l\u2019agroalimentaire, des transports et de l\u2019\u00e9nergie (Universit\u00e9 Laval) Markus Herrmann sont les co-auteurs du chapitre 1.1 <em>De la raret\u00e9 physique et \u00e9conomique des ressources: importance pour l\u2019Afrique<\/em>. Dans cette section, les deux chercheurs exposent les fondements du concept de raret\u00e9 \u00e9conomique, une notion essentielle pour l\u2019\u00e9valuation de la rentabilit\u00e9 du mod\u00e8le \u00e9conomique utilis\u00e9 actuellement dans les pays d\u2019Afrique francophone et celle d\u2019un potentiel changement de paradigme port\u00e9 par les id\u00e9es de l\u2019\u00e9conomie circulaire.<\/p>\n<p><em><br \/>\n<\/em>La version num\u00e9rique de l\u2019ouvrage<em> \u00c9conomie circulaire en Afrique francophone | Enjeux et d\u00e9fis<\/em> est <a href=\"https:\/\/www.ifdd.francophonie.org\/publications\/economie-circulaire-en-afrique-francophone-enjeux-et-defis\/\" target=\"_blank\" rel=\"noopener\">accessible gratuitement \u00e0 partir du site Web de l\u2019IFDD<\/a>.<\/p>\n","protected":false},"excerpt":{"rendered":"<p>R\u00e9mi Morin Chass\u00e9, professeur au D\u00e9partement des sciences \u00e9conomiques et administratives (DSEA) de l\u2019UQAC, a particip\u00e9 \u00e0 un r\u00e9cent ouvrage publi\u00e9 par l\u2019Institut de la Francophonie pour le d\u00e9veloppement durable (IFDD), un organe subsidiaire de l&rsquo;Organisation internationale de la Francophonie (OIF). Cette parution intitul\u00e9e \u00c9conomie circulaire en Afrique francophone | Enjeux et d\u00e9fis a pour [&hellip;]<\/p>\n","protected":false},"author":5,"featured_media":47805,"comment_status":"closed","ping_status":"open","sticky":false,"template":"","format":"standard","meta":{"footnotes":""},"categories":[2795,25],"tags":[337,8,41,2892],"yoast_head":"<!-- This site is optimized with the Yoast SEO plugin v24.2 - https:\/\/yoast.com\/wordpress\/plugins\/seo\/ -->\r\n<title>Le professeur R\u00e9mi Morin Chass\u00e9 participe \u00e0 un ouvrage sur l\u2019\u00c9conomie circulaire en Afrique francophone - UQACtualit\u00e9s<\/title>\r\n<meta name=\"description\" content=\"R\u00e9mi Morin Chass\u00e9, professeur \u00e0 l\u2019UQAC, a particip\u00e9 \u00e0 un r\u00e9cent ouvrage sur l\u2019\u00c9conomie circulaire en Afrique francophone publi\u00e9 par l\u2019IFDD\" \/>\r\n<meta name=\"robots\" content=\"index, follow, max-snippet:-1, max-image-preview:large, max-video-preview:-1\" \/>\r\n<link rel=\"canonical\" href=\"https:\/\/www.uqac.ca\/uqactualites\/2024\/07\/22\/le-professeur-remi-morin-chasse-participe-a-un-ouvrage-sur-leconomie-circulaire-en-afrique-francophone\/\" \/>\r\n<meta property=\"og:locale\" content=\"fr_CA\" \/>\r\n<meta property=\"og:type\" content=\"article\" \/>\r\n<meta property=\"og:title\" content=\"Le professeur R\u00e9mi Morin Chass\u00e9 participe \u00e0 un ouvrage sur l\u2019\u00c9conomie circulaire en Afrique francophone - UQACtualit\u00e9s\" \/>\r\n<meta property=\"og:description\" content=\"R\u00e9mi Morin Chass\u00e9, professeur \u00e0 l\u2019UQAC, a particip\u00e9 \u00e0 un r\u00e9cent ouvrage sur l\u2019\u00c9conomie circulaire en Afrique francophone publi\u00e9 par l\u2019IFDD\" \/>\r\n<meta property=\"og:url\" content=\"https:\/\/www.uqac.ca\/uqactualites\/2024\/07\/22\/le-professeur-remi-morin-chasse-participe-a-un-ouvrage-sur-leconomie-circulaire-en-afrique-francophone\/\" \/>\r\n<meta property=\"og:site_name\" content=\"UQACtualit\u00e9s\" \/>\r\n<meta property=\"article:published_time\" content=\"2024-07-22T13:16:16+00:00\" \/>\r\n<meta property=\"article:modified_time\" content=\"2024-08-23T14:24:51+00:00\" \/>\r\n<meta property=\"og:image\" content=\"https:\/\/www.uqac.ca\/uqactualites\/wp-content\/uploads\/2024\/07\/Remi-Morin-Chasse_UQACtu-3-1024x650.png\" \/>\r\n\t<meta property=\"og:image:width\" content=\"1024\" \/>\r\n\t<meta property=\"og:image:height\" content=\"650\" \/>\r\n\t<meta property=\"og:image:type\" content=\"image\/png\" \/>\r\n<meta name=\"author\" content=\"Service des communications et des relations publiques\" \/>\r\n<meta name=\"twitter:card\" content=\"summary_large_image\" \/>\r\n<meta name=\"twitter:label1\" content=\"\u00c9crit par\" \/>\n\t<meta name=\"twitter:data1\" content=\"Service des communications et des relations publiques\" \/>\n\t<meta name=\"twitter:label2\" content=\"Estimation du temps de lecture\" \/>\n\t<meta name=\"twitter:data2\" content=\"2 minutes\" \/>\r\n<script type=\"application\/ld+json\" class=\"yoast-schema-graph\">{\"@context\":\"https:\/\/schema.org\",\"@graph\":[{\"@type\":\"WebPage\",\"@id\":\"https:\/\/www.uqac.ca\/uqactualites\/2024\/07\/22\/le-professeur-remi-morin-chasse-participe-a-un-ouvrage-sur-leconomie-circulaire-en-afrique-francophone\/\",\"url\":\"https:\/\/www.uqac.ca\/uqactualites\/2024\/07\/22\/le-professeur-remi-morin-chasse-participe-a-un-ouvrage-sur-leconomie-circulaire-en-afrique-francophone\/\",\"name\":\"Le professeur R\u00e9mi Morin Chass\u00e9 participe \u00e0 un ouvrage sur l\u2019\u00c9conomie circulaire en Afrique francophone - UQACtualit\u00e9s\",\"isPartOf\":{\"@id\":\"https:\/\/www.uqac.ca\/uqactualites\/#website\"},\"primaryImageOfPage\":{\"@id\":\"https:\/\/www.uqac.ca\/uqactualites\/2024\/07\/22\/le-professeur-remi-morin-chasse-participe-a-un-ouvrage-sur-leconomie-circulaire-en-afrique-francophone\/#primaryimage\"},\"image\":{\"@id\":\"https:\/\/www.uqac.ca\/uqactualites\/2024\/07\/22\/le-professeur-remi-morin-chasse-participe-a-un-ouvrage-sur-leconomie-circulaire-en-afrique-francophone\/#primaryimage\"},\"thumbnailUrl\":\"https:\/\/www.uqac.ca\/uqactualites\/wp-content\/uploads\/2024\/07\/Remi-Morin-Chasse_UQACtu-3.png\",\"datePublished\":\"2024-07-22T13:16:16+00:00\",\"dateModified\":\"2024-08-23T14:24:51+00:00\",\"author\":{\"@id\":\"https:\/\/www.uqac.ca\/uqactualites\/#\/schema\/person\/366c45a0c4f0e677b41b4af5886e2018\"},\"description\":\"R\u00e9mi Morin Chass\u00e9, professeur \u00e0 l\u2019UQAC, a particip\u00e9 \u00e0 un r\u00e9cent ouvrage sur l\u2019\u00c9conomie circulaire en Afrique francophone publi\u00e9 par l\u2019IFDD\",\"breadcrumb\":{\"@id\":\"https:\/\/www.uqac.ca\/uqactualites\/2024\/07\/22\/le-professeur-remi-morin-chasse-participe-a-un-ouvrage-sur-leconomie-circulaire-en-afrique-francophone\/#breadcrumb\"},\"inLanguage\":\"fr-CA\",\"potentialAction\":[{\"@type\":\"ReadAction\",\"target\":[\"https:\/\/www.uqac.ca\/uqactualites\/2024\/07\/22\/le-professeur-remi-morin-chasse-participe-a-un-ouvrage-sur-leconomie-circulaire-en-afrique-francophone\/\"]}]},{\"@type\":\"ImageObject\",\"inLanguage\":\"fr-CA\",\"@id\":\"https:\/\/www.uqac.ca\/uqactualites\/2024\/07\/22\/le-professeur-remi-morin-chasse-participe-a-un-ouvrage-sur-leconomie-circulaire-en-afrique-francophone\/#primaryimage\",\"url\":\"https:\/\/www.uqac.ca\/uqactualites\/wp-content\/uploads\/2024\/07\/Remi-Morin-Chasse_UQACtu-3.png\",\"contentUrl\":\"https:\/\/www.uqac.ca\/uqactualites\/wp-content\/uploads\/2024\/07\/Remi-Morin-Chasse_UQACtu-3.png\",\"width\":1702,\"height\":1080},{\"@type\":\"BreadcrumbList\",\"@id\":\"https:\/\/www.uqac.ca\/uqactualites\/2024\/07\/22\/le-professeur-remi-morin-chasse-participe-a-un-ouvrage-sur-leconomie-circulaire-en-afrique-francophone\/#breadcrumb\",\"itemListElement\":[{\"@type\":\"ListItem\",\"position\":1,\"name\":\"Home\",\"item\":\"https:\/\/www.uqac.ca\/uqactualites\/\"},{\"@type\":\"ListItem\",\"position\":2,\"name\":\"Le professeur R\u00e9mi Morin Chass\u00e9 participe \u00e0 un ouvrage sur l\u2019\u00c9conomie circulaire en Afrique francophone\"}]},{\"@type\":\"WebSite\",\"@id\":\"https:\/\/www.uqac.ca\/uqactualites\/#website\",\"url\":\"https:\/\/www.uqac.ca\/uqactualites\/\",\"name\":\"UQACtualit\u00e9s\",\"description\":\"Le portail des nouvelles de l&#039;UQAC\",\"potentialAction\":[{\"@type\":\"SearchAction\",\"target\":{\"@type\":\"EntryPoint\",\"urlTemplate\":\"https:\/\/www.uqac.ca\/uqactualites\/?s={search_term_string}\"},\"query-input\":{\"@type\":\"PropertyValueSpecification\",\"valueRequired\":true,\"valueName\":\"search_term_string\"}}],\"inLanguage\":\"fr-CA\"},{\"@type\":\"Person\",\"@id\":\"https:\/\/www.uqac.ca\/uqactualites\/#\/schema\/person\/366c45a0c4f0e677b41b4af5886e2018\",\"name\":\"Service des communications et des relations publiques\",\"image\":{\"@type\":\"ImageObject\",\"inLanguage\":\"fr-CA\",\"@id\":\"https:\/\/www.uqac.ca\/uqactualites\/#\/schema\/person\/image\/\",\"url\":\"https:\/\/secure.gravatar.com\/avatar\/20fbbda8a292f59f2d3461a5b999c00b?s=96&d=mm&r=g\",\"contentUrl\":\"https:\/\/secure.gravatar.com\/avatar\/20fbbda8a292f59f2d3461a5b999c00b?s=96&d=mm&r=g\",\"caption\":\"Service des communications et des relations publiques\"},\"url\":\"https:\/\/www.uqac.ca\/uqactualites\/author\/bap\/\"}]}<\/script>\r\n<!-- \/ Yoast SEO plugin. -->","yoast_head_json":{"title":"Le professeur R\u00e9mi Morin Chass\u00e9 participe \u00e0 un ouvrage sur l\u2019\u00c9conomie circulaire en Afrique francophone - UQACtualit\u00e9s","description":"R\u00e9mi Morin Chass\u00e9, professeur \u00e0 l\u2019UQAC, a particip\u00e9 \u00e0 un r\u00e9cent ouvrage sur l\u2019\u00c9conomie circulaire en Afrique francophone publi\u00e9 par l\u2019IFDD","robots":{"index":"index","follow":"follow","max-snippet":"max-snippet:-1","max-image-preview":"max-image-preview:large","max-video-preview":"max-video-preview:-1"},"canonical":"https:\/\/www.uqac.ca\/uqactualites\/2024\/07\/22\/le-professeur-remi-morin-chasse-participe-a-un-ouvrage-sur-leconomie-circulaire-en-afrique-francophone\/","og_locale":"fr_CA","og_type":"article","og_title":"Le professeur R\u00e9mi Morin Chass\u00e9 participe \u00e0 un ouvrage sur l\u2019\u00c9conomie circulaire en Afrique francophone - UQACtualit\u00e9s","og_description":"R\u00e9mi Morin Chass\u00e9, professeur \u00e0 l\u2019UQAC, a particip\u00e9 \u00e0 un r\u00e9cent ouvrage sur l\u2019\u00c9conomie circulaire en Afrique francophone publi\u00e9 par l\u2019IFDD","og_url":"https:\/\/www.uqac.ca\/uqactualites\/2024\/07\/22\/le-professeur-remi-morin-chasse-participe-a-un-ouvrage-sur-leconomie-circulaire-en-afrique-francophone\/","og_site_name":"UQACtualit\u00e9s","article_published_time":"2024-07-22T13:16:16+00:00","article_modified_time":"2024-08-23T14:24:51+00:00","og_image":[{"width":1024,"height":650,"url":"https:\/\/www.uqac.ca\/uqactualites\/wp-content\/uploads\/2024\/07\/Remi-Morin-Chasse_UQACtu-3-1024x650.png","type":"image\/png"}],"author":"Service des communications et des relations publiques","twitter_card":"summary_large_image","twitter_misc":{"\u00c9crit par":"Service des communications et des relations publiques","Estimation du temps de lecture":"2 minutes"},"schema":{"@context":"https:\/\/schema.org","@graph":[{"@type":"WebPage","@id":"https:\/\/www.uqac.ca\/uqactualites\/2024\/07\/22\/le-professeur-remi-morin-chasse-participe-a-un-ouvrage-sur-leconomie-circulaire-en-afrique-francophone\/","url":"https:\/\/www.uqac.ca\/uqactualites\/2024\/07\/22\/le-professeur-remi-morin-chasse-participe-a-un-ouvrage-sur-leconomie-circulaire-en-afrique-francophone\/","name":"Le professeur R\u00e9mi Morin Chass\u00e9 participe \u00e0 un ouvrage sur l\u2019\u00c9conomie circulaire en Afrique francophone - UQACtualit\u00e9s","isPartOf":{"@id":"https:\/\/www.uqac.ca\/uqactualites\/#website"},"primaryImageOfPage":{"@id":"https:\/\/www.uqac.ca\/uqactualites\/2024\/07\/22\/le-professeur-remi-morin-chasse-participe-a-un-ouvrage-sur-leconomie-circulaire-en-afrique-francophone\/#primaryimage"},"image":{"@id":"https:\/\/www.uqac.ca\/uqactualites\/2024\/07\/22\/le-professeur-remi-morin-chasse-participe-a-un-ouvrage-sur-leconomie-circulaire-en-afrique-francophone\/#primaryimage"},"thumbnailUrl":"https:\/\/www.uqac.ca\/uqactualites\/wp-content\/uploads\/2024\/07\/Remi-Morin-Chasse_UQACtu-3.png","datePublished":"2024-07-22T13:16:16+00:00","dateModified":"2024-08-23T14:24:51+00:00","author":{"@id":"https:\/\/www.uqac.ca\/uqactualites\/#\/schema\/person\/366c45a0c4f0e677b41b4af5886e2018"},"description":"R\u00e9mi Morin Chass\u00e9, professeur \u00e0 l\u2019UQAC, a particip\u00e9 \u00e0 un r\u00e9cent ouvrage sur l\u2019\u00c9conomie circulaire en Afrique francophone publi\u00e9 par l\u2019IFDD","breadcrumb":{"@id":"https:\/\/www.uqac.ca\/uqactualites\/2024\/07\/22\/le-professeur-remi-morin-chasse-participe-a-un-ouvrage-sur-leconomie-circulaire-en-afrique-francophone\/#breadcrumb"},"inLanguage":"fr-CA","potentialAction":[{"@type":"ReadAction","target":["https:\/\/www.uqac.ca\/uqactualites\/2024\/07\/22\/le-professeur-remi-morin-chasse-participe-a-un-ouvrage-sur-leconomie-circulaire-en-afrique-francophone\/"]}]},{"@type":"ImageObject","inLanguage":"fr-CA","@id":"https:\/\/www.uqac.ca\/uqactualites\/2024\/07\/22\/le-professeur-remi-morin-chasse-participe-a-un-ouvrage-sur-leconomie-circulaire-en-afrique-francophone\/#primaryimage","url":"https:\/\/www.uqac.ca\/uqactualites\/wp-content\/uploads\/2024\/07\/Remi-Morin-Chasse_UQACtu-3.png","contentUrl":"https:\/\/www.uqac.ca\/uqactualites\/wp-content\/uploads\/2024\/07\/Remi-Morin-Chasse_UQACtu-3.png","width":1702,"height":1080},{"@type":"BreadcrumbList","@id":"https:\/\/www.uqac.ca\/uqactualites\/2024\/07\/22\/le-professeur-remi-morin-chasse-participe-a-un-ouvrage-sur-leconomie-circulaire-en-afrique-francophone\/#breadcrumb","itemListElement":[{"@type":"ListItem","position":1,"name":"Home","item":"https:\/\/www.uqac.ca\/uqactualites\/"},{"@type":"ListItem","position":2,"name":"Le professeur R\u00e9mi Morin Chass\u00e9 participe \u00e0 un ouvrage sur l\u2019\u00c9conomie circulaire en Afrique francophone"}]},{"@type":"WebSite","@id":"https:\/\/www.uqac.ca\/uqactualites\/#website","url":"https:\/\/www.uqac.ca\/uqactualites\/","name":"UQACtualit\u00e9s","description":"Le portail des nouvelles de l&#039;UQAC","potentialAction":[{"@type":"SearchAction","target":{"@type":"EntryPoint","urlTemplate":"https:\/\/www.uqac.ca\/uqactualites\/?s={search_term_string}"},"query-input":{"@type":"PropertyValueSpecification","valueRequired":true,"valueName":"search_term_string"}}],"inLanguage":"fr-CA"},{"@type":"Person","@id":"https:\/\/www.uqac.ca\/uqactualites\/#\/schema\/person\/366c45a0c4f0e677b41b4af5886e2018","name":"Service des communications et des relations publiques","image":{"@type":"ImageObject","inLanguage":"fr-CA","@id":"https:\/\/www.uqac.ca\/uqactualites\/#\/schema\/person\/image\/","url":"https:\/\/secure.gravatar.com\/avatar\/20fbbda8a292f59f2d3461a5b999c00b?s=96&d=mm&r=g","contentUrl":"https:\/\/secure.gravatar.com\/avatar\/20fbbda8a292f59f2d3461a5b999c00b?s=96&d=mm&r=g","caption":"Service des communications et des relations publiques"},"url":"https:\/\/www.uqac.ca\/uqactualites\/author\/bap\/"}]}},"_links":{"self":[{"href":"https:\/\/www.uqac.ca\/uqactualites\/wp-json\/wp\/v2\/posts\/47804"}],"collection":[{"href":"https:\/\/www.uqac.ca\/uqactualites\/wp-json\/wp\/v2\/posts"}],"about":[{"href":"https:\/\/www.uqac.ca\/uqactualites\/wp-json\/wp\/v2\/types\/post"}],"author":[{"embeddable":true,"href":"https:\/\/www.uqac.ca\/uqactualites\/wp-json\/wp\/v2\/users\/5"}],"replies":[{"embeddable":true,"href":"https:\/\/www.uqac.ca\/uqactualites\/wp-json\/wp\/v2\/comments?post=47804"}],"version-history":[{"count":4,"href":"https:\/\/www.uqac.ca\/uqactualites\/wp-json\/wp\/v2\/posts\/47804\/revisions"}],"predecessor-version":[{"id":48487,"href":"https:\/\/www.uqac.ca\/uqactualites\/wp-json\/wp\/v2\/posts\/47804\/revisions\/48487"}],"wp:featuredmedia":[{"embeddable":true,"href":"https:\/\/www.uqac.ca\/uqactualites\/wp-json\/wp\/v2\/media\/47805"}],"wp:attachment":[{"href":"https:\/\/www.uqac.ca\/uqactualites\/wp-json\/wp\/v2\/media?parent=47804"}],"wp:term":[{"taxonomy":"category","embeddable":true,"href":"https:\/\/www.uqac.ca\/uqactualites\/wp-json\/wp\/v2\/categories?post=47804"},{"taxonomy":"post_tag","embeddable":true,"href":"https:\/\/www.uqac.ca\/uqactualites\/wp-json\/wp\/v2\/tags?post=47804"}],"curies":[{"name":"wp","href":"https:\/\/api.w.org\/{rel}","templated":true}]}}