{"id":47891,"date":"2024-07-09T10:18:08","date_gmt":"2024-07-09T14:18:08","guid":{"rendered":"https:\/\/www.uqac.ca\/uqactualites\/?p=47891"},"modified":"2024-07-22T13:21:01","modified_gmt":"2024-07-22T17:21:01","slug":"un-sejour-enrichissant-a-limoges-pour-9-etudiantes-et-etudiants-de-luqac","status":"publish","type":"post","link":"https:\/\/www.uqac.ca\/uqactualites\/2024\/07\/09\/un-sejour-enrichissant-a-limoges-pour-9-etudiantes-et-etudiants-de-luqac\/","title":{"rendered":"Un s\u00e9jour enrichissant \u00e0 Limoges pour 9 \u00e9tudiantes et \u00e9tudiants de l&rsquo;UQAC"},"content":{"rendered":"<p>Neuf \u00e9tudiantes et \u00e9tudiants de l\u2019UQAC issus de l\u2019Unit\u00e9 d\u2019enseignement des arts se trouvent actuellement \u00e0 <a href=\"https:\/\/can01.safelinks.protection.outlook.com\/?url=https%3A%2F%2Fwww.ensad-limoges.fr%2F&amp;data=05%7C02%7Cr9boucha%40uqac.ca%7Ca7263542fe37478e27ea08dc9f81ce90%7Cc97978b1bd4c44b59bbb20215efdf611%7C0%7C0%7C638560627197663584%7CUnknown%7CTWFpbGZsb3d8eyJWIjoiMC4wLjAwMDAiLCJQIjoiV2luMzIiLCJBTiI6Ik1haWwiLCJXVCI6Mn0%3D%7C0%7C%7C%7C&amp;sdata=2GMLU5VV4YpKWt%2Bl%2FypsbKz1p2RZ8moLbToo%2BcfqjlE%3D&amp;reserved=0\" target=\"_blank\" rel=\"noopener\">l&rsquo;\u00c9cole nationale sup\u00e9rieure d&rsquo;art et de design (ENSAD)<\/a>\u00a0\u00e0 Limoges pour une dur\u00e9e de deux semaines. Durant cette p\u00e9riode, le groupe a l\u2019opportunit\u00e9 de d\u00e9velopper des comp\u00e9tences artistiques, interculturelles et scientifiques. Cette formation, offerte conjointement par le corps professoral des deux institutions, rassemble des \u00e9tudiantes et \u00e9tudiants de l&rsquo;UQAC et de l&rsquo;ENSAD, garantissant ainsi un enrichissement acad\u00e9mique et culturel exceptionnel. L&rsquo;industrie c\u00e9ramique de Limoges, particuli\u00e8rement renomm\u00e9e, constitue un \u00e9l\u00e9ment central du programme. Elle offre aux \u00e9tudiantes et \u00e9tudiants une occasion unique d&rsquo;explorer et de s&rsquo;inspirer de cette tradition s\u00e9culaire pour leurs exp\u00e9rimentations artistiques.<\/p>\n<p>Dans le cadre de ce s\u00e9jour, la d\u00e9l\u00e9gation \u00e9tudiante de l&rsquo;UQAC a b\u00e9n\u00e9fici\u00e9 de l\u2019appui financier de diff\u00e9rentes sources \u00e0 l\u2019interne, notamment du <a href=\"https:\/\/can01.safelinks.protection.outlook.com\/?url=https%3A%2F%2Finternational.uqac.ca%2Fetudier-a-letranger%2Fevenement-pedagogique%2F&amp;data=05%7C02%7Cr9boucha%40uqac.ca%7Ca7263542fe37478e27ea08dc9f81ce90%7Cc97978b1bd4c44b59bbb20215efdf611%7C0%7C0%7C638560627197680638%7CUnknown%7CTWFpbGZsb3d8eyJWIjoiMC4wLjAwMDAiLCJQIjoiV2luMzIiLCJBTiI6Ik1haWwiLCJXVCI6Mn0%3D%7C0%7C%7C%7C&amp;sdata=M74YVozpiZbzDm8bDxnEZPO6WYoi6NQux7saO76fkjU%3D&amp;reserved=0\" target=\"_blank\" rel=\"noopener\">programme de mobilit\u00e9 sortante<\/a> du <a href=\"https:\/\/international.uqac.ca\/\" target=\"_blank\" rel=\"noopener\">Bureau de l\u2019international<\/a>, financ\u00e9 par le <a href=\"https:\/\/can01.safelinks.protection.outlook.com\/?url=https%3A%2F%2Fwww.quebec.ca%2Feducation%2Faide-financiere-aux-etudes%2Fhors-quebec%2Fprogramme-mobilite-internationale&amp;data=05%7C02%7Cr9boucha%40uqac.ca%7Ca7263542fe37478e27ea08dc9f81ce90%7Cc97978b1bd4c44b59bbb20215efdf611%7C0%7C0%7C638560627197691194%7CUnknown%7CTWFpbGZsb3d8eyJWIjoiMC4wLjAwMDAiLCJQIjoiV2luMzIiLCJBTiI6Ik1haWwiLCJXVCI6Mn0%3D%7C0%7C%7C%7C&amp;sdata=jNc9SgAzd%2B%2FydWS%2BuomjZe2AdYcwJOjDAJdYp6fLM5c%3D&amp;reserved=0\" target=\"_blank\" rel=\"noopener\">programme de mobilit\u00e9 du minist\u00e8re de l&rsquo;\u00c9ducation et de l&rsquo;Enseignement sup\u00e9rieur<\/a> (MES), des Services aux \u00e9tudiants, par son initiative \u00ab<a href=\"https:\/\/can01.safelinks.protection.outlook.com\/?url=https%3A%2F%2Fsae.uqac.ca%2Fvie-etudiante%2Fdemande-dappui-financier-projets-du-milieu%2F&amp;data=05%7C02%7Cr9boucha%40uqac.ca%7Ca7263542fe37478e27ea08dc9f81ce90%7Cc97978b1bd4c44b59bbb20215efdf611%7C0%7C0%7C638560627197699109%7CUnknown%7CTWFpbGZsb3d8eyJWIjoiMC4wLjAwMDAiLCJQIjoiV2luMzIiLCJBTiI6Ik1haWwiLCJXVCI6Mn0%3D%7C0%7C%7C%7C&amp;sdata=a15wPmTdywJyTC9vP9ckuX0fSj5N8dp3X%2BNXq7t%2BTbI%3D&amp;reserved=0\" target=\"_blank\" rel=\"noopener\">Projets du milieu<\/a>\u00bb et du <a href=\"https:\/\/www.uqac.ca\/dall\/\" target=\"_blank\" rel=\"noopener\">D\u00e9partement des arts, des lettres et du langage (DALL)<\/a>. Les membres de la d\u00e9l\u00e9gation ont \u00e9galement pu compter sur le soutien du Vice-rectorat aux \u00e9tudes, \u00e0 la formation et \u00e0 la r\u00e9ussite (VREFR), via les volets \u00abmise en valeur des \u00e9tudiants et \u00e9tudiantes de l\u2019UQAC\u00bb et \u00abrayonnement de l\u2019UQAC\u00bb de son plan d\u2019action pour la r\u00e9ussite.<\/p>\n<p>Nous sommes convaincus que cette exp\u00e9rience \u00e0 Limoges est non seulement b\u00e9n\u00e9fique pour le parcours acad\u00e9mique de ces 9 membres de la communaut\u00e9 \u00e9tudiantes de l&rsquo;UQAC, mais qu&rsquo;elle enrichit \u00e9galement leur perspective culturelle et artistique. Nous leur souhaitons de continuer \u00e0 profiter pleinement de ce s\u00e9jour fructueux et inspirant.<\/p>\n","protected":false},"excerpt":{"rendered":"<p>Neuf \u00e9tudiantes et \u00e9tudiants de l\u2019UQAC issus de l\u2019Unit\u00e9 d\u2019enseignement des arts se trouvent actuellement \u00e0 l&rsquo;\u00c9cole nationale sup\u00e9rieure d&rsquo;art et de design (ENSAD)\u00a0\u00e0 Limoges pour une dur\u00e9e de deux semaines. Durant cette p\u00e9riode, le groupe a l\u2019opportunit\u00e9 de d\u00e9velopper des comp\u00e9tences artistiques, interculturelles et scientifiques. Cette formation, offerte conjointement par le corps professoral des [&hellip;]<\/p>\n","protected":false},"author":5,"featured_media":47897,"comment_status":"closed","ping_status":"open","sticky":false,"template":"","format":"standard","meta":{"footnotes":""},"categories":[2795,2854],"tags":[51,39,2895,958,2873],"yoast_head":"<!-- This site is optimized with the Yoast SEO plugin v24.2 - https:\/\/yoast.com\/wordpress\/plugins\/seo\/ -->\r\n<title>Un s\u00e9jour enrichissant \u00e0 Limoges pour 9 \u00e9tudiantes et \u00e9tudiants de l&#039;UQAC - UQACtualit\u00e9s<\/title>\r\n<meta name=\"description\" content=\"Neuf \u00e9tudiantes et \u00e9tudiants de l\u2019UQAC se trouvent actuellement \u00e0 l&#039;\u00c9cole nationale sup\u00e9rieure d&#039;art et de design (ENSAD)\u00a0\u00e0 Limoges\" \/>\r\n<meta name=\"robots\" content=\"index, follow, max-snippet:-1, max-image-preview:large, max-video-preview:-1\" \/>\r\n<link rel=\"canonical\" href=\"https:\/\/www.uqac.ca\/uqactualites\/2024\/07\/09\/un-sejour-enrichissant-a-limoges-pour-9-etudiantes-et-etudiants-de-luqac\/\" \/>\r\n<meta property=\"og:locale\" content=\"fr_CA\" \/>\r\n<meta property=\"og:type\" content=\"article\" \/>\r\n<meta property=\"og:title\" content=\"Un s\u00e9jour enrichissant \u00e0 Limoges pour 9 \u00e9tudiantes et \u00e9tudiants de l&#039;UQAC - UQACtualit\u00e9s\" \/>\r\n<meta property=\"og:description\" content=\"Neuf \u00e9tudiantes et \u00e9tudiants de l\u2019UQAC se trouvent actuellement \u00e0 l&#039;\u00c9cole nationale sup\u00e9rieure d&#039;art et de design (ENSAD)\u00a0\u00e0 Limoges\" \/>\r\n<meta property=\"og:url\" content=\"https:\/\/www.uqac.ca\/uqactualites\/2024\/07\/09\/un-sejour-enrichissant-a-limoges-pour-9-etudiantes-et-etudiants-de-luqac\/\" \/>\r\n<meta property=\"og:site_name\" content=\"UQACtualit\u00e9s\" \/>\r\n<meta property=\"article:published_time\" content=\"2024-07-09T14:18:08+00:00\" \/>\r\n<meta property=\"article:modified_time\" content=\"2024-07-22T17:21:01+00:00\" \/>\r\n<meta property=\"og:image\" content=\"https:\/\/www.uqac.ca\/uqactualites\/wp-content\/uploads\/2024\/07\/Limoges-1024x576.png\" \/>\r\n\t<meta property=\"og:image:width\" content=\"1024\" \/>\r\n\t<meta property=\"og:image:height\" content=\"576\" \/>\r\n\t<meta property=\"og:image:type\" content=\"image\/png\" \/>\r\n<meta name=\"author\" content=\"Service des communications et des relations publiques\" \/>\r\n<meta name=\"twitter:card\" content=\"summary_large_image\" \/>\r\n<meta name=\"twitter:label1\" content=\"\u00c9crit par\" \/>\n\t<meta name=\"twitter:data1\" content=\"Service des communications et des relations publiques\" \/>\n\t<meta name=\"twitter:label2\" content=\"Estimation du temps de lecture\" \/>\n\t<meta name=\"twitter:data2\" content=\"2 minutes\" \/>\r\n<script type=\"application\/ld+json\" class=\"yoast-schema-graph\">{\"@context\":\"https:\/\/schema.org\",\"@graph\":[{\"@type\":\"WebPage\",\"@id\":\"https:\/\/www.uqac.ca\/uqactualites\/2024\/07\/09\/un-sejour-enrichissant-a-limoges-pour-9-etudiantes-et-etudiants-de-luqac\/\",\"url\":\"https:\/\/www.uqac.ca\/uqactualites\/2024\/07\/09\/un-sejour-enrichissant-a-limoges-pour-9-etudiantes-et-etudiants-de-luqac\/\",\"name\":\"Un s\u00e9jour enrichissant \u00e0 Limoges pour 9 \u00e9tudiantes et \u00e9tudiants de l'UQAC - UQACtualit\u00e9s\",\"isPartOf\":{\"@id\":\"https:\/\/www.uqac.ca\/uqactualites\/#website\"},\"primaryImageOfPage\":{\"@id\":\"https:\/\/www.uqac.ca\/uqactualites\/2024\/07\/09\/un-sejour-enrichissant-a-limoges-pour-9-etudiantes-et-etudiants-de-luqac\/#primaryimage\"},\"image\":{\"@id\":\"https:\/\/www.uqac.ca\/uqactualites\/2024\/07\/09\/un-sejour-enrichissant-a-limoges-pour-9-etudiantes-et-etudiants-de-luqac\/#primaryimage\"},\"thumbnailUrl\":\"https:\/\/www.uqac.ca\/uqactualites\/wp-content\/uploads\/2024\/07\/Limoges.png\",\"datePublished\":\"2024-07-09T14:18:08+00:00\",\"dateModified\":\"2024-07-22T17:21:01+00:00\",\"author\":{\"@id\":\"https:\/\/www.uqac.ca\/uqactualites\/#\/schema\/person\/366c45a0c4f0e677b41b4af5886e2018\"},\"description\":\"Neuf \u00e9tudiantes et \u00e9tudiants de l\u2019UQAC se trouvent actuellement \u00e0 l'\u00c9cole nationale sup\u00e9rieure d'art et de design (ENSAD)\u00a0\u00e0 Limoges\",\"breadcrumb\":{\"@id\":\"https:\/\/www.uqac.ca\/uqactualites\/2024\/07\/09\/un-sejour-enrichissant-a-limoges-pour-9-etudiantes-et-etudiants-de-luqac\/#breadcrumb\"},\"inLanguage\":\"fr-CA\",\"potentialAction\":[{\"@type\":\"ReadAction\",\"target\":[\"https:\/\/www.uqac.ca\/uqactualites\/2024\/07\/09\/un-sejour-enrichissant-a-limoges-pour-9-etudiantes-et-etudiants-de-luqac\/\"]}]},{\"@type\":\"ImageObject\",\"inLanguage\":\"fr-CA\",\"@id\":\"https:\/\/www.uqac.ca\/uqactualites\/2024\/07\/09\/un-sejour-enrichissant-a-limoges-pour-9-etudiantes-et-etudiants-de-luqac\/#primaryimage\",\"url\":\"https:\/\/www.uqac.ca\/uqactualites\/wp-content\/uploads\/2024\/07\/Limoges.png\",\"contentUrl\":\"https:\/\/www.uqac.ca\/uqactualites\/wp-content\/uploads\/2024\/07\/Limoges.png\",\"width\":1920,\"height\":1080},{\"@type\":\"BreadcrumbList\",\"@id\":\"https:\/\/www.uqac.ca\/uqactualites\/2024\/07\/09\/un-sejour-enrichissant-a-limoges-pour-9-etudiantes-et-etudiants-de-luqac\/#breadcrumb\",\"itemListElement\":[{\"@type\":\"ListItem\",\"position\":1,\"name\":\"Home\",\"item\":\"https:\/\/www.uqac.ca\/uqactualites\/\"},{\"@type\":\"ListItem\",\"position\":2,\"name\":\"Un s\u00e9jour enrichissant \u00e0 Limoges pour 9 \u00e9tudiantes et \u00e9tudiants de l&rsquo;UQAC\"}]},{\"@type\":\"WebSite\",\"@id\":\"https:\/\/www.uqac.ca\/uqactualites\/#website\",\"url\":\"https:\/\/www.uqac.ca\/uqactualites\/\",\"name\":\"UQACtualit\u00e9s\",\"description\":\"Le portail des nouvelles de l&#039;UQAC\",\"potentialAction\":[{\"@type\":\"SearchAction\",\"target\":{\"@type\":\"EntryPoint\",\"urlTemplate\":\"https:\/\/www.uqac.ca\/uqactualites\/?s={search_term_string}\"},\"query-input\":{\"@type\":\"PropertyValueSpecification\",\"valueRequired\":true,\"valueName\":\"search_term_string\"}}],\"inLanguage\":\"fr-CA\"},{\"@type\":\"Person\",\"@id\":\"https:\/\/www.uqac.ca\/uqactualites\/#\/schema\/person\/366c45a0c4f0e677b41b4af5886e2018\",\"name\":\"Service des communications et des relations publiques\",\"image\":{\"@type\":\"ImageObject\",\"inLanguage\":\"fr-CA\",\"@id\":\"https:\/\/www.uqac.ca\/uqactualites\/#\/schema\/person\/image\/\",\"url\":\"https:\/\/secure.gravatar.com\/avatar\/20fbbda8a292f59f2d3461a5b999c00b?s=96&d=mm&r=g\",\"contentUrl\":\"https:\/\/secure.gravatar.com\/avatar\/20fbbda8a292f59f2d3461a5b999c00b?s=96&d=mm&r=g\",\"caption\":\"Service des communications et des relations publiques\"},\"url\":\"https:\/\/www.uqac.ca\/uqactualites\/author\/bap\/\"}]}<\/script>\r\n<!-- \/ Yoast SEO plugin. -->","yoast_head_json":{"title":"Un s\u00e9jour enrichissant \u00e0 Limoges pour 9 \u00e9tudiantes et \u00e9tudiants de l'UQAC - UQACtualit\u00e9s","description":"Neuf \u00e9tudiantes et \u00e9tudiants de l\u2019UQAC se trouvent actuellement \u00e0 l'\u00c9cole nationale sup\u00e9rieure d'art et de design (ENSAD)\u00a0\u00e0 Limoges","robots":{"index":"index","follow":"follow","max-snippet":"max-snippet:-1","max-image-preview":"max-image-preview:large","max-video-preview":"max-video-preview:-1"},"canonical":"https:\/\/www.uqac.ca\/uqactualites\/2024\/07\/09\/un-sejour-enrichissant-a-limoges-pour-9-etudiantes-et-etudiants-de-luqac\/","og_locale":"fr_CA","og_type":"article","og_title":"Un s\u00e9jour enrichissant \u00e0 Limoges pour 9 \u00e9tudiantes et \u00e9tudiants de l'UQAC - UQACtualit\u00e9s","og_description":"Neuf \u00e9tudiantes et \u00e9tudiants de l\u2019UQAC se trouvent actuellement \u00e0 l'\u00c9cole nationale sup\u00e9rieure d'art et de design (ENSAD)\u00a0\u00e0 Limoges","og_url":"https:\/\/www.uqac.ca\/uqactualites\/2024\/07\/09\/un-sejour-enrichissant-a-limoges-pour-9-etudiantes-et-etudiants-de-luqac\/","og_site_name":"UQACtualit\u00e9s","article_published_time":"2024-07-09T14:18:08+00:00","article_modified_time":"2024-07-22T17:21:01+00:00","og_image":[{"width":1024,"height":576,"url":"https:\/\/www.uqac.ca\/uqactualites\/wp-content\/uploads\/2024\/07\/Limoges-1024x576.png","type":"image\/png"}],"author":"Service des communications et des relations publiques","twitter_card":"summary_large_image","twitter_misc":{"\u00c9crit par":"Service des communications et des relations publiques","Estimation du temps de lecture":"2 minutes"},"schema":{"@context":"https:\/\/schema.org","@graph":[{"@type":"WebPage","@id":"https:\/\/www.uqac.ca\/uqactualites\/2024\/07\/09\/un-sejour-enrichissant-a-limoges-pour-9-etudiantes-et-etudiants-de-luqac\/","url":"https:\/\/www.uqac.ca\/uqactualites\/2024\/07\/09\/un-sejour-enrichissant-a-limoges-pour-9-etudiantes-et-etudiants-de-luqac\/","name":"Un s\u00e9jour enrichissant \u00e0 Limoges pour 9 \u00e9tudiantes et \u00e9tudiants de l'UQAC - UQACtualit\u00e9s","isPartOf":{"@id":"https:\/\/www.uqac.ca\/uqactualites\/#website"},"primaryImageOfPage":{"@id":"https:\/\/www.uqac.ca\/uqactualites\/2024\/07\/09\/un-sejour-enrichissant-a-limoges-pour-9-etudiantes-et-etudiants-de-luqac\/#primaryimage"},"image":{"@id":"https:\/\/www.uqac.ca\/uqactualites\/2024\/07\/09\/un-sejour-enrichissant-a-limoges-pour-9-etudiantes-et-etudiants-de-luqac\/#primaryimage"},"thumbnailUrl":"https:\/\/www.uqac.ca\/uqactualites\/wp-content\/uploads\/2024\/07\/Limoges.png","datePublished":"2024-07-09T14:18:08+00:00","dateModified":"2024-07-22T17:21:01+00:00","author":{"@id":"https:\/\/www.uqac.ca\/uqactualites\/#\/schema\/person\/366c45a0c4f0e677b41b4af5886e2018"},"description":"Neuf \u00e9tudiantes et \u00e9tudiants de l\u2019UQAC se trouvent actuellement \u00e0 l'\u00c9cole nationale sup\u00e9rieure d'art et de design (ENSAD)\u00a0\u00e0 Limoges","breadcrumb":{"@id":"https:\/\/www.uqac.ca\/uqactualites\/2024\/07\/09\/un-sejour-enrichissant-a-limoges-pour-9-etudiantes-et-etudiants-de-luqac\/#breadcrumb"},"inLanguage":"fr-CA","potentialAction":[{"@type":"ReadAction","target":["https:\/\/www.uqac.ca\/uqactualites\/2024\/07\/09\/un-sejour-enrichissant-a-limoges-pour-9-etudiantes-et-etudiants-de-luqac\/"]}]},{"@type":"ImageObject","inLanguage":"fr-CA","@id":"https:\/\/www.uqac.ca\/uqactualites\/2024\/07\/09\/un-sejour-enrichissant-a-limoges-pour-9-etudiantes-et-etudiants-de-luqac\/#primaryimage","url":"https:\/\/www.uqac.ca\/uqactualites\/wp-content\/uploads\/2024\/07\/Limoges.png","contentUrl":"https:\/\/www.uqac.ca\/uqactualites\/wp-content\/uploads\/2024\/07\/Limoges.png","width":1920,"height":1080},{"@type":"BreadcrumbList","@id":"https:\/\/www.uqac.ca\/uqactualites\/2024\/07\/09\/un-sejour-enrichissant-a-limoges-pour-9-etudiantes-et-etudiants-de-luqac\/#breadcrumb","itemListElement":[{"@type":"ListItem","position":1,"name":"Home","item":"https:\/\/www.uqac.ca\/uqactualites\/"},{"@type":"ListItem","position":2,"name":"Un s\u00e9jour enrichissant \u00e0 Limoges pour 9 \u00e9tudiantes et \u00e9tudiants de l&rsquo;UQAC"}]},{"@type":"WebSite","@id":"https:\/\/www.uqac.ca\/uqactualites\/#website","url":"https:\/\/www.uqac.ca\/uqactualites\/","name":"UQACtualit\u00e9s","description":"Le portail des nouvelles de l&#039;UQAC","potentialAction":[{"@type":"SearchAction","target":{"@type":"EntryPoint","urlTemplate":"https:\/\/www.uqac.ca\/uqactualites\/?s={search_term_string}"},"query-input":{"@type":"PropertyValueSpecification","valueRequired":true,"valueName":"search_term_string"}}],"inLanguage":"fr-CA"},{"@type":"Person","@id":"https:\/\/www.uqac.ca\/uqactualites\/#\/schema\/person\/366c45a0c4f0e677b41b4af5886e2018","name":"Service des communications et des relations publiques","image":{"@type":"ImageObject","inLanguage":"fr-CA","@id":"https:\/\/www.uqac.ca\/uqactualites\/#\/schema\/person\/image\/","url":"https:\/\/secure.gravatar.com\/avatar\/20fbbda8a292f59f2d3461a5b999c00b?s=96&d=mm&r=g","contentUrl":"https:\/\/secure.gravatar.com\/avatar\/20fbbda8a292f59f2d3461a5b999c00b?s=96&d=mm&r=g","caption":"Service des communications et des relations publiques"},"url":"https:\/\/www.uqac.ca\/uqactualites\/author\/bap\/"}]}},"_links":{"self":[{"href":"https:\/\/www.uqac.ca\/uqactualites\/wp-json\/wp\/v2\/posts\/47891"}],"collection":[{"href":"https:\/\/www.uqac.ca\/uqactualites\/wp-json\/wp\/v2\/posts"}],"about":[{"href":"https:\/\/www.uqac.ca\/uqactualites\/wp-json\/wp\/v2\/types\/post"}],"author":[{"embeddable":true,"href":"https:\/\/www.uqac.ca\/uqactualites\/wp-json\/wp\/v2\/users\/5"}],"replies":[{"embeddable":true,"href":"https:\/\/www.uqac.ca\/uqactualites\/wp-json\/wp\/v2\/comments?post=47891"}],"version-history":[{"count":8,"href":"https:\/\/www.uqac.ca\/uqactualites\/wp-json\/wp\/v2\/posts\/47891\/revisions"}],"predecessor-version":[{"id":47901,"href":"https:\/\/www.uqac.ca\/uqactualites\/wp-json\/wp\/v2\/posts\/47891\/revisions\/47901"}],"wp:featuredmedia":[{"embeddable":true,"href":"https:\/\/www.uqac.ca\/uqactualites\/wp-json\/wp\/v2\/media\/47897"}],"wp:attachment":[{"href":"https:\/\/www.uqac.ca\/uqactualites\/wp-json\/wp\/v2\/media?parent=47891"}],"wp:term":[{"taxonomy":"category","embeddable":true,"href":"https:\/\/www.uqac.ca\/uqactualites\/wp-json\/wp\/v2\/categories?post=47891"},{"taxonomy":"post_tag","embeddable":true,"href":"https:\/\/www.uqac.ca\/uqactualites\/wp-json\/wp\/v2\/tags?post=47891"}],"curies":[{"name":"wp","href":"https:\/\/api.w.org\/{rel}","templated":true}]}}