{"id":47922,"date":"2024-07-30T13:10:45","date_gmt":"2024-07-30T17:10:45","guid":{"rendered":"https:\/\/www.uqac.ca\/uqactualites\/?p=47922"},"modified":"2024-07-30T13:10:45","modified_gmt":"2024-07-30T17:10:45","slug":"patricia-blanchette-nouvelle-professeure-specialisee-en-pedagogie-des-sciences-de-la-sante","status":"publish","type":"post","link":"https:\/\/www.uqac.ca\/uqactualites\/2024\/07\/30\/patricia-blanchette-nouvelle-professeure-specialisee-en-pedagogie-des-sciences-de-la-sante\/","title":{"rendered":"Patricia Blanchette, nouvelle professeure sp\u00e9cialis\u00e9e en p\u00e9dagogie des sciences de la sant\u00e9"},"content":{"rendered":"<p>Auparavant superviseure, charg\u00e9e de cours et professeure invit\u00e9e \u00e0 l\u2019UQAC, Patricia Blanchette a r\u00e9cemment rejoint le <a href=\"https:\/\/www.uqac.ca\/dss\/\">D\u00e9partement des sciences de la sant\u00e9<\/a> \u00e0 titre de professeure r\u00e9guli\u00e8re. Nous lui souhaitons la bienvenue!<\/p>\n<p>En 2023, la professeure Blanchette a compl\u00e9t\u00e9 un doctorat en recherche en sciences de la sant\u00e9 avec concentration en sciences infirmi\u00e8res \u00e0 l\u2019Universit\u00e9 de Sherbrooke. Son projet doctoral visait \u00e0 \u00abExplorer le processus mis en place dans des programmes professionnalisants en sciences de la sant\u00e9 pour la r\u00e9alisation de l\u2019\u00e9valuation de la performance de stagiaires bas\u00e9e sur des observations rapport\u00e9es\u00bb.<\/p>\n<p>Particuli\u00e8rement int\u00e9ress\u00e9e par la p\u00e9dagogie et par la professionnalisation dans le domaine de la sant\u00e9, Patricia Blanchette a enseign\u00e9 au C\u00e9gep de Chicoutimi pendant plus de dix ans. Au fil de sa carri\u00e8re, elle a aussi supervis\u00e9 des stagiaires dans de nombreux milieux cliniques au CIUSSS Saguenay-Lac-Saint-Jean (SLSJ), et dans ses diff\u00e9rentes installations.<\/p>\n<p>Infirmi\u00e8re depuis 2003, elle a exerc\u00e9 au Centre hospitalier universitaire Vaudois en Suisse et au CIUSSS du SLSJ. Son expertise clinique vari\u00e9e se situe principalement en cardiologie, en chirurgie cardiovasculaire et thoracique ainsi qu\u2019en traumatologie et orthop\u00e9die.<\/p>\n<h4>Portrait de la professeure en bref<\/h4>\n<p><strong>Champs d\u2019int\u00e9r\u00eat et expertises de recherche<\/strong><\/p>\n<ul>\n<li>Supervision clinique<\/li>\n<li>P\u00e9dagogie clinique<\/li>\n<li>\u00c9valuation des apprentissages<\/li>\n<li>Professionnalisation<\/li>\n<\/ul>\n<p><strong>Cours enseign\u00e9s \u00e0 l\u2019UQAC et programmes<\/strong><\/p>\n<ul>\n<li><em><a href=\"https:\/\/programmes.uqac.ca\/ssoi215\" target=\"_blank\" rel=\"noopener\">SSOI215 Examen clinique chez l\u2019adulte<\/a><\/em>\n<ul>\n<li>Baccalaur\u00e9at en sciences infirmi\u00e8res (formations initiale et int\u00e9gr\u00e9e)<\/li>\n<\/ul>\n<\/li>\n<li><em><a href=\"https:\/\/programmes.uqac.ca\/ssoi122\" target=\"_blank\" rel=\"noopener\">SSOI122 Processus de recherche en sciences infirmi\u00e8res<\/a><\/em>\n<ul>\n<li>Baccalaur\u00e9at en sciences infirmi\u00e8res (formations initiale et int\u00e9gr\u00e9e)<\/li>\n<\/ul>\n<\/li>\n<li><em><a href=\"https:\/\/programmes.uqac.ca\/ssoi495\" target=\"_blank\" rel=\"noopener\">SSOI495 D\u00e9marche d\u2019optimisation de la pratique infirmi\u00e8re<\/a><\/em>\n<ul>\n<li>Baccalaur\u00e9at en sciences infirmi\u00e8res (formation int\u00e9gr\u00e9e)<\/li>\n<\/ul>\n<\/li>\n<\/ul>\n<p><a href=\"https:\/\/www.linkedin.com\/in\/patricia-blanchette-a31175255\/\" target=\"_blank\" rel=\"noopener\">Page LinkedIn de la professeure<\/a><\/p>\n","protected":false},"excerpt":{"rendered":"<p>Auparavant superviseure, charg\u00e9e de cours et professeure invit\u00e9e \u00e0 l\u2019UQAC, Patricia Blanchette a r\u00e9cemment rejoint le D\u00e9partement des sciences de la sant\u00e9 \u00e0 titre de professeure r\u00e9guli\u00e8re. Nous lui souhaitons la bienvenue! En 2023, la professeure Blanchette a compl\u00e9t\u00e9 un doctorat en recherche en sciences de la sant\u00e9 avec concentration en sciences infirmi\u00e8res \u00e0 l\u2019Universit\u00e9 [&hellip;]<\/p>\n","protected":false},"author":5,"featured_media":47924,"comment_status":"closed","ping_status":"open","sticky":false,"template":"","format":"standard","meta":{"footnotes":""},"categories":[2846,248],"tags":[2865,23,565,2135],"yoast_head":"<!-- This site is optimized with the Yoast SEO plugin v24.2 - https:\/\/yoast.com\/wordpress\/plugins\/seo\/ -->\r\n<title>Patricia Blanchette, nouvelle professeure sp\u00e9cialis\u00e9e en p\u00e9dagogie des sciences de la sant\u00e9 - UQACtualit\u00e9s<\/title>\r\n<meta name=\"description\" content=\"Patricia Blanchette a r\u00e9cemment rejoint le D\u00e9partement des sciences de la sant\u00e9 \u00e0 titre de professeure r\u00e9guli\u00e8re. Bienvenue!\" \/>\r\n<meta name=\"robots\" content=\"index, follow, max-snippet:-1, max-image-preview:large, max-video-preview:-1\" \/>\r\n<link rel=\"canonical\" href=\"https:\/\/www.uqac.ca\/uqactualites\/2024\/07\/30\/patricia-blanchette-nouvelle-professeure-specialisee-en-pedagogie-des-sciences-de-la-sante\/\" \/>\r\n<meta property=\"og:locale\" content=\"fr_CA\" \/>\r\n<meta property=\"og:type\" content=\"article\" \/>\r\n<meta property=\"og:title\" content=\"Patricia Blanchette, nouvelle professeure sp\u00e9cialis\u00e9e en p\u00e9dagogie des sciences de la sant\u00e9 - UQACtualit\u00e9s\" \/>\r\n<meta property=\"og:description\" content=\"Patricia Blanchette a r\u00e9cemment rejoint le D\u00e9partement des sciences de la sant\u00e9 \u00e0 titre de professeure r\u00e9guli\u00e8re. Bienvenue!\" \/>\r\n<meta property=\"og:url\" content=\"https:\/\/www.uqac.ca\/uqactualites\/2024\/07\/30\/patricia-blanchette-nouvelle-professeure-specialisee-en-pedagogie-des-sciences-de-la-sante\/\" \/>\r\n<meta property=\"og:site_name\" content=\"UQACtualit\u00e9s\" \/>\r\n<meta property=\"article:published_time\" content=\"2024-07-30T17:10:45+00:00\" \/>\r\n<meta property=\"og:image\" content=\"https:\/\/www.uqac.ca\/uqactualites\/wp-content\/uploads\/2024\/07\/Blanchette_P.png\" \/>\r\n\t<meta property=\"og:image:width\" content=\"1920\" \/>\r\n\t<meta property=\"og:image:height\" content=\"1080\" \/>\r\n\t<meta property=\"og:image:type\" content=\"image\/png\" \/>\r\n<meta name=\"author\" content=\"Service des communications et des relations publiques\" \/>\r\n<meta name=\"twitter:card\" content=\"summary_large_image\" \/>\r\n<meta name=\"twitter:label1\" content=\"\u00c9crit par\" \/>\n\t<meta name=\"twitter:data1\" content=\"Service des communications et des relations publiques\" \/>\n\t<meta name=\"twitter:label2\" content=\"Estimation du temps de lecture\" \/>\n\t<meta name=\"twitter:data2\" content=\"2 minutes\" \/>\r\n<script type=\"application\/ld+json\" class=\"yoast-schema-graph\">{\"@context\":\"https:\/\/schema.org\",\"@graph\":[{\"@type\":\"WebPage\",\"@id\":\"https:\/\/www.uqac.ca\/uqactualites\/2024\/07\/30\/patricia-blanchette-nouvelle-professeure-specialisee-en-pedagogie-des-sciences-de-la-sante\/\",\"url\":\"https:\/\/www.uqac.ca\/uqactualites\/2024\/07\/30\/patricia-blanchette-nouvelle-professeure-specialisee-en-pedagogie-des-sciences-de-la-sante\/\",\"name\":\"Patricia Blanchette, nouvelle professeure sp\u00e9cialis\u00e9e en p\u00e9dagogie des sciences de la sant\u00e9 - UQACtualit\u00e9s\",\"isPartOf\":{\"@id\":\"https:\/\/www.uqac.ca\/uqactualites\/#website\"},\"primaryImageOfPage\":{\"@id\":\"https:\/\/www.uqac.ca\/uqactualites\/2024\/07\/30\/patricia-blanchette-nouvelle-professeure-specialisee-en-pedagogie-des-sciences-de-la-sante\/#primaryimage\"},\"image\":{\"@id\":\"https:\/\/www.uqac.ca\/uqactualites\/2024\/07\/30\/patricia-blanchette-nouvelle-professeure-specialisee-en-pedagogie-des-sciences-de-la-sante\/#primaryimage\"},\"thumbnailUrl\":\"https:\/\/www.uqac.ca\/uqactualites\/wp-content\/uploads\/2024\/07\/Blanchette_P.png\",\"datePublished\":\"2024-07-30T17:10:45+00:00\",\"dateModified\":\"2024-07-30T17:10:45+00:00\",\"author\":{\"@id\":\"https:\/\/www.uqac.ca\/uqactualites\/#\/schema\/person\/366c45a0c4f0e677b41b4af5886e2018\"},\"description\":\"Patricia Blanchette a r\u00e9cemment rejoint le D\u00e9partement des sciences de la sant\u00e9 \u00e0 titre de professeure r\u00e9guli\u00e8re. Bienvenue!\",\"breadcrumb\":{\"@id\":\"https:\/\/www.uqac.ca\/uqactualites\/2024\/07\/30\/patricia-blanchette-nouvelle-professeure-specialisee-en-pedagogie-des-sciences-de-la-sante\/#breadcrumb\"},\"inLanguage\":\"fr-CA\",\"potentialAction\":[{\"@type\":\"ReadAction\",\"target\":[\"https:\/\/www.uqac.ca\/uqactualites\/2024\/07\/30\/patricia-blanchette-nouvelle-professeure-specialisee-en-pedagogie-des-sciences-de-la-sante\/\"]}]},{\"@type\":\"ImageObject\",\"inLanguage\":\"fr-CA\",\"@id\":\"https:\/\/www.uqac.ca\/uqactualites\/2024\/07\/30\/patricia-blanchette-nouvelle-professeure-specialisee-en-pedagogie-des-sciences-de-la-sante\/#primaryimage\",\"url\":\"https:\/\/www.uqac.ca\/uqactualites\/wp-content\/uploads\/2024\/07\/Blanchette_P.png\",\"contentUrl\":\"https:\/\/www.uqac.ca\/uqactualites\/wp-content\/uploads\/2024\/07\/Blanchette_P.png\",\"width\":1920,\"height\":1080},{\"@type\":\"BreadcrumbList\",\"@id\":\"https:\/\/www.uqac.ca\/uqactualites\/2024\/07\/30\/patricia-blanchette-nouvelle-professeure-specialisee-en-pedagogie-des-sciences-de-la-sante\/#breadcrumb\",\"itemListElement\":[{\"@type\":\"ListItem\",\"position\":1,\"name\":\"Home\",\"item\":\"https:\/\/www.uqac.ca\/uqactualites\/\"},{\"@type\":\"ListItem\",\"position\":2,\"name\":\"Patricia Blanchette, nouvelle professeure sp\u00e9cialis\u00e9e en p\u00e9dagogie des sciences de la sant\u00e9\"}]},{\"@type\":\"WebSite\",\"@id\":\"https:\/\/www.uqac.ca\/uqactualites\/#website\",\"url\":\"https:\/\/www.uqac.ca\/uqactualites\/\",\"name\":\"UQACtualit\u00e9s\",\"description\":\"Le portail des nouvelles de l&#039;UQAC\",\"potentialAction\":[{\"@type\":\"SearchAction\",\"target\":{\"@type\":\"EntryPoint\",\"urlTemplate\":\"https:\/\/www.uqac.ca\/uqactualites\/?s={search_term_string}\"},\"query-input\":{\"@type\":\"PropertyValueSpecification\",\"valueRequired\":true,\"valueName\":\"search_term_string\"}}],\"inLanguage\":\"fr-CA\"},{\"@type\":\"Person\",\"@id\":\"https:\/\/www.uqac.ca\/uqactualites\/#\/schema\/person\/366c45a0c4f0e677b41b4af5886e2018\",\"name\":\"Service des communications et des relations publiques\",\"image\":{\"@type\":\"ImageObject\",\"inLanguage\":\"fr-CA\",\"@id\":\"https:\/\/www.uqac.ca\/uqactualites\/#\/schema\/person\/image\/\",\"url\":\"https:\/\/secure.gravatar.com\/avatar\/20fbbda8a292f59f2d3461a5b999c00b?s=96&d=mm&r=g\",\"contentUrl\":\"https:\/\/secure.gravatar.com\/avatar\/20fbbda8a292f59f2d3461a5b999c00b?s=96&d=mm&r=g\",\"caption\":\"Service des communications et des relations publiques\"},\"url\":\"https:\/\/www.uqac.ca\/uqactualites\/author\/bap\/\"}]}<\/script>\r\n<!-- \/ Yoast SEO plugin. -->","yoast_head_json":{"title":"Patricia Blanchette, nouvelle professeure sp\u00e9cialis\u00e9e en p\u00e9dagogie des sciences de la sant\u00e9 - UQACtualit\u00e9s","description":"Patricia Blanchette a r\u00e9cemment rejoint le D\u00e9partement des sciences de la sant\u00e9 \u00e0 titre de professeure r\u00e9guli\u00e8re. Bienvenue!","robots":{"index":"index","follow":"follow","max-snippet":"max-snippet:-1","max-image-preview":"max-image-preview:large","max-video-preview":"max-video-preview:-1"},"canonical":"https:\/\/www.uqac.ca\/uqactualites\/2024\/07\/30\/patricia-blanchette-nouvelle-professeure-specialisee-en-pedagogie-des-sciences-de-la-sante\/","og_locale":"fr_CA","og_type":"article","og_title":"Patricia Blanchette, nouvelle professeure sp\u00e9cialis\u00e9e en p\u00e9dagogie des sciences de la sant\u00e9 - UQACtualit\u00e9s","og_description":"Patricia Blanchette a r\u00e9cemment rejoint le D\u00e9partement des sciences de la sant\u00e9 \u00e0 titre de professeure r\u00e9guli\u00e8re. Bienvenue!","og_url":"https:\/\/www.uqac.ca\/uqactualites\/2024\/07\/30\/patricia-blanchette-nouvelle-professeure-specialisee-en-pedagogie-des-sciences-de-la-sante\/","og_site_name":"UQACtualit\u00e9s","article_published_time":"2024-07-30T17:10:45+00:00","og_image":[{"width":1920,"height":1080,"url":"https:\/\/www.uqac.ca\/uqactualites\/wp-content\/uploads\/2024\/07\/Blanchette_P.png","type":"image\/png"}],"author":"Service des communications et des relations publiques","twitter_card":"summary_large_image","twitter_misc":{"\u00c9crit par":"Service des communications et des relations publiques","Estimation du temps de lecture":"2 minutes"},"schema":{"@context":"https:\/\/schema.org","@graph":[{"@type":"WebPage","@id":"https:\/\/www.uqac.ca\/uqactualites\/2024\/07\/30\/patricia-blanchette-nouvelle-professeure-specialisee-en-pedagogie-des-sciences-de-la-sante\/","url":"https:\/\/www.uqac.ca\/uqactualites\/2024\/07\/30\/patricia-blanchette-nouvelle-professeure-specialisee-en-pedagogie-des-sciences-de-la-sante\/","name":"Patricia Blanchette, nouvelle professeure sp\u00e9cialis\u00e9e en p\u00e9dagogie des sciences de la sant\u00e9 - UQACtualit\u00e9s","isPartOf":{"@id":"https:\/\/www.uqac.ca\/uqactualites\/#website"},"primaryImageOfPage":{"@id":"https:\/\/www.uqac.ca\/uqactualites\/2024\/07\/30\/patricia-blanchette-nouvelle-professeure-specialisee-en-pedagogie-des-sciences-de-la-sante\/#primaryimage"},"image":{"@id":"https:\/\/www.uqac.ca\/uqactualites\/2024\/07\/30\/patricia-blanchette-nouvelle-professeure-specialisee-en-pedagogie-des-sciences-de-la-sante\/#primaryimage"},"thumbnailUrl":"https:\/\/www.uqac.ca\/uqactualites\/wp-content\/uploads\/2024\/07\/Blanchette_P.png","datePublished":"2024-07-30T17:10:45+00:00","dateModified":"2024-07-30T17:10:45+00:00","author":{"@id":"https:\/\/www.uqac.ca\/uqactualites\/#\/schema\/person\/366c45a0c4f0e677b41b4af5886e2018"},"description":"Patricia Blanchette a r\u00e9cemment rejoint le D\u00e9partement des sciences de la sant\u00e9 \u00e0 titre de professeure r\u00e9guli\u00e8re. Bienvenue!","breadcrumb":{"@id":"https:\/\/www.uqac.ca\/uqactualites\/2024\/07\/30\/patricia-blanchette-nouvelle-professeure-specialisee-en-pedagogie-des-sciences-de-la-sante\/#breadcrumb"},"inLanguage":"fr-CA","potentialAction":[{"@type":"ReadAction","target":["https:\/\/www.uqac.ca\/uqactualites\/2024\/07\/30\/patricia-blanchette-nouvelle-professeure-specialisee-en-pedagogie-des-sciences-de-la-sante\/"]}]},{"@type":"ImageObject","inLanguage":"fr-CA","@id":"https:\/\/www.uqac.ca\/uqactualites\/2024\/07\/30\/patricia-blanchette-nouvelle-professeure-specialisee-en-pedagogie-des-sciences-de-la-sante\/#primaryimage","url":"https:\/\/www.uqac.ca\/uqactualites\/wp-content\/uploads\/2024\/07\/Blanchette_P.png","contentUrl":"https:\/\/www.uqac.ca\/uqactualites\/wp-content\/uploads\/2024\/07\/Blanchette_P.png","width":1920,"height":1080},{"@type":"BreadcrumbList","@id":"https:\/\/www.uqac.ca\/uqactualites\/2024\/07\/30\/patricia-blanchette-nouvelle-professeure-specialisee-en-pedagogie-des-sciences-de-la-sante\/#breadcrumb","itemListElement":[{"@type":"ListItem","position":1,"name":"Home","item":"https:\/\/www.uqac.ca\/uqactualites\/"},{"@type":"ListItem","position":2,"name":"Patricia Blanchette, nouvelle professeure sp\u00e9cialis\u00e9e en p\u00e9dagogie des sciences de la sant\u00e9"}]},{"@type":"WebSite","@id":"https:\/\/www.uqac.ca\/uqactualites\/#website","url":"https:\/\/www.uqac.ca\/uqactualites\/","name":"UQACtualit\u00e9s","description":"Le portail des nouvelles de l&#039;UQAC","potentialAction":[{"@type":"SearchAction","target":{"@type":"EntryPoint","urlTemplate":"https:\/\/www.uqac.ca\/uqactualites\/?s={search_term_string}"},"query-input":{"@type":"PropertyValueSpecification","valueRequired":true,"valueName":"search_term_string"}}],"inLanguage":"fr-CA"},{"@type":"Person","@id":"https:\/\/www.uqac.ca\/uqactualites\/#\/schema\/person\/366c45a0c4f0e677b41b4af5886e2018","name":"Service des communications et des relations publiques","image":{"@type":"ImageObject","inLanguage":"fr-CA","@id":"https:\/\/www.uqac.ca\/uqactualites\/#\/schema\/person\/image\/","url":"https:\/\/secure.gravatar.com\/avatar\/20fbbda8a292f59f2d3461a5b999c00b?s=96&d=mm&r=g","contentUrl":"https:\/\/secure.gravatar.com\/avatar\/20fbbda8a292f59f2d3461a5b999c00b?s=96&d=mm&r=g","caption":"Service des communications et des relations publiques"},"url":"https:\/\/www.uqac.ca\/uqactualites\/author\/bap\/"}]}},"_links":{"self":[{"href":"https:\/\/www.uqac.ca\/uqactualites\/wp-json\/wp\/v2\/posts\/47922"}],"collection":[{"href":"https:\/\/www.uqac.ca\/uqactualites\/wp-json\/wp\/v2\/posts"}],"about":[{"href":"https:\/\/www.uqac.ca\/uqactualites\/wp-json\/wp\/v2\/types\/post"}],"author":[{"embeddable":true,"href":"https:\/\/www.uqac.ca\/uqactualites\/wp-json\/wp\/v2\/users\/5"}],"replies":[{"embeddable":true,"href":"https:\/\/www.uqac.ca\/uqactualites\/wp-json\/wp\/v2\/comments?post=47922"}],"version-history":[{"count":4,"href":"https:\/\/www.uqac.ca\/uqactualites\/wp-json\/wp\/v2\/posts\/47922\/revisions"}],"predecessor-version":[{"id":47969,"href":"https:\/\/www.uqac.ca\/uqactualites\/wp-json\/wp\/v2\/posts\/47922\/revisions\/47969"}],"wp:featuredmedia":[{"embeddable":true,"href":"https:\/\/www.uqac.ca\/uqactualites\/wp-json\/wp\/v2\/media\/47924"}],"wp:attachment":[{"href":"https:\/\/www.uqac.ca\/uqactualites\/wp-json\/wp\/v2\/media?parent=47922"}],"wp:term":[{"taxonomy":"category","embeddable":true,"href":"https:\/\/www.uqac.ca\/uqactualites\/wp-json\/wp\/v2\/categories?post=47922"},{"taxonomy":"post_tag","embeddable":true,"href":"https:\/\/www.uqac.ca\/uqactualites\/wp-json\/wp\/v2\/tags?post=47922"}],"curies":[{"name":"wp","href":"https:\/\/api.w.org\/{rel}","templated":true}]}}