{"id":48512,"date":"2024-08-26T15:10:50","date_gmt":"2024-08-26T19:10:50","guid":{"rendered":"https:\/\/www.uqac.ca\/uqactualites\/?p=48512"},"modified":"2024-08-28T15:04:49","modified_gmt":"2024-08-28T19:04:49","slug":"coup-denvoi-de-la-rentree-2024-pour-la-communaute-universitaire-de-luqac","status":"publish","type":"post","link":"https:\/\/www.uqac.ca\/uqactualites\/2024\/08\/26\/coup-denvoi-de-la-rentree-2024-pour-la-communaute-universitaire-de-luqac\/","title":{"rendered":"Coup d\u2019envoi de la Rentr\u00e9e 2024 pour la communaut\u00e9 universitaire de l\u2019UQAC!"},"content":{"rendered":"<p>La premi\u00e8re semaine de classe prend des airs de festivit\u00e9s sur les diff\u00e9rents campus de l\u2019Universit\u00e9 du Qu\u00e9bec \u00e0 Chicoutimi afin d\u2019y accueillir quelque 6 500 \u00e9tudiantes et \u00e9tudiants attendus au trimestre d\u2019automne\u00a02024. Les activit\u00e9s ont d\u00e9but\u00e9 dans une ambiance festive ce lundi 26 ao\u00fbt sous le th\u00e8me de la <a href=\"http:\/\/www.uqac.ca\/larentree\" target=\"_blank\" rel=\"noopener\">Rentr\u00e9e verte<\/a> afin de souligner l\u2019engagement environnemental et la fiert\u00e9 de faire partie de la communaut\u00e9 de l\u2019UQAC.<\/p>\n<p>La communaut\u00e9 \u00e9tudiante du campus principal de Saguenay est attendue sur l\u2019Esplanade toute la semaine avec une programmation vari\u00e9e, notamment un spectacle pr\u00e9sent\u00e9 par le <a href=\"https:\/\/nikanite.uqac.ca\/\" target=\"_blank\" rel=\"noopener\">Centre des Premi\u00e8res Nations Nikanite<\/a>, une projection de courts m\u00e9trages pr\u00e9sent\u00e9e par Regard, des d\u00eeners th\u00e9matiques, la Foire de la rentr\u00e9e pour d\u00e9couvrir les services et les organismes \u00e9tudiants de l\u2019UQAC et une journ\u00e9e interculturelle. La chanteuse originaire de la r\u00e9gion Sarah Dufour assurera le <a href=\"https:\/\/www.uqac.ca\/larentree\/28-aout\/\" target=\"_blank\" rel=\"noopener\">spectacle de la Rentr\u00e9e<\/a> le mercredi 28 ao\u00fbt \u00e0 la Zone portuaire de Chicoutimi sur la nouvelle sc\u00e8ne UQAC\u2013Le Quotidien.<\/p>\n<p>Tout au long de la semaine, les \u00e9tudiantes et \u00e9tudiants pourront r\u00e9cup\u00e9rer les essentiels pour bien d\u00e9buter leur trimestre au centre social. Transform\u00e9 en Station Services par les Services aux \u00e9tudiants, c\u2019est l\u2019endroit id\u00e9al pour trouver tout ce qu\u2019il faut pour amorcer ses \u00e9tudes universitaires du bon pied : vie \u00e9tudiante, info-logement, clinique de connexion aux plateformes num\u00e9riques de l\u2019UQAC, bourses et aide financi\u00e8re, sant\u00e9 et assurances, ateliers de groupe et plus encore!<\/p>\n<p>Les campus de Montr\u00e9al (<a href=\"https:\/\/www.nad.ca\/fr\" target=\"_blank\" rel=\"noopener\">\u00c9cole NAD<\/a>) et de <a href=\"https:\/\/www.uqac.ca\/sept-iles\/\" target=\"_blank\" rel=\"noopener\">Sept-\u00celes<\/a> s\u2019animent \u00e9galement sous le rythme de la Rentr\u00e9e verte avec une programmation vari\u00e9e.<\/p>\n<p>D\u00e9couvrez la programmation compl\u00e8te de la Rentr\u00e9e verte ici : <a href=\"https:\/\/www.uqac.ca\/larentree\/\" target=\"_blank\" rel=\"noopener\">uqac.ca\/larentree<\/a><\/p>\n<p>Bonne rentr\u00e9e \u00e0 toute la communaut\u00e9 universitaire\u00a0!<\/p>\n","protected":false},"excerpt":{"rendered":"<p>La premi\u00e8re semaine de classe prend des airs de festivit\u00e9s sur les diff\u00e9rents campus de l\u2019Universit\u00e9 du Qu\u00e9bec \u00e0 Chicoutimi afin d\u2019y accueillir quelque 6 500 \u00e9tudiantes et \u00e9tudiants attendus au trimestre d\u2019automne\u00a02024. Les activit\u00e9s ont d\u00e9but\u00e9 dans une ambiance festive ce lundi 26 ao\u00fbt sous le th\u00e8me de la Rentr\u00e9e verte afin de souligner [&hellip;]<\/p>\n","protected":false},"author":5,"featured_media":48514,"comment_status":"closed","ping_status":"open","sticky":false,"template":"","format":"standard","meta":{"footnotes":""},"categories":[2795,2,61],"tags":[538],"yoast_head":"<!-- This site is optimized with the Yoast SEO plugin v24.2 - https:\/\/yoast.com\/wordpress\/plugins\/seo\/ -->\r\n<title>Coup d\u2019envoi de la Rentr\u00e9e 2024 pour la communaut\u00e9 universitaire de l\u2019UQAC! - UQACtualit\u00e9s<\/title>\r\n<meta name=\"description\" content=\"La premi\u00e8re semaine de classe prend des airs de festivit\u00e9s sur les diff\u00e9rents campus de l\u2019UQAC afin d\u2019y accueillir quelque 6 500 \u00e9tudiantes et \u00e9tudiants attendus au trimestre d\u2019automne\u00a02024.\" \/>\r\n<meta name=\"robots\" content=\"index, follow, max-snippet:-1, max-image-preview:large, max-video-preview:-1\" \/>\r\n<link rel=\"canonical\" href=\"https:\/\/www.uqac.ca\/uqactualites\/2024\/08\/26\/coup-denvoi-de-la-rentree-2024-pour-la-communaute-universitaire-de-luqac\/\" \/>\r\n<meta property=\"og:locale\" content=\"fr_CA\" \/>\r\n<meta property=\"og:type\" content=\"article\" \/>\r\n<meta property=\"og:title\" content=\"Coup d\u2019envoi de la Rentr\u00e9e 2024 pour la communaut\u00e9 universitaire de l\u2019UQAC! - UQACtualit\u00e9s\" \/>\r\n<meta property=\"og:description\" content=\"La premi\u00e8re semaine de classe prend des airs de festivit\u00e9s sur les diff\u00e9rents campus de l\u2019UQAC afin d\u2019y accueillir quelque 6 500 \u00e9tudiantes et \u00e9tudiants attendus au trimestre d\u2019automne\u00a02024.\" \/>\r\n<meta property=\"og:url\" content=\"https:\/\/www.uqac.ca\/uqactualites\/2024\/08\/26\/coup-denvoi-de-la-rentree-2024-pour-la-communaute-universitaire-de-luqac\/\" \/>\r\n<meta property=\"og:site_name\" content=\"UQACtualit\u00e9s\" \/>\r\n<meta property=\"article:published_time\" content=\"2024-08-26T19:10:50+00:00\" \/>\r\n<meta property=\"article:modified_time\" content=\"2024-08-28T19:04:49+00:00\" \/>\r\n<meta property=\"og:image\" content=\"https:\/\/www.uqac.ca\/uqactualites\/wp-content\/uploads\/2024\/08\/rentree-2608-mduhaime-a24-0-15.jpg\" \/>\r\n\t<meta property=\"og:image:width\" content=\"1200\" \/>\r\n\t<meta property=\"og:image:height\" content=\"673\" \/>\r\n\t<meta property=\"og:image:type\" content=\"image\/jpeg\" \/>\r\n<meta name=\"author\" content=\"Service des communications et des relations publiques\" \/>\r\n<meta name=\"twitter:card\" content=\"summary_large_image\" \/>\r\n<meta name=\"twitter:label1\" content=\"\u00c9crit par\" \/>\n\t<meta name=\"twitter:data1\" content=\"Service des communications et des relations publiques\" \/>\n\t<meta name=\"twitter:label2\" content=\"Estimation du temps de lecture\" \/>\n\t<meta name=\"twitter:data2\" content=\"2 minutes\" \/>\r\n<script type=\"application\/ld+json\" class=\"yoast-schema-graph\">{\"@context\":\"https:\/\/schema.org\",\"@graph\":[{\"@type\":\"WebPage\",\"@id\":\"https:\/\/www.uqac.ca\/uqactualites\/2024\/08\/26\/coup-denvoi-de-la-rentree-2024-pour-la-communaute-universitaire-de-luqac\/\",\"url\":\"https:\/\/www.uqac.ca\/uqactualites\/2024\/08\/26\/coup-denvoi-de-la-rentree-2024-pour-la-communaute-universitaire-de-luqac\/\",\"name\":\"Coup d\u2019envoi de la Rentr\u00e9e 2024 pour la communaut\u00e9 universitaire de l\u2019UQAC! - UQACtualit\u00e9s\",\"isPartOf\":{\"@id\":\"https:\/\/www.uqac.ca\/uqactualites\/#website\"},\"primaryImageOfPage\":{\"@id\":\"https:\/\/www.uqac.ca\/uqactualites\/2024\/08\/26\/coup-denvoi-de-la-rentree-2024-pour-la-communaute-universitaire-de-luqac\/#primaryimage\"},\"image\":{\"@id\":\"https:\/\/www.uqac.ca\/uqactualites\/2024\/08\/26\/coup-denvoi-de-la-rentree-2024-pour-la-communaute-universitaire-de-luqac\/#primaryimage\"},\"thumbnailUrl\":\"https:\/\/www.uqac.ca\/uqactualites\/wp-content\/uploads\/2024\/08\/rentree-2608-mduhaime-a24-0-15.jpg\",\"datePublished\":\"2024-08-26T19:10:50+00:00\",\"dateModified\":\"2024-08-28T19:04:49+00:00\",\"author\":{\"@id\":\"https:\/\/www.uqac.ca\/uqactualites\/#\/schema\/person\/366c45a0c4f0e677b41b4af5886e2018\"},\"description\":\"La premi\u00e8re semaine de classe prend des airs de festivit\u00e9s sur les diff\u00e9rents campus de l\u2019UQAC afin d\u2019y accueillir quelque 6 500 \u00e9tudiantes et \u00e9tudiants attendus au trimestre d\u2019automne\u00a02024.\",\"breadcrumb\":{\"@id\":\"https:\/\/www.uqac.ca\/uqactualites\/2024\/08\/26\/coup-denvoi-de-la-rentree-2024-pour-la-communaute-universitaire-de-luqac\/#breadcrumb\"},\"inLanguage\":\"fr-CA\",\"potentialAction\":[{\"@type\":\"ReadAction\",\"target\":[\"https:\/\/www.uqac.ca\/uqactualites\/2024\/08\/26\/coup-denvoi-de-la-rentree-2024-pour-la-communaute-universitaire-de-luqac\/\"]}]},{\"@type\":\"ImageObject\",\"inLanguage\":\"fr-CA\",\"@id\":\"https:\/\/www.uqac.ca\/uqactualites\/2024\/08\/26\/coup-denvoi-de-la-rentree-2024-pour-la-communaute-universitaire-de-luqac\/#primaryimage\",\"url\":\"https:\/\/www.uqac.ca\/uqactualites\/wp-content\/uploads\/2024\/08\/rentree-2608-mduhaime-a24-0-15.jpg\",\"contentUrl\":\"https:\/\/www.uqac.ca\/uqactualites\/wp-content\/uploads\/2024\/08\/rentree-2608-mduhaime-a24-0-15.jpg\",\"width\":1200,\"height\":673},{\"@type\":\"BreadcrumbList\",\"@id\":\"https:\/\/www.uqac.ca\/uqactualites\/2024\/08\/26\/coup-denvoi-de-la-rentree-2024-pour-la-communaute-universitaire-de-luqac\/#breadcrumb\",\"itemListElement\":[{\"@type\":\"ListItem\",\"position\":1,\"name\":\"Home\",\"item\":\"https:\/\/www.uqac.ca\/uqactualites\/\"},{\"@type\":\"ListItem\",\"position\":2,\"name\":\"Coup d\u2019envoi de la Rentr\u00e9e 2024 pour la communaut\u00e9 universitaire de l\u2019UQAC!\"}]},{\"@type\":\"WebSite\",\"@id\":\"https:\/\/www.uqac.ca\/uqactualites\/#website\",\"url\":\"https:\/\/www.uqac.ca\/uqactualites\/\",\"name\":\"UQACtualit\u00e9s\",\"description\":\"Le portail des nouvelles de l&#039;UQAC\",\"potentialAction\":[{\"@type\":\"SearchAction\",\"target\":{\"@type\":\"EntryPoint\",\"urlTemplate\":\"https:\/\/www.uqac.ca\/uqactualites\/?s={search_term_string}\"},\"query-input\":{\"@type\":\"PropertyValueSpecification\",\"valueRequired\":true,\"valueName\":\"search_term_string\"}}],\"inLanguage\":\"fr-CA\"},{\"@type\":\"Person\",\"@id\":\"https:\/\/www.uqac.ca\/uqactualites\/#\/schema\/person\/366c45a0c4f0e677b41b4af5886e2018\",\"name\":\"Service des communications et des relations publiques\",\"image\":{\"@type\":\"ImageObject\",\"inLanguage\":\"fr-CA\",\"@id\":\"https:\/\/www.uqac.ca\/uqactualites\/#\/schema\/person\/image\/\",\"url\":\"https:\/\/secure.gravatar.com\/avatar\/20fbbda8a292f59f2d3461a5b999c00b?s=96&d=mm&r=g\",\"contentUrl\":\"https:\/\/secure.gravatar.com\/avatar\/20fbbda8a292f59f2d3461a5b999c00b?s=96&d=mm&r=g\",\"caption\":\"Service des communications et des relations publiques\"},\"url\":\"https:\/\/www.uqac.ca\/uqactualites\/author\/bap\/\"}]}<\/script>\r\n<!-- \/ Yoast SEO plugin. -->","yoast_head_json":{"title":"Coup d\u2019envoi de la Rentr\u00e9e 2024 pour la communaut\u00e9 universitaire de l\u2019UQAC! - UQACtualit\u00e9s","description":"La premi\u00e8re semaine de classe prend des airs de festivit\u00e9s sur les diff\u00e9rents campus de l\u2019UQAC afin d\u2019y accueillir quelque 6 500 \u00e9tudiantes et \u00e9tudiants attendus au trimestre d\u2019automne\u00a02024.","robots":{"index":"index","follow":"follow","max-snippet":"max-snippet:-1","max-image-preview":"max-image-preview:large","max-video-preview":"max-video-preview:-1"},"canonical":"https:\/\/www.uqac.ca\/uqactualites\/2024\/08\/26\/coup-denvoi-de-la-rentree-2024-pour-la-communaute-universitaire-de-luqac\/","og_locale":"fr_CA","og_type":"article","og_title":"Coup d\u2019envoi de la Rentr\u00e9e 2024 pour la communaut\u00e9 universitaire de l\u2019UQAC! - UQACtualit\u00e9s","og_description":"La premi\u00e8re semaine de classe prend des airs de festivit\u00e9s sur les diff\u00e9rents campus de l\u2019UQAC afin d\u2019y accueillir quelque 6 500 \u00e9tudiantes et \u00e9tudiants attendus au trimestre d\u2019automne\u00a02024.","og_url":"https:\/\/www.uqac.ca\/uqactualites\/2024\/08\/26\/coup-denvoi-de-la-rentree-2024-pour-la-communaute-universitaire-de-luqac\/","og_site_name":"UQACtualit\u00e9s","article_published_time":"2024-08-26T19:10:50+00:00","article_modified_time":"2024-08-28T19:04:49+00:00","og_image":[{"width":1200,"height":673,"url":"https:\/\/www.uqac.ca\/uqactualites\/wp-content\/uploads\/2024\/08\/rentree-2608-mduhaime-a24-0-15.jpg","type":"image\/jpeg"}],"author":"Service des communications et des relations publiques","twitter_card":"summary_large_image","twitter_misc":{"\u00c9crit par":"Service des communications et des relations publiques","Estimation du temps de lecture":"2 minutes"},"schema":{"@context":"https:\/\/schema.org","@graph":[{"@type":"WebPage","@id":"https:\/\/www.uqac.ca\/uqactualites\/2024\/08\/26\/coup-denvoi-de-la-rentree-2024-pour-la-communaute-universitaire-de-luqac\/","url":"https:\/\/www.uqac.ca\/uqactualites\/2024\/08\/26\/coup-denvoi-de-la-rentree-2024-pour-la-communaute-universitaire-de-luqac\/","name":"Coup d\u2019envoi de la Rentr\u00e9e 2024 pour la communaut\u00e9 universitaire de l\u2019UQAC! - UQACtualit\u00e9s","isPartOf":{"@id":"https:\/\/www.uqac.ca\/uqactualites\/#website"},"primaryImageOfPage":{"@id":"https:\/\/www.uqac.ca\/uqactualites\/2024\/08\/26\/coup-denvoi-de-la-rentree-2024-pour-la-communaute-universitaire-de-luqac\/#primaryimage"},"image":{"@id":"https:\/\/www.uqac.ca\/uqactualites\/2024\/08\/26\/coup-denvoi-de-la-rentree-2024-pour-la-communaute-universitaire-de-luqac\/#primaryimage"},"thumbnailUrl":"https:\/\/www.uqac.ca\/uqactualites\/wp-content\/uploads\/2024\/08\/rentree-2608-mduhaime-a24-0-15.jpg","datePublished":"2024-08-26T19:10:50+00:00","dateModified":"2024-08-28T19:04:49+00:00","author":{"@id":"https:\/\/www.uqac.ca\/uqactualites\/#\/schema\/person\/366c45a0c4f0e677b41b4af5886e2018"},"description":"La premi\u00e8re semaine de classe prend des airs de festivit\u00e9s sur les diff\u00e9rents campus de l\u2019UQAC afin d\u2019y accueillir quelque 6 500 \u00e9tudiantes et \u00e9tudiants attendus au trimestre d\u2019automne\u00a02024.","breadcrumb":{"@id":"https:\/\/www.uqac.ca\/uqactualites\/2024\/08\/26\/coup-denvoi-de-la-rentree-2024-pour-la-communaute-universitaire-de-luqac\/#breadcrumb"},"inLanguage":"fr-CA","potentialAction":[{"@type":"ReadAction","target":["https:\/\/www.uqac.ca\/uqactualites\/2024\/08\/26\/coup-denvoi-de-la-rentree-2024-pour-la-communaute-universitaire-de-luqac\/"]}]},{"@type":"ImageObject","inLanguage":"fr-CA","@id":"https:\/\/www.uqac.ca\/uqactualites\/2024\/08\/26\/coup-denvoi-de-la-rentree-2024-pour-la-communaute-universitaire-de-luqac\/#primaryimage","url":"https:\/\/www.uqac.ca\/uqactualites\/wp-content\/uploads\/2024\/08\/rentree-2608-mduhaime-a24-0-15.jpg","contentUrl":"https:\/\/www.uqac.ca\/uqactualites\/wp-content\/uploads\/2024\/08\/rentree-2608-mduhaime-a24-0-15.jpg","width":1200,"height":673},{"@type":"BreadcrumbList","@id":"https:\/\/www.uqac.ca\/uqactualites\/2024\/08\/26\/coup-denvoi-de-la-rentree-2024-pour-la-communaute-universitaire-de-luqac\/#breadcrumb","itemListElement":[{"@type":"ListItem","position":1,"name":"Home","item":"https:\/\/www.uqac.ca\/uqactualites\/"},{"@type":"ListItem","position":2,"name":"Coup d\u2019envoi de la Rentr\u00e9e 2024 pour la communaut\u00e9 universitaire de l\u2019UQAC!"}]},{"@type":"WebSite","@id":"https:\/\/www.uqac.ca\/uqactualites\/#website","url":"https:\/\/www.uqac.ca\/uqactualites\/","name":"UQACtualit\u00e9s","description":"Le portail des nouvelles de l&#039;UQAC","potentialAction":[{"@type":"SearchAction","target":{"@type":"EntryPoint","urlTemplate":"https:\/\/www.uqac.ca\/uqactualites\/?s={search_term_string}"},"query-input":{"@type":"PropertyValueSpecification","valueRequired":true,"valueName":"search_term_string"}}],"inLanguage":"fr-CA"},{"@type":"Person","@id":"https:\/\/www.uqac.ca\/uqactualites\/#\/schema\/person\/366c45a0c4f0e677b41b4af5886e2018","name":"Service des communications et des relations publiques","image":{"@type":"ImageObject","inLanguage":"fr-CA","@id":"https:\/\/www.uqac.ca\/uqactualites\/#\/schema\/person\/image\/","url":"https:\/\/secure.gravatar.com\/avatar\/20fbbda8a292f59f2d3461a5b999c00b?s=96&d=mm&r=g","contentUrl":"https:\/\/secure.gravatar.com\/avatar\/20fbbda8a292f59f2d3461a5b999c00b?s=96&d=mm&r=g","caption":"Service des communications et des relations publiques"},"url":"https:\/\/www.uqac.ca\/uqactualites\/author\/bap\/"}]}},"_links":{"self":[{"href":"https:\/\/www.uqac.ca\/uqactualites\/wp-json\/wp\/v2\/posts\/48512"}],"collection":[{"href":"https:\/\/www.uqac.ca\/uqactualites\/wp-json\/wp\/v2\/posts"}],"about":[{"href":"https:\/\/www.uqac.ca\/uqactualites\/wp-json\/wp\/v2\/types\/post"}],"author":[{"embeddable":true,"href":"https:\/\/www.uqac.ca\/uqactualites\/wp-json\/wp\/v2\/users\/5"}],"replies":[{"embeddable":true,"href":"https:\/\/www.uqac.ca\/uqactualites\/wp-json\/wp\/v2\/comments?post=48512"}],"version-history":[{"count":1,"href":"https:\/\/www.uqac.ca\/uqactualites\/wp-json\/wp\/v2\/posts\/48512\/revisions"}],"predecessor-version":[{"id":48513,"href":"https:\/\/www.uqac.ca\/uqactualites\/wp-json\/wp\/v2\/posts\/48512\/revisions\/48513"}],"wp:featuredmedia":[{"embeddable":true,"href":"https:\/\/www.uqac.ca\/uqactualites\/wp-json\/wp\/v2\/media\/48514"}],"wp:attachment":[{"href":"https:\/\/www.uqac.ca\/uqactualites\/wp-json\/wp\/v2\/media?parent=48512"}],"wp:term":[{"taxonomy":"category","embeddable":true,"href":"https:\/\/www.uqac.ca\/uqactualites\/wp-json\/wp\/v2\/categories?post=48512"},{"taxonomy":"post_tag","embeddable":true,"href":"https:\/\/www.uqac.ca\/uqactualites\/wp-json\/wp\/v2\/tags?post=48512"}],"curies":[{"name":"wp","href":"https:\/\/api.w.org\/{rel}","templated":true}]}}