{"id":48600,"date":"2024-10-02T14:57:26","date_gmt":"2024-10-02T18:57:26","guid":{"rendered":"https:\/\/www.uqac.ca\/uqactualites\/?p=48600"},"modified":"2025-07-09T13:22:06","modified_gmt":"2025-07-09T17:22:06","slug":"abdoulaye-guisse-le-mentorat","status":"publish","type":"post","link":"https:\/\/www.uqac.ca\/uqactualites\/2024\/10\/02\/abdoulaye-guisse-le-mentorat\/","title":{"rendered":"Abdoulaye Guisse : le mentorat"},"content":{"rendered":"<p>\u00c9tudiant \u00e0 la <a href=\"https:\/\/www.uqac.ca\/programme\/3755-maitrise-en-gestion-des-organisations\/\">ma\u00eetrise en gestion des organisations (volet recherche)<\/a>, Abdoulaye Guisse se consacre \u00e0 l&rsquo;analyse de la gestion de la diversit\u00e9 culturelle au sein des organisations du Saguenay\u2013Lac-Saint-Jean. Son m\u00e9moire explore les pratiques actuelles et cherche \u00e0 identifier des strat\u00e9gies am\u00e9lior\u00e9es pour favoriser un environnement de travail inclusif. Cette recherche s&rsquo;inscrit dans un contexte de globalisation croissante, soulignant l&rsquo;importance cruciale de la diversit\u00e9 dans le d\u00e9veloppement organisationnel.<\/p>\n<p>Sa motivation \u00e0 s&rsquo;impliquer \u00e0 l&rsquo;UQAC, <span data-teams=\"true\"><span class=\"ui-provider a b c d e f g h i j k l m n o p q r s t u v w x y z ab ac ae af ag ah ai aj ak\" dir=\"ltr\">notamment dans le programme de mentorat,<\/span><\/span> est double : d&rsquo;abord, contribuer \u00e0 la communaut\u00e9 universitaire enrichit son exp\u00e9rience \u00e9ducative, ensuite, cela lui permet de d\u00e9velopper un r\u00e9seau professionnel solide. Pour Abdoulaye, \u00eatre actif dans diverses initiatives \u00e9tudiantes est essentiel pour son \u00e9panouissement personnel et acad\u00e9mique.<\/p>\n<p>Il parvient \u00e0 concilier ses \u00e9tudes et ses activit\u00e9s \u00e0 l&rsquo;UQAC gr\u00e2ce \u00e0 une gestion rigoureuse du temps et \u00e0 une organisation pr\u00e9cise. La priorit\u00e9 accord\u00e9e \u00e0 ses responsabilit\u00e9s et l\u2019utilisation efficace des ressources disponibles \u00e0 l&rsquo;universit\u00e9, comme les ateliers d\u2019aide \u00e0 la planification et \u00e0 l\u2019organisation du trimestre offerts par les <a href=\"http:\/\/sae.uqac.ca\">Services aux \u00e9tudiants<\/a>, sont des \u00e9l\u00e9ments cl\u00e9s de son succ\u00e8s.<\/p>\n<p>Ce qu\u2019Abdoulaye appr\u00e9cie le plus \u00e0 l&rsquo;UQAC est l&rsquo;atmosph\u00e8re communautaire et le soutien constant des membres du personnel, des professeurs et de ses pairs. L&rsquo;engagement de tous dans la r\u00e9ussite et le bien-\u00eatre des \u00e9tudiantes et \u00e9tudiants cr\u00e9e un environnement propice \u00e0 l&rsquo;apprentissage et \u00e0 l&rsquo;\u00e9panouissement personnel.<\/p>\n<p>Il a choisi l&rsquo;UQAC pour son programme distinctif en gestion des organisations et pour son approche pratique et ax\u00e9e sur la recherche. La r\u00e9putation de l&rsquo;universit\u00e9 en mati\u00e8re de soutien aux \u00e9tudiants internationaux et la qualit\u00e9 de vie \u00e0 Saguenay ont \u00e9galement jou\u00e9 un r\u00f4le crucial dans sa d\u00e9cision.<\/p>\n<p>Ce qui le passionne le plus dans le domaine de la gestion des organisations est la capacit\u00e9 d&rsquo;analyser et d&rsquo;am\u00e9liorer les dynamiques internes des entreprises. Sp\u00e9cifiquement, l&rsquo;impact de la diversit\u00e9 culturelle sur l&rsquo;innovation et la performance organisationnelle suscite un int\u00e9r\u00eat profond et constant chez lui.<\/p>\n<p>Pour Abdoulaye, le meilleur conseil \u00e0 donner \u00e0 une \u00e9tudiante ou un \u00e9tudiant de l\u2019UQAC qui h\u00e9siterait \u00e0 s\u2019impliquer ou s\u2019engager dans un projet sur le campus est de saisir chaque opportunit\u00e9 d&rsquo;engagement comme une chance d&rsquo;enrichir son parcours universitaire. S&rsquo;impliquer permet de d\u00e9velopper des comp\u00e9tences cl\u00e9s, de tisser des liens pr\u00e9cieux et d&rsquo;approfondir son exp\u00e9rience \u00e9tudiante. Chaque projet est une porte ouverte vers de nouvelles perspectives.<\/p>\n","protected":false},"excerpt":{"rendered":"<p>\u00c9tudiant \u00e0 la ma\u00eetrise en gestion des organisations (volet recherche), Abdoulaye Guisse se consacre \u00e0 l&rsquo;analyse de la gestion de la diversit\u00e9 culturelle au sein des organisations du Saguenay\u2013Lac-Saint-Jean. Son m\u00e9moire explore les pratiques actuelles et cherche \u00e0 identifier des strat\u00e9gies am\u00e9lior\u00e9es pour favoriser un environnement de travail inclusif. Cette recherche s&rsquo;inscrit dans un contexte [&hellip;]<\/p>\n","protected":false},"author":5,"featured_media":48601,"comment_status":"closed","ping_status":"open","sticky":false,"template":"","format":"standard","meta":{"footnotes":""},"categories":[2844],"tags":[2977,2810],"yoast_head":"<!-- This site is optimized with the Yoast SEO plugin v24.2 - https:\/\/yoast.com\/wordpress\/plugins\/seo\/ -->\r\n<title>Abdoulaye Guisse : le mentorat - UQACtualit\u00e9s<\/title>\r\n<meta name=\"robots\" content=\"index, follow, max-snippet:-1, max-image-preview:large, max-video-preview:-1\" \/>\r\n<link rel=\"canonical\" href=\"https:\/\/www.uqac.ca\/uqactualites\/2024\/10\/02\/abdoulaye-guisse-le-mentorat\/\" \/>\r\n<meta property=\"og:locale\" content=\"fr_CA\" \/>\r\n<meta property=\"og:type\" content=\"article\" \/>\r\n<meta property=\"og:title\" content=\"Abdoulaye Guisse : le mentorat - UQACtualit\u00e9s\" \/>\r\n<meta property=\"og:description\" content=\"\u00c9tudiant \u00e0 la ma\u00eetrise en gestion des organisations (volet recherche), Abdoulaye Guisse se consacre \u00e0 l&rsquo;analyse de la gestion de la diversit\u00e9 culturelle au sein des organisations du Saguenay\u2013Lac-Saint-Jean. Son m\u00e9moire explore les pratiques actuelles et cherche \u00e0 identifier des strat\u00e9gies am\u00e9lior\u00e9es pour favoriser un environnement de travail inclusif. Cette recherche s&rsquo;inscrit dans un contexte [&hellip;]\" \/>\r\n<meta property=\"og:url\" content=\"https:\/\/www.uqac.ca\/uqactualites\/2024\/10\/02\/abdoulaye-guisse-le-mentorat\/\" \/>\r\n<meta property=\"og:site_name\" content=\"UQACtualit\u00e9s\" \/>\r\n<meta property=\"article:published_time\" content=\"2024-10-02T18:57:26+00:00\" \/>\r\n<meta property=\"article:modified_time\" content=\"2025-07-09T17:22:06+00:00\" \/>\r\n<meta property=\"og:image\" content=\"https:\/\/www.uqac.ca\/uqactualites\/wp-content\/uploads\/2024\/09\/Abdoulaye-Guisse.jpg\" \/>\r\n\t<meta property=\"og:image:width\" content=\"1280\" \/>\r\n\t<meta property=\"og:image:height\" content=\"720\" \/>\r\n\t<meta property=\"og:image:type\" content=\"image\/jpeg\" \/>\r\n<meta name=\"author\" content=\"Service des communications et des relations publiques\" \/>\r\n<meta name=\"twitter:card\" content=\"summary_large_image\" \/>\r\n<meta name=\"twitter:label1\" content=\"\u00c9crit par\" \/>\n\t<meta name=\"twitter:data1\" content=\"Service des communications et des relations publiques\" \/>\n\t<meta name=\"twitter:label2\" content=\"Estimation du temps de lecture\" \/>\n\t<meta name=\"twitter:data2\" content=\"3 minutes\" \/>\r\n<script type=\"application\/ld+json\" class=\"yoast-schema-graph\">{\"@context\":\"https:\/\/schema.org\",\"@graph\":[{\"@type\":\"WebPage\",\"@id\":\"https:\/\/www.uqac.ca\/uqactualites\/2024\/10\/02\/abdoulaye-guisse-le-mentorat\/\",\"url\":\"https:\/\/www.uqac.ca\/uqactualites\/2024\/10\/02\/abdoulaye-guisse-le-mentorat\/\",\"name\":\"Abdoulaye Guisse : le mentorat - UQACtualit\u00e9s\",\"isPartOf\":{\"@id\":\"https:\/\/www.uqac.ca\/uqactualites\/#website\"},\"primaryImageOfPage\":{\"@id\":\"https:\/\/www.uqac.ca\/uqactualites\/2024\/10\/02\/abdoulaye-guisse-le-mentorat\/#primaryimage\"},\"image\":{\"@id\":\"https:\/\/www.uqac.ca\/uqactualites\/2024\/10\/02\/abdoulaye-guisse-le-mentorat\/#primaryimage\"},\"thumbnailUrl\":\"https:\/\/www.uqac.ca\/uqactualites\/wp-content\/uploads\/2024\/09\/Abdoulaye-Guisse.jpg\",\"datePublished\":\"2024-10-02T18:57:26+00:00\",\"dateModified\":\"2025-07-09T17:22:06+00:00\",\"author\":{\"@id\":\"https:\/\/www.uqac.ca\/uqactualites\/#\/schema\/person\/366c45a0c4f0e677b41b4af5886e2018\"},\"breadcrumb\":{\"@id\":\"https:\/\/www.uqac.ca\/uqactualites\/2024\/10\/02\/abdoulaye-guisse-le-mentorat\/#breadcrumb\"},\"inLanguage\":\"fr-CA\",\"potentialAction\":[{\"@type\":\"ReadAction\",\"target\":[\"https:\/\/www.uqac.ca\/uqactualites\/2024\/10\/02\/abdoulaye-guisse-le-mentorat\/\"]}]},{\"@type\":\"ImageObject\",\"inLanguage\":\"fr-CA\",\"@id\":\"https:\/\/www.uqac.ca\/uqactualites\/2024\/10\/02\/abdoulaye-guisse-le-mentorat\/#primaryimage\",\"url\":\"https:\/\/www.uqac.ca\/uqactualites\/wp-content\/uploads\/2024\/09\/Abdoulaye-Guisse.jpg\",\"contentUrl\":\"https:\/\/www.uqac.ca\/uqactualites\/wp-content\/uploads\/2024\/09\/Abdoulaye-Guisse.jpg\",\"width\":1280,\"height\":720},{\"@type\":\"BreadcrumbList\",\"@id\":\"https:\/\/www.uqac.ca\/uqactualites\/2024\/10\/02\/abdoulaye-guisse-le-mentorat\/#breadcrumb\",\"itemListElement\":[{\"@type\":\"ListItem\",\"position\":1,\"name\":\"Home\",\"item\":\"https:\/\/www.uqac.ca\/uqactualites\/\"},{\"@type\":\"ListItem\",\"position\":2,\"name\":\"Abdoulaye Guisse : le mentorat\"}]},{\"@type\":\"WebSite\",\"@id\":\"https:\/\/www.uqac.ca\/uqactualites\/#website\",\"url\":\"https:\/\/www.uqac.ca\/uqactualites\/\",\"name\":\"UQACtualit\u00e9s\",\"description\":\"Le portail des nouvelles de l&#039;UQAC\",\"potentialAction\":[{\"@type\":\"SearchAction\",\"target\":{\"@type\":\"EntryPoint\",\"urlTemplate\":\"https:\/\/www.uqac.ca\/uqactualites\/?s={search_term_string}\"},\"query-input\":{\"@type\":\"PropertyValueSpecification\",\"valueRequired\":true,\"valueName\":\"search_term_string\"}}],\"inLanguage\":\"fr-CA\"},{\"@type\":\"Person\",\"@id\":\"https:\/\/www.uqac.ca\/uqactualites\/#\/schema\/person\/366c45a0c4f0e677b41b4af5886e2018\",\"name\":\"Service des communications et des relations publiques\",\"image\":{\"@type\":\"ImageObject\",\"inLanguage\":\"fr-CA\",\"@id\":\"https:\/\/www.uqac.ca\/uqactualites\/#\/schema\/person\/image\/\",\"url\":\"https:\/\/secure.gravatar.com\/avatar\/20fbbda8a292f59f2d3461a5b999c00b?s=96&d=mm&r=g\",\"contentUrl\":\"https:\/\/secure.gravatar.com\/avatar\/20fbbda8a292f59f2d3461a5b999c00b?s=96&d=mm&r=g\",\"caption\":\"Service des communications et des relations publiques\"},\"url\":\"https:\/\/www.uqac.ca\/uqactualites\/author\/bap\/\"}]}<\/script>\r\n<!-- \/ Yoast SEO plugin. -->","yoast_head_json":{"title":"Abdoulaye Guisse : le mentorat - UQACtualit\u00e9s","robots":{"index":"index","follow":"follow","max-snippet":"max-snippet:-1","max-image-preview":"max-image-preview:large","max-video-preview":"max-video-preview:-1"},"canonical":"https:\/\/www.uqac.ca\/uqactualites\/2024\/10\/02\/abdoulaye-guisse-le-mentorat\/","og_locale":"fr_CA","og_type":"article","og_title":"Abdoulaye Guisse : le mentorat - UQACtualit\u00e9s","og_description":"\u00c9tudiant \u00e0 la ma\u00eetrise en gestion des organisations (volet recherche), Abdoulaye Guisse se consacre \u00e0 l&rsquo;analyse de la gestion de la diversit\u00e9 culturelle au sein des organisations du Saguenay\u2013Lac-Saint-Jean. Son m\u00e9moire explore les pratiques actuelles et cherche \u00e0 identifier des strat\u00e9gies am\u00e9lior\u00e9es pour favoriser un environnement de travail inclusif. Cette recherche s&rsquo;inscrit dans un contexte [&hellip;]","og_url":"https:\/\/www.uqac.ca\/uqactualites\/2024\/10\/02\/abdoulaye-guisse-le-mentorat\/","og_site_name":"UQACtualit\u00e9s","article_published_time":"2024-10-02T18:57:26+00:00","article_modified_time":"2025-07-09T17:22:06+00:00","og_image":[{"width":1280,"height":720,"url":"https:\/\/www.uqac.ca\/uqactualites\/wp-content\/uploads\/2024\/09\/Abdoulaye-Guisse.jpg","type":"image\/jpeg"}],"author":"Service des communications et des relations publiques","twitter_card":"summary_large_image","twitter_misc":{"\u00c9crit par":"Service des communications et des relations publiques","Estimation du temps de lecture":"3 minutes"},"schema":{"@context":"https:\/\/schema.org","@graph":[{"@type":"WebPage","@id":"https:\/\/www.uqac.ca\/uqactualites\/2024\/10\/02\/abdoulaye-guisse-le-mentorat\/","url":"https:\/\/www.uqac.ca\/uqactualites\/2024\/10\/02\/abdoulaye-guisse-le-mentorat\/","name":"Abdoulaye Guisse : le mentorat - UQACtualit\u00e9s","isPartOf":{"@id":"https:\/\/www.uqac.ca\/uqactualites\/#website"},"primaryImageOfPage":{"@id":"https:\/\/www.uqac.ca\/uqactualites\/2024\/10\/02\/abdoulaye-guisse-le-mentorat\/#primaryimage"},"image":{"@id":"https:\/\/www.uqac.ca\/uqactualites\/2024\/10\/02\/abdoulaye-guisse-le-mentorat\/#primaryimage"},"thumbnailUrl":"https:\/\/www.uqac.ca\/uqactualites\/wp-content\/uploads\/2024\/09\/Abdoulaye-Guisse.jpg","datePublished":"2024-10-02T18:57:26+00:00","dateModified":"2025-07-09T17:22:06+00:00","author":{"@id":"https:\/\/www.uqac.ca\/uqactualites\/#\/schema\/person\/366c45a0c4f0e677b41b4af5886e2018"},"breadcrumb":{"@id":"https:\/\/www.uqac.ca\/uqactualites\/2024\/10\/02\/abdoulaye-guisse-le-mentorat\/#breadcrumb"},"inLanguage":"fr-CA","potentialAction":[{"@type":"ReadAction","target":["https:\/\/www.uqac.ca\/uqactualites\/2024\/10\/02\/abdoulaye-guisse-le-mentorat\/"]}]},{"@type":"ImageObject","inLanguage":"fr-CA","@id":"https:\/\/www.uqac.ca\/uqactualites\/2024\/10\/02\/abdoulaye-guisse-le-mentorat\/#primaryimage","url":"https:\/\/www.uqac.ca\/uqactualites\/wp-content\/uploads\/2024\/09\/Abdoulaye-Guisse.jpg","contentUrl":"https:\/\/www.uqac.ca\/uqactualites\/wp-content\/uploads\/2024\/09\/Abdoulaye-Guisse.jpg","width":1280,"height":720},{"@type":"BreadcrumbList","@id":"https:\/\/www.uqac.ca\/uqactualites\/2024\/10\/02\/abdoulaye-guisse-le-mentorat\/#breadcrumb","itemListElement":[{"@type":"ListItem","position":1,"name":"Home","item":"https:\/\/www.uqac.ca\/uqactualites\/"},{"@type":"ListItem","position":2,"name":"Abdoulaye Guisse : le mentorat"}]},{"@type":"WebSite","@id":"https:\/\/www.uqac.ca\/uqactualites\/#website","url":"https:\/\/www.uqac.ca\/uqactualites\/","name":"UQACtualit\u00e9s","description":"Le portail des nouvelles de l&#039;UQAC","potentialAction":[{"@type":"SearchAction","target":{"@type":"EntryPoint","urlTemplate":"https:\/\/www.uqac.ca\/uqactualites\/?s={search_term_string}"},"query-input":{"@type":"PropertyValueSpecification","valueRequired":true,"valueName":"search_term_string"}}],"inLanguage":"fr-CA"},{"@type":"Person","@id":"https:\/\/www.uqac.ca\/uqactualites\/#\/schema\/person\/366c45a0c4f0e677b41b4af5886e2018","name":"Service des communications et des relations publiques","image":{"@type":"ImageObject","inLanguage":"fr-CA","@id":"https:\/\/www.uqac.ca\/uqactualites\/#\/schema\/person\/image\/","url":"https:\/\/secure.gravatar.com\/avatar\/20fbbda8a292f59f2d3461a5b999c00b?s=96&d=mm&r=g","contentUrl":"https:\/\/secure.gravatar.com\/avatar\/20fbbda8a292f59f2d3461a5b999c00b?s=96&d=mm&r=g","caption":"Service des communications et des relations publiques"},"url":"https:\/\/www.uqac.ca\/uqactualites\/author\/bap\/"}]}},"_links":{"self":[{"href":"https:\/\/www.uqac.ca\/uqactualites\/wp-json\/wp\/v2\/posts\/48600"}],"collection":[{"href":"https:\/\/www.uqac.ca\/uqactualites\/wp-json\/wp\/v2\/posts"}],"about":[{"href":"https:\/\/www.uqac.ca\/uqactualites\/wp-json\/wp\/v2\/types\/post"}],"author":[{"embeddable":true,"href":"https:\/\/www.uqac.ca\/uqactualites\/wp-json\/wp\/v2\/users\/5"}],"replies":[{"embeddable":true,"href":"https:\/\/www.uqac.ca\/uqactualites\/wp-json\/wp\/v2\/comments?post=48600"}],"version-history":[{"count":4,"href":"https:\/\/www.uqac.ca\/uqactualites\/wp-json\/wp\/v2\/posts\/48600\/revisions"}],"predecessor-version":[{"id":48821,"href":"https:\/\/www.uqac.ca\/uqactualites\/wp-json\/wp\/v2\/posts\/48600\/revisions\/48821"}],"wp:featuredmedia":[{"embeddable":true,"href":"https:\/\/www.uqac.ca\/uqactualites\/wp-json\/wp\/v2\/media\/48601"}],"wp:attachment":[{"href":"https:\/\/www.uqac.ca\/uqactualites\/wp-json\/wp\/v2\/media?parent=48600"}],"wp:term":[{"taxonomy":"category","embeddable":true,"href":"https:\/\/www.uqac.ca\/uqactualites\/wp-json\/wp\/v2\/categories?post=48600"},{"taxonomy":"post_tag","embeddable":true,"href":"https:\/\/www.uqac.ca\/uqactualites\/wp-json\/wp\/v2\/tags?post=48600"}],"curies":[{"name":"wp","href":"https:\/\/api.w.org\/{rel}","templated":true}]}}