{"id":48617,"date":"2024-09-09T11:07:31","date_gmt":"2024-09-09T15:07:31","guid":{"rendered":"https:\/\/www.uqac.ca\/uqactualites\/?p=48617"},"modified":"2024-09-09T11:13:13","modified_gmt":"2024-09-09T15:13:13","slug":"luqac-inaugure-son-terrain-synthetique","status":"publish","type":"post","link":"https:\/\/www.uqac.ca\/uqactualites\/2024\/09\/09\/luqac-inaugure-son-terrain-synthetique\/","title":{"rendered":"L\u2019UQAC inaugure son terrain synth\u00e9tique"},"content":{"rendered":"<p>Dans le cadre d\u2019un ambitieux projet de modernisation des espaces int\u00e9rieurs et ext\u00e9rieurs de son campus de Saguenay, l\u2019Universit\u00e9 du Qu\u00e9bec \u00e0 Chicoutimi est heureuse d\u2019annoncer l\u2019inauguration de son terrain synth\u00e9tique r\u00e9nov\u00e9. Apr\u00e8s plusieurs mois de travaux, au cours desquels la surface de jeu a \u00e9t\u00e9 remplac\u00e9e et une piste d\u2019athl\u00e9tisme a \u00e9t\u00e9 ajout\u00e9e, le terrain est maintenant pr\u00eat \u00e0 accueillir la communaut\u00e9 universitaire de m\u00eame que les sportives et sportifs de la r\u00e9gion.<\/p>\n<p>Infrastructure r\u00e9pondant aux besoins d\u2019enseignement et de recherche universitaires, le terrain synth\u00e9tique servira \u00e9galement de lieu d\u2019entra\u00eenement pour les athl\u00e8tes des <a href=\"https:\/\/www.uqac.ca\/inuk\/\">Inuk de l\u2019UQAC<\/a> de m\u00eame que pour les \u00e9quipes sportives de niveaux secondaire (sports-\u00e9tudes) et coll\u00e9gial de la r\u00e9gion. Les pistes de course seront mises \u00e0 la disposition de la population gratuitement selon un horaire pr\u00e9\u00e9tabli. La surface de jeu marqu\u00e9e pour la pratique du football, de m\u00eame que les six couloirs de course de 400 m\u00e8tres et les six couloirs de 100 m\u00e8tres ajout\u00e9s autour du terrain, seront donc investis \u00e0 compter d\u2019aujourd\u2019hui, au plus grand bonheur des amatrices et amateurs de sports.<\/p>\n<p>Selon le recteur de l\u2019UQAC, Ghislain Samson, la r\u00e9fection du terrain synth\u00e9tique t\u00e9moigne de la volont\u00e9 de l\u2019universit\u00e9 de demeurer un pilier essentiel pour la sant\u00e9 et le bien-\u00eatre de sa communaut\u00e9. \u00ab Ces nouvelles installations sportives offriront \u00e0 un grand nombre de personnes un espace propice \u00e0 un mode de vie sain. Je suis tr\u00e8s fier de d\u00e9voiler les r\u00e9sultats de ce travail d\u2019\u00e9quipe concert\u00e9, r\u00e9alis\u00e9 de surcro\u00eet dans un souci constant de d\u00e9veloppement durable. \u00bb En effet, lors de la r\u00e9fection du terrain, pas moins de 140 000 kilos de granules de caoutchouc ont \u00e9t\u00e9 retir\u00e9es et remplac\u00e9es par des granules vertes, plus respectueuses de l\u2019environnement; la surface retir\u00e9e a quant \u00e0 elle \u00e9t\u00e9 revaloris\u00e9e dans la fabrication de pav\u00e9s par l\u2019entreprise PAVERRECO. De plus, tous les arbres initialement plac\u00e9s sur le site de la rentr\u00e9e universitaire seront replant\u00e9s tout autour du terrain synth\u00e9tique, s\u2019ajoutant ainsi aux quelque 200 v\u00e9g\u00e9taux qui viendront embellir et verdir le projet.<\/p>\n<p>La modernisation du terrain synth\u00e9tique s\u2019inscrit dans un projet global qui inclut \u00e9galement le remplacement du rev\u00eatement ext\u00e9rieur de l\u2019ar\u00e9na par un mat\u00e9riau plus durable ainsi qu\u2019une portion de la toiture. Ce chantier repr\u00e9sente un investissement total de 7,6\u00a0M$, dont la moiti\u00e9 provient du gouvernement provincial (pour un montant maximal de 3,8\u00a0M$).<\/p>\n<p>Selon les estimations, le nouveau terrain est con\u00e7u pour une dur\u00e9e de vie de 10 ans.<\/p>\n<p>&nbsp;<\/p>\n<hr \/>\n<p style=\"text-align: center;\"><strong>L&rsquo;\u00e9v\u00e9nement en photos<\/strong><\/p>\n<p>&nbsp;<\/p>\n<div id='gallery-1' class='gallery galleryid-48617 gallery-columns-3 gallery-size-medium'><figure class='gallery-item'>\n\t\t\t<div class='gallery-icon landscape'>\n\t\t\t\t<a href='https:\/\/www.uqac.ca\/uqactualites\/2024\/09\/09\/luqac-inaugure-son-terrain-synthetique\/terrain-synthetique-inauguration-mduhaime-a24-1920-09\/'><img loading=\"lazy\" decoding=\"async\" width=\"300\" height=\"168\" src=\"https:\/\/www.uqac.ca\/uqactualites\/wp-content\/uploads\/2024\/09\/terrain-synthetique-inauguration-mduhaime-a24-1920-09-300x168.jpg\" class=\"attachment-medium size-medium\" alt=\"\" srcset=\"https:\/\/www.uqac.ca\/uqactualites\/wp-content\/uploads\/2024\/09\/terrain-synthetique-inauguration-mduhaime-a24-1920-09-300x168.jpg 300w, https:\/\/www.uqac.ca\/uqactualites\/wp-content\/uploads\/2024\/09\/terrain-synthetique-inauguration-mduhaime-a24-1920-09-1024x574.jpg 1024w, https:\/\/www.uqac.ca\/uqactualites\/wp-content\/uploads\/2024\/09\/terrain-synthetique-inauguration-mduhaime-a24-1920-09-768x431.jpg 768w, https:\/\/www.uqac.ca\/uqactualites\/wp-content\/uploads\/2024\/09\/terrain-synthetique-inauguration-mduhaime-a24-1920-09-1536x862.jpg 1536w, https:\/\/www.uqac.ca\/uqactualites\/wp-content\/uploads\/2024\/09\/terrain-synthetique-inauguration-mduhaime-a24-1920-09-150x84.jpg 150w, https:\/\/www.uqac.ca\/uqactualites\/wp-content\/uploads\/2024\/09\/terrain-synthetique-inauguration-mduhaime-a24-1920-09-696x390.jpg 696w, https:\/\/www.uqac.ca\/uqactualites\/wp-content\/uploads\/2024\/09\/terrain-synthetique-inauguration-mduhaime-a24-1920-09-1068x599.jpg 1068w, https:\/\/www.uqac.ca\/uqactualites\/wp-content\/uploads\/2024\/09\/terrain-synthetique-inauguration-mduhaime-a24-1920-09.jpg 1920w\" sizes=\"(max-width: 300px) 100vw, 300px\" \/><\/a>\n\t\t\t<\/div><\/figure><figure class='gallery-item'>\n\t\t\t<div class='gallery-icon landscape'>\n\t\t\t\t<a href='https:\/\/www.uqac.ca\/uqactualites\/2024\/09\/09\/luqac-inaugure-son-terrain-synthetique\/terrain-synthetique-inauguration-mduhaime-a24-1920-12\/'><img loading=\"lazy\" decoding=\"async\" width=\"300\" height=\"168\" src=\"https:\/\/www.uqac.ca\/uqactualites\/wp-content\/uploads\/2024\/09\/terrain-synthetique-inauguration-mduhaime-a24-1920-12-300x168.jpg\" class=\"attachment-medium size-medium\" alt=\"\" srcset=\"https:\/\/www.uqac.ca\/uqactualites\/wp-content\/uploads\/2024\/09\/terrain-synthetique-inauguration-mduhaime-a24-1920-12-300x168.jpg 300w, https:\/\/www.uqac.ca\/uqactualites\/wp-content\/uploads\/2024\/09\/terrain-synthetique-inauguration-mduhaime-a24-1920-12-1024x574.jpg 1024w, https:\/\/www.uqac.ca\/uqactualites\/wp-content\/uploads\/2024\/09\/terrain-synthetique-inauguration-mduhaime-a24-1920-12-768x431.jpg 768w, https:\/\/www.uqac.ca\/uqactualites\/wp-content\/uploads\/2024\/09\/terrain-synthetique-inauguration-mduhaime-a24-1920-12-1536x862.jpg 1536w, https:\/\/www.uqac.ca\/uqactualites\/wp-content\/uploads\/2024\/09\/terrain-synthetique-inauguration-mduhaime-a24-1920-12-150x84.jpg 150w, https:\/\/www.uqac.ca\/uqactualites\/wp-content\/uploads\/2024\/09\/terrain-synthetique-inauguration-mduhaime-a24-1920-12-696x390.jpg 696w, https:\/\/www.uqac.ca\/uqactualites\/wp-content\/uploads\/2024\/09\/terrain-synthetique-inauguration-mduhaime-a24-1920-12-1068x599.jpg 1068w, https:\/\/www.uqac.ca\/uqactualites\/wp-content\/uploads\/2024\/09\/terrain-synthetique-inauguration-mduhaime-a24-1920-12.jpg 1920w\" sizes=\"(max-width: 300px) 100vw, 300px\" \/><\/a>\n\t\t\t<\/div><\/figure><figure class='gallery-item'>\n\t\t\t<div class='gallery-icon landscape'>\n\t\t\t\t<a href='https:\/\/www.uqac.ca\/uqactualites\/2024\/09\/09\/luqac-inaugure-son-terrain-synthetique\/terrain-synthetique-inauguration-mduhaime-a24-1920-03\/'><img loading=\"lazy\" decoding=\"async\" width=\"300\" height=\"168\" src=\"https:\/\/www.uqac.ca\/uqactualites\/wp-content\/uploads\/2024\/09\/terrain-synthetique-inauguration-mduhaime-a24-1920-03-300x168.jpg\" class=\"attachment-medium size-medium\" alt=\"\" srcset=\"https:\/\/www.uqac.ca\/uqactualites\/wp-content\/uploads\/2024\/09\/terrain-synthetique-inauguration-mduhaime-a24-1920-03-300x168.jpg 300w, https:\/\/www.uqac.ca\/uqactualites\/wp-content\/uploads\/2024\/09\/terrain-synthetique-inauguration-mduhaime-a24-1920-03-1024x574.jpg 1024w, https:\/\/www.uqac.ca\/uqactualites\/wp-content\/uploads\/2024\/09\/terrain-synthetique-inauguration-mduhaime-a24-1920-03-768x431.jpg 768w, https:\/\/www.uqac.ca\/uqactualites\/wp-content\/uploads\/2024\/09\/terrain-synthetique-inauguration-mduhaime-a24-1920-03-1536x862.jpg 1536w, https:\/\/www.uqac.ca\/uqactualites\/wp-content\/uploads\/2024\/09\/terrain-synthetique-inauguration-mduhaime-a24-1920-03-150x84.jpg 150w, https:\/\/www.uqac.ca\/uqactualites\/wp-content\/uploads\/2024\/09\/terrain-synthetique-inauguration-mduhaime-a24-1920-03-696x390.jpg 696w, https:\/\/www.uqac.ca\/uqactualites\/wp-content\/uploads\/2024\/09\/terrain-synthetique-inauguration-mduhaime-a24-1920-03-1068x599.jpg 1068w, https:\/\/www.uqac.ca\/uqactualites\/wp-content\/uploads\/2024\/09\/terrain-synthetique-inauguration-mduhaime-a24-1920-03.jpg 1920w\" sizes=\"(max-width: 300px) 100vw, 300px\" \/><\/a>\n\t\t\t<\/div><\/figure><figure class='gallery-item'>\n\t\t\t<div class='gallery-icon landscape'>\n\t\t\t\t<a href='https:\/\/www.uqac.ca\/uqactualites\/2024\/09\/09\/luqac-inaugure-son-terrain-synthetique\/terrain-synthetique-inauguration-mduhaime-a24-1920-13\/'><img loading=\"lazy\" decoding=\"async\" width=\"300\" height=\"168\" src=\"https:\/\/www.uqac.ca\/uqactualites\/wp-content\/uploads\/2024\/09\/terrain-synthetique-inauguration-mduhaime-a24-1920-13-300x168.jpg\" class=\"attachment-medium size-medium\" alt=\"\" srcset=\"https:\/\/www.uqac.ca\/uqactualites\/wp-content\/uploads\/2024\/09\/terrain-synthetique-inauguration-mduhaime-a24-1920-13-300x168.jpg 300w, https:\/\/www.uqac.ca\/uqactualites\/wp-content\/uploads\/2024\/09\/terrain-synthetique-inauguration-mduhaime-a24-1920-13-1024x574.jpg 1024w, https:\/\/www.uqac.ca\/uqactualites\/wp-content\/uploads\/2024\/09\/terrain-synthetique-inauguration-mduhaime-a24-1920-13-768x431.jpg 768w, https:\/\/www.uqac.ca\/uqactualites\/wp-content\/uploads\/2024\/09\/terrain-synthetique-inauguration-mduhaime-a24-1920-13-1536x862.jpg 1536w, https:\/\/www.uqac.ca\/uqactualites\/wp-content\/uploads\/2024\/09\/terrain-synthetique-inauguration-mduhaime-a24-1920-13-150x84.jpg 150w, https:\/\/www.uqac.ca\/uqactualites\/wp-content\/uploads\/2024\/09\/terrain-synthetique-inauguration-mduhaime-a24-1920-13-696x390.jpg 696w, https:\/\/www.uqac.ca\/uqactualites\/wp-content\/uploads\/2024\/09\/terrain-synthetique-inauguration-mduhaime-a24-1920-13-1068x599.jpg 1068w, https:\/\/www.uqac.ca\/uqactualites\/wp-content\/uploads\/2024\/09\/terrain-synthetique-inauguration-mduhaime-a24-1920-13.jpg 1920w\" sizes=\"(max-width: 300px) 100vw, 300px\" \/><\/a>\n\t\t\t<\/div><\/figure><figure class='gallery-item'>\n\t\t\t<div class='gallery-icon landscape'>\n\t\t\t\t<a href='https:\/\/www.uqac.ca\/uqactualites\/2024\/09\/09\/luqac-inaugure-son-terrain-synthetique\/terrain-synthetique-inauguration-mduhaime-a24-1920-07\/'><img loading=\"lazy\" decoding=\"async\" width=\"300\" height=\"168\" src=\"https:\/\/www.uqac.ca\/uqactualites\/wp-content\/uploads\/2024\/09\/terrain-synthetique-inauguration-mduhaime-a24-1920-07-300x168.jpg\" class=\"attachment-medium size-medium\" alt=\"\" srcset=\"https:\/\/www.uqac.ca\/uqactualites\/wp-content\/uploads\/2024\/09\/terrain-synthetique-inauguration-mduhaime-a24-1920-07-300x168.jpg 300w, https:\/\/www.uqac.ca\/uqactualites\/wp-content\/uploads\/2024\/09\/terrain-synthetique-inauguration-mduhaime-a24-1920-07-1024x574.jpg 1024w, https:\/\/www.uqac.ca\/uqactualites\/wp-content\/uploads\/2024\/09\/terrain-synthetique-inauguration-mduhaime-a24-1920-07-768x431.jpg 768w, https:\/\/www.uqac.ca\/uqactualites\/wp-content\/uploads\/2024\/09\/terrain-synthetique-inauguration-mduhaime-a24-1920-07-1536x862.jpg 1536w, https:\/\/www.uqac.ca\/uqactualites\/wp-content\/uploads\/2024\/09\/terrain-synthetique-inauguration-mduhaime-a24-1920-07-150x84.jpg 150w, https:\/\/www.uqac.ca\/uqactualites\/wp-content\/uploads\/2024\/09\/terrain-synthetique-inauguration-mduhaime-a24-1920-07-696x390.jpg 696w, https:\/\/www.uqac.ca\/uqactualites\/wp-content\/uploads\/2024\/09\/terrain-synthetique-inauguration-mduhaime-a24-1920-07-1068x599.jpg 1068w, https:\/\/www.uqac.ca\/uqactualites\/wp-content\/uploads\/2024\/09\/terrain-synthetique-inauguration-mduhaime-a24-1920-07.jpg 1920w\" sizes=\"(max-width: 300px) 100vw, 300px\" \/><\/a>\n\t\t\t<\/div><\/figure><figure class='gallery-item'>\n\t\t\t<div class='gallery-icon landscape'>\n\t\t\t\t<a href='https:\/\/www.uqac.ca\/uqactualites\/2024\/09\/09\/luqac-inaugure-son-terrain-synthetique\/terrain-synthetique-inauguration-mduhaime-a24-1920-06\/'><img loading=\"lazy\" decoding=\"async\" width=\"300\" height=\"168\" src=\"https:\/\/www.uqac.ca\/uqactualites\/wp-content\/uploads\/2024\/09\/terrain-synthetique-inauguration-mduhaime-a24-1920-06-300x168.jpg\" class=\"attachment-medium size-medium\" alt=\"\" srcset=\"https:\/\/www.uqac.ca\/uqactualites\/wp-content\/uploads\/2024\/09\/terrain-synthetique-inauguration-mduhaime-a24-1920-06-300x168.jpg 300w, https:\/\/www.uqac.ca\/uqactualites\/wp-content\/uploads\/2024\/09\/terrain-synthetique-inauguration-mduhaime-a24-1920-06-1024x574.jpg 1024w, https:\/\/www.uqac.ca\/uqactualites\/wp-content\/uploads\/2024\/09\/terrain-synthetique-inauguration-mduhaime-a24-1920-06-768x431.jpg 768w, https:\/\/www.uqac.ca\/uqactualites\/wp-content\/uploads\/2024\/09\/terrain-synthetique-inauguration-mduhaime-a24-1920-06-1536x862.jpg 1536w, https:\/\/www.uqac.ca\/uqactualites\/wp-content\/uploads\/2024\/09\/terrain-synthetique-inauguration-mduhaime-a24-1920-06-150x84.jpg 150w, https:\/\/www.uqac.ca\/uqactualites\/wp-content\/uploads\/2024\/09\/terrain-synthetique-inauguration-mduhaime-a24-1920-06-696x390.jpg 696w, https:\/\/www.uqac.ca\/uqactualites\/wp-content\/uploads\/2024\/09\/terrain-synthetique-inauguration-mduhaime-a24-1920-06-1068x599.jpg 1068w, https:\/\/www.uqac.ca\/uqactualites\/wp-content\/uploads\/2024\/09\/terrain-synthetique-inauguration-mduhaime-a24-1920-06.jpg 1920w\" sizes=\"(max-width: 300px) 100vw, 300px\" \/><\/a>\n\t\t\t<\/div><\/figure><figure class='gallery-item'>\n\t\t\t<div class='gallery-icon landscape'>\n\t\t\t\t<a href='https:\/\/www.uqac.ca\/uqactualites\/2024\/09\/09\/luqac-inaugure-son-terrain-synthetique\/terrain-synthetique-inauguration-mduhaime-a24-1920-01\/'><img loading=\"lazy\" decoding=\"async\" width=\"300\" height=\"168\" src=\"https:\/\/www.uqac.ca\/uqactualites\/wp-content\/uploads\/2024\/09\/terrain-synthetique-inauguration-mduhaime-a24-1920-01-300x168.jpg\" class=\"attachment-medium size-medium\" alt=\"\" srcset=\"https:\/\/www.uqac.ca\/uqactualites\/wp-content\/uploads\/2024\/09\/terrain-synthetique-inauguration-mduhaime-a24-1920-01-300x168.jpg 300w, https:\/\/www.uqac.ca\/uqactualites\/wp-content\/uploads\/2024\/09\/terrain-synthetique-inauguration-mduhaime-a24-1920-01-1024x574.jpg 1024w, https:\/\/www.uqac.ca\/uqactualites\/wp-content\/uploads\/2024\/09\/terrain-synthetique-inauguration-mduhaime-a24-1920-01-768x431.jpg 768w, https:\/\/www.uqac.ca\/uqactualites\/wp-content\/uploads\/2024\/09\/terrain-synthetique-inauguration-mduhaime-a24-1920-01-1536x862.jpg 1536w, https:\/\/www.uqac.ca\/uqactualites\/wp-content\/uploads\/2024\/09\/terrain-synthetique-inauguration-mduhaime-a24-1920-01-150x84.jpg 150w, https:\/\/www.uqac.ca\/uqactualites\/wp-content\/uploads\/2024\/09\/terrain-synthetique-inauguration-mduhaime-a24-1920-01-696x390.jpg 696w, https:\/\/www.uqac.ca\/uqactualites\/wp-content\/uploads\/2024\/09\/terrain-synthetique-inauguration-mduhaime-a24-1920-01-1068x599.jpg 1068w, https:\/\/www.uqac.ca\/uqactualites\/wp-content\/uploads\/2024\/09\/terrain-synthetique-inauguration-mduhaime-a24-1920-01.jpg 1920w\" sizes=\"(max-width: 300px) 100vw, 300px\" \/><\/a>\n\t\t\t<\/div><\/figure><figure class='gallery-item'>\n\t\t\t<div class='gallery-icon landscape'>\n\t\t\t\t<a href='https:\/\/www.uqac.ca\/uqactualites\/2024\/09\/09\/luqac-inaugure-son-terrain-synthetique\/terrain-synthetique-inauguration-mduhaime-a24-1920-05\/'><img loading=\"lazy\" decoding=\"async\" width=\"300\" height=\"168\" src=\"https:\/\/www.uqac.ca\/uqactualites\/wp-content\/uploads\/2024\/09\/terrain-synthetique-inauguration-mduhaime-a24-1920-05-300x168.jpg\" class=\"attachment-medium size-medium\" alt=\"\" srcset=\"https:\/\/www.uqac.ca\/uqactualites\/wp-content\/uploads\/2024\/09\/terrain-synthetique-inauguration-mduhaime-a24-1920-05-300x168.jpg 300w, https:\/\/www.uqac.ca\/uqactualites\/wp-content\/uploads\/2024\/09\/terrain-synthetique-inauguration-mduhaime-a24-1920-05-1024x574.jpg 1024w, https:\/\/www.uqac.ca\/uqactualites\/wp-content\/uploads\/2024\/09\/terrain-synthetique-inauguration-mduhaime-a24-1920-05-768x431.jpg 768w, https:\/\/www.uqac.ca\/uqactualites\/wp-content\/uploads\/2024\/09\/terrain-synthetique-inauguration-mduhaime-a24-1920-05-1536x862.jpg 1536w, https:\/\/www.uqac.ca\/uqactualites\/wp-content\/uploads\/2024\/09\/terrain-synthetique-inauguration-mduhaime-a24-1920-05-150x84.jpg 150w, https:\/\/www.uqac.ca\/uqactualites\/wp-content\/uploads\/2024\/09\/terrain-synthetique-inauguration-mduhaime-a24-1920-05-696x390.jpg 696w, https:\/\/www.uqac.ca\/uqactualites\/wp-content\/uploads\/2024\/09\/terrain-synthetique-inauguration-mduhaime-a24-1920-05-1068x599.jpg 1068w, https:\/\/www.uqac.ca\/uqactualites\/wp-content\/uploads\/2024\/09\/terrain-synthetique-inauguration-mduhaime-a24-1920-05.jpg 1920w\" sizes=\"(max-width: 300px) 100vw, 300px\" \/><\/a>\n\t\t\t<\/div><\/figure><figure class='gallery-item'>\n\t\t\t<div class='gallery-icon landscape'>\n\t\t\t\t<a href='https:\/\/www.uqac.ca\/uqactualites\/2024\/09\/09\/luqac-inaugure-son-terrain-synthetique\/terrain-synthetique-inauguration-mduhaime-a24-1920-14\/'><img loading=\"lazy\" decoding=\"async\" width=\"300\" height=\"168\" src=\"https:\/\/www.uqac.ca\/uqactualites\/wp-content\/uploads\/2024\/09\/terrain-synthetique-inauguration-mduhaime-a24-1920-14-300x168.jpg\" class=\"attachment-medium size-medium\" alt=\"\" srcset=\"https:\/\/www.uqac.ca\/uqactualites\/wp-content\/uploads\/2024\/09\/terrain-synthetique-inauguration-mduhaime-a24-1920-14-300x168.jpg 300w, https:\/\/www.uqac.ca\/uqactualites\/wp-content\/uploads\/2024\/09\/terrain-synthetique-inauguration-mduhaime-a24-1920-14-1024x574.jpg 1024w, https:\/\/www.uqac.ca\/uqactualites\/wp-content\/uploads\/2024\/09\/terrain-synthetique-inauguration-mduhaime-a24-1920-14-768x431.jpg 768w, https:\/\/www.uqac.ca\/uqactualites\/wp-content\/uploads\/2024\/09\/terrain-synthetique-inauguration-mduhaime-a24-1920-14-1536x862.jpg 1536w, https:\/\/www.uqac.ca\/uqactualites\/wp-content\/uploads\/2024\/09\/terrain-synthetique-inauguration-mduhaime-a24-1920-14-150x84.jpg 150w, https:\/\/www.uqac.ca\/uqactualites\/wp-content\/uploads\/2024\/09\/terrain-synthetique-inauguration-mduhaime-a24-1920-14-696x390.jpg 696w, https:\/\/www.uqac.ca\/uqactualites\/wp-content\/uploads\/2024\/09\/terrain-synthetique-inauguration-mduhaime-a24-1920-14-1068x599.jpg 1068w, https:\/\/www.uqac.ca\/uqactualites\/wp-content\/uploads\/2024\/09\/terrain-synthetique-inauguration-mduhaime-a24-1920-14.jpg 1920w\" sizes=\"(max-width: 300px) 100vw, 300px\" \/><\/a>\n\t\t\t<\/div><\/figure>\n\t\t<\/div>\n\n<hr \/>\n<p>&nbsp;<\/p>\n<p><span style=\"color: #808080;\"><strong>Sur la photo \u00e0 la une :<\/strong> \u00c9tienne H\u00e9bert, vice-recteur aux \u00e9tudes, \u00e0 la formation et \u00e0 la r\u00e9ussite (UQAC); Ghislain Samson, recteur (UQAC); L\u00e9opold Chec, \u00e9tudiant-athl\u00e8te des Inuk (cross-country); Andr\u00e9e Laforest, d\u00e9put\u00e9e de Chicoutimi, ministre des Affaires municipales et ministre responsable de la r\u00e9gion du Saguenay-Lac-Saint-Jean; Michel Potvin, conseiller municipal de la ville de Saguenay; et Dominique Biron, vice-rectrice aux affaires administratives et aux ressources (UQAC).<\/span><\/p>\n","protected":false},"excerpt":{"rendered":"<p>Dans le cadre d\u2019un ambitieux projet de modernisation des espaces int\u00e9rieurs et ext\u00e9rieurs de son campus de Saguenay, l\u2019Universit\u00e9 du Qu\u00e9bec \u00e0 Chicoutimi est heureuse d\u2019annoncer l\u2019inauguration de son terrain synth\u00e9tique r\u00e9nov\u00e9. Apr\u00e8s plusieurs mois de travaux, au cours desquels la surface de jeu a \u00e9t\u00e9 remplac\u00e9e et une piste d\u2019athl\u00e9tisme a \u00e9t\u00e9 ajout\u00e9e, le [&hellip;]<\/p>\n","protected":false},"author":5,"featured_media":48618,"comment_status":"closed","ping_status":"open","sticky":false,"template":"","format":"standard","meta":{"footnotes":""},"categories":[2795,2,61,2773],"tags":[288,2422,1886,94,1909,2907,2906],"yoast_head":"<!-- This site is optimized with the Yoast SEO plugin v24.2 - https:\/\/yoast.com\/wordpress\/plugins\/seo\/ -->\r\n<title>L\u2019UQAC inaugure son terrain synth\u00e9tique - UQACtualit\u00e9s<\/title>\r\n<meta name=\"robots\" content=\"index, follow, max-snippet:-1, max-image-preview:large, max-video-preview:-1\" \/>\r\n<link rel=\"canonical\" href=\"https:\/\/www.uqac.ca\/uqactualites\/2024\/09\/09\/luqac-inaugure-son-terrain-synthetique\/\" \/>\r\n<meta property=\"og:locale\" content=\"fr_CA\" \/>\r\n<meta property=\"og:type\" content=\"article\" \/>\r\n<meta property=\"og:title\" content=\"L\u2019UQAC inaugure son terrain synth\u00e9tique - UQACtualit\u00e9s\" \/>\r\n<meta property=\"og:description\" content=\"Dans le cadre d\u2019un ambitieux projet de modernisation des espaces int\u00e9rieurs et ext\u00e9rieurs de son campus de Saguenay, l\u2019Universit\u00e9 du Qu\u00e9bec \u00e0 Chicoutimi est heureuse d\u2019annoncer l\u2019inauguration de son terrain synth\u00e9tique r\u00e9nov\u00e9. Apr\u00e8s plusieurs mois de travaux, au cours desquels la surface de jeu a \u00e9t\u00e9 remplac\u00e9e et une piste d\u2019athl\u00e9tisme a \u00e9t\u00e9 ajout\u00e9e, le [&hellip;]\" \/>\r\n<meta property=\"og:url\" content=\"https:\/\/www.uqac.ca\/uqactualites\/2024\/09\/09\/luqac-inaugure-son-terrain-synthetique\/\" \/>\r\n<meta property=\"og:site_name\" content=\"UQACtualit\u00e9s\" \/>\r\n<meta property=\"article:published_time\" content=\"2024-09-09T15:07:31+00:00\" \/>\r\n<meta property=\"article:modified_time\" content=\"2024-09-09T15:13:13+00:00\" \/>\r\n<meta property=\"og:image\" content=\"https:\/\/www.uqac.ca\/uqactualites\/wp-content\/uploads\/2024\/09\/terrain-synthetique-inauguration-mduhaime-a24-1920-08.jpg\" \/>\r\n\t<meta property=\"og:image:width\" content=\"1920\" \/>\r\n\t<meta property=\"og:image:height\" content=\"1077\" \/>\r\n\t<meta property=\"og:image:type\" content=\"image\/jpeg\" \/>\r\n<meta name=\"author\" content=\"Service des communications et des relations publiques\" \/>\r\n<meta name=\"twitter:card\" content=\"summary_large_image\" \/>\r\n<meta name=\"twitter:label1\" content=\"\u00c9crit par\" \/>\n\t<meta name=\"twitter:data1\" content=\"Service des communications et des relations publiques\" \/>\n\t<meta name=\"twitter:label2\" content=\"Estimation du temps de lecture\" \/>\n\t<meta name=\"twitter:data2\" content=\"3 minutes\" \/>\r\n<script type=\"application\/ld+json\" class=\"yoast-schema-graph\">{\"@context\":\"https:\/\/schema.org\",\"@graph\":[{\"@type\":\"WebPage\",\"@id\":\"https:\/\/www.uqac.ca\/uqactualites\/2024\/09\/09\/luqac-inaugure-son-terrain-synthetique\/\",\"url\":\"https:\/\/www.uqac.ca\/uqactualites\/2024\/09\/09\/luqac-inaugure-son-terrain-synthetique\/\",\"name\":\"L\u2019UQAC inaugure son terrain synth\u00e9tique - UQACtualit\u00e9s\",\"isPartOf\":{\"@id\":\"https:\/\/www.uqac.ca\/uqactualites\/#website\"},\"primaryImageOfPage\":{\"@id\":\"https:\/\/www.uqac.ca\/uqactualites\/2024\/09\/09\/luqac-inaugure-son-terrain-synthetique\/#primaryimage\"},\"image\":{\"@id\":\"https:\/\/www.uqac.ca\/uqactualites\/2024\/09\/09\/luqac-inaugure-son-terrain-synthetique\/#primaryimage\"},\"thumbnailUrl\":\"https:\/\/www.uqac.ca\/uqactualites\/wp-content\/uploads\/2024\/09\/terrain-synthetique-inauguration-mduhaime-a24-1920-08.jpg\",\"datePublished\":\"2024-09-09T15:07:31+00:00\",\"dateModified\":\"2024-09-09T15:13:13+00:00\",\"author\":{\"@id\":\"https:\/\/www.uqac.ca\/uqactualites\/#\/schema\/person\/366c45a0c4f0e677b41b4af5886e2018\"},\"breadcrumb\":{\"@id\":\"https:\/\/www.uqac.ca\/uqactualites\/2024\/09\/09\/luqac-inaugure-son-terrain-synthetique\/#breadcrumb\"},\"inLanguage\":\"fr-CA\",\"potentialAction\":[{\"@type\":\"ReadAction\",\"target\":[\"https:\/\/www.uqac.ca\/uqactualites\/2024\/09\/09\/luqac-inaugure-son-terrain-synthetique\/\"]}]},{\"@type\":\"ImageObject\",\"inLanguage\":\"fr-CA\",\"@id\":\"https:\/\/www.uqac.ca\/uqactualites\/2024\/09\/09\/luqac-inaugure-son-terrain-synthetique\/#primaryimage\",\"url\":\"https:\/\/www.uqac.ca\/uqactualites\/wp-content\/uploads\/2024\/09\/terrain-synthetique-inauguration-mduhaime-a24-1920-08.jpg\",\"contentUrl\":\"https:\/\/www.uqac.ca\/uqactualites\/wp-content\/uploads\/2024\/09\/terrain-synthetique-inauguration-mduhaime-a24-1920-08.jpg\",\"width\":1920,\"height\":1077},{\"@type\":\"BreadcrumbList\",\"@id\":\"https:\/\/www.uqac.ca\/uqactualites\/2024\/09\/09\/luqac-inaugure-son-terrain-synthetique\/#breadcrumb\",\"itemListElement\":[{\"@type\":\"ListItem\",\"position\":1,\"name\":\"Home\",\"item\":\"https:\/\/www.uqac.ca\/uqactualites\/\"},{\"@type\":\"ListItem\",\"position\":2,\"name\":\"L\u2019UQAC inaugure son terrain synth\u00e9tique\"}]},{\"@type\":\"WebSite\",\"@id\":\"https:\/\/www.uqac.ca\/uqactualites\/#website\",\"url\":\"https:\/\/www.uqac.ca\/uqactualites\/\",\"name\":\"UQACtualit\u00e9s\",\"description\":\"Le portail des nouvelles de l&#039;UQAC\",\"potentialAction\":[{\"@type\":\"SearchAction\",\"target\":{\"@type\":\"EntryPoint\",\"urlTemplate\":\"https:\/\/www.uqac.ca\/uqactualites\/?s={search_term_string}\"},\"query-input\":{\"@type\":\"PropertyValueSpecification\",\"valueRequired\":true,\"valueName\":\"search_term_string\"}}],\"inLanguage\":\"fr-CA\"},{\"@type\":\"Person\",\"@id\":\"https:\/\/www.uqac.ca\/uqactualites\/#\/schema\/person\/366c45a0c4f0e677b41b4af5886e2018\",\"name\":\"Service des communications et des relations publiques\",\"image\":{\"@type\":\"ImageObject\",\"inLanguage\":\"fr-CA\",\"@id\":\"https:\/\/www.uqac.ca\/uqactualites\/#\/schema\/person\/image\/\",\"url\":\"https:\/\/secure.gravatar.com\/avatar\/20fbbda8a292f59f2d3461a5b999c00b?s=96&d=mm&r=g\",\"contentUrl\":\"https:\/\/secure.gravatar.com\/avatar\/20fbbda8a292f59f2d3461a5b999c00b?s=96&d=mm&r=g\",\"caption\":\"Service des communications et des relations publiques\"},\"url\":\"https:\/\/www.uqac.ca\/uqactualites\/author\/bap\/\"}]}<\/script>\r\n<!-- \/ Yoast SEO plugin. -->","yoast_head_json":{"title":"L\u2019UQAC inaugure son terrain synth\u00e9tique - UQACtualit\u00e9s","robots":{"index":"index","follow":"follow","max-snippet":"max-snippet:-1","max-image-preview":"max-image-preview:large","max-video-preview":"max-video-preview:-1"},"canonical":"https:\/\/www.uqac.ca\/uqactualites\/2024\/09\/09\/luqac-inaugure-son-terrain-synthetique\/","og_locale":"fr_CA","og_type":"article","og_title":"L\u2019UQAC inaugure son terrain synth\u00e9tique - UQACtualit\u00e9s","og_description":"Dans le cadre d\u2019un ambitieux projet de modernisation des espaces int\u00e9rieurs et ext\u00e9rieurs de son campus de Saguenay, l\u2019Universit\u00e9 du Qu\u00e9bec \u00e0 Chicoutimi est heureuse d\u2019annoncer l\u2019inauguration de son terrain synth\u00e9tique r\u00e9nov\u00e9. Apr\u00e8s plusieurs mois de travaux, au cours desquels la surface de jeu a \u00e9t\u00e9 remplac\u00e9e et une piste d\u2019athl\u00e9tisme a \u00e9t\u00e9 ajout\u00e9e, le [&hellip;]","og_url":"https:\/\/www.uqac.ca\/uqactualites\/2024\/09\/09\/luqac-inaugure-son-terrain-synthetique\/","og_site_name":"UQACtualit\u00e9s","article_published_time":"2024-09-09T15:07:31+00:00","article_modified_time":"2024-09-09T15:13:13+00:00","og_image":[{"width":1920,"height":1077,"url":"https:\/\/www.uqac.ca\/uqactualites\/wp-content\/uploads\/2024\/09\/terrain-synthetique-inauguration-mduhaime-a24-1920-08.jpg","type":"image\/jpeg"}],"author":"Service des communications et des relations publiques","twitter_card":"summary_large_image","twitter_misc":{"\u00c9crit par":"Service des communications et des relations publiques","Estimation du temps de lecture":"3 minutes"},"schema":{"@context":"https:\/\/schema.org","@graph":[{"@type":"WebPage","@id":"https:\/\/www.uqac.ca\/uqactualites\/2024\/09\/09\/luqac-inaugure-son-terrain-synthetique\/","url":"https:\/\/www.uqac.ca\/uqactualites\/2024\/09\/09\/luqac-inaugure-son-terrain-synthetique\/","name":"L\u2019UQAC inaugure son terrain synth\u00e9tique - UQACtualit\u00e9s","isPartOf":{"@id":"https:\/\/www.uqac.ca\/uqactualites\/#website"},"primaryImageOfPage":{"@id":"https:\/\/www.uqac.ca\/uqactualites\/2024\/09\/09\/luqac-inaugure-son-terrain-synthetique\/#primaryimage"},"image":{"@id":"https:\/\/www.uqac.ca\/uqactualites\/2024\/09\/09\/luqac-inaugure-son-terrain-synthetique\/#primaryimage"},"thumbnailUrl":"https:\/\/www.uqac.ca\/uqactualites\/wp-content\/uploads\/2024\/09\/terrain-synthetique-inauguration-mduhaime-a24-1920-08.jpg","datePublished":"2024-09-09T15:07:31+00:00","dateModified":"2024-09-09T15:13:13+00:00","author":{"@id":"https:\/\/www.uqac.ca\/uqactualites\/#\/schema\/person\/366c45a0c4f0e677b41b4af5886e2018"},"breadcrumb":{"@id":"https:\/\/www.uqac.ca\/uqactualites\/2024\/09\/09\/luqac-inaugure-son-terrain-synthetique\/#breadcrumb"},"inLanguage":"fr-CA","potentialAction":[{"@type":"ReadAction","target":["https:\/\/www.uqac.ca\/uqactualites\/2024\/09\/09\/luqac-inaugure-son-terrain-synthetique\/"]}]},{"@type":"ImageObject","inLanguage":"fr-CA","@id":"https:\/\/www.uqac.ca\/uqactualites\/2024\/09\/09\/luqac-inaugure-son-terrain-synthetique\/#primaryimage","url":"https:\/\/www.uqac.ca\/uqactualites\/wp-content\/uploads\/2024\/09\/terrain-synthetique-inauguration-mduhaime-a24-1920-08.jpg","contentUrl":"https:\/\/www.uqac.ca\/uqactualites\/wp-content\/uploads\/2024\/09\/terrain-synthetique-inauguration-mduhaime-a24-1920-08.jpg","width":1920,"height":1077},{"@type":"BreadcrumbList","@id":"https:\/\/www.uqac.ca\/uqactualites\/2024\/09\/09\/luqac-inaugure-son-terrain-synthetique\/#breadcrumb","itemListElement":[{"@type":"ListItem","position":1,"name":"Home","item":"https:\/\/www.uqac.ca\/uqactualites\/"},{"@type":"ListItem","position":2,"name":"L\u2019UQAC inaugure son terrain synth\u00e9tique"}]},{"@type":"WebSite","@id":"https:\/\/www.uqac.ca\/uqactualites\/#website","url":"https:\/\/www.uqac.ca\/uqactualites\/","name":"UQACtualit\u00e9s","description":"Le portail des nouvelles de l&#039;UQAC","potentialAction":[{"@type":"SearchAction","target":{"@type":"EntryPoint","urlTemplate":"https:\/\/www.uqac.ca\/uqactualites\/?s={search_term_string}"},"query-input":{"@type":"PropertyValueSpecification","valueRequired":true,"valueName":"search_term_string"}}],"inLanguage":"fr-CA"},{"@type":"Person","@id":"https:\/\/www.uqac.ca\/uqactualites\/#\/schema\/person\/366c45a0c4f0e677b41b4af5886e2018","name":"Service des communications et des relations publiques","image":{"@type":"ImageObject","inLanguage":"fr-CA","@id":"https:\/\/www.uqac.ca\/uqactualites\/#\/schema\/person\/image\/","url":"https:\/\/secure.gravatar.com\/avatar\/20fbbda8a292f59f2d3461a5b999c00b?s=96&d=mm&r=g","contentUrl":"https:\/\/secure.gravatar.com\/avatar\/20fbbda8a292f59f2d3461a5b999c00b?s=96&d=mm&r=g","caption":"Service des communications et des relations publiques"},"url":"https:\/\/www.uqac.ca\/uqactualites\/author\/bap\/"}]}},"_links":{"self":[{"href":"https:\/\/www.uqac.ca\/uqactualites\/wp-json\/wp\/v2\/posts\/48617"}],"collection":[{"href":"https:\/\/www.uqac.ca\/uqactualites\/wp-json\/wp\/v2\/posts"}],"about":[{"href":"https:\/\/www.uqac.ca\/uqactualites\/wp-json\/wp\/v2\/types\/post"}],"author":[{"embeddable":true,"href":"https:\/\/www.uqac.ca\/uqactualites\/wp-json\/wp\/v2\/users\/5"}],"replies":[{"embeddable":true,"href":"https:\/\/www.uqac.ca\/uqactualites\/wp-json\/wp\/v2\/comments?post=48617"}],"version-history":[{"count":6,"href":"https:\/\/www.uqac.ca\/uqactualites\/wp-json\/wp\/v2\/posts\/48617\/revisions"}],"predecessor-version":[{"id":48635,"href":"https:\/\/www.uqac.ca\/uqactualites\/wp-json\/wp\/v2\/posts\/48617\/revisions\/48635"}],"wp:featuredmedia":[{"embeddable":true,"href":"https:\/\/www.uqac.ca\/uqactualites\/wp-json\/wp\/v2\/media\/48618"}],"wp:attachment":[{"href":"https:\/\/www.uqac.ca\/uqactualites\/wp-json\/wp\/v2\/media?parent=48617"}],"wp:term":[{"taxonomy":"category","embeddable":true,"href":"https:\/\/www.uqac.ca\/uqactualites\/wp-json\/wp\/v2\/categories?post=48617"},{"taxonomy":"post_tag","embeddable":true,"href":"https:\/\/www.uqac.ca\/uqactualites\/wp-json\/wp\/v2\/tags?post=48617"}],"curies":[{"name":"wp","href":"https:\/\/api.w.org\/{rel}","templated":true}]}}