{"id":48646,"date":"2024-09-12T09:00:39","date_gmt":"2024-09-12T13:00:39","guid":{"rendered":"https:\/\/www.uqac.ca\/uqactualites\/?p=48646"},"modified":"2024-09-11T14:04:47","modified_gmt":"2024-09-11T18:04:47","slug":"une-presentation-remarquee-au-siggraph-pour-lecole-nad-uqac-de-montreal","status":"publish","type":"post","link":"https:\/\/www.uqac.ca\/uqactualites\/2024\/09\/12\/une-presentation-remarquee-au-siggraph-pour-lecole-nad-uqac-de-montreal\/","title":{"rendered":"Une pr\u00e9sentation remarqu\u00e9e au SIGGRAPH pour l\u2019\u00c9cole NAD-UQAC"},"content":{"rendered":"<p>En juillet dernier, <a href=\"https:\/\/www.nad.ca\/fr\">l\u2019\u00c9cole des arts num\u00e9riques, de l\u2019animation et du design (NAD)<\/a> de Montr\u00e9al a brill\u00e9 sur la sc\u00e8ne internationale. Lors du prestigieux SIGGRAPH, un des \u00e9v\u00e9nements les plus importants pour l\u2019industrie des images num\u00e9riques, le professeur Fran\u00e7ois Lord a donn\u00e9 une conf\u00e9rence sur un sujet novateur. Cette conf\u00e9rence portait sur un pipeline de production OpenUSD avec tr\u00e8s peu de codage, lequel a \u00e9t\u00e9 d\u00e9velopp\u00e9 sp\u00e9cifiquement pour la communaut\u00e9 \u00e9tudiante de 3<sup>e<\/sup> ann\u00e9e au <a href=\"https:\/\/www.uqac.ca\/programme\/6666-baccalaureat-en-creation-3d-pour-le-cinema\/?officiel=oui#:~:text=Le%20Baccalaur%C3%A9at%20en%20cr%C3%A9ation%203D%20pour%20le%20cin%C3%A9ma%20vise%20%C3%A0,en%20cr%C3%A9ation%203D%20destin%C3%A9%20au\">baccalaur\u00e9at en cr\u00e9ation 3D pour le cin\u00e9ma<\/a>.<\/p>\n<p>Ce pipeline repose sur une technologie r\u00e9volutionnaire d\u00e9velopp\u00e9e par <em>Pixar<\/em>, nomm\u00e9e OpenUSD, ayant le potentiel de transformer la production d\u2019effets visuels et de films d\u2019animation. Le professeur Lord a su d\u00e9montrer que cette technologie d\u2019apparence complexe peut \u00eatre accessible et utilisable par tous, et ce, m\u00eame dans des environnements acad\u00e9miques o\u00f9 les ressources en programmation sont limit\u00e9es. Cette approche a \u00e9t\u00e9 salu\u00e9e par les jurys du SIGGRAPH, qui ont jug\u00e9 la\u00a0solution particuli\u00e8rement innovante.<\/p>\n","protected":false},"excerpt":{"rendered":"<p>En juillet dernier, l\u2019\u00c9cole des arts num\u00e9riques, de l\u2019animation et du design (NAD) de Montr\u00e9al a brill\u00e9 sur la sc\u00e8ne internationale. Lors du prestigieux SIGGRAPH, un des \u00e9v\u00e9nements les plus importants pour l\u2019industrie des images num\u00e9riques, le professeur Fran\u00e7ois Lord a donn\u00e9 une conf\u00e9rence sur un sujet novateur. Cette conf\u00e9rence portait sur un pipeline de [&hellip;]<\/p>\n","protected":false},"author":5,"featured_media":48648,"comment_status":"closed","ping_status":"open","sticky":false,"template":"","format":"standard","meta":{"footnotes":""},"categories":[2795,61,1],"tags":[],"yoast_head":"<!-- This site is optimized with the Yoast SEO plugin v24.2 - https:\/\/yoast.com\/wordpress\/plugins\/seo\/ -->\r\n<title>Une pr\u00e9sentation remarqu\u00e9e au SIGGRAPH pour l\u2019\u00c9cole NAD-UQAC - UQACtualit\u00e9s<\/title>\r\n<meta name=\"robots\" content=\"index, follow, max-snippet:-1, max-image-preview:large, max-video-preview:-1\" \/>\r\n<link rel=\"canonical\" href=\"https:\/\/www.uqac.ca\/uqactualites\/2024\/09\/12\/une-presentation-remarquee-au-siggraph-pour-lecole-nad-uqac-de-montreal\/\" \/>\r\n<meta property=\"og:locale\" content=\"fr_CA\" \/>\r\n<meta property=\"og:type\" content=\"article\" \/>\r\n<meta property=\"og:title\" content=\"Une pr\u00e9sentation remarqu\u00e9e au SIGGRAPH pour l\u2019\u00c9cole NAD-UQAC - UQACtualit\u00e9s\" \/>\r\n<meta property=\"og:description\" content=\"En juillet dernier, l\u2019\u00c9cole des arts num\u00e9riques, de l\u2019animation et du design (NAD) de Montr\u00e9al a brill\u00e9 sur la sc\u00e8ne internationale. Lors du prestigieux SIGGRAPH, un des \u00e9v\u00e9nements les plus importants pour l\u2019industrie des images num\u00e9riques, le professeur Fran\u00e7ois Lord a donn\u00e9 une conf\u00e9rence sur un sujet novateur. Cette conf\u00e9rence portait sur un pipeline de [&hellip;]\" \/>\r\n<meta property=\"og:url\" content=\"https:\/\/www.uqac.ca\/uqactualites\/2024\/09\/12\/une-presentation-remarquee-au-siggraph-pour-lecole-nad-uqac-de-montreal\/\" \/>\r\n<meta property=\"og:site_name\" content=\"UQACtualit\u00e9s\" \/>\r\n<meta property=\"article:published_time\" content=\"2024-09-12T13:00:39+00:00\" \/>\r\n<meta property=\"article:modified_time\" content=\"2024-09-11T18:04:47+00:00\" \/>\r\n<meta property=\"og:image\" content=\"https:\/\/www.uqac.ca\/uqactualites\/wp-content\/uploads\/2024\/09\/2wj2bh9YnPsSLenH.jpg\" \/>\r\n\t<meta property=\"og:image:width\" content=\"500\" \/>\r\n\t<meta property=\"og:image:height\" content=\"333\" \/>\r\n\t<meta property=\"og:image:type\" content=\"image\/jpeg\" \/>\r\n<meta name=\"author\" content=\"Service des communications et des relations publiques\" \/>\r\n<meta name=\"twitter:card\" content=\"summary_large_image\" \/>\r\n<meta name=\"twitter:label1\" content=\"\u00c9crit par\" \/>\n\t<meta name=\"twitter:data1\" content=\"Service des communications et des relations publiques\" \/>\n\t<meta name=\"twitter:label2\" content=\"Estimation du temps de lecture\" \/>\n\t<meta name=\"twitter:data2\" content=\"2 minutes\" \/>\r\n<script type=\"application\/ld+json\" class=\"yoast-schema-graph\">{\"@context\":\"https:\/\/schema.org\",\"@graph\":[{\"@type\":\"WebPage\",\"@id\":\"https:\/\/www.uqac.ca\/uqactualites\/2024\/09\/12\/une-presentation-remarquee-au-siggraph-pour-lecole-nad-uqac-de-montreal\/\",\"url\":\"https:\/\/www.uqac.ca\/uqactualites\/2024\/09\/12\/une-presentation-remarquee-au-siggraph-pour-lecole-nad-uqac-de-montreal\/\",\"name\":\"Une pr\u00e9sentation remarqu\u00e9e au SIGGRAPH pour l\u2019\u00c9cole NAD-UQAC - UQACtualit\u00e9s\",\"isPartOf\":{\"@id\":\"https:\/\/www.uqac.ca\/uqactualites\/#website\"},\"primaryImageOfPage\":{\"@id\":\"https:\/\/www.uqac.ca\/uqactualites\/2024\/09\/12\/une-presentation-remarquee-au-siggraph-pour-lecole-nad-uqac-de-montreal\/#primaryimage\"},\"image\":{\"@id\":\"https:\/\/www.uqac.ca\/uqactualites\/2024\/09\/12\/une-presentation-remarquee-au-siggraph-pour-lecole-nad-uqac-de-montreal\/#primaryimage\"},\"thumbnailUrl\":\"https:\/\/www.uqac.ca\/uqactualites\/wp-content\/uploads\/2024\/09\/2wj2bh9YnPsSLenH.jpg\",\"datePublished\":\"2024-09-12T13:00:39+00:00\",\"dateModified\":\"2024-09-11T18:04:47+00:00\",\"author\":{\"@id\":\"https:\/\/www.uqac.ca\/uqactualites\/#\/schema\/person\/366c45a0c4f0e677b41b4af5886e2018\"},\"breadcrumb\":{\"@id\":\"https:\/\/www.uqac.ca\/uqactualites\/2024\/09\/12\/une-presentation-remarquee-au-siggraph-pour-lecole-nad-uqac-de-montreal\/#breadcrumb\"},\"inLanguage\":\"fr-CA\",\"potentialAction\":[{\"@type\":\"ReadAction\",\"target\":[\"https:\/\/www.uqac.ca\/uqactualites\/2024\/09\/12\/une-presentation-remarquee-au-siggraph-pour-lecole-nad-uqac-de-montreal\/\"]}]},{\"@type\":\"ImageObject\",\"inLanguage\":\"fr-CA\",\"@id\":\"https:\/\/www.uqac.ca\/uqactualites\/2024\/09\/12\/une-presentation-remarquee-au-siggraph-pour-lecole-nad-uqac-de-montreal\/#primaryimage\",\"url\":\"https:\/\/www.uqac.ca\/uqactualites\/wp-content\/uploads\/2024\/09\/2wj2bh9YnPsSLenH.jpg\",\"contentUrl\":\"https:\/\/www.uqac.ca\/uqactualites\/wp-content\/uploads\/2024\/09\/2wj2bh9YnPsSLenH.jpg\",\"width\":500,\"height\":333},{\"@type\":\"BreadcrumbList\",\"@id\":\"https:\/\/www.uqac.ca\/uqactualites\/2024\/09\/12\/une-presentation-remarquee-au-siggraph-pour-lecole-nad-uqac-de-montreal\/#breadcrumb\",\"itemListElement\":[{\"@type\":\"ListItem\",\"position\":1,\"name\":\"Home\",\"item\":\"https:\/\/www.uqac.ca\/uqactualites\/\"},{\"@type\":\"ListItem\",\"position\":2,\"name\":\"Une pr\u00e9sentation remarqu\u00e9e au SIGGRAPH pour l\u2019\u00c9cole NAD-UQAC\"}]},{\"@type\":\"WebSite\",\"@id\":\"https:\/\/www.uqac.ca\/uqactualites\/#website\",\"url\":\"https:\/\/www.uqac.ca\/uqactualites\/\",\"name\":\"UQACtualit\u00e9s\",\"description\":\"Le portail des nouvelles de l&#039;UQAC\",\"potentialAction\":[{\"@type\":\"SearchAction\",\"target\":{\"@type\":\"EntryPoint\",\"urlTemplate\":\"https:\/\/www.uqac.ca\/uqactualites\/?s={search_term_string}\"},\"query-input\":{\"@type\":\"PropertyValueSpecification\",\"valueRequired\":true,\"valueName\":\"search_term_string\"}}],\"inLanguage\":\"fr-CA\"},{\"@type\":\"Person\",\"@id\":\"https:\/\/www.uqac.ca\/uqactualites\/#\/schema\/person\/366c45a0c4f0e677b41b4af5886e2018\",\"name\":\"Service des communications et des relations publiques\",\"image\":{\"@type\":\"ImageObject\",\"inLanguage\":\"fr-CA\",\"@id\":\"https:\/\/www.uqac.ca\/uqactualites\/#\/schema\/person\/image\/\",\"url\":\"https:\/\/secure.gravatar.com\/avatar\/20fbbda8a292f59f2d3461a5b999c00b?s=96&d=mm&r=g\",\"contentUrl\":\"https:\/\/secure.gravatar.com\/avatar\/20fbbda8a292f59f2d3461a5b999c00b?s=96&d=mm&r=g\",\"caption\":\"Service des communications et des relations publiques\"},\"url\":\"https:\/\/www.uqac.ca\/uqactualites\/author\/bap\/\"}]}<\/script>\r\n<!-- \/ Yoast SEO plugin. -->","yoast_head_json":{"title":"Une pr\u00e9sentation remarqu\u00e9e au SIGGRAPH pour l\u2019\u00c9cole NAD-UQAC - UQACtualit\u00e9s","robots":{"index":"index","follow":"follow","max-snippet":"max-snippet:-1","max-image-preview":"max-image-preview:large","max-video-preview":"max-video-preview:-1"},"canonical":"https:\/\/www.uqac.ca\/uqactualites\/2024\/09\/12\/une-presentation-remarquee-au-siggraph-pour-lecole-nad-uqac-de-montreal\/","og_locale":"fr_CA","og_type":"article","og_title":"Une pr\u00e9sentation remarqu\u00e9e au SIGGRAPH pour l\u2019\u00c9cole NAD-UQAC - UQACtualit\u00e9s","og_description":"En juillet dernier, l\u2019\u00c9cole des arts num\u00e9riques, de l\u2019animation et du design (NAD) de Montr\u00e9al a brill\u00e9 sur la sc\u00e8ne internationale. Lors du prestigieux SIGGRAPH, un des \u00e9v\u00e9nements les plus importants pour l\u2019industrie des images num\u00e9riques, le professeur Fran\u00e7ois Lord a donn\u00e9 une conf\u00e9rence sur un sujet novateur. Cette conf\u00e9rence portait sur un pipeline de [&hellip;]","og_url":"https:\/\/www.uqac.ca\/uqactualites\/2024\/09\/12\/une-presentation-remarquee-au-siggraph-pour-lecole-nad-uqac-de-montreal\/","og_site_name":"UQACtualit\u00e9s","article_published_time":"2024-09-12T13:00:39+00:00","article_modified_time":"2024-09-11T18:04:47+00:00","og_image":[{"width":500,"height":333,"url":"https:\/\/www.uqac.ca\/uqactualites\/wp-content\/uploads\/2024\/09\/2wj2bh9YnPsSLenH.jpg","type":"image\/jpeg"}],"author":"Service des communications et des relations publiques","twitter_card":"summary_large_image","twitter_misc":{"\u00c9crit par":"Service des communications et des relations publiques","Estimation du temps de lecture":"2 minutes"},"schema":{"@context":"https:\/\/schema.org","@graph":[{"@type":"WebPage","@id":"https:\/\/www.uqac.ca\/uqactualites\/2024\/09\/12\/une-presentation-remarquee-au-siggraph-pour-lecole-nad-uqac-de-montreal\/","url":"https:\/\/www.uqac.ca\/uqactualites\/2024\/09\/12\/une-presentation-remarquee-au-siggraph-pour-lecole-nad-uqac-de-montreal\/","name":"Une pr\u00e9sentation remarqu\u00e9e au SIGGRAPH pour l\u2019\u00c9cole NAD-UQAC - UQACtualit\u00e9s","isPartOf":{"@id":"https:\/\/www.uqac.ca\/uqactualites\/#website"},"primaryImageOfPage":{"@id":"https:\/\/www.uqac.ca\/uqactualites\/2024\/09\/12\/une-presentation-remarquee-au-siggraph-pour-lecole-nad-uqac-de-montreal\/#primaryimage"},"image":{"@id":"https:\/\/www.uqac.ca\/uqactualites\/2024\/09\/12\/une-presentation-remarquee-au-siggraph-pour-lecole-nad-uqac-de-montreal\/#primaryimage"},"thumbnailUrl":"https:\/\/www.uqac.ca\/uqactualites\/wp-content\/uploads\/2024\/09\/2wj2bh9YnPsSLenH.jpg","datePublished":"2024-09-12T13:00:39+00:00","dateModified":"2024-09-11T18:04:47+00:00","author":{"@id":"https:\/\/www.uqac.ca\/uqactualites\/#\/schema\/person\/366c45a0c4f0e677b41b4af5886e2018"},"breadcrumb":{"@id":"https:\/\/www.uqac.ca\/uqactualites\/2024\/09\/12\/une-presentation-remarquee-au-siggraph-pour-lecole-nad-uqac-de-montreal\/#breadcrumb"},"inLanguage":"fr-CA","potentialAction":[{"@type":"ReadAction","target":["https:\/\/www.uqac.ca\/uqactualites\/2024\/09\/12\/une-presentation-remarquee-au-siggraph-pour-lecole-nad-uqac-de-montreal\/"]}]},{"@type":"ImageObject","inLanguage":"fr-CA","@id":"https:\/\/www.uqac.ca\/uqactualites\/2024\/09\/12\/une-presentation-remarquee-au-siggraph-pour-lecole-nad-uqac-de-montreal\/#primaryimage","url":"https:\/\/www.uqac.ca\/uqactualites\/wp-content\/uploads\/2024\/09\/2wj2bh9YnPsSLenH.jpg","contentUrl":"https:\/\/www.uqac.ca\/uqactualites\/wp-content\/uploads\/2024\/09\/2wj2bh9YnPsSLenH.jpg","width":500,"height":333},{"@type":"BreadcrumbList","@id":"https:\/\/www.uqac.ca\/uqactualites\/2024\/09\/12\/une-presentation-remarquee-au-siggraph-pour-lecole-nad-uqac-de-montreal\/#breadcrumb","itemListElement":[{"@type":"ListItem","position":1,"name":"Home","item":"https:\/\/www.uqac.ca\/uqactualites\/"},{"@type":"ListItem","position":2,"name":"Une pr\u00e9sentation remarqu\u00e9e au SIGGRAPH pour l\u2019\u00c9cole NAD-UQAC"}]},{"@type":"WebSite","@id":"https:\/\/www.uqac.ca\/uqactualites\/#website","url":"https:\/\/www.uqac.ca\/uqactualites\/","name":"UQACtualit\u00e9s","description":"Le portail des nouvelles de l&#039;UQAC","potentialAction":[{"@type":"SearchAction","target":{"@type":"EntryPoint","urlTemplate":"https:\/\/www.uqac.ca\/uqactualites\/?s={search_term_string}"},"query-input":{"@type":"PropertyValueSpecification","valueRequired":true,"valueName":"search_term_string"}}],"inLanguage":"fr-CA"},{"@type":"Person","@id":"https:\/\/www.uqac.ca\/uqactualites\/#\/schema\/person\/366c45a0c4f0e677b41b4af5886e2018","name":"Service des communications et des relations publiques","image":{"@type":"ImageObject","inLanguage":"fr-CA","@id":"https:\/\/www.uqac.ca\/uqactualites\/#\/schema\/person\/image\/","url":"https:\/\/secure.gravatar.com\/avatar\/20fbbda8a292f59f2d3461a5b999c00b?s=96&d=mm&r=g","contentUrl":"https:\/\/secure.gravatar.com\/avatar\/20fbbda8a292f59f2d3461a5b999c00b?s=96&d=mm&r=g","caption":"Service des communications et des relations publiques"},"url":"https:\/\/www.uqac.ca\/uqactualites\/author\/bap\/"}]}},"_links":{"self":[{"href":"https:\/\/www.uqac.ca\/uqactualites\/wp-json\/wp\/v2\/posts\/48646"}],"collection":[{"href":"https:\/\/www.uqac.ca\/uqactualites\/wp-json\/wp\/v2\/posts"}],"about":[{"href":"https:\/\/www.uqac.ca\/uqactualites\/wp-json\/wp\/v2\/types\/post"}],"author":[{"embeddable":true,"href":"https:\/\/www.uqac.ca\/uqactualites\/wp-json\/wp\/v2\/users\/5"}],"replies":[{"embeddable":true,"href":"https:\/\/www.uqac.ca\/uqactualites\/wp-json\/wp\/v2\/comments?post=48646"}],"version-history":[{"count":2,"href":"https:\/\/www.uqac.ca\/uqactualites\/wp-json\/wp\/v2\/posts\/48646\/revisions"}],"predecessor-version":[{"id":48672,"href":"https:\/\/www.uqac.ca\/uqactualites\/wp-json\/wp\/v2\/posts\/48646\/revisions\/48672"}],"wp:featuredmedia":[{"embeddable":true,"href":"https:\/\/www.uqac.ca\/uqactualites\/wp-json\/wp\/v2\/media\/48648"}],"wp:attachment":[{"href":"https:\/\/www.uqac.ca\/uqactualites\/wp-json\/wp\/v2\/media?parent=48646"}],"wp:term":[{"taxonomy":"category","embeddable":true,"href":"https:\/\/www.uqac.ca\/uqactualites\/wp-json\/wp\/v2\/categories?post=48646"},{"taxonomy":"post_tag","embeddable":true,"href":"https:\/\/www.uqac.ca\/uqactualites\/wp-json\/wp\/v2\/tags?post=48646"}],"curies":[{"name":"wp","href":"https:\/\/api.w.org\/{rel}","templated":true}]}}