{"id":48649,"date":"2024-09-16T09:00:34","date_gmt":"2024-09-16T13:00:34","guid":{"rendered":"https:\/\/www.uqac.ca\/uqactualites\/?p=48649"},"modified":"2024-09-16T10:55:43","modified_gmt":"2024-09-16T14:55:43","slug":"lecole-nad-ouvre-ses-portes-le-26-octobre-2024","status":"publish","type":"post","link":"https:\/\/www.uqac.ca\/uqactualites\/2024\/09\/16\/lecole-nad-ouvre-ses-portes-le-26-octobre-2024\/","title":{"rendered":"L\u2019\u00c9cole NAD ouvre ses portes le 26 octobre 2024"},"content":{"rendered":"<p>Le samedi 26 octobre prochain, de 10 h \u00e0 16 h, l\u2019\u00c9cole NAD-UQAC ouvre ses portes aux futurs \u00e9tudiants et \u00e9tudiantes. Ce rendez-vous incontournable avec le corps professoral, la communaut\u00e9 \u00e9tudiante et les membres de l\u2019\u00e9quipe de <a href=\"https:\/\/www.nad.ca\/fr\">l\u2019\u00c9cole des arts num\u00e9riques, de l\u2019animation et du design (NAD)<\/a> est l\u2019occasion id\u00e9ale pour d\u00e9couvrir l\u2019univers de la cr\u00e9ation 3D pour le jeu vid\u00e9o et le cin\u00e9ma.<\/p>\n<p>Une journ\u00e9e d\u2019exploration, d\u2019inspiration et de rencontres permettant\u00a0:<\/p>\n<ul>\n<li>De plonger dans l\u2019univers de l\u2019\u00e9cole\u00a0en participant \u00e0 une visite guid\u00e9e des installations;<\/li>\n<li>D\u2019assister \u00e0 des pr\u00e9sentations exclusives du corps enseignant et des personnes professionnelles de l\u2019industrie;<\/li>\n<li>De d\u00e9couvrir les programmes acad\u00e9miques en jeu vid\u00e9o, en cin\u00e9ma, de la formation continue et des cycles sup\u00e9rieurs;<\/li>\n<li>De d\u00e9nicher les perspectives de carri\u00e8re dans l\u2019industrie et les exp\u00e9riences d\u2019apprentissage;<\/li>\n<li>D\u2019explorer le monde de la m\u00e9canique de jeu (<em>gameplay<\/em>), la cr\u00e9ativit\u00e9 en \u00e9bullition des laboratoires de recherche, et les technologies immersives comme la salle DBOX;<\/li>\n<li>De rencontrer les grands noms de l\u2019industrie.<\/li>\n<\/ul>\n<p>Pour r\u00e9servation : <a href=\"https:\/\/docs.google.com\/forms\/d\/e\/1FAIpQLScSHa2OWQdUQOfJuOTRNLh2iy_ECOfDrUjHd-I5GpZmS4_5kw\/viewform\">portes ouvertes 2024<\/a><\/p>\n","protected":false},"excerpt":{"rendered":"<p>Le samedi 26 octobre prochain, de 10 h \u00e0 16 h, l\u2019\u00c9cole NAD-UQAC ouvre ses portes aux futurs \u00e9tudiants et \u00e9tudiantes. Ce rendez-vous incontournable avec le corps professoral, la communaut\u00e9 \u00e9tudiante et les membres de l\u2019\u00e9quipe de l\u2019\u00c9cole des arts num\u00e9riques, de l\u2019animation et du design (NAD) est l\u2019occasion id\u00e9ale pour d\u00e9couvrir l\u2019univers de la [&hellip;]<\/p>\n","protected":false},"author":5,"featured_media":48650,"comment_status":"closed","ping_status":"open","sticky":false,"template":"","format":"standard","meta":{"footnotes":""},"categories":[2795,61],"tags":[76],"yoast_head":"<!-- This site is optimized with the Yoast SEO plugin v24.2 - https:\/\/yoast.com\/wordpress\/plugins\/seo\/ -->\r\n<title>L\u2019\u00c9cole NAD ouvre ses portes le 26 octobre 2024 - UQACtualit\u00e9s<\/title>\r\n<meta name=\"robots\" content=\"index, follow, max-snippet:-1, max-image-preview:large, max-video-preview:-1\" \/>\r\n<link rel=\"canonical\" href=\"https:\/\/www.uqac.ca\/uqactualites\/2024\/09\/16\/lecole-nad-ouvre-ses-portes-le-26-octobre-2024\/\" \/>\r\n<meta property=\"og:locale\" content=\"fr_CA\" \/>\r\n<meta property=\"og:type\" content=\"article\" \/>\r\n<meta property=\"og:title\" content=\"L\u2019\u00c9cole NAD ouvre ses portes le 26 octobre 2024 - UQACtualit\u00e9s\" \/>\r\n<meta property=\"og:description\" content=\"Le samedi 26 octobre prochain, de 10 h \u00e0 16 h, l\u2019\u00c9cole NAD-UQAC ouvre ses portes aux futurs \u00e9tudiants et \u00e9tudiantes. Ce rendez-vous incontournable avec le corps professoral, la communaut\u00e9 \u00e9tudiante et les membres de l\u2019\u00e9quipe de l\u2019\u00c9cole des arts num\u00e9riques, de l\u2019animation et du design (NAD) est l\u2019occasion id\u00e9ale pour d\u00e9couvrir l\u2019univers de la [&hellip;]\" \/>\r\n<meta property=\"og:url\" content=\"https:\/\/www.uqac.ca\/uqactualites\/2024\/09\/16\/lecole-nad-ouvre-ses-portes-le-26-octobre-2024\/\" \/>\r\n<meta property=\"og:site_name\" content=\"UQACtualit\u00e9s\" \/>\r\n<meta property=\"article:published_time\" content=\"2024-09-16T13:00:34+00:00\" \/>\r\n<meta property=\"article:modified_time\" content=\"2024-09-16T14:55:43+00:00\" \/>\r\n<meta property=\"og:image\" content=\"https:\/\/www.uqac.ca\/uqactualites\/wp-content\/uploads\/2024\/09\/NUM_NAD_PortesOuvertesA24_Uqctualite1920X1080.jpg\" \/>\r\n\t<meta property=\"og:image:width\" content=\"1920\" \/>\r\n\t<meta property=\"og:image:height\" content=\"1080\" \/>\r\n\t<meta property=\"og:image:type\" content=\"image\/jpeg\" \/>\r\n<meta name=\"author\" content=\"Service des communications et des relations publiques\" \/>\r\n<meta name=\"twitter:card\" content=\"summary_large_image\" \/>\r\n<meta name=\"twitter:label1\" content=\"\u00c9crit par\" \/>\n\t<meta name=\"twitter:data1\" content=\"Service des communications et des relations publiques\" \/>\n\t<meta name=\"twitter:label2\" content=\"Estimation du temps de lecture\" \/>\n\t<meta name=\"twitter:data2\" content=\"2 minutes\" \/>\r\n<script type=\"application\/ld+json\" class=\"yoast-schema-graph\">{\"@context\":\"https:\/\/schema.org\",\"@graph\":[{\"@type\":\"WebPage\",\"@id\":\"https:\/\/www.uqac.ca\/uqactualites\/2024\/09\/16\/lecole-nad-ouvre-ses-portes-le-26-octobre-2024\/\",\"url\":\"https:\/\/www.uqac.ca\/uqactualites\/2024\/09\/16\/lecole-nad-ouvre-ses-portes-le-26-octobre-2024\/\",\"name\":\"L\u2019\u00c9cole NAD ouvre ses portes le 26 octobre 2024 - UQACtualit\u00e9s\",\"isPartOf\":{\"@id\":\"https:\/\/www.uqac.ca\/uqactualites\/#website\"},\"primaryImageOfPage\":{\"@id\":\"https:\/\/www.uqac.ca\/uqactualites\/2024\/09\/16\/lecole-nad-ouvre-ses-portes-le-26-octobre-2024\/#primaryimage\"},\"image\":{\"@id\":\"https:\/\/www.uqac.ca\/uqactualites\/2024\/09\/16\/lecole-nad-ouvre-ses-portes-le-26-octobre-2024\/#primaryimage\"},\"thumbnailUrl\":\"https:\/\/www.uqac.ca\/uqactualites\/wp-content\/uploads\/2024\/09\/NUM_NAD_PortesOuvertesA24_Uqctualite1920X1080.jpg\",\"datePublished\":\"2024-09-16T13:00:34+00:00\",\"dateModified\":\"2024-09-16T14:55:43+00:00\",\"author\":{\"@id\":\"https:\/\/www.uqac.ca\/uqactualites\/#\/schema\/person\/366c45a0c4f0e677b41b4af5886e2018\"},\"breadcrumb\":{\"@id\":\"https:\/\/www.uqac.ca\/uqactualites\/2024\/09\/16\/lecole-nad-ouvre-ses-portes-le-26-octobre-2024\/#breadcrumb\"},\"inLanguage\":\"fr-CA\",\"potentialAction\":[{\"@type\":\"ReadAction\",\"target\":[\"https:\/\/www.uqac.ca\/uqactualites\/2024\/09\/16\/lecole-nad-ouvre-ses-portes-le-26-octobre-2024\/\"]}]},{\"@type\":\"ImageObject\",\"inLanguage\":\"fr-CA\",\"@id\":\"https:\/\/www.uqac.ca\/uqactualites\/2024\/09\/16\/lecole-nad-ouvre-ses-portes-le-26-octobre-2024\/#primaryimage\",\"url\":\"https:\/\/www.uqac.ca\/uqactualites\/wp-content\/uploads\/2024\/09\/NUM_NAD_PortesOuvertesA24_Uqctualite1920X1080.jpg\",\"contentUrl\":\"https:\/\/www.uqac.ca\/uqactualites\/wp-content\/uploads\/2024\/09\/NUM_NAD_PortesOuvertesA24_Uqctualite1920X1080.jpg\",\"width\":1920,\"height\":1080},{\"@type\":\"BreadcrumbList\",\"@id\":\"https:\/\/www.uqac.ca\/uqactualites\/2024\/09\/16\/lecole-nad-ouvre-ses-portes-le-26-octobre-2024\/#breadcrumb\",\"itemListElement\":[{\"@type\":\"ListItem\",\"position\":1,\"name\":\"Home\",\"item\":\"https:\/\/www.uqac.ca\/uqactualites\/\"},{\"@type\":\"ListItem\",\"position\":2,\"name\":\"L\u2019\u00c9cole NAD ouvre ses portes le 26 octobre 2024\"}]},{\"@type\":\"WebSite\",\"@id\":\"https:\/\/www.uqac.ca\/uqactualites\/#website\",\"url\":\"https:\/\/www.uqac.ca\/uqactualites\/\",\"name\":\"UQACtualit\u00e9s\",\"description\":\"Le portail des nouvelles de l&#039;UQAC\",\"potentialAction\":[{\"@type\":\"SearchAction\",\"target\":{\"@type\":\"EntryPoint\",\"urlTemplate\":\"https:\/\/www.uqac.ca\/uqactualites\/?s={search_term_string}\"},\"query-input\":{\"@type\":\"PropertyValueSpecification\",\"valueRequired\":true,\"valueName\":\"search_term_string\"}}],\"inLanguage\":\"fr-CA\"},{\"@type\":\"Person\",\"@id\":\"https:\/\/www.uqac.ca\/uqactualites\/#\/schema\/person\/366c45a0c4f0e677b41b4af5886e2018\",\"name\":\"Service des communications et des relations publiques\",\"image\":{\"@type\":\"ImageObject\",\"inLanguage\":\"fr-CA\",\"@id\":\"https:\/\/www.uqac.ca\/uqactualites\/#\/schema\/person\/image\/\",\"url\":\"https:\/\/secure.gravatar.com\/avatar\/20fbbda8a292f59f2d3461a5b999c00b?s=96&d=mm&r=g\",\"contentUrl\":\"https:\/\/secure.gravatar.com\/avatar\/20fbbda8a292f59f2d3461a5b999c00b?s=96&d=mm&r=g\",\"caption\":\"Service des communications et des relations publiques\"},\"url\":\"https:\/\/www.uqac.ca\/uqactualites\/author\/bap\/\"}]}<\/script>\r\n<!-- \/ Yoast SEO plugin. -->","yoast_head_json":{"title":"L\u2019\u00c9cole NAD ouvre ses portes le 26 octobre 2024 - UQACtualit\u00e9s","robots":{"index":"index","follow":"follow","max-snippet":"max-snippet:-1","max-image-preview":"max-image-preview:large","max-video-preview":"max-video-preview:-1"},"canonical":"https:\/\/www.uqac.ca\/uqactualites\/2024\/09\/16\/lecole-nad-ouvre-ses-portes-le-26-octobre-2024\/","og_locale":"fr_CA","og_type":"article","og_title":"L\u2019\u00c9cole NAD ouvre ses portes le 26 octobre 2024 - UQACtualit\u00e9s","og_description":"Le samedi 26 octobre prochain, de 10 h \u00e0 16 h, l\u2019\u00c9cole NAD-UQAC ouvre ses portes aux futurs \u00e9tudiants et \u00e9tudiantes. Ce rendez-vous incontournable avec le corps professoral, la communaut\u00e9 \u00e9tudiante et les membres de l\u2019\u00e9quipe de l\u2019\u00c9cole des arts num\u00e9riques, de l\u2019animation et du design (NAD) est l\u2019occasion id\u00e9ale pour d\u00e9couvrir l\u2019univers de la [&hellip;]","og_url":"https:\/\/www.uqac.ca\/uqactualites\/2024\/09\/16\/lecole-nad-ouvre-ses-portes-le-26-octobre-2024\/","og_site_name":"UQACtualit\u00e9s","article_published_time":"2024-09-16T13:00:34+00:00","article_modified_time":"2024-09-16T14:55:43+00:00","og_image":[{"width":1920,"height":1080,"url":"https:\/\/www.uqac.ca\/uqactualites\/wp-content\/uploads\/2024\/09\/NUM_NAD_PortesOuvertesA24_Uqctualite1920X1080.jpg","type":"image\/jpeg"}],"author":"Service des communications et des relations publiques","twitter_card":"summary_large_image","twitter_misc":{"\u00c9crit par":"Service des communications et des relations publiques","Estimation du temps de lecture":"2 minutes"},"schema":{"@context":"https:\/\/schema.org","@graph":[{"@type":"WebPage","@id":"https:\/\/www.uqac.ca\/uqactualites\/2024\/09\/16\/lecole-nad-ouvre-ses-portes-le-26-octobre-2024\/","url":"https:\/\/www.uqac.ca\/uqactualites\/2024\/09\/16\/lecole-nad-ouvre-ses-portes-le-26-octobre-2024\/","name":"L\u2019\u00c9cole NAD ouvre ses portes le 26 octobre 2024 - UQACtualit\u00e9s","isPartOf":{"@id":"https:\/\/www.uqac.ca\/uqactualites\/#website"},"primaryImageOfPage":{"@id":"https:\/\/www.uqac.ca\/uqactualites\/2024\/09\/16\/lecole-nad-ouvre-ses-portes-le-26-octobre-2024\/#primaryimage"},"image":{"@id":"https:\/\/www.uqac.ca\/uqactualites\/2024\/09\/16\/lecole-nad-ouvre-ses-portes-le-26-octobre-2024\/#primaryimage"},"thumbnailUrl":"https:\/\/www.uqac.ca\/uqactualites\/wp-content\/uploads\/2024\/09\/NUM_NAD_PortesOuvertesA24_Uqctualite1920X1080.jpg","datePublished":"2024-09-16T13:00:34+00:00","dateModified":"2024-09-16T14:55:43+00:00","author":{"@id":"https:\/\/www.uqac.ca\/uqactualites\/#\/schema\/person\/366c45a0c4f0e677b41b4af5886e2018"},"breadcrumb":{"@id":"https:\/\/www.uqac.ca\/uqactualites\/2024\/09\/16\/lecole-nad-ouvre-ses-portes-le-26-octobre-2024\/#breadcrumb"},"inLanguage":"fr-CA","potentialAction":[{"@type":"ReadAction","target":["https:\/\/www.uqac.ca\/uqactualites\/2024\/09\/16\/lecole-nad-ouvre-ses-portes-le-26-octobre-2024\/"]}]},{"@type":"ImageObject","inLanguage":"fr-CA","@id":"https:\/\/www.uqac.ca\/uqactualites\/2024\/09\/16\/lecole-nad-ouvre-ses-portes-le-26-octobre-2024\/#primaryimage","url":"https:\/\/www.uqac.ca\/uqactualites\/wp-content\/uploads\/2024\/09\/NUM_NAD_PortesOuvertesA24_Uqctualite1920X1080.jpg","contentUrl":"https:\/\/www.uqac.ca\/uqactualites\/wp-content\/uploads\/2024\/09\/NUM_NAD_PortesOuvertesA24_Uqctualite1920X1080.jpg","width":1920,"height":1080},{"@type":"BreadcrumbList","@id":"https:\/\/www.uqac.ca\/uqactualites\/2024\/09\/16\/lecole-nad-ouvre-ses-portes-le-26-octobre-2024\/#breadcrumb","itemListElement":[{"@type":"ListItem","position":1,"name":"Home","item":"https:\/\/www.uqac.ca\/uqactualites\/"},{"@type":"ListItem","position":2,"name":"L\u2019\u00c9cole NAD ouvre ses portes le 26 octobre 2024"}]},{"@type":"WebSite","@id":"https:\/\/www.uqac.ca\/uqactualites\/#website","url":"https:\/\/www.uqac.ca\/uqactualites\/","name":"UQACtualit\u00e9s","description":"Le portail des nouvelles de l&#039;UQAC","potentialAction":[{"@type":"SearchAction","target":{"@type":"EntryPoint","urlTemplate":"https:\/\/www.uqac.ca\/uqactualites\/?s={search_term_string}"},"query-input":{"@type":"PropertyValueSpecification","valueRequired":true,"valueName":"search_term_string"}}],"inLanguage":"fr-CA"},{"@type":"Person","@id":"https:\/\/www.uqac.ca\/uqactualites\/#\/schema\/person\/366c45a0c4f0e677b41b4af5886e2018","name":"Service des communications et des relations publiques","image":{"@type":"ImageObject","inLanguage":"fr-CA","@id":"https:\/\/www.uqac.ca\/uqactualites\/#\/schema\/person\/image\/","url":"https:\/\/secure.gravatar.com\/avatar\/20fbbda8a292f59f2d3461a5b999c00b?s=96&d=mm&r=g","contentUrl":"https:\/\/secure.gravatar.com\/avatar\/20fbbda8a292f59f2d3461a5b999c00b?s=96&d=mm&r=g","caption":"Service des communications et des relations publiques"},"url":"https:\/\/www.uqac.ca\/uqactualites\/author\/bap\/"}]}},"_links":{"self":[{"href":"https:\/\/www.uqac.ca\/uqactualites\/wp-json\/wp\/v2\/posts\/48649"}],"collection":[{"href":"https:\/\/www.uqac.ca\/uqactualites\/wp-json\/wp\/v2\/posts"}],"about":[{"href":"https:\/\/www.uqac.ca\/uqactualites\/wp-json\/wp\/v2\/types\/post"}],"author":[{"embeddable":true,"href":"https:\/\/www.uqac.ca\/uqactualites\/wp-json\/wp\/v2\/users\/5"}],"replies":[{"embeddable":true,"href":"https:\/\/www.uqac.ca\/uqactualites\/wp-json\/wp\/v2\/comments?post=48649"}],"version-history":[{"count":3,"href":"https:\/\/www.uqac.ca\/uqactualites\/wp-json\/wp\/v2\/posts\/48649\/revisions"}],"predecessor-version":[{"id":48653,"href":"https:\/\/www.uqac.ca\/uqactualites\/wp-json\/wp\/v2\/posts\/48649\/revisions\/48653"}],"wp:featuredmedia":[{"embeddable":true,"href":"https:\/\/www.uqac.ca\/uqactualites\/wp-json\/wp\/v2\/media\/48650"}],"wp:attachment":[{"href":"https:\/\/www.uqac.ca\/uqactualites\/wp-json\/wp\/v2\/media?parent=48649"}],"wp:term":[{"taxonomy":"category","embeddable":true,"href":"https:\/\/www.uqac.ca\/uqactualites\/wp-json\/wp\/v2\/categories?post=48649"},{"taxonomy":"post_tag","embeddable":true,"href":"https:\/\/www.uqac.ca\/uqactualites\/wp-json\/wp\/v2\/tags?post=48649"}],"curies":[{"name":"wp","href":"https:\/\/api.w.org\/{rel}","templated":true}]}}