{"id":48709,"date":"2024-09-19T14:24:41","date_gmt":"2024-09-19T18:24:41","guid":{"rendered":"https:\/\/www.uqac.ca\/uqactualites\/?p=48709"},"modified":"2024-10-18T11:48:40","modified_gmt":"2024-10-18T15:48:40","slug":"des-etudiantes-et-etudiants-de-luqac-participent-a-une-ecole-dete-en-chine","status":"publish","type":"post","link":"https:\/\/www.uqac.ca\/uqactualites\/2024\/09\/19\/des-etudiantes-et-etudiants-de-luqac-participent-a-une-ecole-dete-en-chine\/","title":{"rendered":"Des \u00e9tudiantes et \u00e9tudiants de l\u2019UQAC participent \u00e0 une \u00e9cole d\u2019\u00e9t\u00e9 en Chine"},"content":{"rendered":"<p>Trois \u00e9tudiantes et \u00e9tudiants de l\u2019UQAC ont particip\u00e9 \u00e0 l&rsquo;\u00e9cole d&rsquo;\u00e9t\u00e9 \u00ab\u00a0UCAS International Summer School 2024\uff1aGlobal Change and Ecological Health\u00a0\u00bb, organis\u00e9e par la prestigieuse University of Chinese Academy of Sciences (UCAS) \u00e0 Beijing, en Chine.<\/p>\n<p>Parmi les candidatures re\u00e7ues, <strong>Gian Lima Santos<\/strong>, <strong>Hannah McNulty<\/strong> et <strong>Denise Alano<\/strong> ont \u00e9t\u00e9 s\u00e9lectionn\u00e9s pour leur excellence acad\u00e9mique et leur int\u00e9r\u00eat pour les enjeux environnementaux globaux. Le programme d\u2019\u00e9change a permis aux \u00e9tudiantes et \u00e9tudiants de se plonger dans les d\u00e9fis contemporains li\u00e9s aux changements climatiques et \u00e0 la sant\u00e9 des \u00e9cosyst\u00e8mes, en b\u00e9n\u00e9ficiant de l\u2019expertise de conf\u00e9renciers internationaux.<\/p>\n<p>Les \u00e9tudiantes et \u00e9tudiants, inscrits \u00e0 la ma\u00eetrise en ressources renouvelables, sous la supervision de <a href=\"https:\/\/www.uqac.ca\/portfolio\/sergiorossi\/\" target=\"_blank\" rel=\"noopener\">Sergio Rossi<\/a>, professeur en \u00e9cologie foresti\u00e8re, ont particip\u00e9 \u00e0 des conf\u00e9rences de sp\u00e9cialistes portant sur des solutions multidisciplinaires aux d\u00e9fis \u00e9cologiques de la plan\u00e8te, des ateliers pratiques et des tables de discussion entre de jeunes chercheurs provenant de plus de 10 pays diff\u00e9rents. Le programme a inclus des visites \u00e0 plusieurs instituts de recherche, entre autres la Huairou Science City et l\u2019Institute of Tibetan Plateau Research de la Chinese Academy of Sciences, un partenaire de l\u2019UQAC dans les projets sur la croissance des arbres.<\/p>\n","protected":false},"excerpt":{"rendered":"<p>Trois \u00e9tudiantes et \u00e9tudiants de l\u2019UQAC ont particip\u00e9 \u00e0 l&rsquo;\u00e9cole d&rsquo;\u00e9t\u00e9 \u00ab\u00a0UCAS International Summer School 2024\uff1aGlobal Change and Ecological Health\u00a0\u00bb, organis\u00e9e par la prestigieuse University of Chinese Academy of Sciences (UCAS) \u00e0 Beijing, en Chine. Parmi les candidatures re\u00e7ues, Gian Lima Santos, Hannah McNulty et Denise Alano ont \u00e9t\u00e9 s\u00e9lectionn\u00e9s pour leur excellence acad\u00e9mique et [&hellip;]<\/p>\n","protected":false},"author":5,"featured_media":48710,"comment_status":"closed","ping_status":"open","sticky":false,"template":"","format":"standard","meta":{"footnotes":""},"categories":[2795],"tags":[6,3],"yoast_head":"<!-- This site is optimized with the Yoast SEO plugin v24.2 - https:\/\/yoast.com\/wordpress\/plugins\/seo\/ -->\r\n<title>Des \u00e9tudiantes et \u00e9tudiants de l\u2019UQAC participent \u00e0 une \u00e9cole d\u2019\u00e9t\u00e9 en Chine - UQACtualit\u00e9s<\/title>\r\n<meta name=\"robots\" content=\"index, follow, max-snippet:-1, max-image-preview:large, max-video-preview:-1\" \/>\r\n<link rel=\"canonical\" href=\"https:\/\/www.uqac.ca\/uqactualites\/2024\/09\/19\/des-etudiantes-et-etudiants-de-luqac-participent-a-une-ecole-dete-en-chine\/\" \/>\r\n<meta property=\"og:locale\" content=\"fr_CA\" \/>\r\n<meta property=\"og:type\" content=\"article\" \/>\r\n<meta property=\"og:title\" content=\"Des \u00e9tudiantes et \u00e9tudiants de l\u2019UQAC participent \u00e0 une \u00e9cole d\u2019\u00e9t\u00e9 en Chine - UQACtualit\u00e9s\" \/>\r\n<meta property=\"og:description\" content=\"Trois \u00e9tudiantes et \u00e9tudiants de l\u2019UQAC ont particip\u00e9 \u00e0 l&rsquo;\u00e9cole d&rsquo;\u00e9t\u00e9 \u00ab\u00a0UCAS International Summer School 2024\uff1aGlobal Change and Ecological Health\u00a0\u00bb, organis\u00e9e par la prestigieuse University of Chinese Academy of Sciences (UCAS) \u00e0 Beijing, en Chine. Parmi les candidatures re\u00e7ues, Gian Lima Santos, Hannah McNulty et Denise Alano ont \u00e9t\u00e9 s\u00e9lectionn\u00e9s pour leur excellence acad\u00e9mique et [&hellip;]\" \/>\r\n<meta property=\"og:url\" content=\"https:\/\/www.uqac.ca\/uqactualites\/2024\/09\/19\/des-etudiantes-et-etudiants-de-luqac-participent-a-une-ecole-dete-en-chine\/\" \/>\r\n<meta property=\"og:site_name\" content=\"UQACtualit\u00e9s\" \/>\r\n<meta property=\"article:published_time\" content=\"2024-09-19T18:24:41+00:00\" \/>\r\n<meta property=\"article:modified_time\" content=\"2024-10-18T15:48:40+00:00\" \/>\r\n<meta property=\"og:image\" content=\"https:\/\/www.uqac.ca\/uqactualites\/wp-content\/uploads\/2024\/09\/Hannah-Gian-and-Denise-tibetan-plateau-research-institute-web.jpg\" \/>\r\n\t<meta property=\"og:image:width\" content=\"1359\" \/>\r\n\t<meta property=\"og:image:height\" content=\"978\" \/>\r\n\t<meta property=\"og:image:type\" content=\"image\/jpeg\" \/>\r\n<meta name=\"author\" content=\"Service des communications et des relations publiques\" \/>\r\n<meta name=\"twitter:card\" content=\"summary_large_image\" \/>\r\n<meta name=\"twitter:label1\" content=\"\u00c9crit par\" \/>\n\t<meta name=\"twitter:data1\" content=\"Service des communications et des relations publiques\" \/>\n\t<meta name=\"twitter:label2\" content=\"Estimation du temps de lecture\" \/>\n\t<meta name=\"twitter:data2\" content=\"2 minutes\" \/>\r\n<script type=\"application\/ld+json\" class=\"yoast-schema-graph\">{\"@context\":\"https:\/\/schema.org\",\"@graph\":[{\"@type\":\"WebPage\",\"@id\":\"https:\/\/www.uqac.ca\/uqactualites\/2024\/09\/19\/des-etudiantes-et-etudiants-de-luqac-participent-a-une-ecole-dete-en-chine\/\",\"url\":\"https:\/\/www.uqac.ca\/uqactualites\/2024\/09\/19\/des-etudiantes-et-etudiants-de-luqac-participent-a-une-ecole-dete-en-chine\/\",\"name\":\"Des \u00e9tudiantes et \u00e9tudiants de l\u2019UQAC participent \u00e0 une \u00e9cole d\u2019\u00e9t\u00e9 en Chine - UQACtualit\u00e9s\",\"isPartOf\":{\"@id\":\"https:\/\/www.uqac.ca\/uqactualites\/#website\"},\"primaryImageOfPage\":{\"@id\":\"https:\/\/www.uqac.ca\/uqactualites\/2024\/09\/19\/des-etudiantes-et-etudiants-de-luqac-participent-a-une-ecole-dete-en-chine\/#primaryimage\"},\"image\":{\"@id\":\"https:\/\/www.uqac.ca\/uqactualites\/2024\/09\/19\/des-etudiantes-et-etudiants-de-luqac-participent-a-une-ecole-dete-en-chine\/#primaryimage\"},\"thumbnailUrl\":\"https:\/\/www.uqac.ca\/uqactualites\/wp-content\/uploads\/2024\/09\/Hannah-Gian-and-Denise-tibetan-plateau-research-institute-web.jpg\",\"datePublished\":\"2024-09-19T18:24:41+00:00\",\"dateModified\":\"2024-10-18T15:48:40+00:00\",\"author\":{\"@id\":\"https:\/\/www.uqac.ca\/uqactualites\/#\/schema\/person\/366c45a0c4f0e677b41b4af5886e2018\"},\"breadcrumb\":{\"@id\":\"https:\/\/www.uqac.ca\/uqactualites\/2024\/09\/19\/des-etudiantes-et-etudiants-de-luqac-participent-a-une-ecole-dete-en-chine\/#breadcrumb\"},\"inLanguage\":\"fr-CA\",\"potentialAction\":[{\"@type\":\"ReadAction\",\"target\":[\"https:\/\/www.uqac.ca\/uqactualites\/2024\/09\/19\/des-etudiantes-et-etudiants-de-luqac-participent-a-une-ecole-dete-en-chine\/\"]}]},{\"@type\":\"ImageObject\",\"inLanguage\":\"fr-CA\",\"@id\":\"https:\/\/www.uqac.ca\/uqactualites\/2024\/09\/19\/des-etudiantes-et-etudiants-de-luqac-participent-a-une-ecole-dete-en-chine\/#primaryimage\",\"url\":\"https:\/\/www.uqac.ca\/uqactualites\/wp-content\/uploads\/2024\/09\/Hannah-Gian-and-Denise-tibetan-plateau-research-institute-web.jpg\",\"contentUrl\":\"https:\/\/www.uqac.ca\/uqactualites\/wp-content\/uploads\/2024\/09\/Hannah-Gian-and-Denise-tibetan-plateau-research-institute-web.jpg\",\"width\":1359,\"height\":978,\"caption\":\"Gian Lima Santos, Hannah McNulty et Denise Alano\"},{\"@type\":\"BreadcrumbList\",\"@id\":\"https:\/\/www.uqac.ca\/uqactualites\/2024\/09\/19\/des-etudiantes-et-etudiants-de-luqac-participent-a-une-ecole-dete-en-chine\/#breadcrumb\",\"itemListElement\":[{\"@type\":\"ListItem\",\"position\":1,\"name\":\"Home\",\"item\":\"https:\/\/www.uqac.ca\/uqactualites\/\"},{\"@type\":\"ListItem\",\"position\":2,\"name\":\"Des \u00e9tudiantes et \u00e9tudiants de l\u2019UQAC participent \u00e0 une \u00e9cole d\u2019\u00e9t\u00e9 en Chine\"}]},{\"@type\":\"WebSite\",\"@id\":\"https:\/\/www.uqac.ca\/uqactualites\/#website\",\"url\":\"https:\/\/www.uqac.ca\/uqactualites\/\",\"name\":\"UQACtualit\u00e9s\",\"description\":\"Le portail des nouvelles de l&#039;UQAC\",\"potentialAction\":[{\"@type\":\"SearchAction\",\"target\":{\"@type\":\"EntryPoint\",\"urlTemplate\":\"https:\/\/www.uqac.ca\/uqactualites\/?s={search_term_string}\"},\"query-input\":{\"@type\":\"PropertyValueSpecification\",\"valueRequired\":true,\"valueName\":\"search_term_string\"}}],\"inLanguage\":\"fr-CA\"},{\"@type\":\"Person\",\"@id\":\"https:\/\/www.uqac.ca\/uqactualites\/#\/schema\/person\/366c45a0c4f0e677b41b4af5886e2018\",\"name\":\"Service des communications et des relations publiques\",\"image\":{\"@type\":\"ImageObject\",\"inLanguage\":\"fr-CA\",\"@id\":\"https:\/\/www.uqac.ca\/uqactualites\/#\/schema\/person\/image\/\",\"url\":\"https:\/\/secure.gravatar.com\/avatar\/20fbbda8a292f59f2d3461a5b999c00b?s=96&d=mm&r=g\",\"contentUrl\":\"https:\/\/secure.gravatar.com\/avatar\/20fbbda8a292f59f2d3461a5b999c00b?s=96&d=mm&r=g\",\"caption\":\"Service des communications et des relations publiques\"},\"url\":\"https:\/\/www.uqac.ca\/uqactualites\/author\/bap\/\"}]}<\/script>\r\n<!-- \/ Yoast SEO plugin. -->","yoast_head_json":{"title":"Des \u00e9tudiantes et \u00e9tudiants de l\u2019UQAC participent \u00e0 une \u00e9cole d\u2019\u00e9t\u00e9 en Chine - UQACtualit\u00e9s","robots":{"index":"index","follow":"follow","max-snippet":"max-snippet:-1","max-image-preview":"max-image-preview:large","max-video-preview":"max-video-preview:-1"},"canonical":"https:\/\/www.uqac.ca\/uqactualites\/2024\/09\/19\/des-etudiantes-et-etudiants-de-luqac-participent-a-une-ecole-dete-en-chine\/","og_locale":"fr_CA","og_type":"article","og_title":"Des \u00e9tudiantes et \u00e9tudiants de l\u2019UQAC participent \u00e0 une \u00e9cole d\u2019\u00e9t\u00e9 en Chine - UQACtualit\u00e9s","og_description":"Trois \u00e9tudiantes et \u00e9tudiants de l\u2019UQAC ont particip\u00e9 \u00e0 l&rsquo;\u00e9cole d&rsquo;\u00e9t\u00e9 \u00ab\u00a0UCAS International Summer School 2024\uff1aGlobal Change and Ecological Health\u00a0\u00bb, organis\u00e9e par la prestigieuse University of Chinese Academy of Sciences (UCAS) \u00e0 Beijing, en Chine. Parmi les candidatures re\u00e7ues, Gian Lima Santos, Hannah McNulty et Denise Alano ont \u00e9t\u00e9 s\u00e9lectionn\u00e9s pour leur excellence acad\u00e9mique et [&hellip;]","og_url":"https:\/\/www.uqac.ca\/uqactualites\/2024\/09\/19\/des-etudiantes-et-etudiants-de-luqac-participent-a-une-ecole-dete-en-chine\/","og_site_name":"UQACtualit\u00e9s","article_published_time":"2024-09-19T18:24:41+00:00","article_modified_time":"2024-10-18T15:48:40+00:00","og_image":[{"width":1359,"height":978,"url":"https:\/\/www.uqac.ca\/uqactualites\/wp-content\/uploads\/2024\/09\/Hannah-Gian-and-Denise-tibetan-plateau-research-institute-web.jpg","type":"image\/jpeg"}],"author":"Service des communications et des relations publiques","twitter_card":"summary_large_image","twitter_misc":{"\u00c9crit par":"Service des communications et des relations publiques","Estimation du temps de lecture":"2 minutes"},"schema":{"@context":"https:\/\/schema.org","@graph":[{"@type":"WebPage","@id":"https:\/\/www.uqac.ca\/uqactualites\/2024\/09\/19\/des-etudiantes-et-etudiants-de-luqac-participent-a-une-ecole-dete-en-chine\/","url":"https:\/\/www.uqac.ca\/uqactualites\/2024\/09\/19\/des-etudiantes-et-etudiants-de-luqac-participent-a-une-ecole-dete-en-chine\/","name":"Des \u00e9tudiantes et \u00e9tudiants de l\u2019UQAC participent \u00e0 une \u00e9cole d\u2019\u00e9t\u00e9 en Chine - UQACtualit\u00e9s","isPartOf":{"@id":"https:\/\/www.uqac.ca\/uqactualites\/#website"},"primaryImageOfPage":{"@id":"https:\/\/www.uqac.ca\/uqactualites\/2024\/09\/19\/des-etudiantes-et-etudiants-de-luqac-participent-a-une-ecole-dete-en-chine\/#primaryimage"},"image":{"@id":"https:\/\/www.uqac.ca\/uqactualites\/2024\/09\/19\/des-etudiantes-et-etudiants-de-luqac-participent-a-une-ecole-dete-en-chine\/#primaryimage"},"thumbnailUrl":"https:\/\/www.uqac.ca\/uqactualites\/wp-content\/uploads\/2024\/09\/Hannah-Gian-and-Denise-tibetan-plateau-research-institute-web.jpg","datePublished":"2024-09-19T18:24:41+00:00","dateModified":"2024-10-18T15:48:40+00:00","author":{"@id":"https:\/\/www.uqac.ca\/uqactualites\/#\/schema\/person\/366c45a0c4f0e677b41b4af5886e2018"},"breadcrumb":{"@id":"https:\/\/www.uqac.ca\/uqactualites\/2024\/09\/19\/des-etudiantes-et-etudiants-de-luqac-participent-a-une-ecole-dete-en-chine\/#breadcrumb"},"inLanguage":"fr-CA","potentialAction":[{"@type":"ReadAction","target":["https:\/\/www.uqac.ca\/uqactualites\/2024\/09\/19\/des-etudiantes-et-etudiants-de-luqac-participent-a-une-ecole-dete-en-chine\/"]}]},{"@type":"ImageObject","inLanguage":"fr-CA","@id":"https:\/\/www.uqac.ca\/uqactualites\/2024\/09\/19\/des-etudiantes-et-etudiants-de-luqac-participent-a-une-ecole-dete-en-chine\/#primaryimage","url":"https:\/\/www.uqac.ca\/uqactualites\/wp-content\/uploads\/2024\/09\/Hannah-Gian-and-Denise-tibetan-plateau-research-institute-web.jpg","contentUrl":"https:\/\/www.uqac.ca\/uqactualites\/wp-content\/uploads\/2024\/09\/Hannah-Gian-and-Denise-tibetan-plateau-research-institute-web.jpg","width":1359,"height":978,"caption":"Gian Lima Santos, Hannah McNulty et Denise Alano"},{"@type":"BreadcrumbList","@id":"https:\/\/www.uqac.ca\/uqactualites\/2024\/09\/19\/des-etudiantes-et-etudiants-de-luqac-participent-a-une-ecole-dete-en-chine\/#breadcrumb","itemListElement":[{"@type":"ListItem","position":1,"name":"Home","item":"https:\/\/www.uqac.ca\/uqactualites\/"},{"@type":"ListItem","position":2,"name":"Des \u00e9tudiantes et \u00e9tudiants de l\u2019UQAC participent \u00e0 une \u00e9cole d\u2019\u00e9t\u00e9 en Chine"}]},{"@type":"WebSite","@id":"https:\/\/www.uqac.ca\/uqactualites\/#website","url":"https:\/\/www.uqac.ca\/uqactualites\/","name":"UQACtualit\u00e9s","description":"Le portail des nouvelles de l&#039;UQAC","potentialAction":[{"@type":"SearchAction","target":{"@type":"EntryPoint","urlTemplate":"https:\/\/www.uqac.ca\/uqactualites\/?s={search_term_string}"},"query-input":{"@type":"PropertyValueSpecification","valueRequired":true,"valueName":"search_term_string"}}],"inLanguage":"fr-CA"},{"@type":"Person","@id":"https:\/\/www.uqac.ca\/uqactualites\/#\/schema\/person\/366c45a0c4f0e677b41b4af5886e2018","name":"Service des communications et des relations publiques","image":{"@type":"ImageObject","inLanguage":"fr-CA","@id":"https:\/\/www.uqac.ca\/uqactualites\/#\/schema\/person\/image\/","url":"https:\/\/secure.gravatar.com\/avatar\/20fbbda8a292f59f2d3461a5b999c00b?s=96&d=mm&r=g","contentUrl":"https:\/\/secure.gravatar.com\/avatar\/20fbbda8a292f59f2d3461a5b999c00b?s=96&d=mm&r=g","caption":"Service des communications et des relations publiques"},"url":"https:\/\/www.uqac.ca\/uqactualites\/author\/bap\/"}]}},"_links":{"self":[{"href":"https:\/\/www.uqac.ca\/uqactualites\/wp-json\/wp\/v2\/posts\/48709"}],"collection":[{"href":"https:\/\/www.uqac.ca\/uqactualites\/wp-json\/wp\/v2\/posts"}],"about":[{"href":"https:\/\/www.uqac.ca\/uqactualites\/wp-json\/wp\/v2\/types\/post"}],"author":[{"embeddable":true,"href":"https:\/\/www.uqac.ca\/uqactualites\/wp-json\/wp\/v2\/users\/5"}],"replies":[{"embeddable":true,"href":"https:\/\/www.uqac.ca\/uqactualites\/wp-json\/wp\/v2\/comments?post=48709"}],"version-history":[{"count":3,"href":"https:\/\/www.uqac.ca\/uqactualites\/wp-json\/wp\/v2\/posts\/48709\/revisions"}],"predecessor-version":[{"id":48713,"href":"https:\/\/www.uqac.ca\/uqactualites\/wp-json\/wp\/v2\/posts\/48709\/revisions\/48713"}],"wp:featuredmedia":[{"embeddable":true,"href":"https:\/\/www.uqac.ca\/uqactualites\/wp-json\/wp\/v2\/media\/48710"}],"wp:attachment":[{"href":"https:\/\/www.uqac.ca\/uqactualites\/wp-json\/wp\/v2\/media?parent=48709"}],"wp:term":[{"taxonomy":"category","embeddable":true,"href":"https:\/\/www.uqac.ca\/uqactualites\/wp-json\/wp\/v2\/categories?post=48709"},{"taxonomy":"post_tag","embeddable":true,"href":"https:\/\/www.uqac.ca\/uqactualites\/wp-json\/wp\/v2\/tags?post=48709"}],"curies":[{"name":"wp","href":"https:\/\/api.w.org\/{rel}","templated":true}]}}