{"id":48714,"date":"2024-09-20T10:39:49","date_gmt":"2024-09-20T14:39:49","guid":{"rendered":"https:\/\/www.uqac.ca\/uqactualites\/?p=48714"},"modified":"2024-10-18T11:53:07","modified_gmt":"2024-10-18T15:53:07","slug":"la-collaboration-entre-les-chercheurs-de-luqac-et-de-la-coree-du-sud-se-poursuit","status":"publish","type":"post","link":"https:\/\/www.uqac.ca\/uqactualites\/2024\/09\/20\/la-collaboration-entre-les-chercheurs-de-luqac-et-de-la-coree-du-sud-se-poursuit\/","title":{"rendered":"La collaboration entre les chercheurs de l\u2019UQAC et de la Cor\u00e9e du Sud se poursuit"},"content":{"rendered":"<p>Le professeur au\u00a0D\u00e9partement des sciences appliqu\u00e9es\u00a0et directeur du\u00a0<a href=\"https:\/\/cerm.uqac.ca\/\">Centre d\u2019\u00e9tudes sur les ressources min\u00e9rales (CERM)<\/a>,\u00a0Paul B\u00e9dard, et l\u2019\u00e9tudiant au\u00a0<a href=\"https:\/\/www.uqac.ca\/programme\/3141-doctorat-en-sc-de-la-terre-et-de-latmosphere\/\">doctorat en sciences de la Terre et de l\u2019atmosph\u00e8re<\/a>, Nils Van Weederlen,\u00a0ont eu le plaisir de recevoir une d\u00e9l\u00e9gation de la Cor\u00e9e du Sud dans le cadre d\u2019une collaboration entre des chercheurs du CERM, de la Commission g\u00e9ologique du Canada (CGC) et de la Commission g\u00e9ologique de la Cor\u00e9e du Sud (KIGAM). Cette collaboration porte sur l\u2019\u00e9tude de min\u00e9raux critiques et strat\u00e9giques.<\/p>\n<p>Lors de leur visite, le postdoctorant Otgon-Erdene Davaasuren (Ph. D.) et le chercheur Namhoon Kim (Ph. D.) de la KIGAM et la chercheuse Anne-Aur\u00e9lie Sappin (Ph. D.) de la CGC ont pu r\u00e9aliser une sortie de terrain ainsi qu\u2019une visite de certains sites g\u00e9ologiques de la r\u00e9gion. \u00c0 la suite de cette sortie de terrain, l\u2019\u00e9quipe a m\u00eame pu effectuer des analyses au <a href=\"https:\/\/www.uqac.ca\/labmater\/#:~:text=Notre%20laboratoire%20se%20sp%C3%A9cialise%20en,des%20otolithes%20et%20des%20%C3%A9cailles.\">Laboratoire des mat\u00e9riaux terrestres (LabMaTer)<\/a>. La fructueuse collaboration l\u2019UQAC et la Cor\u00e9e du Sud se poursuivra donc pour au moins une autre ann\u00e9e!<\/p>\n","protected":false},"excerpt":{"rendered":"<p>Le professeur au\u00a0D\u00e9partement des sciences appliqu\u00e9es\u00a0et directeur du\u00a0Centre d\u2019\u00e9tudes sur les ressources min\u00e9rales (CERM),\u00a0Paul B\u00e9dard, et l\u2019\u00e9tudiant au\u00a0doctorat en sciences de la Terre et de l\u2019atmosph\u00e8re, Nils Van Weederlen,\u00a0ont eu le plaisir de recevoir une d\u00e9l\u00e9gation de la Cor\u00e9e du Sud dans le cadre d\u2019une collaboration entre des chercheurs du CERM, de la Commission g\u00e9ologique [&hellip;]<\/p>\n","protected":false},"author":5,"featured_media":48717,"comment_status":"closed","ping_status":"open","sticky":false,"template":"","format":"standard","meta":{"footnotes":""},"categories":[2795,2854,4],"tags":[46,668,21,856],"yoast_head":"<!-- This site is optimized with the Yoast SEO plugin v24.2 - https:\/\/yoast.com\/wordpress\/plugins\/seo\/ -->\r\n<title>La collaboration entre les chercheurs de l\u2019UQAC et de la Cor\u00e9e du Sud se poursuit - UQACtualit\u00e9s<\/title>\r\n<meta name=\"robots\" content=\"index, follow, max-snippet:-1, max-image-preview:large, max-video-preview:-1\" \/>\r\n<link rel=\"canonical\" href=\"https:\/\/www.uqac.ca\/uqactualites\/2024\/09\/20\/la-collaboration-entre-les-chercheurs-de-luqac-et-de-la-coree-du-sud-se-poursuit\/\" \/>\r\n<meta property=\"og:locale\" content=\"fr_CA\" \/>\r\n<meta property=\"og:type\" content=\"article\" \/>\r\n<meta property=\"og:title\" content=\"La collaboration entre les chercheurs de l\u2019UQAC et de la Cor\u00e9e du Sud se poursuit - UQACtualit\u00e9s\" \/>\r\n<meta property=\"og:description\" content=\"Le professeur au\u00a0D\u00e9partement des sciences appliqu\u00e9es\u00a0et directeur du\u00a0Centre d\u2019\u00e9tudes sur les ressources min\u00e9rales (CERM),\u00a0Paul B\u00e9dard, et l\u2019\u00e9tudiant au\u00a0doctorat en sciences de la Terre et de l\u2019atmosph\u00e8re, Nils Van Weederlen,\u00a0ont eu le plaisir de recevoir une d\u00e9l\u00e9gation de la Cor\u00e9e du Sud dans le cadre d\u2019une collaboration entre des chercheurs du CERM, de la Commission g\u00e9ologique [&hellip;]\" \/>\r\n<meta property=\"og:url\" content=\"https:\/\/www.uqac.ca\/uqactualites\/2024\/09\/20\/la-collaboration-entre-les-chercheurs-de-luqac-et-de-la-coree-du-sud-se-poursuit\/\" \/>\r\n<meta property=\"og:site_name\" content=\"UQACtualit\u00e9s\" \/>\r\n<meta property=\"article:published_time\" content=\"2024-09-20T14:39:49+00:00\" \/>\r\n<meta property=\"article:modified_time\" content=\"2024-10-18T15:53:07+00:00\" \/>\r\n<meta property=\"og:image\" content=\"https:\/\/www.uqac.ca\/uqactualites\/wp-content\/uploads\/2024\/09\/Paul_Bedard_Coree-Sud.jpg\" \/>\r\n\t<meta property=\"og:image:width\" content=\"1320\" \/>\r\n\t<meta property=\"og:image:height\" content=\"880\" \/>\r\n\t<meta property=\"og:image:type\" content=\"image\/jpeg\" \/>\r\n<meta name=\"author\" content=\"Service des communications et des relations publiques\" \/>\r\n<meta name=\"twitter:card\" content=\"summary_large_image\" \/>\r\n<meta name=\"twitter:label1\" content=\"\u00c9crit par\" \/>\n\t<meta name=\"twitter:data1\" content=\"Service des communications et des relations publiques\" \/>\n\t<meta name=\"twitter:label2\" content=\"Estimation du temps de lecture\" \/>\n\t<meta name=\"twitter:data2\" content=\"2 minutes\" \/>\r\n<script type=\"application\/ld+json\" class=\"yoast-schema-graph\">{\"@context\":\"https:\/\/schema.org\",\"@graph\":[{\"@type\":\"WebPage\",\"@id\":\"https:\/\/www.uqac.ca\/uqactualites\/2024\/09\/20\/la-collaboration-entre-les-chercheurs-de-luqac-et-de-la-coree-du-sud-se-poursuit\/\",\"url\":\"https:\/\/www.uqac.ca\/uqactualites\/2024\/09\/20\/la-collaboration-entre-les-chercheurs-de-luqac-et-de-la-coree-du-sud-se-poursuit\/\",\"name\":\"La collaboration entre les chercheurs de l\u2019UQAC et de la Cor\u00e9e du Sud se poursuit - UQACtualit\u00e9s\",\"isPartOf\":{\"@id\":\"https:\/\/www.uqac.ca\/uqactualites\/#website\"},\"primaryImageOfPage\":{\"@id\":\"https:\/\/www.uqac.ca\/uqactualites\/2024\/09\/20\/la-collaboration-entre-les-chercheurs-de-luqac-et-de-la-coree-du-sud-se-poursuit\/#primaryimage\"},\"image\":{\"@id\":\"https:\/\/www.uqac.ca\/uqactualites\/2024\/09\/20\/la-collaboration-entre-les-chercheurs-de-luqac-et-de-la-coree-du-sud-se-poursuit\/#primaryimage\"},\"thumbnailUrl\":\"https:\/\/www.uqac.ca\/uqactualites\/wp-content\/uploads\/2024\/09\/Paul_Bedard_Coree-Sud.jpg\",\"datePublished\":\"2024-09-20T14:39:49+00:00\",\"dateModified\":\"2024-10-18T15:53:07+00:00\",\"author\":{\"@id\":\"https:\/\/www.uqac.ca\/uqactualites\/#\/schema\/person\/366c45a0c4f0e677b41b4af5886e2018\"},\"breadcrumb\":{\"@id\":\"https:\/\/www.uqac.ca\/uqactualites\/2024\/09\/20\/la-collaboration-entre-les-chercheurs-de-luqac-et-de-la-coree-du-sud-se-poursuit\/#breadcrumb\"},\"inLanguage\":\"fr-CA\",\"potentialAction\":[{\"@type\":\"ReadAction\",\"target\":[\"https:\/\/www.uqac.ca\/uqactualites\/2024\/09\/20\/la-collaboration-entre-les-chercheurs-de-luqac-et-de-la-coree-du-sud-se-poursuit\/\"]}]},{\"@type\":\"ImageObject\",\"inLanguage\":\"fr-CA\",\"@id\":\"https:\/\/www.uqac.ca\/uqactualites\/2024\/09\/20\/la-collaboration-entre-les-chercheurs-de-luqac-et-de-la-coree-du-sud-se-poursuit\/#primaryimage\",\"url\":\"https:\/\/www.uqac.ca\/uqactualites\/wp-content\/uploads\/2024\/09\/Paul_Bedard_Coree-Sud.jpg\",\"contentUrl\":\"https:\/\/www.uqac.ca\/uqactualites\/wp-content\/uploads\/2024\/09\/Paul_Bedard_Coree-Sud.jpg\",\"width\":1320,\"height\":880,\"caption\":\"De gauche \u00e0 droite : L.Paul B\u00e9dard et Nils Van Weederlen (UQAC), Anne-Aur\u00e9lie Sappin (CGC), Otgon-Erdene Davaasuren et Namhoon Kim (KIGAM)\"},{\"@type\":\"BreadcrumbList\",\"@id\":\"https:\/\/www.uqac.ca\/uqactualites\/2024\/09\/20\/la-collaboration-entre-les-chercheurs-de-luqac-et-de-la-coree-du-sud-se-poursuit\/#breadcrumb\",\"itemListElement\":[{\"@type\":\"ListItem\",\"position\":1,\"name\":\"Home\",\"item\":\"https:\/\/www.uqac.ca\/uqactualites\/\"},{\"@type\":\"ListItem\",\"position\":2,\"name\":\"La collaboration entre les chercheurs de l\u2019UQAC et de la Cor\u00e9e du Sud se poursuit\"}]},{\"@type\":\"WebSite\",\"@id\":\"https:\/\/www.uqac.ca\/uqactualites\/#website\",\"url\":\"https:\/\/www.uqac.ca\/uqactualites\/\",\"name\":\"UQACtualit\u00e9s\",\"description\":\"Le portail des nouvelles de l&#039;UQAC\",\"potentialAction\":[{\"@type\":\"SearchAction\",\"target\":{\"@type\":\"EntryPoint\",\"urlTemplate\":\"https:\/\/www.uqac.ca\/uqactualites\/?s={search_term_string}\"},\"query-input\":{\"@type\":\"PropertyValueSpecification\",\"valueRequired\":true,\"valueName\":\"search_term_string\"}}],\"inLanguage\":\"fr-CA\"},{\"@type\":\"Person\",\"@id\":\"https:\/\/www.uqac.ca\/uqactualites\/#\/schema\/person\/366c45a0c4f0e677b41b4af5886e2018\",\"name\":\"Service des communications et des relations publiques\",\"image\":{\"@type\":\"ImageObject\",\"inLanguage\":\"fr-CA\",\"@id\":\"https:\/\/www.uqac.ca\/uqactualites\/#\/schema\/person\/image\/\",\"url\":\"https:\/\/secure.gravatar.com\/avatar\/20fbbda8a292f59f2d3461a5b999c00b?s=96&d=mm&r=g\",\"contentUrl\":\"https:\/\/secure.gravatar.com\/avatar\/20fbbda8a292f59f2d3461a5b999c00b?s=96&d=mm&r=g\",\"caption\":\"Service des communications et des relations publiques\"},\"url\":\"https:\/\/www.uqac.ca\/uqactualites\/author\/bap\/\"}]}<\/script>\r\n<!-- \/ Yoast SEO plugin. -->","yoast_head_json":{"title":"La collaboration entre les chercheurs de l\u2019UQAC et de la Cor\u00e9e du Sud se poursuit - UQACtualit\u00e9s","robots":{"index":"index","follow":"follow","max-snippet":"max-snippet:-1","max-image-preview":"max-image-preview:large","max-video-preview":"max-video-preview:-1"},"canonical":"https:\/\/www.uqac.ca\/uqactualites\/2024\/09\/20\/la-collaboration-entre-les-chercheurs-de-luqac-et-de-la-coree-du-sud-se-poursuit\/","og_locale":"fr_CA","og_type":"article","og_title":"La collaboration entre les chercheurs de l\u2019UQAC et de la Cor\u00e9e du Sud se poursuit - UQACtualit\u00e9s","og_description":"Le professeur au\u00a0D\u00e9partement des sciences appliqu\u00e9es\u00a0et directeur du\u00a0Centre d\u2019\u00e9tudes sur les ressources min\u00e9rales (CERM),\u00a0Paul B\u00e9dard, et l\u2019\u00e9tudiant au\u00a0doctorat en sciences de la Terre et de l\u2019atmosph\u00e8re, Nils Van Weederlen,\u00a0ont eu le plaisir de recevoir une d\u00e9l\u00e9gation de la Cor\u00e9e du Sud dans le cadre d\u2019une collaboration entre des chercheurs du CERM, de la Commission g\u00e9ologique [&hellip;]","og_url":"https:\/\/www.uqac.ca\/uqactualites\/2024\/09\/20\/la-collaboration-entre-les-chercheurs-de-luqac-et-de-la-coree-du-sud-se-poursuit\/","og_site_name":"UQACtualit\u00e9s","article_published_time":"2024-09-20T14:39:49+00:00","article_modified_time":"2024-10-18T15:53:07+00:00","og_image":[{"width":1320,"height":880,"url":"https:\/\/www.uqac.ca\/uqactualites\/wp-content\/uploads\/2024\/09\/Paul_Bedard_Coree-Sud.jpg","type":"image\/jpeg"}],"author":"Service des communications et des relations publiques","twitter_card":"summary_large_image","twitter_misc":{"\u00c9crit par":"Service des communications et des relations publiques","Estimation du temps de lecture":"2 minutes"},"schema":{"@context":"https:\/\/schema.org","@graph":[{"@type":"WebPage","@id":"https:\/\/www.uqac.ca\/uqactualites\/2024\/09\/20\/la-collaboration-entre-les-chercheurs-de-luqac-et-de-la-coree-du-sud-se-poursuit\/","url":"https:\/\/www.uqac.ca\/uqactualites\/2024\/09\/20\/la-collaboration-entre-les-chercheurs-de-luqac-et-de-la-coree-du-sud-se-poursuit\/","name":"La collaboration entre les chercheurs de l\u2019UQAC et de la Cor\u00e9e du Sud se poursuit - UQACtualit\u00e9s","isPartOf":{"@id":"https:\/\/www.uqac.ca\/uqactualites\/#website"},"primaryImageOfPage":{"@id":"https:\/\/www.uqac.ca\/uqactualites\/2024\/09\/20\/la-collaboration-entre-les-chercheurs-de-luqac-et-de-la-coree-du-sud-se-poursuit\/#primaryimage"},"image":{"@id":"https:\/\/www.uqac.ca\/uqactualites\/2024\/09\/20\/la-collaboration-entre-les-chercheurs-de-luqac-et-de-la-coree-du-sud-se-poursuit\/#primaryimage"},"thumbnailUrl":"https:\/\/www.uqac.ca\/uqactualites\/wp-content\/uploads\/2024\/09\/Paul_Bedard_Coree-Sud.jpg","datePublished":"2024-09-20T14:39:49+00:00","dateModified":"2024-10-18T15:53:07+00:00","author":{"@id":"https:\/\/www.uqac.ca\/uqactualites\/#\/schema\/person\/366c45a0c4f0e677b41b4af5886e2018"},"breadcrumb":{"@id":"https:\/\/www.uqac.ca\/uqactualites\/2024\/09\/20\/la-collaboration-entre-les-chercheurs-de-luqac-et-de-la-coree-du-sud-se-poursuit\/#breadcrumb"},"inLanguage":"fr-CA","potentialAction":[{"@type":"ReadAction","target":["https:\/\/www.uqac.ca\/uqactualites\/2024\/09\/20\/la-collaboration-entre-les-chercheurs-de-luqac-et-de-la-coree-du-sud-se-poursuit\/"]}]},{"@type":"ImageObject","inLanguage":"fr-CA","@id":"https:\/\/www.uqac.ca\/uqactualites\/2024\/09\/20\/la-collaboration-entre-les-chercheurs-de-luqac-et-de-la-coree-du-sud-se-poursuit\/#primaryimage","url":"https:\/\/www.uqac.ca\/uqactualites\/wp-content\/uploads\/2024\/09\/Paul_Bedard_Coree-Sud.jpg","contentUrl":"https:\/\/www.uqac.ca\/uqactualites\/wp-content\/uploads\/2024\/09\/Paul_Bedard_Coree-Sud.jpg","width":1320,"height":880,"caption":"De gauche \u00e0 droite : L.Paul B\u00e9dard et Nils Van Weederlen (UQAC), Anne-Aur\u00e9lie Sappin (CGC), Otgon-Erdene Davaasuren et Namhoon Kim (KIGAM)"},{"@type":"BreadcrumbList","@id":"https:\/\/www.uqac.ca\/uqactualites\/2024\/09\/20\/la-collaboration-entre-les-chercheurs-de-luqac-et-de-la-coree-du-sud-se-poursuit\/#breadcrumb","itemListElement":[{"@type":"ListItem","position":1,"name":"Home","item":"https:\/\/www.uqac.ca\/uqactualites\/"},{"@type":"ListItem","position":2,"name":"La collaboration entre les chercheurs de l\u2019UQAC et de la Cor\u00e9e du Sud se poursuit"}]},{"@type":"WebSite","@id":"https:\/\/www.uqac.ca\/uqactualites\/#website","url":"https:\/\/www.uqac.ca\/uqactualites\/","name":"UQACtualit\u00e9s","description":"Le portail des nouvelles de l&#039;UQAC","potentialAction":[{"@type":"SearchAction","target":{"@type":"EntryPoint","urlTemplate":"https:\/\/www.uqac.ca\/uqactualites\/?s={search_term_string}"},"query-input":{"@type":"PropertyValueSpecification","valueRequired":true,"valueName":"search_term_string"}}],"inLanguage":"fr-CA"},{"@type":"Person","@id":"https:\/\/www.uqac.ca\/uqactualites\/#\/schema\/person\/366c45a0c4f0e677b41b4af5886e2018","name":"Service des communications et des relations publiques","image":{"@type":"ImageObject","inLanguage":"fr-CA","@id":"https:\/\/www.uqac.ca\/uqactualites\/#\/schema\/person\/image\/","url":"https:\/\/secure.gravatar.com\/avatar\/20fbbda8a292f59f2d3461a5b999c00b?s=96&d=mm&r=g","contentUrl":"https:\/\/secure.gravatar.com\/avatar\/20fbbda8a292f59f2d3461a5b999c00b?s=96&d=mm&r=g","caption":"Service des communications et des relations publiques"},"url":"https:\/\/www.uqac.ca\/uqactualites\/author\/bap\/"}]}},"_links":{"self":[{"href":"https:\/\/www.uqac.ca\/uqactualites\/wp-json\/wp\/v2\/posts\/48714"}],"collection":[{"href":"https:\/\/www.uqac.ca\/uqactualites\/wp-json\/wp\/v2\/posts"}],"about":[{"href":"https:\/\/www.uqac.ca\/uqactualites\/wp-json\/wp\/v2\/types\/post"}],"author":[{"embeddable":true,"href":"https:\/\/www.uqac.ca\/uqactualites\/wp-json\/wp\/v2\/users\/5"}],"replies":[{"embeddable":true,"href":"https:\/\/www.uqac.ca\/uqactualites\/wp-json\/wp\/v2\/comments?post=48714"}],"version-history":[{"count":4,"href":"https:\/\/www.uqac.ca\/uqactualites\/wp-json\/wp\/v2\/posts\/48714\/revisions"}],"predecessor-version":[{"id":48719,"href":"https:\/\/www.uqac.ca\/uqactualites\/wp-json\/wp\/v2\/posts\/48714\/revisions\/48719"}],"wp:featuredmedia":[{"embeddable":true,"href":"https:\/\/www.uqac.ca\/uqactualites\/wp-json\/wp\/v2\/media\/48717"}],"wp:attachment":[{"href":"https:\/\/www.uqac.ca\/uqactualites\/wp-json\/wp\/v2\/media?parent=48714"}],"wp:term":[{"taxonomy":"category","embeddable":true,"href":"https:\/\/www.uqac.ca\/uqactualites\/wp-json\/wp\/v2\/categories?post=48714"},{"taxonomy":"post_tag","embeddable":true,"href":"https:\/\/www.uqac.ca\/uqactualites\/wp-json\/wp\/v2\/tags?post=48714"}],"curies":[{"name":"wp","href":"https:\/\/api.w.org\/{rel}","templated":true}]}}