{"id":48757,"date":"2024-09-25T08:59:12","date_gmt":"2024-09-25T12:59:12","guid":{"rendered":"https:\/\/www.uqac.ca\/uqactualites\/?p=48757"},"modified":"2024-09-25T08:59:12","modified_gmt":"2024-09-25T12:59:12","slug":"luqac-accueille-le-comite-des-ressources-informationnelles-et-de-la-transformation-numerique-ritn","status":"publish","type":"post","link":"https:\/\/www.uqac.ca\/uqactualites\/2024\/09\/25\/luqac-accueille-le-comite-des-ressources-informationnelles-et-de-la-transformation-numerique-ritn\/","title":{"rendered":"L\u2019UQAC accueille le Comit\u00e9 des ressources informationnelles et de la transformation num\u00e9rique (RITN)"},"content":{"rendered":"<p>Le 19 septembre dernier, l\u2019UQAC a eu le plaisir d\u2019\u00eatre l\u2019h\u00f4te de la 21<sup>e<\/sup> rencontre du Comit\u00e9 des ressources informationnelles et de la transformation num\u00e9rique (RITN) du Bureau de coop\u00e9ration interuniversitaire (BCI).<\/p>\n<p>Ces rencontres, ayant lieu trois fois par ann\u00e9e, sont une belle occasion de coop\u00e9ration et d\u2019\u00e9changes entre les responsables informatiques des diff\u00e9rentes universit\u00e9s qu\u00e9b\u00e9coises.\u00a0De plus, elles incluent un volet d\u2019\u00e9changes int\u00e9ressant avec le minist\u00e8re de l\u2019Enseignement sup\u00e9rieur.<\/p>\n<p>Plusieurs membres du RITN se sont rendus sur le campus de Chicoutimi, tandis que d\u2019autres ont assist\u00e9 \u00e0 distance. Merci \u00e0 toutes et \u00e0 tous pour leur participation!<\/p>\n","protected":false},"excerpt":{"rendered":"<p>Le 19 septembre dernier, l\u2019UQAC a eu le plaisir d\u2019\u00eatre l\u2019h\u00f4te de la 21e rencontre du Comit\u00e9 des ressources informationnelles et de la transformation num\u00e9rique (RITN) du Bureau de coop\u00e9ration interuniversitaire (BCI). Ces rencontres, ayant lieu trois fois par ann\u00e9e, sont une belle occasion de coop\u00e9ration et d\u2019\u00e9changes entre les responsables informatiques des diff\u00e9rentes universit\u00e9s [&hellip;]<\/p>\n","protected":false},"author":5,"featured_media":48758,"comment_status":"closed","ping_status":"open","sticky":false,"template":"","format":"standard","meta":{"footnotes":""},"categories":[2795,61],"tags":[],"yoast_head":"<!-- This site is optimized with the Yoast SEO plugin v24.2 - https:\/\/yoast.com\/wordpress\/plugins\/seo\/ -->\r\n<title>L\u2019UQAC accueille le Comit\u00e9 des ressources informationnelles et de la transformation num\u00e9rique (RITN) - UQACtualit\u00e9s<\/title>\r\n<meta name=\"description\" content=\"L\u2019UQAC est l\u2019h\u00f4te de la 21e rencontre du Comit\u00e9 des ressources informationnelles et de la transformation num\u00e9rique (RITN) du Bureau de coop\u00e9ration interuniversitaire (BCI).\" \/>\r\n<meta name=\"robots\" content=\"index, follow, max-snippet:-1, max-image-preview:large, max-video-preview:-1\" \/>\r\n<link rel=\"canonical\" href=\"https:\/\/www.uqac.ca\/uqactualites\/2024\/09\/25\/luqac-accueille-le-comite-des-ressources-informationnelles-et-de-la-transformation-numerique-ritn\/\" \/>\r\n<meta property=\"og:locale\" content=\"fr_CA\" \/>\r\n<meta property=\"og:type\" content=\"article\" \/>\r\n<meta property=\"og:title\" content=\"L\u2019UQAC accueille le Comit\u00e9 des ressources informationnelles et de la transformation num\u00e9rique (RITN) - UQACtualit\u00e9s\" \/>\r\n<meta property=\"og:description\" content=\"L\u2019UQAC est l\u2019h\u00f4te de la 21e rencontre du Comit\u00e9 des ressources informationnelles et de la transformation num\u00e9rique (RITN) du Bureau de coop\u00e9ration interuniversitaire (BCI).\" \/>\r\n<meta property=\"og:url\" content=\"https:\/\/www.uqac.ca\/uqactualites\/2024\/09\/25\/luqac-accueille-le-comite-des-ressources-informationnelles-et-de-la-transformation-numerique-ritn\/\" \/>\r\n<meta property=\"og:site_name\" content=\"UQACtualit\u00e9s\" \/>\r\n<meta property=\"article:published_time\" content=\"2024-09-25T12:59:12+00:00\" \/>\r\n<meta property=\"og:image\" content=\"https:\/\/www.uqac.ca\/uqactualites\/wp-content\/uploads\/2024\/09\/BCI_RITN_19_septembre_2024.jpg\" \/>\r\n\t<meta property=\"og:image:width\" content=\"1920\" \/>\r\n\t<meta property=\"og:image:height\" content=\"1077\" \/>\r\n\t<meta property=\"og:image:type\" content=\"image\/jpeg\" \/>\r\n<meta name=\"author\" content=\"Service des communications et des relations publiques\" \/>\r\n<meta name=\"twitter:card\" content=\"summary_large_image\" \/>\r\n<meta name=\"twitter:label1\" content=\"\u00c9crit par\" \/>\n\t<meta name=\"twitter:data1\" content=\"Service des communications et des relations publiques\" \/>\n\t<meta name=\"twitter:label2\" content=\"Estimation du temps de lecture\" \/>\n\t<meta name=\"twitter:data2\" content=\"1 minute\" \/>\r\n<script type=\"application\/ld+json\" class=\"yoast-schema-graph\">{\"@context\":\"https:\/\/schema.org\",\"@graph\":[{\"@type\":\"WebPage\",\"@id\":\"https:\/\/www.uqac.ca\/uqactualites\/2024\/09\/25\/luqac-accueille-le-comite-des-ressources-informationnelles-et-de-la-transformation-numerique-ritn\/\",\"url\":\"https:\/\/www.uqac.ca\/uqactualites\/2024\/09\/25\/luqac-accueille-le-comite-des-ressources-informationnelles-et-de-la-transformation-numerique-ritn\/\",\"name\":\"L\u2019UQAC accueille le Comit\u00e9 des ressources informationnelles et de la transformation num\u00e9rique (RITN) - UQACtualit\u00e9s\",\"isPartOf\":{\"@id\":\"https:\/\/www.uqac.ca\/uqactualites\/#website\"},\"primaryImageOfPage\":{\"@id\":\"https:\/\/www.uqac.ca\/uqactualites\/2024\/09\/25\/luqac-accueille-le-comite-des-ressources-informationnelles-et-de-la-transformation-numerique-ritn\/#primaryimage\"},\"image\":{\"@id\":\"https:\/\/www.uqac.ca\/uqactualites\/2024\/09\/25\/luqac-accueille-le-comite-des-ressources-informationnelles-et-de-la-transformation-numerique-ritn\/#primaryimage\"},\"thumbnailUrl\":\"https:\/\/www.uqac.ca\/uqactualites\/wp-content\/uploads\/2024\/09\/BCI_RITN_19_septembre_2024.jpg\",\"datePublished\":\"2024-09-25T12:59:12+00:00\",\"dateModified\":\"2024-09-25T12:59:12+00:00\",\"author\":{\"@id\":\"https:\/\/www.uqac.ca\/uqactualites\/#\/schema\/person\/366c45a0c4f0e677b41b4af5886e2018\"},\"description\":\"L\u2019UQAC est l\u2019h\u00f4te de la 21e rencontre du Comit\u00e9 des ressources informationnelles et de la transformation num\u00e9rique (RITN) du Bureau de coop\u00e9ration interuniversitaire (BCI).\",\"breadcrumb\":{\"@id\":\"https:\/\/www.uqac.ca\/uqactualites\/2024\/09\/25\/luqac-accueille-le-comite-des-ressources-informationnelles-et-de-la-transformation-numerique-ritn\/#breadcrumb\"},\"inLanguage\":\"fr-CA\",\"potentialAction\":[{\"@type\":\"ReadAction\",\"target\":[\"https:\/\/www.uqac.ca\/uqactualites\/2024\/09\/25\/luqac-accueille-le-comite-des-ressources-informationnelles-et-de-la-transformation-numerique-ritn\/\"]}]},{\"@type\":\"ImageObject\",\"inLanguage\":\"fr-CA\",\"@id\":\"https:\/\/www.uqac.ca\/uqactualites\/2024\/09\/25\/luqac-accueille-le-comite-des-ressources-informationnelles-et-de-la-transformation-numerique-ritn\/#primaryimage\",\"url\":\"https:\/\/www.uqac.ca\/uqactualites\/wp-content\/uploads\/2024\/09\/BCI_RITN_19_septembre_2024.jpg\",\"contentUrl\":\"https:\/\/www.uqac.ca\/uqactualites\/wp-content\/uploads\/2024\/09\/BCI_RITN_19_septembre_2024.jpg\",\"width\":1920,\"height\":1077,\"caption\":\"Sur la photo, de gauche \u00e0 droite : Premi\u00e8re rang\u00e9e (en haut de gauche \u00e0 droite) : Zoheir Bougriou (BCI), Christian Charette (Universit\u00e9 du Qu\u00e9bec), Kim Cantin (invit\u00e9e, minist\u00e8re de l\u2019Enseignement sup\u00e9rieur) Deuxi\u00e8me rang\u00e9e : Patrick Fortin (ENAP), Iannick L\u00e9gar\u00e9 (T\u00c9LUQ), Mathieu Gigu\u00e8re (Universit\u00e9 Laval), Denis Fortin (Universit\u00e9 de Montr\u00e9al), Denis Desch\u00eanes (UQTR), Alexandre Auger (HEC) Troisi\u00e8me rang\u00e9e : Marcel Harnois (UQTR), Val\u00e9rie Beauchamp (BCI) Ann Gauthier (Universit\u00e9 du Qu\u00e9bec), Serge Tremblay (INRS), Annie Fournier (UQAC), Imed Masmoudi (HEC) \u00c0 l\u2019avant : Jonathan Dupont (Polytechnique), Louis-S\u00e9bastien Guimont (UQAM) Marie-Chantal Denis (UQTR) Philippe Delisle (Concordia)\"},{\"@type\":\"BreadcrumbList\",\"@id\":\"https:\/\/www.uqac.ca\/uqactualites\/2024\/09\/25\/luqac-accueille-le-comite-des-ressources-informationnelles-et-de-la-transformation-numerique-ritn\/#breadcrumb\",\"itemListElement\":[{\"@type\":\"ListItem\",\"position\":1,\"name\":\"Home\",\"item\":\"https:\/\/www.uqac.ca\/uqactualites\/\"},{\"@type\":\"ListItem\",\"position\":2,\"name\":\"L\u2019UQAC accueille le Comit\u00e9 des ressources informationnelles et de la transformation num\u00e9rique (RITN)\"}]},{\"@type\":\"WebSite\",\"@id\":\"https:\/\/www.uqac.ca\/uqactualites\/#website\",\"url\":\"https:\/\/www.uqac.ca\/uqactualites\/\",\"name\":\"UQACtualit\u00e9s\",\"description\":\"Le portail des nouvelles de l&#039;UQAC\",\"potentialAction\":[{\"@type\":\"SearchAction\",\"target\":{\"@type\":\"EntryPoint\",\"urlTemplate\":\"https:\/\/www.uqac.ca\/uqactualites\/?s={search_term_string}\"},\"query-input\":{\"@type\":\"PropertyValueSpecification\",\"valueRequired\":true,\"valueName\":\"search_term_string\"}}],\"inLanguage\":\"fr-CA\"},{\"@type\":\"Person\",\"@id\":\"https:\/\/www.uqac.ca\/uqactualites\/#\/schema\/person\/366c45a0c4f0e677b41b4af5886e2018\",\"name\":\"Service des communications et des relations publiques\",\"image\":{\"@type\":\"ImageObject\",\"inLanguage\":\"fr-CA\",\"@id\":\"https:\/\/www.uqac.ca\/uqactualites\/#\/schema\/person\/image\/\",\"url\":\"https:\/\/secure.gravatar.com\/avatar\/20fbbda8a292f59f2d3461a5b999c00b?s=96&d=mm&r=g\",\"contentUrl\":\"https:\/\/secure.gravatar.com\/avatar\/20fbbda8a292f59f2d3461a5b999c00b?s=96&d=mm&r=g\",\"caption\":\"Service des communications et des relations publiques\"},\"url\":\"https:\/\/www.uqac.ca\/uqactualites\/author\/bap\/\"}]}<\/script>\r\n<!-- \/ Yoast SEO plugin. -->","yoast_head_json":{"title":"L\u2019UQAC accueille le Comit\u00e9 des ressources informationnelles et de la transformation num\u00e9rique (RITN) - UQACtualit\u00e9s","description":"L\u2019UQAC est l\u2019h\u00f4te de la 21e rencontre du Comit\u00e9 des ressources informationnelles et de la transformation num\u00e9rique (RITN) du Bureau de coop\u00e9ration interuniversitaire (BCI).","robots":{"index":"index","follow":"follow","max-snippet":"max-snippet:-1","max-image-preview":"max-image-preview:large","max-video-preview":"max-video-preview:-1"},"canonical":"https:\/\/www.uqac.ca\/uqactualites\/2024\/09\/25\/luqac-accueille-le-comite-des-ressources-informationnelles-et-de-la-transformation-numerique-ritn\/","og_locale":"fr_CA","og_type":"article","og_title":"L\u2019UQAC accueille le Comit\u00e9 des ressources informationnelles et de la transformation num\u00e9rique (RITN) - UQACtualit\u00e9s","og_description":"L\u2019UQAC est l\u2019h\u00f4te de la 21e rencontre du Comit\u00e9 des ressources informationnelles et de la transformation num\u00e9rique (RITN) du Bureau de coop\u00e9ration interuniversitaire (BCI).","og_url":"https:\/\/www.uqac.ca\/uqactualites\/2024\/09\/25\/luqac-accueille-le-comite-des-ressources-informationnelles-et-de-la-transformation-numerique-ritn\/","og_site_name":"UQACtualit\u00e9s","article_published_time":"2024-09-25T12:59:12+00:00","og_image":[{"width":1920,"height":1077,"url":"https:\/\/www.uqac.ca\/uqactualites\/wp-content\/uploads\/2024\/09\/BCI_RITN_19_septembre_2024.jpg","type":"image\/jpeg"}],"author":"Service des communications et des relations publiques","twitter_card":"summary_large_image","twitter_misc":{"\u00c9crit par":"Service des communications et des relations publiques","Estimation du temps de lecture":"1 minute"},"schema":{"@context":"https:\/\/schema.org","@graph":[{"@type":"WebPage","@id":"https:\/\/www.uqac.ca\/uqactualites\/2024\/09\/25\/luqac-accueille-le-comite-des-ressources-informationnelles-et-de-la-transformation-numerique-ritn\/","url":"https:\/\/www.uqac.ca\/uqactualites\/2024\/09\/25\/luqac-accueille-le-comite-des-ressources-informationnelles-et-de-la-transformation-numerique-ritn\/","name":"L\u2019UQAC accueille le Comit\u00e9 des ressources informationnelles et de la transformation num\u00e9rique (RITN) - UQACtualit\u00e9s","isPartOf":{"@id":"https:\/\/www.uqac.ca\/uqactualites\/#website"},"primaryImageOfPage":{"@id":"https:\/\/www.uqac.ca\/uqactualites\/2024\/09\/25\/luqac-accueille-le-comite-des-ressources-informationnelles-et-de-la-transformation-numerique-ritn\/#primaryimage"},"image":{"@id":"https:\/\/www.uqac.ca\/uqactualites\/2024\/09\/25\/luqac-accueille-le-comite-des-ressources-informationnelles-et-de-la-transformation-numerique-ritn\/#primaryimage"},"thumbnailUrl":"https:\/\/www.uqac.ca\/uqactualites\/wp-content\/uploads\/2024\/09\/BCI_RITN_19_septembre_2024.jpg","datePublished":"2024-09-25T12:59:12+00:00","dateModified":"2024-09-25T12:59:12+00:00","author":{"@id":"https:\/\/www.uqac.ca\/uqactualites\/#\/schema\/person\/366c45a0c4f0e677b41b4af5886e2018"},"description":"L\u2019UQAC est l\u2019h\u00f4te de la 21e rencontre du Comit\u00e9 des ressources informationnelles et de la transformation num\u00e9rique (RITN) du Bureau de coop\u00e9ration interuniversitaire (BCI).","breadcrumb":{"@id":"https:\/\/www.uqac.ca\/uqactualites\/2024\/09\/25\/luqac-accueille-le-comite-des-ressources-informationnelles-et-de-la-transformation-numerique-ritn\/#breadcrumb"},"inLanguage":"fr-CA","potentialAction":[{"@type":"ReadAction","target":["https:\/\/www.uqac.ca\/uqactualites\/2024\/09\/25\/luqac-accueille-le-comite-des-ressources-informationnelles-et-de-la-transformation-numerique-ritn\/"]}]},{"@type":"ImageObject","inLanguage":"fr-CA","@id":"https:\/\/www.uqac.ca\/uqactualites\/2024\/09\/25\/luqac-accueille-le-comite-des-ressources-informationnelles-et-de-la-transformation-numerique-ritn\/#primaryimage","url":"https:\/\/www.uqac.ca\/uqactualites\/wp-content\/uploads\/2024\/09\/BCI_RITN_19_septembre_2024.jpg","contentUrl":"https:\/\/www.uqac.ca\/uqactualites\/wp-content\/uploads\/2024\/09\/BCI_RITN_19_septembre_2024.jpg","width":1920,"height":1077,"caption":"Sur la photo, de gauche \u00e0 droite : Premi\u00e8re rang\u00e9e (en haut de gauche \u00e0 droite) : Zoheir Bougriou (BCI), Christian Charette (Universit\u00e9 du Qu\u00e9bec), Kim Cantin (invit\u00e9e, minist\u00e8re de l\u2019Enseignement sup\u00e9rieur) Deuxi\u00e8me rang\u00e9e : Patrick Fortin (ENAP), Iannick L\u00e9gar\u00e9 (T\u00c9LUQ), Mathieu Gigu\u00e8re (Universit\u00e9 Laval), Denis Fortin (Universit\u00e9 de Montr\u00e9al), Denis Desch\u00eanes (UQTR), Alexandre Auger (HEC) Troisi\u00e8me rang\u00e9e : Marcel Harnois (UQTR), Val\u00e9rie Beauchamp (BCI) Ann Gauthier (Universit\u00e9 du Qu\u00e9bec), Serge Tremblay (INRS), Annie Fournier (UQAC), Imed Masmoudi (HEC) \u00c0 l\u2019avant : Jonathan Dupont (Polytechnique), Louis-S\u00e9bastien Guimont (UQAM) Marie-Chantal Denis (UQTR) Philippe Delisle (Concordia)"},{"@type":"BreadcrumbList","@id":"https:\/\/www.uqac.ca\/uqactualites\/2024\/09\/25\/luqac-accueille-le-comite-des-ressources-informationnelles-et-de-la-transformation-numerique-ritn\/#breadcrumb","itemListElement":[{"@type":"ListItem","position":1,"name":"Home","item":"https:\/\/www.uqac.ca\/uqactualites\/"},{"@type":"ListItem","position":2,"name":"L\u2019UQAC accueille le Comit\u00e9 des ressources informationnelles et de la transformation num\u00e9rique (RITN)"}]},{"@type":"WebSite","@id":"https:\/\/www.uqac.ca\/uqactualites\/#website","url":"https:\/\/www.uqac.ca\/uqactualites\/","name":"UQACtualit\u00e9s","description":"Le portail des nouvelles de l&#039;UQAC","potentialAction":[{"@type":"SearchAction","target":{"@type":"EntryPoint","urlTemplate":"https:\/\/www.uqac.ca\/uqactualites\/?s={search_term_string}"},"query-input":{"@type":"PropertyValueSpecification","valueRequired":true,"valueName":"search_term_string"}}],"inLanguage":"fr-CA"},{"@type":"Person","@id":"https:\/\/www.uqac.ca\/uqactualites\/#\/schema\/person\/366c45a0c4f0e677b41b4af5886e2018","name":"Service des communications et des relations publiques","image":{"@type":"ImageObject","inLanguage":"fr-CA","@id":"https:\/\/www.uqac.ca\/uqactualites\/#\/schema\/person\/image\/","url":"https:\/\/secure.gravatar.com\/avatar\/20fbbda8a292f59f2d3461a5b999c00b?s=96&d=mm&r=g","contentUrl":"https:\/\/secure.gravatar.com\/avatar\/20fbbda8a292f59f2d3461a5b999c00b?s=96&d=mm&r=g","caption":"Service des communications et des relations publiques"},"url":"https:\/\/www.uqac.ca\/uqactualites\/author\/bap\/"}]}},"_links":{"self":[{"href":"https:\/\/www.uqac.ca\/uqactualites\/wp-json\/wp\/v2\/posts\/48757"}],"collection":[{"href":"https:\/\/www.uqac.ca\/uqactualites\/wp-json\/wp\/v2\/posts"}],"about":[{"href":"https:\/\/www.uqac.ca\/uqactualites\/wp-json\/wp\/v2\/types\/post"}],"author":[{"embeddable":true,"href":"https:\/\/www.uqac.ca\/uqactualites\/wp-json\/wp\/v2\/users\/5"}],"replies":[{"embeddable":true,"href":"https:\/\/www.uqac.ca\/uqactualites\/wp-json\/wp\/v2\/comments?post=48757"}],"version-history":[{"count":1,"href":"https:\/\/www.uqac.ca\/uqactualites\/wp-json\/wp\/v2\/posts\/48757\/revisions"}],"predecessor-version":[{"id":48759,"href":"https:\/\/www.uqac.ca\/uqactualites\/wp-json\/wp\/v2\/posts\/48757\/revisions\/48759"}],"wp:featuredmedia":[{"embeddable":true,"href":"https:\/\/www.uqac.ca\/uqactualites\/wp-json\/wp\/v2\/media\/48758"}],"wp:attachment":[{"href":"https:\/\/www.uqac.ca\/uqactualites\/wp-json\/wp\/v2\/media?parent=48757"}],"wp:term":[{"taxonomy":"category","embeddable":true,"href":"https:\/\/www.uqac.ca\/uqactualites\/wp-json\/wp\/v2\/categories?post=48757"},{"taxonomy":"post_tag","embeddable":true,"href":"https:\/\/www.uqac.ca\/uqactualites\/wp-json\/wp\/v2\/tags?post=48757"}],"curies":[{"name":"wp","href":"https:\/\/api.w.org\/{rel}","templated":true}]}}