{"id":48832,"date":"2024-10-04T14:56:44","date_gmt":"2024-10-04T18:56:44","guid":{"rendered":"https:\/\/www.uqac.ca\/uqactualites\/?p=48832"},"modified":"2024-10-07T11:33:37","modified_gmt":"2024-10-07T15:33:37","slug":"luqac-accueil-le-seminaire-franco-quebecois-sur-les-mobilites-internationales-ecoresponsables","status":"publish","type":"post","link":"https:\/\/www.uqac.ca\/uqactualites\/2024\/10\/04\/luqac-accueil-le-seminaire-franco-quebecois-sur-les-mobilites-internationales-ecoresponsables\/","title":{"rendered":"L&rsquo;UQAC accueil le S\u00e9minaire franco-qu\u00e9b\u00e9cois sur les mobilit\u00e9s internationales \u00e9coresponsables"},"content":{"rendered":"<p>Le 3 octobre dernier avait lieu le S\u00e9minaire franco-qu\u00e9b\u00e9cois sur les mobilit\u00e9s internationales \u00e9coresponsables, une initiative port\u00e9e par le programme Polytech Green du r\u00e9seau Polytech, partenaire de longue date de l\u2019UQAC en mati\u00e8re de d\u00e9veloppement durable et de mobilit\u00e9 internationale.<\/p>\n<p>Polytech Green est un programme <a href=\"https:\/\/www.polytech-reseau.org\/polytech-green\/\">du r\u00e9seau Polytech<\/a>, qui s\u2019inscrit dans une d\u00e9marche volontariste de d\u00e9veloppement durable et de responsabilit\u00e9 soci\u00e9tale en mati\u00e8re de mobilit\u00e9 \u00e9tudiante internationale, et dont les objectifs sont notamment de promouvoir des mobilit\u00e9s \u00ab vertes \u00bb utilisant des moyens de transport \u00e0 faible \u00e9mission de gaz \u00e0 effet de serre, et de proposer des mobilit\u00e9s inclusives en am\u00e9nageant des mobilit\u00e9s hybrides. Pour esp\u00e9rer d\u00e9crocher une bourse de mobilit\u00e9, les \u00e9tudiantes et \u00e9tudiants \u00e9ligibles doivent, entre autres, utiliser un moyen de transport \u00e0 faible impact carbone, et choisir une th\u00e9matique de stage ou d\u2019\u00e9tudes li\u00e9e \u00e0 l\u2019un des\u00a0<a href=\"https:\/\/www.un.org\/sustainabledevelopment\/fr\/\">17 objectifs de d\u00e9veloppement durable de l\u2019ONU<\/a>.<\/p>\n<p>Ce s\u00e9minaire, qui s\u2019est tenu simultan\u00e9ment \u00e0 l\u2019UQAC, \u00e0 l&rsquo;ETS, \u00e0 Polytech Lille et en ligne, fut l\u2019occasion de souligner le parcours des treize \u00e9tudiantes boursi\u00e8res et \u00e9tudiants boursiers de l\u2019UQAC issus du r\u00e9seau Polytech. Le r\u00e9seau Polytech et deux de ses trois partenaires qu\u00e9b\u00e9cois (UQAC et \u00c9TS) ont \u00e9galement profit\u00e9 de cet \u00e9v\u00e9nement pour mettre en commun les diff\u00e9rentes pratiques qui sont mises en place dans chacune des universit\u00e9s pour le d\u00e9veloppement durable et la mobilit\u00e9 \u00e9coresponsable.<\/p>\n<p>Avec de <a href=\"https:\/\/www.uqac.ca\/dev-durable\/initiatives-durables\/\" target=\"_blank\" rel=\"noopener\">nombreuses initiatives durables<\/a> qui sont port\u00e9es par l\u2019UQAC depuis 1988, l\u2019Universit\u00e9 s\u2019est officiellement dot\u00e9e d\u2019une politique institutionnelle en d\u00e9veloppement durable adopt\u00e9e en 2023. Parmi les actions pos\u00e9es dans les derni\u00e8res ann\u00e9es en ce sens, mentionnons notamment la revalorisation de 90 % des mat\u00e9riaux de construction utilis\u00e9s pour les r\u00e9novations du Pavillion Principal, la mise en place d\u2019un Frigo solidaire pour la communaut\u00e9 universitaire ainsi que la plantation de 200 arbres et arbustes chaque ann\u00e9e sur le campus.<\/p>\n<p>\u00c0 titre de responsable de cette \u00e9dition, l&rsquo;UQAC a profit\u00e9 de l&rsquo;occasion pour r\u00e9viser la formule de l&rsquo;activit\u00e9 afin d&rsquo;augmenter la participation des personnes invit\u00e9es, un changement qui a \u00e9t\u00e9 fort appr\u00e9ci\u00e9.<\/p>\n<p>F\u00e9licitations \u00e0 toutes les personnes impliqu\u00e9es pour la r\u00e9ussite de cette troisi\u00e8me \u00e9dition du S\u00e9minaire franco-qu\u00e9b\u00e9cois sur les mobilit\u00e9s internationales \u00e9coresponsables.<\/p>\n","protected":false},"excerpt":{"rendered":"<p>Le 3 octobre dernier avait lieu le S\u00e9minaire franco-qu\u00e9b\u00e9cois sur les mobilit\u00e9s internationales \u00e9coresponsables, une initiative port\u00e9e par le programme Polytech Green du r\u00e9seau Polytech, partenaire de longue date de l\u2019UQAC en mati\u00e8re de d\u00e9veloppement durable et de mobilit\u00e9 internationale. Polytech Green est un programme du r\u00e9seau Polytech, qui s\u2019inscrit dans une d\u00e9marche volontariste de [&hellip;]<\/p>\n","protected":false},"author":5,"featured_media":48833,"comment_status":"closed","ping_status":"open","sticky":false,"template":"","format":"standard","meta":{"footnotes":""},"categories":[2795,61],"tags":[337],"yoast_head":"<!-- This site is optimized with the Yoast SEO plugin v24.2 - https:\/\/yoast.com\/wordpress\/plugins\/seo\/ -->\r\n<title>L&#039;UQAC accueil le S\u00e9minaire franco-qu\u00e9b\u00e9cois sur les mobilit\u00e9s internationales \u00e9coresponsables - UQACtualit\u00e9s<\/title>\r\n<meta name=\"robots\" content=\"index, follow, max-snippet:-1, max-image-preview:large, max-video-preview:-1\" \/>\r\n<link rel=\"canonical\" href=\"https:\/\/www.uqac.ca\/uqactualites\/2024\/10\/04\/luqac-accueil-le-seminaire-franco-quebecois-sur-les-mobilites-internationales-ecoresponsables\/\" \/>\r\n<meta property=\"og:locale\" content=\"fr_CA\" \/>\r\n<meta property=\"og:type\" content=\"article\" \/>\r\n<meta property=\"og:title\" content=\"L&#039;UQAC accueil le S\u00e9minaire franco-qu\u00e9b\u00e9cois sur les mobilit\u00e9s internationales \u00e9coresponsables - UQACtualit\u00e9s\" \/>\r\n<meta property=\"og:description\" content=\"Le 3 octobre dernier avait lieu le S\u00e9minaire franco-qu\u00e9b\u00e9cois sur les mobilit\u00e9s internationales \u00e9coresponsables, une initiative port\u00e9e par le programme Polytech Green du r\u00e9seau Polytech, partenaire de longue date de l\u2019UQAC en mati\u00e8re de d\u00e9veloppement durable et de mobilit\u00e9 internationale. Polytech Green est un programme du r\u00e9seau Polytech, qui s\u2019inscrit dans une d\u00e9marche volontariste de [&hellip;]\" \/>\r\n<meta property=\"og:url\" content=\"https:\/\/www.uqac.ca\/uqactualites\/2024\/10\/04\/luqac-accueil-le-seminaire-franco-quebecois-sur-les-mobilites-internationales-ecoresponsables\/\" \/>\r\n<meta property=\"og:site_name\" content=\"UQACtualit\u00e9s\" \/>\r\n<meta property=\"article:published_time\" content=\"2024-10-04T18:56:44+00:00\" \/>\r\n<meta property=\"article:modified_time\" content=\"2024-10-07T15:33:37+00:00\" \/>\r\n<meta property=\"og:image\" content=\"https:\/\/www.uqac.ca\/uqactualites\/wp-content\/uploads\/2024\/10\/polytech-green-mduhaime-A24.jpg\" \/>\r\n\t<meta property=\"og:image:width\" content=\"1920\" \/>\r\n\t<meta property=\"og:image:height\" content=\"1077\" \/>\r\n\t<meta property=\"og:image:type\" content=\"image\/jpeg\" \/>\r\n<meta name=\"author\" content=\"Service des communications et des relations publiques\" \/>\r\n<meta name=\"twitter:card\" content=\"summary_large_image\" \/>\r\n<meta name=\"twitter:label1\" content=\"\u00c9crit par\" \/>\n\t<meta name=\"twitter:data1\" content=\"Service des communications et des relations publiques\" \/>\n\t<meta name=\"twitter:label2\" content=\"Estimation du temps de lecture\" \/>\n\t<meta name=\"twitter:data2\" content=\"3 minutes\" \/>\r\n<script type=\"application\/ld+json\" class=\"yoast-schema-graph\">{\"@context\":\"https:\/\/schema.org\",\"@graph\":[{\"@type\":\"WebPage\",\"@id\":\"https:\/\/www.uqac.ca\/uqactualites\/2024\/10\/04\/luqac-accueil-le-seminaire-franco-quebecois-sur-les-mobilites-internationales-ecoresponsables\/\",\"url\":\"https:\/\/www.uqac.ca\/uqactualites\/2024\/10\/04\/luqac-accueil-le-seminaire-franco-quebecois-sur-les-mobilites-internationales-ecoresponsables\/\",\"name\":\"L'UQAC accueil le S\u00e9minaire franco-qu\u00e9b\u00e9cois sur les mobilit\u00e9s internationales \u00e9coresponsables - UQACtualit\u00e9s\",\"isPartOf\":{\"@id\":\"https:\/\/www.uqac.ca\/uqactualites\/#website\"},\"primaryImageOfPage\":{\"@id\":\"https:\/\/www.uqac.ca\/uqactualites\/2024\/10\/04\/luqac-accueil-le-seminaire-franco-quebecois-sur-les-mobilites-internationales-ecoresponsables\/#primaryimage\"},\"image\":{\"@id\":\"https:\/\/www.uqac.ca\/uqactualites\/2024\/10\/04\/luqac-accueil-le-seminaire-franco-quebecois-sur-les-mobilites-internationales-ecoresponsables\/#primaryimage\"},\"thumbnailUrl\":\"https:\/\/www.uqac.ca\/uqactualites\/wp-content\/uploads\/2024\/10\/polytech-green-mduhaime-A24.jpg\",\"datePublished\":\"2024-10-04T18:56:44+00:00\",\"dateModified\":\"2024-10-07T15:33:37+00:00\",\"author\":{\"@id\":\"https:\/\/www.uqac.ca\/uqactualites\/#\/schema\/person\/366c45a0c4f0e677b41b4af5886e2018\"},\"breadcrumb\":{\"@id\":\"https:\/\/www.uqac.ca\/uqactualites\/2024\/10\/04\/luqac-accueil-le-seminaire-franco-quebecois-sur-les-mobilites-internationales-ecoresponsables\/#breadcrumb\"},\"inLanguage\":\"fr-CA\",\"potentialAction\":[{\"@type\":\"ReadAction\",\"target\":[\"https:\/\/www.uqac.ca\/uqactualites\/2024\/10\/04\/luqac-accueil-le-seminaire-franco-quebecois-sur-les-mobilites-internationales-ecoresponsables\/\"]}]},{\"@type\":\"ImageObject\",\"inLanguage\":\"fr-CA\",\"@id\":\"https:\/\/www.uqac.ca\/uqactualites\/2024\/10\/04\/luqac-accueil-le-seminaire-franco-quebecois-sur-les-mobilites-internationales-ecoresponsables\/#primaryimage\",\"url\":\"https:\/\/www.uqac.ca\/uqactualites\/wp-content\/uploads\/2024\/10\/polytech-green-mduhaime-A24.jpg\",\"contentUrl\":\"https:\/\/www.uqac.ca\/uqactualites\/wp-content\/uploads\/2024\/10\/polytech-green-mduhaime-A24.jpg\",\"width\":1920,\"height\":1077},{\"@type\":\"BreadcrumbList\",\"@id\":\"https:\/\/www.uqac.ca\/uqactualites\/2024\/10\/04\/luqac-accueil-le-seminaire-franco-quebecois-sur-les-mobilites-internationales-ecoresponsables\/#breadcrumb\",\"itemListElement\":[{\"@type\":\"ListItem\",\"position\":1,\"name\":\"Home\",\"item\":\"https:\/\/www.uqac.ca\/uqactualites\/\"},{\"@type\":\"ListItem\",\"position\":2,\"name\":\"L&rsquo;UQAC accueil le S\u00e9minaire franco-qu\u00e9b\u00e9cois sur les mobilit\u00e9s internationales \u00e9coresponsables\"}]},{\"@type\":\"WebSite\",\"@id\":\"https:\/\/www.uqac.ca\/uqactualites\/#website\",\"url\":\"https:\/\/www.uqac.ca\/uqactualites\/\",\"name\":\"UQACtualit\u00e9s\",\"description\":\"Le portail des nouvelles de l&#039;UQAC\",\"potentialAction\":[{\"@type\":\"SearchAction\",\"target\":{\"@type\":\"EntryPoint\",\"urlTemplate\":\"https:\/\/www.uqac.ca\/uqactualites\/?s={search_term_string}\"},\"query-input\":{\"@type\":\"PropertyValueSpecification\",\"valueRequired\":true,\"valueName\":\"search_term_string\"}}],\"inLanguage\":\"fr-CA\"},{\"@type\":\"Person\",\"@id\":\"https:\/\/www.uqac.ca\/uqactualites\/#\/schema\/person\/366c45a0c4f0e677b41b4af5886e2018\",\"name\":\"Service des communications et des relations publiques\",\"image\":{\"@type\":\"ImageObject\",\"inLanguage\":\"fr-CA\",\"@id\":\"https:\/\/www.uqac.ca\/uqactualites\/#\/schema\/person\/image\/\",\"url\":\"https:\/\/secure.gravatar.com\/avatar\/20fbbda8a292f59f2d3461a5b999c00b?s=96&d=mm&r=g\",\"contentUrl\":\"https:\/\/secure.gravatar.com\/avatar\/20fbbda8a292f59f2d3461a5b999c00b?s=96&d=mm&r=g\",\"caption\":\"Service des communications et des relations publiques\"},\"url\":\"https:\/\/www.uqac.ca\/uqactualites\/author\/bap\/\"}]}<\/script>\r\n<!-- \/ Yoast SEO plugin. -->","yoast_head_json":{"title":"L'UQAC accueil le S\u00e9minaire franco-qu\u00e9b\u00e9cois sur les mobilit\u00e9s internationales \u00e9coresponsables - UQACtualit\u00e9s","robots":{"index":"index","follow":"follow","max-snippet":"max-snippet:-1","max-image-preview":"max-image-preview:large","max-video-preview":"max-video-preview:-1"},"canonical":"https:\/\/www.uqac.ca\/uqactualites\/2024\/10\/04\/luqac-accueil-le-seminaire-franco-quebecois-sur-les-mobilites-internationales-ecoresponsables\/","og_locale":"fr_CA","og_type":"article","og_title":"L'UQAC accueil le S\u00e9minaire franco-qu\u00e9b\u00e9cois sur les mobilit\u00e9s internationales \u00e9coresponsables - UQACtualit\u00e9s","og_description":"Le 3 octobre dernier avait lieu le S\u00e9minaire franco-qu\u00e9b\u00e9cois sur les mobilit\u00e9s internationales \u00e9coresponsables, une initiative port\u00e9e par le programme Polytech Green du r\u00e9seau Polytech, partenaire de longue date de l\u2019UQAC en mati\u00e8re de d\u00e9veloppement durable et de mobilit\u00e9 internationale. Polytech Green est un programme du r\u00e9seau Polytech, qui s\u2019inscrit dans une d\u00e9marche volontariste de [&hellip;]","og_url":"https:\/\/www.uqac.ca\/uqactualites\/2024\/10\/04\/luqac-accueil-le-seminaire-franco-quebecois-sur-les-mobilites-internationales-ecoresponsables\/","og_site_name":"UQACtualit\u00e9s","article_published_time":"2024-10-04T18:56:44+00:00","article_modified_time":"2024-10-07T15:33:37+00:00","og_image":[{"width":1920,"height":1077,"url":"https:\/\/www.uqac.ca\/uqactualites\/wp-content\/uploads\/2024\/10\/polytech-green-mduhaime-A24.jpg","type":"image\/jpeg"}],"author":"Service des communications et des relations publiques","twitter_card":"summary_large_image","twitter_misc":{"\u00c9crit par":"Service des communications et des relations publiques","Estimation du temps de lecture":"3 minutes"},"schema":{"@context":"https:\/\/schema.org","@graph":[{"@type":"WebPage","@id":"https:\/\/www.uqac.ca\/uqactualites\/2024\/10\/04\/luqac-accueil-le-seminaire-franco-quebecois-sur-les-mobilites-internationales-ecoresponsables\/","url":"https:\/\/www.uqac.ca\/uqactualites\/2024\/10\/04\/luqac-accueil-le-seminaire-franco-quebecois-sur-les-mobilites-internationales-ecoresponsables\/","name":"L'UQAC accueil le S\u00e9minaire franco-qu\u00e9b\u00e9cois sur les mobilit\u00e9s internationales \u00e9coresponsables - UQACtualit\u00e9s","isPartOf":{"@id":"https:\/\/www.uqac.ca\/uqactualites\/#website"},"primaryImageOfPage":{"@id":"https:\/\/www.uqac.ca\/uqactualites\/2024\/10\/04\/luqac-accueil-le-seminaire-franco-quebecois-sur-les-mobilites-internationales-ecoresponsables\/#primaryimage"},"image":{"@id":"https:\/\/www.uqac.ca\/uqactualites\/2024\/10\/04\/luqac-accueil-le-seminaire-franco-quebecois-sur-les-mobilites-internationales-ecoresponsables\/#primaryimage"},"thumbnailUrl":"https:\/\/www.uqac.ca\/uqactualites\/wp-content\/uploads\/2024\/10\/polytech-green-mduhaime-A24.jpg","datePublished":"2024-10-04T18:56:44+00:00","dateModified":"2024-10-07T15:33:37+00:00","author":{"@id":"https:\/\/www.uqac.ca\/uqactualites\/#\/schema\/person\/366c45a0c4f0e677b41b4af5886e2018"},"breadcrumb":{"@id":"https:\/\/www.uqac.ca\/uqactualites\/2024\/10\/04\/luqac-accueil-le-seminaire-franco-quebecois-sur-les-mobilites-internationales-ecoresponsables\/#breadcrumb"},"inLanguage":"fr-CA","potentialAction":[{"@type":"ReadAction","target":["https:\/\/www.uqac.ca\/uqactualites\/2024\/10\/04\/luqac-accueil-le-seminaire-franco-quebecois-sur-les-mobilites-internationales-ecoresponsables\/"]}]},{"@type":"ImageObject","inLanguage":"fr-CA","@id":"https:\/\/www.uqac.ca\/uqactualites\/2024\/10\/04\/luqac-accueil-le-seminaire-franco-quebecois-sur-les-mobilites-internationales-ecoresponsables\/#primaryimage","url":"https:\/\/www.uqac.ca\/uqactualites\/wp-content\/uploads\/2024\/10\/polytech-green-mduhaime-A24.jpg","contentUrl":"https:\/\/www.uqac.ca\/uqactualites\/wp-content\/uploads\/2024\/10\/polytech-green-mduhaime-A24.jpg","width":1920,"height":1077},{"@type":"BreadcrumbList","@id":"https:\/\/www.uqac.ca\/uqactualites\/2024\/10\/04\/luqac-accueil-le-seminaire-franco-quebecois-sur-les-mobilites-internationales-ecoresponsables\/#breadcrumb","itemListElement":[{"@type":"ListItem","position":1,"name":"Home","item":"https:\/\/www.uqac.ca\/uqactualites\/"},{"@type":"ListItem","position":2,"name":"L&rsquo;UQAC accueil le S\u00e9minaire franco-qu\u00e9b\u00e9cois sur les mobilit\u00e9s internationales \u00e9coresponsables"}]},{"@type":"WebSite","@id":"https:\/\/www.uqac.ca\/uqactualites\/#website","url":"https:\/\/www.uqac.ca\/uqactualites\/","name":"UQACtualit\u00e9s","description":"Le portail des nouvelles de l&#039;UQAC","potentialAction":[{"@type":"SearchAction","target":{"@type":"EntryPoint","urlTemplate":"https:\/\/www.uqac.ca\/uqactualites\/?s={search_term_string}"},"query-input":{"@type":"PropertyValueSpecification","valueRequired":true,"valueName":"search_term_string"}}],"inLanguage":"fr-CA"},{"@type":"Person","@id":"https:\/\/www.uqac.ca\/uqactualites\/#\/schema\/person\/366c45a0c4f0e677b41b4af5886e2018","name":"Service des communications et des relations publiques","image":{"@type":"ImageObject","inLanguage":"fr-CA","@id":"https:\/\/www.uqac.ca\/uqactualites\/#\/schema\/person\/image\/","url":"https:\/\/secure.gravatar.com\/avatar\/20fbbda8a292f59f2d3461a5b999c00b?s=96&d=mm&r=g","contentUrl":"https:\/\/secure.gravatar.com\/avatar\/20fbbda8a292f59f2d3461a5b999c00b?s=96&d=mm&r=g","caption":"Service des communications et des relations publiques"},"url":"https:\/\/www.uqac.ca\/uqactualites\/author\/bap\/"}]}},"_links":{"self":[{"href":"https:\/\/www.uqac.ca\/uqactualites\/wp-json\/wp\/v2\/posts\/48832"}],"collection":[{"href":"https:\/\/www.uqac.ca\/uqactualites\/wp-json\/wp\/v2\/posts"}],"about":[{"href":"https:\/\/www.uqac.ca\/uqactualites\/wp-json\/wp\/v2\/types\/post"}],"author":[{"embeddable":true,"href":"https:\/\/www.uqac.ca\/uqactualites\/wp-json\/wp\/v2\/users\/5"}],"replies":[{"embeddable":true,"href":"https:\/\/www.uqac.ca\/uqactualites\/wp-json\/wp\/v2\/comments?post=48832"}],"version-history":[{"count":8,"href":"https:\/\/www.uqac.ca\/uqactualites\/wp-json\/wp\/v2\/posts\/48832\/revisions"}],"predecessor-version":[{"id":48841,"href":"https:\/\/www.uqac.ca\/uqactualites\/wp-json\/wp\/v2\/posts\/48832\/revisions\/48841"}],"wp:featuredmedia":[{"embeddable":true,"href":"https:\/\/www.uqac.ca\/uqactualites\/wp-json\/wp\/v2\/media\/48833"}],"wp:attachment":[{"href":"https:\/\/www.uqac.ca\/uqactualites\/wp-json\/wp\/v2\/media?parent=48832"}],"wp:term":[{"taxonomy":"category","embeddable":true,"href":"https:\/\/www.uqac.ca\/uqactualites\/wp-json\/wp\/v2\/categories?post=48832"},{"taxonomy":"post_tag","embeddable":true,"href":"https:\/\/www.uqac.ca\/uqactualites\/wp-json\/wp\/v2\/tags?post=48832"}],"curies":[{"name":"wp","href":"https:\/\/api.w.org\/{rel}","templated":true}]}}