{"id":48844,"date":"2024-10-07T14:34:12","date_gmt":"2024-10-07T18:34:12","guid":{"rendered":"https:\/\/www.uqac.ca\/uqactualites\/?p=48844"},"modified":"2024-10-07T19:16:13","modified_gmt":"2024-10-07T23:16:13","slug":"distinction-academique-luqac-decerne-les-medailles-du-gouverneur-general-du-canada","status":"publish","type":"post","link":"https:\/\/www.uqac.ca\/uqactualites\/2024\/10\/07\/distinction-academique-luqac-decerne-les-medailles-du-gouverneur-general-du-canada\/","title":{"rendered":"Distinction acad\u00e9mique: L\u2019UQAC d\u00e9cerne les m\u00e9dailles du Gouverneur g\u00e9n\u00e9ral du Canada"},"content":{"rendered":"<p>L&rsquo;Universit\u00e9 du Qu\u00e9bec \u00e0 Chicoutimi a d\u00e9cern\u00e9 les m\u00e9dailles du Gouverneur g\u00e9n\u00e9ral du Canada \u00e0 Philippe Bergeron, laur\u00e9at de la m\u00e9daille d\u2019argent et dipl\u00f4m\u00e9 d\u2019un <a href=\"https:\/\/www.uqac.ca\/programme\/7092-baccalaureat-en-psychologie\/\" target=\"_blank\" rel=\"noopener\">baccalaur\u00e9at en psychologie<\/a>, ainsi qu\u2019\u00e0 Marie-Pier Lamontagne, laur\u00e9ate de la m\u00e9daille d\u2019or et <a href=\"https:\/\/www.uqac.ca\/programme\/2056-doctorat-en-lettres\/\" target=\"_blank\" rel=\"noopener\">doctorante en lettres<\/a>.<\/p>\n<div id='gallery-1' class='gallery galleryid-48844 gallery-columns-2 gallery-size-medium'><figure class='gallery-item'>\n\t\t\t<div class='gallery-icon landscape'>\n\t\t\t\t<a href='https:\/\/www.uqac.ca\/uqactualites\/wp-content\/uploads\/2024\/10\/bourses-admission-mduhaime-A24-20.jpg'><img loading=\"lazy\" decoding=\"async\" width=\"300\" height=\"168\" src=\"https:\/\/www.uqac.ca\/uqactualites\/wp-content\/uploads\/2024\/10\/bourses-admission-mduhaime-A24-20-300x168.jpg\" class=\"attachment-medium size-medium\" alt=\"\" aria-describedby=\"gallery-1-48866\" srcset=\"https:\/\/www.uqac.ca\/uqactualites\/wp-content\/uploads\/2024\/10\/bourses-admission-mduhaime-A24-20-300x168.jpg 300w, https:\/\/www.uqac.ca\/uqactualites\/wp-content\/uploads\/2024\/10\/bourses-admission-mduhaime-A24-20-1024x574.jpg 1024w, https:\/\/www.uqac.ca\/uqactualites\/wp-content\/uploads\/2024\/10\/bourses-admission-mduhaime-A24-20-768x431.jpg 768w, https:\/\/www.uqac.ca\/uqactualites\/wp-content\/uploads\/2024\/10\/bourses-admission-mduhaime-A24-20-1536x862.jpg 1536w, https:\/\/www.uqac.ca\/uqactualites\/wp-content\/uploads\/2024\/10\/bourses-admission-mduhaime-A24-20-150x84.jpg 150w, https:\/\/www.uqac.ca\/uqactualites\/wp-content\/uploads\/2024\/10\/bourses-admission-mduhaime-A24-20-696x390.jpg 696w, https:\/\/www.uqac.ca\/uqactualites\/wp-content\/uploads\/2024\/10\/bourses-admission-mduhaime-A24-20-1068x599.jpg 1068w, https:\/\/www.uqac.ca\/uqactualites\/wp-content\/uploads\/2024\/10\/bourses-admission-mduhaime-A24-20.jpg 1920w\" sizes=\"(max-width: 300px) 100vw, 300px\" \/><\/a>\n\t\t\t<\/div>\n\t\t\t\t<figcaption class='wp-caption-text gallery-caption' id='gallery-1-48866'>\n\t\t\t\tMarie-Pier Lamontagne, laur\u00e9ate de la m\u00e9daille d\u2019or, entour\u00e9e de de la doyenne de la recherche, de la cr\u00e9ation et de l&rsquo;innovation, Suzy Ngomo, du recteur, Ghislain Samson, et de la directrice du D\u00e9partement des arts, des lettres et du langage, Anne-Martine Parent.\n\t\t\t\t<\/figcaption><\/figure><figure class='gallery-item'>\n\t\t\t<div class='gallery-icon landscape'>\n\t\t\t\t<a href='https:\/\/www.uqac.ca\/uqactualites\/wp-content\/uploads\/2024\/10\/bourses-admission-mduhaime-A24-18.jpg'><img loading=\"lazy\" decoding=\"async\" width=\"300\" height=\"168\" src=\"https:\/\/www.uqac.ca\/uqactualites\/wp-content\/uploads\/2024\/10\/bourses-admission-mduhaime-A24-18-300x168.jpg\" class=\"attachment-medium size-medium\" alt=\"\" aria-describedby=\"gallery-1-48865\" srcset=\"https:\/\/www.uqac.ca\/uqactualites\/wp-content\/uploads\/2024\/10\/bourses-admission-mduhaime-A24-18-300x168.jpg 300w, https:\/\/www.uqac.ca\/uqactualites\/wp-content\/uploads\/2024\/10\/bourses-admission-mduhaime-A24-18-1024x574.jpg 1024w, https:\/\/www.uqac.ca\/uqactualites\/wp-content\/uploads\/2024\/10\/bourses-admission-mduhaime-A24-18-768x431.jpg 768w, https:\/\/www.uqac.ca\/uqactualites\/wp-content\/uploads\/2024\/10\/bourses-admission-mduhaime-A24-18-1536x862.jpg 1536w, https:\/\/www.uqac.ca\/uqactualites\/wp-content\/uploads\/2024\/10\/bourses-admission-mduhaime-A24-18-150x84.jpg 150w, https:\/\/www.uqac.ca\/uqactualites\/wp-content\/uploads\/2024\/10\/bourses-admission-mduhaime-A24-18-696x390.jpg 696w, https:\/\/www.uqac.ca\/uqactualites\/wp-content\/uploads\/2024\/10\/bourses-admission-mduhaime-A24-18-1068x599.jpg 1068w, https:\/\/www.uqac.ca\/uqactualites\/wp-content\/uploads\/2024\/10\/bourses-admission-mduhaime-A24-18.jpg 1920w\" sizes=\"(max-width: 300px) 100vw, 300px\" \/><\/a>\n\t\t\t<\/div>\n\t\t\t\t<figcaption class='wp-caption-text gallery-caption' id='gallery-1-48865'>\n\t\t\t\tPhilippe Bergeron, laur\u00e9at de la m\u00e9daille d\u2019argent, entour\u00e9 de Julie Bouchard, directrice du D\u00e9partement des sciences de la sant\u00e9, du recteur Ghislain Samson, de la doyenne de la recherche, de la cr\u00e9ation et de l&rsquo;innovation, Suzy Ngomo et de S\u00e9bastien Simard, professeur\n\t\t\t\t<\/figcaption><\/figure>\n\t\t<\/div>\n\n<p>C\u2019est \u00e0 l\u2019occasion de la <a href=\"https:\/\/www.uqac.ca\/uqactualites\/2024\/10\/07\/luqac-celebre-la-reussite-lors-de-la-ceremonie-des-bourses-dadmission-2024\/\" target=\"_blank\" rel=\"noopener\">c\u00e9r\u00e9monie annuelle de remise des bourses d\u2019admission<\/a> qui se tenait le 3 octobre dernier que les r\u00e9cipiendaires ont re\u00e7u leur prestigieuse m\u00e9daille et un certificat sign\u00e9 par la gouverneure g\u00e9n\u00e9rale.<\/p>\n<p>La m\u00e9daille d\u2019argent est d\u00e9cern\u00e9e \u00e0 l\u2019\u00e9tudiante ou \u00e0 l\u2019\u00e9tudiant qui obtient les meilleurs r\u00e9sultats dans un programme d\u2019\u00e9tudes conduisant au baccalaur\u00e9at, tandis que la m\u00e9daille d\u2019or r\u00e9compense les performances exceptionnelles au niveau des cycles sup\u00e9rieurs (2<sup>e<\/sup> et 3<sup>e<\/sup> cycles).<\/p>\n<p><strong>\u00c0 propos de la m\u00e9daille du Gouverneur g\u00e9n\u00e9ral<br \/>\n<\/strong>Attribu\u00e9e pour la premi\u00e8re fois en 1873, la\u00a0<a href=\"https:\/\/www.gg.ca\/fr\/distinctions\/prix-du-gouverneur-general\/medaille-academique-du-gouverneur-general\">m\u00e9daille acad\u00e9mique du\u00a0Gouverneur g\u00e9n\u00e9ral<\/a>\u00a0est devenue l\u2019une des plus prestigieuses distinctions offertes aux \u00e9tudiantes et \u00e9tudiants des \u00e9tablissements d\u2019enseignement canadiens.<\/p>\n<p>Rappelons que les m\u00e9dailles sont remises aux \u00e9tudiantes et \u00e9tudiants qui ont obtenu la meilleure moyenne au terme de leurs \u00e9tudes dans une \u00e9cole secondaire, dans un coll\u00e8ge ou une universit\u00e9. Il s\u2019agit de la plus haute distinction acad\u00e9mique qu&rsquo;ils et elles puissent recevoir dans une universit\u00e9 canadienne.<\/p>\n","protected":false},"excerpt":{"rendered":"<p>L&rsquo;Universit\u00e9 du Qu\u00e9bec \u00e0 Chicoutimi a d\u00e9cern\u00e9 les m\u00e9dailles du Gouverneur g\u00e9n\u00e9ral du Canada \u00e0 Philippe Bergeron, laur\u00e9at de la m\u00e9daille d\u2019argent et dipl\u00f4m\u00e9 d\u2019un baccalaur\u00e9at en psychologie, ainsi qu\u2019\u00e0 Marie-Pier Lamontagne, laur\u00e9ate de la m\u00e9daille d\u2019or et doctorante en lettres. C\u2019est \u00e0 l\u2019occasion de la c\u00e9r\u00e9monie annuelle de remise des bourses d\u2019admission qui se [&hellip;]<\/p>\n","protected":false},"author":5,"featured_media":48853,"comment_status":"closed","ping_status":"open","sticky":false,"template":"","format":"standard","meta":{"footnotes":""},"categories":[2795,2854,61,9],"tags":[54,39,23],"yoast_head":"<!-- This site is optimized with the Yoast SEO plugin v24.2 - https:\/\/yoast.com\/wordpress\/plugins\/seo\/ -->\r\n<title>Distinction acad\u00e9mique: L\u2019UQAC d\u00e9cerne les m\u00e9dailles du Gouverneur g\u00e9n\u00e9ral du Canada - UQACtualit\u00e9s<\/title>\r\n<meta name=\"description\" content=\"L&#039;Universit\u00e9 du Qu\u00e9bec \u00e0 Chicoutimi a d\u00e9cern\u00e9 les m\u00e9dailles du Gouverneur g\u00e9n\u00e9ral du Canada \u00e0 Philippe Bergeron, laur\u00e9at de la m\u00e9daille d\u2019argent ainsi qu\u2019\u00e0 Marie-Pier Lamontagne, laur\u00e9ate de la m\u00e9daille d\u2019or.\" \/>\r\n<meta name=\"robots\" content=\"index, follow, max-snippet:-1, max-image-preview:large, max-video-preview:-1\" \/>\r\n<link rel=\"canonical\" href=\"https:\/\/www.uqac.ca\/uqactualites\/2024\/10\/07\/distinction-academique-luqac-decerne-les-medailles-du-gouverneur-general-du-canada\/\" \/>\r\n<meta property=\"og:locale\" content=\"fr_CA\" \/>\r\n<meta property=\"og:type\" content=\"article\" \/>\r\n<meta property=\"og:title\" content=\"Distinction acad\u00e9mique: L\u2019UQAC d\u00e9cerne les m\u00e9dailles du Gouverneur g\u00e9n\u00e9ral du Canada - UQACtualit\u00e9s\" \/>\r\n<meta property=\"og:description\" content=\"L&#039;Universit\u00e9 du Qu\u00e9bec \u00e0 Chicoutimi a d\u00e9cern\u00e9 les m\u00e9dailles du Gouverneur g\u00e9n\u00e9ral du Canada \u00e0 Philippe Bergeron, laur\u00e9at de la m\u00e9daille d\u2019argent ainsi qu\u2019\u00e0 Marie-Pier Lamontagne, laur\u00e9ate de la m\u00e9daille d\u2019or.\" \/>\r\n<meta property=\"og:url\" content=\"https:\/\/www.uqac.ca\/uqactualites\/2024\/10\/07\/distinction-academique-luqac-decerne-les-medailles-du-gouverneur-general-du-canada\/\" \/>\r\n<meta property=\"og:site_name\" content=\"UQACtualit\u00e9s\" \/>\r\n<meta property=\"article:published_time\" content=\"2024-10-07T18:34:12+00:00\" \/>\r\n<meta property=\"article:modified_time\" content=\"2024-10-07T23:16:13+00:00\" \/>\r\n<meta property=\"og:image\" content=\"https:\/\/www.uqac.ca\/uqactualites\/wp-content\/uploads\/2024\/10\/medailles-gouverneur.jpg\" \/>\r\n\t<meta property=\"og:image:width\" content=\"1200\" \/>\r\n\t<meta property=\"og:image:height\" content=\"675\" \/>\r\n\t<meta property=\"og:image:type\" content=\"image\/jpeg\" \/>\r\n<meta name=\"author\" content=\"Service des communications et des relations publiques\" \/>\r\n<meta name=\"twitter:card\" content=\"summary_large_image\" \/>\r\n<meta name=\"twitter:label1\" content=\"\u00c9crit par\" \/>\n\t<meta name=\"twitter:data1\" content=\"Service des communications et des relations publiques\" \/>\n\t<meta name=\"twitter:label2\" content=\"Estimation du temps de lecture\" \/>\n\t<meta name=\"twitter:data2\" content=\"2 minutes\" \/>\r\n<script type=\"application\/ld+json\" class=\"yoast-schema-graph\">{\"@context\":\"https:\/\/schema.org\",\"@graph\":[{\"@type\":\"WebPage\",\"@id\":\"https:\/\/www.uqac.ca\/uqactualites\/2024\/10\/07\/distinction-academique-luqac-decerne-les-medailles-du-gouverneur-general-du-canada\/\",\"url\":\"https:\/\/www.uqac.ca\/uqactualites\/2024\/10\/07\/distinction-academique-luqac-decerne-les-medailles-du-gouverneur-general-du-canada\/\",\"name\":\"Distinction acad\u00e9mique: L\u2019UQAC d\u00e9cerne les m\u00e9dailles du Gouverneur g\u00e9n\u00e9ral du Canada - UQACtualit\u00e9s\",\"isPartOf\":{\"@id\":\"https:\/\/www.uqac.ca\/uqactualites\/#website\"},\"primaryImageOfPage\":{\"@id\":\"https:\/\/www.uqac.ca\/uqactualites\/2024\/10\/07\/distinction-academique-luqac-decerne-les-medailles-du-gouverneur-general-du-canada\/#primaryimage\"},\"image\":{\"@id\":\"https:\/\/www.uqac.ca\/uqactualites\/2024\/10\/07\/distinction-academique-luqac-decerne-les-medailles-du-gouverneur-general-du-canada\/#primaryimage\"},\"thumbnailUrl\":\"https:\/\/www.uqac.ca\/uqactualites\/wp-content\/uploads\/2024\/10\/medailles-gouverneur.jpg\",\"datePublished\":\"2024-10-07T18:34:12+00:00\",\"dateModified\":\"2024-10-07T23:16:13+00:00\",\"author\":{\"@id\":\"https:\/\/www.uqac.ca\/uqactualites\/#\/schema\/person\/366c45a0c4f0e677b41b4af5886e2018\"},\"description\":\"L'Universit\u00e9 du Qu\u00e9bec \u00e0 Chicoutimi a d\u00e9cern\u00e9 les m\u00e9dailles du Gouverneur g\u00e9n\u00e9ral du Canada \u00e0 Philippe Bergeron, laur\u00e9at de la m\u00e9daille d\u2019argent ainsi qu\u2019\u00e0 Marie-Pier Lamontagne, laur\u00e9ate de la m\u00e9daille d\u2019or.\",\"breadcrumb\":{\"@id\":\"https:\/\/www.uqac.ca\/uqactualites\/2024\/10\/07\/distinction-academique-luqac-decerne-les-medailles-du-gouverneur-general-du-canada\/#breadcrumb\"},\"inLanguage\":\"fr-CA\",\"potentialAction\":[{\"@type\":\"ReadAction\",\"target\":[\"https:\/\/www.uqac.ca\/uqactualites\/2024\/10\/07\/distinction-academique-luqac-decerne-les-medailles-du-gouverneur-general-du-canada\/\"]}]},{\"@type\":\"ImageObject\",\"inLanguage\":\"fr-CA\",\"@id\":\"https:\/\/www.uqac.ca\/uqactualites\/2024\/10\/07\/distinction-academique-luqac-decerne-les-medailles-du-gouverneur-general-du-canada\/#primaryimage\",\"url\":\"https:\/\/www.uqac.ca\/uqactualites\/wp-content\/uploads\/2024\/10\/medailles-gouverneur.jpg\",\"contentUrl\":\"https:\/\/www.uqac.ca\/uqactualites\/wp-content\/uploads\/2024\/10\/medailles-gouverneur.jpg\",\"width\":1200,\"height\":675},{\"@type\":\"BreadcrumbList\",\"@id\":\"https:\/\/www.uqac.ca\/uqactualites\/2024\/10\/07\/distinction-academique-luqac-decerne-les-medailles-du-gouverneur-general-du-canada\/#breadcrumb\",\"itemListElement\":[{\"@type\":\"ListItem\",\"position\":1,\"name\":\"Home\",\"item\":\"https:\/\/www.uqac.ca\/uqactualites\/\"},{\"@type\":\"ListItem\",\"position\":2,\"name\":\"Distinction acad\u00e9mique: L\u2019UQAC d\u00e9cerne les m\u00e9dailles du Gouverneur g\u00e9n\u00e9ral du Canada\"}]},{\"@type\":\"WebSite\",\"@id\":\"https:\/\/www.uqac.ca\/uqactualites\/#website\",\"url\":\"https:\/\/www.uqac.ca\/uqactualites\/\",\"name\":\"UQACtualit\u00e9s\",\"description\":\"Le portail des nouvelles de l&#039;UQAC\",\"potentialAction\":[{\"@type\":\"SearchAction\",\"target\":{\"@type\":\"EntryPoint\",\"urlTemplate\":\"https:\/\/www.uqac.ca\/uqactualites\/?s={search_term_string}\"},\"query-input\":{\"@type\":\"PropertyValueSpecification\",\"valueRequired\":true,\"valueName\":\"search_term_string\"}}],\"inLanguage\":\"fr-CA\"},{\"@type\":\"Person\",\"@id\":\"https:\/\/www.uqac.ca\/uqactualites\/#\/schema\/person\/366c45a0c4f0e677b41b4af5886e2018\",\"name\":\"Service des communications et des relations publiques\",\"image\":{\"@type\":\"ImageObject\",\"inLanguage\":\"fr-CA\",\"@id\":\"https:\/\/www.uqac.ca\/uqactualites\/#\/schema\/person\/image\/\",\"url\":\"https:\/\/secure.gravatar.com\/avatar\/20fbbda8a292f59f2d3461a5b999c00b?s=96&d=mm&r=g\",\"contentUrl\":\"https:\/\/secure.gravatar.com\/avatar\/20fbbda8a292f59f2d3461a5b999c00b?s=96&d=mm&r=g\",\"caption\":\"Service des communications et des relations publiques\"},\"url\":\"https:\/\/www.uqac.ca\/uqactualites\/author\/bap\/\"}]}<\/script>\r\n<!-- \/ Yoast SEO plugin. -->","yoast_head_json":{"title":"Distinction acad\u00e9mique: L\u2019UQAC d\u00e9cerne les m\u00e9dailles du Gouverneur g\u00e9n\u00e9ral du Canada - UQACtualit\u00e9s","description":"L'Universit\u00e9 du Qu\u00e9bec \u00e0 Chicoutimi a d\u00e9cern\u00e9 les m\u00e9dailles du Gouverneur g\u00e9n\u00e9ral du Canada \u00e0 Philippe Bergeron, laur\u00e9at de la m\u00e9daille d\u2019argent ainsi qu\u2019\u00e0 Marie-Pier Lamontagne, laur\u00e9ate de la m\u00e9daille d\u2019or.","robots":{"index":"index","follow":"follow","max-snippet":"max-snippet:-1","max-image-preview":"max-image-preview:large","max-video-preview":"max-video-preview:-1"},"canonical":"https:\/\/www.uqac.ca\/uqactualites\/2024\/10\/07\/distinction-academique-luqac-decerne-les-medailles-du-gouverneur-general-du-canada\/","og_locale":"fr_CA","og_type":"article","og_title":"Distinction acad\u00e9mique: L\u2019UQAC d\u00e9cerne les m\u00e9dailles du Gouverneur g\u00e9n\u00e9ral du Canada - UQACtualit\u00e9s","og_description":"L'Universit\u00e9 du Qu\u00e9bec \u00e0 Chicoutimi a d\u00e9cern\u00e9 les m\u00e9dailles du Gouverneur g\u00e9n\u00e9ral du Canada \u00e0 Philippe Bergeron, laur\u00e9at de la m\u00e9daille d\u2019argent ainsi qu\u2019\u00e0 Marie-Pier Lamontagne, laur\u00e9ate de la m\u00e9daille d\u2019or.","og_url":"https:\/\/www.uqac.ca\/uqactualites\/2024\/10\/07\/distinction-academique-luqac-decerne-les-medailles-du-gouverneur-general-du-canada\/","og_site_name":"UQACtualit\u00e9s","article_published_time":"2024-10-07T18:34:12+00:00","article_modified_time":"2024-10-07T23:16:13+00:00","og_image":[{"width":1200,"height":675,"url":"https:\/\/www.uqac.ca\/uqactualites\/wp-content\/uploads\/2024\/10\/medailles-gouverneur.jpg","type":"image\/jpeg"}],"author":"Service des communications et des relations publiques","twitter_card":"summary_large_image","twitter_misc":{"\u00c9crit par":"Service des communications et des relations publiques","Estimation du temps de lecture":"2 minutes"},"schema":{"@context":"https:\/\/schema.org","@graph":[{"@type":"WebPage","@id":"https:\/\/www.uqac.ca\/uqactualites\/2024\/10\/07\/distinction-academique-luqac-decerne-les-medailles-du-gouverneur-general-du-canada\/","url":"https:\/\/www.uqac.ca\/uqactualites\/2024\/10\/07\/distinction-academique-luqac-decerne-les-medailles-du-gouverneur-general-du-canada\/","name":"Distinction acad\u00e9mique: L\u2019UQAC d\u00e9cerne les m\u00e9dailles du Gouverneur g\u00e9n\u00e9ral du Canada - UQACtualit\u00e9s","isPartOf":{"@id":"https:\/\/www.uqac.ca\/uqactualites\/#website"},"primaryImageOfPage":{"@id":"https:\/\/www.uqac.ca\/uqactualites\/2024\/10\/07\/distinction-academique-luqac-decerne-les-medailles-du-gouverneur-general-du-canada\/#primaryimage"},"image":{"@id":"https:\/\/www.uqac.ca\/uqactualites\/2024\/10\/07\/distinction-academique-luqac-decerne-les-medailles-du-gouverneur-general-du-canada\/#primaryimage"},"thumbnailUrl":"https:\/\/www.uqac.ca\/uqactualites\/wp-content\/uploads\/2024\/10\/medailles-gouverneur.jpg","datePublished":"2024-10-07T18:34:12+00:00","dateModified":"2024-10-07T23:16:13+00:00","author":{"@id":"https:\/\/www.uqac.ca\/uqactualites\/#\/schema\/person\/366c45a0c4f0e677b41b4af5886e2018"},"description":"L'Universit\u00e9 du Qu\u00e9bec \u00e0 Chicoutimi a d\u00e9cern\u00e9 les m\u00e9dailles du Gouverneur g\u00e9n\u00e9ral du Canada \u00e0 Philippe Bergeron, laur\u00e9at de la m\u00e9daille d\u2019argent ainsi qu\u2019\u00e0 Marie-Pier Lamontagne, laur\u00e9ate de la m\u00e9daille d\u2019or.","breadcrumb":{"@id":"https:\/\/www.uqac.ca\/uqactualites\/2024\/10\/07\/distinction-academique-luqac-decerne-les-medailles-du-gouverneur-general-du-canada\/#breadcrumb"},"inLanguage":"fr-CA","potentialAction":[{"@type":"ReadAction","target":["https:\/\/www.uqac.ca\/uqactualites\/2024\/10\/07\/distinction-academique-luqac-decerne-les-medailles-du-gouverneur-general-du-canada\/"]}]},{"@type":"ImageObject","inLanguage":"fr-CA","@id":"https:\/\/www.uqac.ca\/uqactualites\/2024\/10\/07\/distinction-academique-luqac-decerne-les-medailles-du-gouverneur-general-du-canada\/#primaryimage","url":"https:\/\/www.uqac.ca\/uqactualites\/wp-content\/uploads\/2024\/10\/medailles-gouverneur.jpg","contentUrl":"https:\/\/www.uqac.ca\/uqactualites\/wp-content\/uploads\/2024\/10\/medailles-gouverneur.jpg","width":1200,"height":675},{"@type":"BreadcrumbList","@id":"https:\/\/www.uqac.ca\/uqactualites\/2024\/10\/07\/distinction-academique-luqac-decerne-les-medailles-du-gouverneur-general-du-canada\/#breadcrumb","itemListElement":[{"@type":"ListItem","position":1,"name":"Home","item":"https:\/\/www.uqac.ca\/uqactualites\/"},{"@type":"ListItem","position":2,"name":"Distinction acad\u00e9mique: L\u2019UQAC d\u00e9cerne les m\u00e9dailles du Gouverneur g\u00e9n\u00e9ral du Canada"}]},{"@type":"WebSite","@id":"https:\/\/www.uqac.ca\/uqactualites\/#website","url":"https:\/\/www.uqac.ca\/uqactualites\/","name":"UQACtualit\u00e9s","description":"Le portail des nouvelles de l&#039;UQAC","potentialAction":[{"@type":"SearchAction","target":{"@type":"EntryPoint","urlTemplate":"https:\/\/www.uqac.ca\/uqactualites\/?s={search_term_string}"},"query-input":{"@type":"PropertyValueSpecification","valueRequired":true,"valueName":"search_term_string"}}],"inLanguage":"fr-CA"},{"@type":"Person","@id":"https:\/\/www.uqac.ca\/uqactualites\/#\/schema\/person\/366c45a0c4f0e677b41b4af5886e2018","name":"Service des communications et des relations publiques","image":{"@type":"ImageObject","inLanguage":"fr-CA","@id":"https:\/\/www.uqac.ca\/uqactualites\/#\/schema\/person\/image\/","url":"https:\/\/secure.gravatar.com\/avatar\/20fbbda8a292f59f2d3461a5b999c00b?s=96&d=mm&r=g","contentUrl":"https:\/\/secure.gravatar.com\/avatar\/20fbbda8a292f59f2d3461a5b999c00b?s=96&d=mm&r=g","caption":"Service des communications et des relations publiques"},"url":"https:\/\/www.uqac.ca\/uqactualites\/author\/bap\/"}]}},"_links":{"self":[{"href":"https:\/\/www.uqac.ca\/uqactualites\/wp-json\/wp\/v2\/posts\/48844"}],"collection":[{"href":"https:\/\/www.uqac.ca\/uqactualites\/wp-json\/wp\/v2\/posts"}],"about":[{"href":"https:\/\/www.uqac.ca\/uqactualites\/wp-json\/wp\/v2\/types\/post"}],"author":[{"embeddable":true,"href":"https:\/\/www.uqac.ca\/uqactualites\/wp-json\/wp\/v2\/users\/5"}],"replies":[{"embeddable":true,"href":"https:\/\/www.uqac.ca\/uqactualites\/wp-json\/wp\/v2\/comments?post=48844"}],"version-history":[{"count":12,"href":"https:\/\/www.uqac.ca\/uqactualites\/wp-json\/wp\/v2\/posts\/48844\/revisions"}],"predecessor-version":[{"id":48873,"href":"https:\/\/www.uqac.ca\/uqactualites\/wp-json\/wp\/v2\/posts\/48844\/revisions\/48873"}],"wp:featuredmedia":[{"embeddable":true,"href":"https:\/\/www.uqac.ca\/uqactualites\/wp-json\/wp\/v2\/media\/48853"}],"wp:attachment":[{"href":"https:\/\/www.uqac.ca\/uqactualites\/wp-json\/wp\/v2\/media?parent=48844"}],"wp:term":[{"taxonomy":"category","embeddable":true,"href":"https:\/\/www.uqac.ca\/uqactualites\/wp-json\/wp\/v2\/categories?post=48844"},{"taxonomy":"post_tag","embeddable":true,"href":"https:\/\/www.uqac.ca\/uqactualites\/wp-json\/wp\/v2\/tags?post=48844"}],"curies":[{"name":"wp","href":"https:\/\/api.w.org\/{rel}","templated":true}]}}