{"id":48859,"date":"2024-10-07T16:44:59","date_gmt":"2024-10-07T20:44:59","guid":{"rendered":"https:\/\/www.uqac.ca\/uqactualites\/?p=48859"},"modified":"2024-10-08T08:33:06","modified_gmt":"2024-10-08T12:33:06","slug":"le-cural-nomme-au-cercle-dexcellence-de-luniversite-du-quebec","status":"publish","type":"post","link":"https:\/\/www.uqac.ca\/uqactualites\/2024\/10\/07\/le-cural-nomme-au-cercle-dexcellence-de-luniversite-du-quebec\/","title":{"rendered":"Le CURAL nomm\u00e9 au Cercle d\u2019excellence de l\u2019Universit\u00e9 du Qu\u00e9bec"},"content":{"rendered":"<p>Lors de la c\u00e9r\u00e9monie Excellence 2024 tenue le 3 octobre dernier visant \u00e0 reconna\u00eetre et c\u00e9l\u00e9brer les talents de membres de la communaut\u00e9 universitaire, le Centre universitaire de recherche sur l\u2019aluminium (CURAL) a eu l\u2019honneur d\u2019\u00eatre nomm\u00e9 au Cercle d\u2019excellence de l\u2019Universit\u00e9 du Qu\u00e9bec. Par cette nomination, le recteur, Ghislain Samson, d\u00e9sirait souligner l\u2019apport exceptionnel du CURAL au cours de la derni\u00e8re ann\u00e9e. En effet, l\u2019entr\u00e9e du CURAL au Cercle d\u2019excellence de l\u2019Universit\u00e9 du Qu\u00e9bec est une reconnaissance des innovations et avanc\u00e9es technologiques qui y ont \u00e9t\u00e9 r\u00e9alis\u00e9es au fil du temps, mais \u00e9galement de la qualit\u00e9 des collaborations et partenariats qui y ont \u00e9t\u00e9 \u00e9tablis au cours de ces ann\u00e9es.\u00a0C\u2019est \u00e9galement une reconnaissance des comp\u00e9tences et du leadership mondialement reconnus de ses membres en enseignement et en recherche dans le domaine de l\u2019aluminium du futur.<\/p>\n<p><strong>Plus de 40 ans d\u2019enseignement et de recherche dans le domaine de l\u2019aluminium<\/strong><\/p>\n<p>Cr\u00e9\u00e9 officiellement en 2000, le CURAL est sous la direction du professeur <a href=\"https:\/\/www.uqac.ca\/portfolio\/danielmarceau\/\">Daniel Marceau<\/a> et compte aujourd\u2019hui une vingtaine de professeurs et professeures et plus de 45 \u00e9tudiants et \u00e9tudiantes de cycles sup\u00e9rieurs et post doctorants. L\u2019\u00e9quipe r\u00e9alise des activit\u00e9s de formation, de recherche et de transfert de connaissances dans une perspective de d\u00e9veloppement durable de l&rsquo;industrie de l&rsquo;aluminium. Des projets visant la d\u00e9carbonation et l&rsquo;efficacit\u00e9 \u00e9nerg\u00e9tique des proc\u00e9d\u00e9s li\u00e9s \u00e0 la production primaire, l&rsquo;am\u00e9lioration de la qualit\u00e9 et de la performance des alliages et des produits de coul\u00e9e et de transformation, le d\u00e9veloppement de divers proc\u00e9d\u00e9s de transformation et de mise en forme, ainsi que de nouvelles technologies de traitement et de valorisation des r\u00e9sidus de bauxite figurent parmi les exemples.<\/p>\n<p>F\u00e9licitations au professeur Marceau et \u00e0 toute l\u2019\u00e9quipe du CURAL!<\/p>\n<figure id=\"attachment_48876\" aria-describedby=\"caption-attachment-48876\" style=\"width: 1920px\" class=\"wp-caption alignnone\"><a href=\"https:\/\/www.uqac.ca\/uqactualites\/wp-content\/uploads\/2024\/10\/CURAL-UQAC-mduhaime-a24-1920.jpg\"><img loading=\"lazy\" decoding=\"async\" class=\"wp-image-48876 size-full\" src=\"https:\/\/www.uqac.ca\/uqactualites\/wp-content\/uploads\/2024\/10\/CURAL-UQAC-mduhaime-a24-1920.jpg\" alt=\"\" width=\"1920\" height=\"1077\" srcset=\"https:\/\/www.uqac.ca\/uqactualites\/wp-content\/uploads\/2024\/10\/CURAL-UQAC-mduhaime-a24-1920.jpg 1920w, https:\/\/www.uqac.ca\/uqactualites\/wp-content\/uploads\/2024\/10\/CURAL-UQAC-mduhaime-a24-1920-300x168.jpg 300w, https:\/\/www.uqac.ca\/uqactualites\/wp-content\/uploads\/2024\/10\/CURAL-UQAC-mduhaime-a24-1920-1024x574.jpg 1024w, https:\/\/www.uqac.ca\/uqactualites\/wp-content\/uploads\/2024\/10\/CURAL-UQAC-mduhaime-a24-1920-768x431.jpg 768w, https:\/\/www.uqac.ca\/uqactualites\/wp-content\/uploads\/2024\/10\/CURAL-UQAC-mduhaime-a24-1920-1536x862.jpg 1536w, https:\/\/www.uqac.ca\/uqactualites\/wp-content\/uploads\/2024\/10\/CURAL-UQAC-mduhaime-a24-1920-150x84.jpg 150w, https:\/\/www.uqac.ca\/uqactualites\/wp-content\/uploads\/2024\/10\/CURAL-UQAC-mduhaime-a24-1920-696x390.jpg 696w, https:\/\/www.uqac.ca\/uqactualites\/wp-content\/uploads\/2024\/10\/CURAL-UQAC-mduhaime-a24-1920-1068x599.jpg 1068w\" sizes=\"(max-width: 1920px) 100vw, 1920px\" \/><\/a><figcaption id=\"caption-attachment-48876\" class=\"wp-caption-text\">Sur la photo : Daniel Marceau; Laszlo Kiss; Yasar Kocaefe; Martin Otis; Mousa Javidani; Duygu Kocaefe; Patrick Faubert; R\u00e9mi Morin Chasse; Kadiata Ba; X. Grant Chen; Lukas Dion; Et beaucoup de techniciens et d\u2019\u00e9tudiants<\/figcaption><\/figure>\n<p>&nbsp;<\/p>\n","protected":false},"excerpt":{"rendered":"<p>Lors de la c\u00e9r\u00e9monie Excellence 2024 tenue le 3 octobre dernier visant \u00e0 reconna\u00eetre et c\u00e9l\u00e9brer les talents de membres de la communaut\u00e9 universitaire, le Centre universitaire de recherche sur l\u2019aluminium (CURAL) a eu l\u2019honneur d\u2019\u00eatre nomm\u00e9 au Cercle d\u2019excellence de l\u2019Universit\u00e9 du Qu\u00e9bec. Par cette nomination, le recteur, Ghislain Samson, d\u00e9sirait souligner l\u2019apport exceptionnel [&hellip;]<\/p>\n","protected":false},"author":5,"featured_media":48862,"comment_status":"closed","ping_status":"open","sticky":false,"template":"","format":"standard","meta":{"footnotes":""},"categories":[2795,2,4],"tags":[499,136],"yoast_head":"<!-- This site is optimized with the Yoast SEO plugin v24.2 - https:\/\/yoast.com\/wordpress\/plugins\/seo\/ -->\r\n<title>Le CURAL nomm\u00e9 au Cercle d\u2019excellence de l\u2019Universit\u00e9 du Qu\u00e9bec - UQACtualit\u00e9s<\/title>\r\n<meta name=\"description\" content=\"Le CURAL nomm\u00e9 au Cercle d\u2019excellence de l\u2019Universit\u00e9 du Qu\u00e9bec.\" \/>\r\n<meta name=\"robots\" content=\"index, follow, max-snippet:-1, max-image-preview:large, max-video-preview:-1\" \/>\r\n<link rel=\"canonical\" href=\"https:\/\/www.uqac.ca\/uqactualites\/2024\/10\/07\/le-cural-nomme-au-cercle-dexcellence-de-luniversite-du-quebec\/\" \/>\r\n<meta property=\"og:locale\" content=\"fr_CA\" \/>\r\n<meta property=\"og:type\" content=\"article\" \/>\r\n<meta property=\"og:title\" content=\"Le CURAL nomm\u00e9 au Cercle d\u2019excellence de l\u2019Universit\u00e9 du Qu\u00e9bec - UQACtualit\u00e9s\" \/>\r\n<meta property=\"og:description\" content=\"Le CURAL nomm\u00e9 au Cercle d\u2019excellence de l\u2019Universit\u00e9 du Qu\u00e9bec.\" \/>\r\n<meta property=\"og:url\" content=\"https:\/\/www.uqac.ca\/uqactualites\/2024\/10\/07\/le-cural-nomme-au-cercle-dexcellence-de-luniversite-du-quebec\/\" \/>\r\n<meta property=\"og:site_name\" content=\"UQACtualit\u00e9s\" \/>\r\n<meta property=\"article:published_time\" content=\"2024-10-07T20:44:59+00:00\" \/>\r\n<meta property=\"article:modified_time\" content=\"2024-10-08T12:33:06+00:00\" \/>\r\n<meta property=\"og:image\" content=\"https:\/\/www.uqac.ca\/uqactualites\/wp-content\/uploads\/2024\/10\/Cercle-excellence-UQACweb-scaled.jpg\" \/>\r\n\t<meta property=\"og:image:width\" content=\"2560\" \/>\r\n\t<meta property=\"og:image:height\" content=\"1707\" \/>\r\n\t<meta property=\"og:image:type\" content=\"image\/jpeg\" \/>\r\n<meta name=\"author\" content=\"Service des communications et des relations publiques\" \/>\r\n<meta name=\"twitter:card\" content=\"summary_large_image\" \/>\r\n<meta name=\"twitter:label1\" content=\"\u00c9crit par\" \/>\n\t<meta name=\"twitter:data1\" content=\"Service des communications et des relations publiques\" \/>\n\t<meta name=\"twitter:label2\" content=\"Estimation du temps de lecture\" \/>\n\t<meta name=\"twitter:data2\" content=\"3 minutes\" \/>\r\n<script type=\"application\/ld+json\" class=\"yoast-schema-graph\">{\"@context\":\"https:\/\/schema.org\",\"@graph\":[{\"@type\":\"WebPage\",\"@id\":\"https:\/\/www.uqac.ca\/uqactualites\/2024\/10\/07\/le-cural-nomme-au-cercle-dexcellence-de-luniversite-du-quebec\/\",\"url\":\"https:\/\/www.uqac.ca\/uqactualites\/2024\/10\/07\/le-cural-nomme-au-cercle-dexcellence-de-luniversite-du-quebec\/\",\"name\":\"Le CURAL nomm\u00e9 au Cercle d\u2019excellence de l\u2019Universit\u00e9 du Qu\u00e9bec - UQACtualit\u00e9s\",\"isPartOf\":{\"@id\":\"https:\/\/www.uqac.ca\/uqactualites\/#website\"},\"primaryImageOfPage\":{\"@id\":\"https:\/\/www.uqac.ca\/uqactualites\/2024\/10\/07\/le-cural-nomme-au-cercle-dexcellence-de-luniversite-du-quebec\/#primaryimage\"},\"image\":{\"@id\":\"https:\/\/www.uqac.ca\/uqactualites\/2024\/10\/07\/le-cural-nomme-au-cercle-dexcellence-de-luniversite-du-quebec\/#primaryimage\"},\"thumbnailUrl\":\"https:\/\/www.uqac.ca\/uqactualites\/wp-content\/uploads\/2024\/10\/Cercle-excellence-UQACweb-scaled.jpg\",\"datePublished\":\"2024-10-07T20:44:59+00:00\",\"dateModified\":\"2024-10-08T12:33:06+00:00\",\"author\":{\"@id\":\"https:\/\/www.uqac.ca\/uqactualites\/#\/schema\/person\/366c45a0c4f0e677b41b4af5886e2018\"},\"description\":\"Le CURAL nomm\u00e9 au Cercle d\u2019excellence de l\u2019Universit\u00e9 du Qu\u00e9bec.\",\"breadcrumb\":{\"@id\":\"https:\/\/www.uqac.ca\/uqactualites\/2024\/10\/07\/le-cural-nomme-au-cercle-dexcellence-de-luniversite-du-quebec\/#breadcrumb\"},\"inLanguage\":\"fr-CA\",\"potentialAction\":[{\"@type\":\"ReadAction\",\"target\":[\"https:\/\/www.uqac.ca\/uqactualites\/2024\/10\/07\/le-cural-nomme-au-cercle-dexcellence-de-luniversite-du-quebec\/\"]}]},{\"@type\":\"ImageObject\",\"inLanguage\":\"fr-CA\",\"@id\":\"https:\/\/www.uqac.ca\/uqactualites\/2024\/10\/07\/le-cural-nomme-au-cercle-dexcellence-de-luniversite-du-quebec\/#primaryimage\",\"url\":\"https:\/\/www.uqac.ca\/uqactualites\/wp-content\/uploads\/2024\/10\/Cercle-excellence-UQACweb-scaled.jpg\",\"contentUrl\":\"https:\/\/www.uqac.ca\/uqactualites\/wp-content\/uploads\/2024\/10\/Cercle-excellence-UQACweb-scaled.jpg\",\"width\":2560,\"height\":1707,\"caption\":\"Ghislain Samson, recteur de l'UQAC, Daniel Marceau, professeur et directeur du CURAL et Alexandre Cloutier, pr\u00e9sident de l\u2019UQ \u00a9 Simon Clark, photographe\"},{\"@type\":\"BreadcrumbList\",\"@id\":\"https:\/\/www.uqac.ca\/uqactualites\/2024\/10\/07\/le-cural-nomme-au-cercle-dexcellence-de-luniversite-du-quebec\/#breadcrumb\",\"itemListElement\":[{\"@type\":\"ListItem\",\"position\":1,\"name\":\"Home\",\"item\":\"https:\/\/www.uqac.ca\/uqactualites\/\"},{\"@type\":\"ListItem\",\"position\":2,\"name\":\"Le CURAL nomm\u00e9 au Cercle d\u2019excellence de l\u2019Universit\u00e9 du Qu\u00e9bec\"}]},{\"@type\":\"WebSite\",\"@id\":\"https:\/\/www.uqac.ca\/uqactualites\/#website\",\"url\":\"https:\/\/www.uqac.ca\/uqactualites\/\",\"name\":\"UQACtualit\u00e9s\",\"description\":\"Le portail des nouvelles de l&#039;UQAC\",\"potentialAction\":[{\"@type\":\"SearchAction\",\"target\":{\"@type\":\"EntryPoint\",\"urlTemplate\":\"https:\/\/www.uqac.ca\/uqactualites\/?s={search_term_string}\"},\"query-input\":{\"@type\":\"PropertyValueSpecification\",\"valueRequired\":true,\"valueName\":\"search_term_string\"}}],\"inLanguage\":\"fr-CA\"},{\"@type\":\"Person\",\"@id\":\"https:\/\/www.uqac.ca\/uqactualites\/#\/schema\/person\/366c45a0c4f0e677b41b4af5886e2018\",\"name\":\"Service des communications et des relations publiques\",\"image\":{\"@type\":\"ImageObject\",\"inLanguage\":\"fr-CA\",\"@id\":\"https:\/\/www.uqac.ca\/uqactualites\/#\/schema\/person\/image\/\",\"url\":\"https:\/\/secure.gravatar.com\/avatar\/20fbbda8a292f59f2d3461a5b999c00b?s=96&d=mm&r=g\",\"contentUrl\":\"https:\/\/secure.gravatar.com\/avatar\/20fbbda8a292f59f2d3461a5b999c00b?s=96&d=mm&r=g\",\"caption\":\"Service des communications et des relations publiques\"},\"url\":\"https:\/\/www.uqac.ca\/uqactualites\/author\/bap\/\"}]}<\/script>\r\n<!-- \/ Yoast SEO plugin. -->","yoast_head_json":{"title":"Le CURAL nomm\u00e9 au Cercle d\u2019excellence de l\u2019Universit\u00e9 du Qu\u00e9bec - UQACtualit\u00e9s","description":"Le CURAL nomm\u00e9 au Cercle d\u2019excellence de l\u2019Universit\u00e9 du Qu\u00e9bec.","robots":{"index":"index","follow":"follow","max-snippet":"max-snippet:-1","max-image-preview":"max-image-preview:large","max-video-preview":"max-video-preview:-1"},"canonical":"https:\/\/www.uqac.ca\/uqactualites\/2024\/10\/07\/le-cural-nomme-au-cercle-dexcellence-de-luniversite-du-quebec\/","og_locale":"fr_CA","og_type":"article","og_title":"Le CURAL nomm\u00e9 au Cercle d\u2019excellence de l\u2019Universit\u00e9 du Qu\u00e9bec - UQACtualit\u00e9s","og_description":"Le CURAL nomm\u00e9 au Cercle d\u2019excellence de l\u2019Universit\u00e9 du Qu\u00e9bec.","og_url":"https:\/\/www.uqac.ca\/uqactualites\/2024\/10\/07\/le-cural-nomme-au-cercle-dexcellence-de-luniversite-du-quebec\/","og_site_name":"UQACtualit\u00e9s","article_published_time":"2024-10-07T20:44:59+00:00","article_modified_time":"2024-10-08T12:33:06+00:00","og_image":[{"width":2560,"height":1707,"url":"https:\/\/www.uqac.ca\/uqactualites\/wp-content\/uploads\/2024\/10\/Cercle-excellence-UQACweb-scaled.jpg","type":"image\/jpeg"}],"author":"Service des communications et des relations publiques","twitter_card":"summary_large_image","twitter_misc":{"\u00c9crit par":"Service des communications et des relations publiques","Estimation du temps de lecture":"3 minutes"},"schema":{"@context":"https:\/\/schema.org","@graph":[{"@type":"WebPage","@id":"https:\/\/www.uqac.ca\/uqactualites\/2024\/10\/07\/le-cural-nomme-au-cercle-dexcellence-de-luniversite-du-quebec\/","url":"https:\/\/www.uqac.ca\/uqactualites\/2024\/10\/07\/le-cural-nomme-au-cercle-dexcellence-de-luniversite-du-quebec\/","name":"Le CURAL nomm\u00e9 au Cercle d\u2019excellence de l\u2019Universit\u00e9 du Qu\u00e9bec - UQACtualit\u00e9s","isPartOf":{"@id":"https:\/\/www.uqac.ca\/uqactualites\/#website"},"primaryImageOfPage":{"@id":"https:\/\/www.uqac.ca\/uqactualites\/2024\/10\/07\/le-cural-nomme-au-cercle-dexcellence-de-luniversite-du-quebec\/#primaryimage"},"image":{"@id":"https:\/\/www.uqac.ca\/uqactualites\/2024\/10\/07\/le-cural-nomme-au-cercle-dexcellence-de-luniversite-du-quebec\/#primaryimage"},"thumbnailUrl":"https:\/\/www.uqac.ca\/uqactualites\/wp-content\/uploads\/2024\/10\/Cercle-excellence-UQACweb-scaled.jpg","datePublished":"2024-10-07T20:44:59+00:00","dateModified":"2024-10-08T12:33:06+00:00","author":{"@id":"https:\/\/www.uqac.ca\/uqactualites\/#\/schema\/person\/366c45a0c4f0e677b41b4af5886e2018"},"description":"Le CURAL nomm\u00e9 au Cercle d\u2019excellence de l\u2019Universit\u00e9 du Qu\u00e9bec.","breadcrumb":{"@id":"https:\/\/www.uqac.ca\/uqactualites\/2024\/10\/07\/le-cural-nomme-au-cercle-dexcellence-de-luniversite-du-quebec\/#breadcrumb"},"inLanguage":"fr-CA","potentialAction":[{"@type":"ReadAction","target":["https:\/\/www.uqac.ca\/uqactualites\/2024\/10\/07\/le-cural-nomme-au-cercle-dexcellence-de-luniversite-du-quebec\/"]}]},{"@type":"ImageObject","inLanguage":"fr-CA","@id":"https:\/\/www.uqac.ca\/uqactualites\/2024\/10\/07\/le-cural-nomme-au-cercle-dexcellence-de-luniversite-du-quebec\/#primaryimage","url":"https:\/\/www.uqac.ca\/uqactualites\/wp-content\/uploads\/2024\/10\/Cercle-excellence-UQACweb-scaled.jpg","contentUrl":"https:\/\/www.uqac.ca\/uqactualites\/wp-content\/uploads\/2024\/10\/Cercle-excellence-UQACweb-scaled.jpg","width":2560,"height":1707,"caption":"Ghislain Samson, recteur de l'UQAC, Daniel Marceau, professeur et directeur du CURAL et Alexandre Cloutier, pr\u00e9sident de l\u2019UQ \u00a9 Simon Clark, photographe"},{"@type":"BreadcrumbList","@id":"https:\/\/www.uqac.ca\/uqactualites\/2024\/10\/07\/le-cural-nomme-au-cercle-dexcellence-de-luniversite-du-quebec\/#breadcrumb","itemListElement":[{"@type":"ListItem","position":1,"name":"Home","item":"https:\/\/www.uqac.ca\/uqactualites\/"},{"@type":"ListItem","position":2,"name":"Le CURAL nomm\u00e9 au Cercle d\u2019excellence de l\u2019Universit\u00e9 du Qu\u00e9bec"}]},{"@type":"WebSite","@id":"https:\/\/www.uqac.ca\/uqactualites\/#website","url":"https:\/\/www.uqac.ca\/uqactualites\/","name":"UQACtualit\u00e9s","description":"Le portail des nouvelles de l&#039;UQAC","potentialAction":[{"@type":"SearchAction","target":{"@type":"EntryPoint","urlTemplate":"https:\/\/www.uqac.ca\/uqactualites\/?s={search_term_string}"},"query-input":{"@type":"PropertyValueSpecification","valueRequired":true,"valueName":"search_term_string"}}],"inLanguage":"fr-CA"},{"@type":"Person","@id":"https:\/\/www.uqac.ca\/uqactualites\/#\/schema\/person\/366c45a0c4f0e677b41b4af5886e2018","name":"Service des communications et des relations publiques","image":{"@type":"ImageObject","inLanguage":"fr-CA","@id":"https:\/\/www.uqac.ca\/uqactualites\/#\/schema\/person\/image\/","url":"https:\/\/secure.gravatar.com\/avatar\/20fbbda8a292f59f2d3461a5b999c00b?s=96&d=mm&r=g","contentUrl":"https:\/\/secure.gravatar.com\/avatar\/20fbbda8a292f59f2d3461a5b999c00b?s=96&d=mm&r=g","caption":"Service des communications et des relations publiques"},"url":"https:\/\/www.uqac.ca\/uqactualites\/author\/bap\/"}]}},"_links":{"self":[{"href":"https:\/\/www.uqac.ca\/uqactualites\/wp-json\/wp\/v2\/posts\/48859"}],"collection":[{"href":"https:\/\/www.uqac.ca\/uqactualites\/wp-json\/wp\/v2\/posts"}],"about":[{"href":"https:\/\/www.uqac.ca\/uqactualites\/wp-json\/wp\/v2\/types\/post"}],"author":[{"embeddable":true,"href":"https:\/\/www.uqac.ca\/uqactualites\/wp-json\/wp\/v2\/users\/5"}],"replies":[{"embeddable":true,"href":"https:\/\/www.uqac.ca\/uqactualites\/wp-json\/wp\/v2\/comments?post=48859"}],"version-history":[{"count":5,"href":"https:\/\/www.uqac.ca\/uqactualites\/wp-json\/wp\/v2\/posts\/48859\/revisions"}],"predecessor-version":[{"id":48879,"href":"https:\/\/www.uqac.ca\/uqactualites\/wp-json\/wp\/v2\/posts\/48859\/revisions\/48879"}],"wp:featuredmedia":[{"embeddable":true,"href":"https:\/\/www.uqac.ca\/uqactualites\/wp-json\/wp\/v2\/media\/48862"}],"wp:attachment":[{"href":"https:\/\/www.uqac.ca\/uqactualites\/wp-json\/wp\/v2\/media?parent=48859"}],"wp:term":[{"taxonomy":"category","embeddable":true,"href":"https:\/\/www.uqac.ca\/uqactualites\/wp-json\/wp\/v2\/categories?post=48859"},{"taxonomy":"post_tag","embeddable":true,"href":"https:\/\/www.uqac.ca\/uqactualites\/wp-json\/wp\/v2\/tags?post=48859"}],"curies":[{"name":"wp","href":"https:\/\/api.w.org\/{rel}","templated":true}]}}