{"id":48903,"date":"2024-10-14T09:00:21","date_gmt":"2024-10-14T13:00:21","guid":{"rendered":"https:\/\/www.uqac.ca\/uqactualites\/?p=48903"},"modified":"2024-10-10T08:46:53","modified_gmt":"2024-10-10T12:46:53","slug":"jorge-frozzini-au-rq3i","status":"publish","type":"post","link":"https:\/\/www.uqac.ca\/uqactualites\/2024\/10\/14\/jorge-frozzini-au-rq3i\/","title":{"rendered":"Jorge Frozzini se joint au nouveau R\u00e9seau qu\u00e9b\u00e9cois de la recherche en immigration, en int\u00e9gration et en relations interculturelles (RQ3i)"},"content":{"rendered":"<p>Le Fonds de recherche du Qu\u00e9bec \u2013 secteur Soci\u00e9t\u00e9 et culture (FRQ) et le minist\u00e8re de l\u2019Immigration, de la Francisation et de l\u2019Int\u00e9gration (MIFI) ont annonc\u00e9 la semaine derni\u00e8re la cr\u00e9ation du premier r\u00e9seau de recherche sur l\u2019immigration, l\u2019int\u00e9gration et les relations interculturelles au Qu\u00e9bec (RQ3i).<\/p>\n<p>Professeur au <a href=\"https:\/\/www.uqac.ca\/dall\/\" target=\"_blank\" rel=\"noopener\">D\u00e9partement des arts, des lettres et du langage<\/a> et titulaire de la <a href=\"https:\/\/intercultureltechnologies.ca\/\" target=\"_blank\" rel=\"noopener\">Chaire de recherche du Canada en communication interculturelle et\u00a0technologies de gestion en contexte pluraliste<\/a>, <a href=\"https:\/\/www.uqac.ca\/portfolio\/jorgefrozzini\/\" target=\"_blank\" rel=\"noopener\">Jorge Frozzini<\/a> fera partie de l\u2019\u00e9quipe de recherche de ce nouveau r\u00e9seau.<\/p>\n<p>\u00ab\u00a0Par la mise en place de ce r\u00e9seau, le FRQ et le MIFI visent \u00e0 cr\u00e9er un espace d\u2019interactions et d\u2019\u00e9changes entre les experts qu\u00e9b\u00e9cois \u0153uvrant dans les domaines de l\u2019immigration, de l\u2019int\u00e9gration et des relations interculturelles. Gr\u00e2ce au r\u00e9seau, toutes les forces vives de la recherche issues de diff\u00e9rents secteurs, domaines et milieux acad\u00e9miques seront r\u00e9unies afin de mieux outiller le MIFI et les parties prenantes dans l\u2019\u00e9laboration de politiques publiques.\u00a0\u00bb<\/p>\n<p>Un financement de plus de 1.2M$ sera accord\u00e9 au RQ3i pour les cinq prochaines ann\u00e9es.<\/p>\n","protected":false},"excerpt":{"rendered":"<p>Le Fonds de recherche du Qu\u00e9bec \u2013 secteur Soci\u00e9t\u00e9 et culture (FRQ) et le minist\u00e8re de l\u2019Immigration, de la Francisation et de l\u2019Int\u00e9gration (MIFI) ont annonc\u00e9 la semaine derni\u00e8re la cr\u00e9ation du premier r\u00e9seau de recherche sur l\u2019immigration, l\u2019int\u00e9gration et les relations interculturelles au Qu\u00e9bec (RQ3i). Professeur au D\u00e9partement des arts, des lettres et du [&hellip;]<\/p>\n","protected":false},"author":5,"featured_media":48904,"comment_status":"closed","ping_status":"open","sticky":false,"template":"","format":"standard","meta":{"footnotes":""},"categories":[2795,2],"tags":[39,16],"yoast_head":"<!-- This site is optimized with the Yoast SEO plugin v24.2 - https:\/\/yoast.com\/wordpress\/plugins\/seo\/ -->\r\n<title>Jorge Frozzini se joint au nouveau R\u00e9seau qu\u00e9b\u00e9cois de la recherche en immigration, en int\u00e9gration et en relations interculturelles (RQ3i) - UQACtualit\u00e9s<\/title>\r\n<meta name=\"description\" content=\"Jorge Frozzini se joint au nouveau R\u00e9seau qu\u00e9b\u00e9cois de la recherche en immigration, en int\u00e9gration et en relations interculturelles (RQ3i).\" \/>\r\n<meta name=\"robots\" content=\"index, follow, max-snippet:-1, max-image-preview:large, max-video-preview:-1\" \/>\r\n<link rel=\"canonical\" href=\"https:\/\/www.uqac.ca\/uqactualites\/2024\/10\/14\/jorge-frozzini-au-rq3i\/\" \/>\r\n<meta property=\"og:locale\" content=\"fr_CA\" \/>\r\n<meta property=\"og:type\" content=\"article\" \/>\r\n<meta property=\"og:title\" content=\"Jorge Frozzini se joint au nouveau R\u00e9seau qu\u00e9b\u00e9cois de la recherche en immigration, en int\u00e9gration et en relations interculturelles (RQ3i) - UQACtualit\u00e9s\" \/>\r\n<meta property=\"og:description\" content=\"Jorge Frozzini se joint au nouveau R\u00e9seau qu\u00e9b\u00e9cois de la recherche en immigration, en int\u00e9gration et en relations interculturelles (RQ3i).\" \/>\r\n<meta property=\"og:url\" content=\"https:\/\/www.uqac.ca\/uqactualites\/2024\/10\/14\/jorge-frozzini-au-rq3i\/\" \/>\r\n<meta property=\"og:site_name\" content=\"UQACtualit\u00e9s\" \/>\r\n<meta property=\"article:published_time\" content=\"2024-10-14T13:00:21+00:00\" \/>\r\n<meta property=\"article:modified_time\" content=\"2024-10-10T12:46:53+00:00\" \/>\r\n<meta property=\"og:image\" content=\"https:\/\/www.uqac.ca\/uqactualites\/wp-content\/uploads\/2024\/10\/Photo_Frozzini_1-scaled.jpg\" \/>\r\n\t<meta property=\"og:image:width\" content=\"1833\" \/>\r\n\t<meta property=\"og:image:height\" content=\"2560\" \/>\r\n\t<meta property=\"og:image:type\" content=\"image\/jpeg\" \/>\r\n<meta name=\"author\" content=\"Service des communications et des relations publiques\" \/>\r\n<meta name=\"twitter:card\" content=\"summary_large_image\" \/>\r\n<meta name=\"twitter:label1\" content=\"\u00c9crit par\" \/>\n\t<meta name=\"twitter:data1\" content=\"Service des communications et des relations publiques\" \/>\n\t<meta name=\"twitter:label2\" content=\"Estimation du temps de lecture\" \/>\n\t<meta name=\"twitter:data2\" content=\"2 minutes\" \/>\r\n<script type=\"application\/ld+json\" class=\"yoast-schema-graph\">{\"@context\":\"https:\/\/schema.org\",\"@graph\":[{\"@type\":\"WebPage\",\"@id\":\"https:\/\/www.uqac.ca\/uqactualites\/2024\/10\/14\/jorge-frozzini-au-rq3i\/\",\"url\":\"https:\/\/www.uqac.ca\/uqactualites\/2024\/10\/14\/jorge-frozzini-au-rq3i\/\",\"name\":\"Jorge Frozzini se joint au nouveau R\u00e9seau qu\u00e9b\u00e9cois de la recherche en immigration, en int\u00e9gration et en relations interculturelles (RQ3i) - UQACtualit\u00e9s\",\"isPartOf\":{\"@id\":\"https:\/\/www.uqac.ca\/uqactualites\/#website\"},\"primaryImageOfPage\":{\"@id\":\"https:\/\/www.uqac.ca\/uqactualites\/2024\/10\/14\/jorge-frozzini-au-rq3i\/#primaryimage\"},\"image\":{\"@id\":\"https:\/\/www.uqac.ca\/uqactualites\/2024\/10\/14\/jorge-frozzini-au-rq3i\/#primaryimage\"},\"thumbnailUrl\":\"https:\/\/www.uqac.ca\/uqactualites\/wp-content\/uploads\/2024\/10\/Photo_Frozzini_1-scaled.jpg\",\"datePublished\":\"2024-10-14T13:00:21+00:00\",\"dateModified\":\"2024-10-10T12:46:53+00:00\",\"author\":{\"@id\":\"https:\/\/www.uqac.ca\/uqactualites\/#\/schema\/person\/366c45a0c4f0e677b41b4af5886e2018\"},\"description\":\"Jorge Frozzini se joint au nouveau R\u00e9seau qu\u00e9b\u00e9cois de la recherche en immigration, en int\u00e9gration et en relations interculturelles (RQ3i).\",\"breadcrumb\":{\"@id\":\"https:\/\/www.uqac.ca\/uqactualites\/2024\/10\/14\/jorge-frozzini-au-rq3i\/#breadcrumb\"},\"inLanguage\":\"fr-CA\",\"potentialAction\":[{\"@type\":\"ReadAction\",\"target\":[\"https:\/\/www.uqac.ca\/uqactualites\/2024\/10\/14\/jorge-frozzini-au-rq3i\/\"]}]},{\"@type\":\"ImageObject\",\"inLanguage\":\"fr-CA\",\"@id\":\"https:\/\/www.uqac.ca\/uqactualites\/2024\/10\/14\/jorge-frozzini-au-rq3i\/#primaryimage\",\"url\":\"https:\/\/www.uqac.ca\/uqactualites\/wp-content\/uploads\/2024\/10\/Photo_Frozzini_1-scaled.jpg\",\"contentUrl\":\"https:\/\/www.uqac.ca\/uqactualites\/wp-content\/uploads\/2024\/10\/Photo_Frozzini_1-scaled.jpg\",\"width\":1833,\"height\":2560},{\"@type\":\"BreadcrumbList\",\"@id\":\"https:\/\/www.uqac.ca\/uqactualites\/2024\/10\/14\/jorge-frozzini-au-rq3i\/#breadcrumb\",\"itemListElement\":[{\"@type\":\"ListItem\",\"position\":1,\"name\":\"Home\",\"item\":\"https:\/\/www.uqac.ca\/uqactualites\/\"},{\"@type\":\"ListItem\",\"position\":2,\"name\":\"Jorge Frozzini se joint au nouveau R\u00e9seau qu\u00e9b\u00e9cois de la recherche en immigration, en int\u00e9gration et en relations interculturelles (RQ3i)\"}]},{\"@type\":\"WebSite\",\"@id\":\"https:\/\/www.uqac.ca\/uqactualites\/#website\",\"url\":\"https:\/\/www.uqac.ca\/uqactualites\/\",\"name\":\"UQACtualit\u00e9s\",\"description\":\"Le portail des nouvelles de l&#039;UQAC\",\"potentialAction\":[{\"@type\":\"SearchAction\",\"target\":{\"@type\":\"EntryPoint\",\"urlTemplate\":\"https:\/\/www.uqac.ca\/uqactualites\/?s={search_term_string}\"},\"query-input\":{\"@type\":\"PropertyValueSpecification\",\"valueRequired\":true,\"valueName\":\"search_term_string\"}}],\"inLanguage\":\"fr-CA\"},{\"@type\":\"Person\",\"@id\":\"https:\/\/www.uqac.ca\/uqactualites\/#\/schema\/person\/366c45a0c4f0e677b41b4af5886e2018\",\"name\":\"Service des communications et des relations publiques\",\"image\":{\"@type\":\"ImageObject\",\"inLanguage\":\"fr-CA\",\"@id\":\"https:\/\/www.uqac.ca\/uqactualites\/#\/schema\/person\/image\/\",\"url\":\"https:\/\/secure.gravatar.com\/avatar\/20fbbda8a292f59f2d3461a5b999c00b?s=96&d=mm&r=g\",\"contentUrl\":\"https:\/\/secure.gravatar.com\/avatar\/20fbbda8a292f59f2d3461a5b999c00b?s=96&d=mm&r=g\",\"caption\":\"Service des communications et des relations publiques\"},\"url\":\"https:\/\/www.uqac.ca\/uqactualites\/author\/bap\/\"}]}<\/script>\r\n<!-- \/ Yoast SEO plugin. -->","yoast_head_json":{"title":"Jorge Frozzini se joint au nouveau R\u00e9seau qu\u00e9b\u00e9cois de la recherche en immigration, en int\u00e9gration et en relations interculturelles (RQ3i) - UQACtualit\u00e9s","description":"Jorge Frozzini se joint au nouveau R\u00e9seau qu\u00e9b\u00e9cois de la recherche en immigration, en int\u00e9gration et en relations interculturelles (RQ3i).","robots":{"index":"index","follow":"follow","max-snippet":"max-snippet:-1","max-image-preview":"max-image-preview:large","max-video-preview":"max-video-preview:-1"},"canonical":"https:\/\/www.uqac.ca\/uqactualites\/2024\/10\/14\/jorge-frozzini-au-rq3i\/","og_locale":"fr_CA","og_type":"article","og_title":"Jorge Frozzini se joint au nouveau R\u00e9seau qu\u00e9b\u00e9cois de la recherche en immigration, en int\u00e9gration et en relations interculturelles (RQ3i) - UQACtualit\u00e9s","og_description":"Jorge Frozzini se joint au nouveau R\u00e9seau qu\u00e9b\u00e9cois de la recherche en immigration, en int\u00e9gration et en relations interculturelles (RQ3i).","og_url":"https:\/\/www.uqac.ca\/uqactualites\/2024\/10\/14\/jorge-frozzini-au-rq3i\/","og_site_name":"UQACtualit\u00e9s","article_published_time":"2024-10-14T13:00:21+00:00","article_modified_time":"2024-10-10T12:46:53+00:00","og_image":[{"width":1833,"height":2560,"url":"https:\/\/www.uqac.ca\/uqactualites\/wp-content\/uploads\/2024\/10\/Photo_Frozzini_1-scaled.jpg","type":"image\/jpeg"}],"author":"Service des communications et des relations publiques","twitter_card":"summary_large_image","twitter_misc":{"\u00c9crit par":"Service des communications et des relations publiques","Estimation du temps de lecture":"2 minutes"},"schema":{"@context":"https:\/\/schema.org","@graph":[{"@type":"WebPage","@id":"https:\/\/www.uqac.ca\/uqactualites\/2024\/10\/14\/jorge-frozzini-au-rq3i\/","url":"https:\/\/www.uqac.ca\/uqactualites\/2024\/10\/14\/jorge-frozzini-au-rq3i\/","name":"Jorge Frozzini se joint au nouveau R\u00e9seau qu\u00e9b\u00e9cois de la recherche en immigration, en int\u00e9gration et en relations interculturelles (RQ3i) - UQACtualit\u00e9s","isPartOf":{"@id":"https:\/\/www.uqac.ca\/uqactualites\/#website"},"primaryImageOfPage":{"@id":"https:\/\/www.uqac.ca\/uqactualites\/2024\/10\/14\/jorge-frozzini-au-rq3i\/#primaryimage"},"image":{"@id":"https:\/\/www.uqac.ca\/uqactualites\/2024\/10\/14\/jorge-frozzini-au-rq3i\/#primaryimage"},"thumbnailUrl":"https:\/\/www.uqac.ca\/uqactualites\/wp-content\/uploads\/2024\/10\/Photo_Frozzini_1-scaled.jpg","datePublished":"2024-10-14T13:00:21+00:00","dateModified":"2024-10-10T12:46:53+00:00","author":{"@id":"https:\/\/www.uqac.ca\/uqactualites\/#\/schema\/person\/366c45a0c4f0e677b41b4af5886e2018"},"description":"Jorge Frozzini se joint au nouveau R\u00e9seau qu\u00e9b\u00e9cois de la recherche en immigration, en int\u00e9gration et en relations interculturelles (RQ3i).","breadcrumb":{"@id":"https:\/\/www.uqac.ca\/uqactualites\/2024\/10\/14\/jorge-frozzini-au-rq3i\/#breadcrumb"},"inLanguage":"fr-CA","potentialAction":[{"@type":"ReadAction","target":["https:\/\/www.uqac.ca\/uqactualites\/2024\/10\/14\/jorge-frozzini-au-rq3i\/"]}]},{"@type":"ImageObject","inLanguage":"fr-CA","@id":"https:\/\/www.uqac.ca\/uqactualites\/2024\/10\/14\/jorge-frozzini-au-rq3i\/#primaryimage","url":"https:\/\/www.uqac.ca\/uqactualites\/wp-content\/uploads\/2024\/10\/Photo_Frozzini_1-scaled.jpg","contentUrl":"https:\/\/www.uqac.ca\/uqactualites\/wp-content\/uploads\/2024\/10\/Photo_Frozzini_1-scaled.jpg","width":1833,"height":2560},{"@type":"BreadcrumbList","@id":"https:\/\/www.uqac.ca\/uqactualites\/2024\/10\/14\/jorge-frozzini-au-rq3i\/#breadcrumb","itemListElement":[{"@type":"ListItem","position":1,"name":"Home","item":"https:\/\/www.uqac.ca\/uqactualites\/"},{"@type":"ListItem","position":2,"name":"Jorge Frozzini se joint au nouveau R\u00e9seau qu\u00e9b\u00e9cois de la recherche en immigration, en int\u00e9gration et en relations interculturelles (RQ3i)"}]},{"@type":"WebSite","@id":"https:\/\/www.uqac.ca\/uqactualites\/#website","url":"https:\/\/www.uqac.ca\/uqactualites\/","name":"UQACtualit\u00e9s","description":"Le portail des nouvelles de l&#039;UQAC","potentialAction":[{"@type":"SearchAction","target":{"@type":"EntryPoint","urlTemplate":"https:\/\/www.uqac.ca\/uqactualites\/?s={search_term_string}"},"query-input":{"@type":"PropertyValueSpecification","valueRequired":true,"valueName":"search_term_string"}}],"inLanguage":"fr-CA"},{"@type":"Person","@id":"https:\/\/www.uqac.ca\/uqactualites\/#\/schema\/person\/366c45a0c4f0e677b41b4af5886e2018","name":"Service des communications et des relations publiques","image":{"@type":"ImageObject","inLanguage":"fr-CA","@id":"https:\/\/www.uqac.ca\/uqactualites\/#\/schema\/person\/image\/","url":"https:\/\/secure.gravatar.com\/avatar\/20fbbda8a292f59f2d3461a5b999c00b?s=96&d=mm&r=g","contentUrl":"https:\/\/secure.gravatar.com\/avatar\/20fbbda8a292f59f2d3461a5b999c00b?s=96&d=mm&r=g","caption":"Service des communications et des relations publiques"},"url":"https:\/\/www.uqac.ca\/uqactualites\/author\/bap\/"}]}},"_links":{"self":[{"href":"https:\/\/www.uqac.ca\/uqactualites\/wp-json\/wp\/v2\/posts\/48903"}],"collection":[{"href":"https:\/\/www.uqac.ca\/uqactualites\/wp-json\/wp\/v2\/posts"}],"about":[{"href":"https:\/\/www.uqac.ca\/uqactualites\/wp-json\/wp\/v2\/types\/post"}],"author":[{"embeddable":true,"href":"https:\/\/www.uqac.ca\/uqactualites\/wp-json\/wp\/v2\/users\/5"}],"replies":[{"embeddable":true,"href":"https:\/\/www.uqac.ca\/uqactualites\/wp-json\/wp\/v2\/comments?post=48903"}],"version-history":[{"count":3,"href":"https:\/\/www.uqac.ca\/uqactualites\/wp-json\/wp\/v2\/posts\/48903\/revisions"}],"predecessor-version":[{"id":48907,"href":"https:\/\/www.uqac.ca\/uqactualites\/wp-json\/wp\/v2\/posts\/48903\/revisions\/48907"}],"wp:featuredmedia":[{"embeddable":true,"href":"https:\/\/www.uqac.ca\/uqactualites\/wp-json\/wp\/v2\/media\/48904"}],"wp:attachment":[{"href":"https:\/\/www.uqac.ca\/uqactualites\/wp-json\/wp\/v2\/media?parent=48903"}],"wp:term":[{"taxonomy":"category","embeddable":true,"href":"https:\/\/www.uqac.ca\/uqactualites\/wp-json\/wp\/v2\/categories?post=48903"},{"taxonomy":"post_tag","embeddable":true,"href":"https:\/\/www.uqac.ca\/uqactualites\/wp-json\/wp\/v2\/tags?post=48903"}],"curies":[{"name":"wp","href":"https:\/\/api.w.org\/{rel}","templated":true}]}}