{"id":48939,"date":"2024-10-15T09:35:46","date_gmt":"2024-10-15T13:35:46","guid":{"rendered":"https:\/\/www.uqac.ca\/uqactualites\/?p=48939"},"modified":"2024-10-15T10:03:15","modified_gmt":"2024-10-15T14:03:15","slug":"un-lancement-de-saison-reussi-et-des-performances-eclatantes-pour-les-inuk","status":"publish","type":"post","link":"https:\/\/www.uqac.ca\/uqactualites\/2024\/10\/15\/un-lancement-de-saison-reussi-et-des-performances-eclatantes-pour-les-inuk\/","title":{"rendered":"Un lancement de saison r\u00e9ussi et des performances \u00e9clatantes pour les Inuk"},"content":{"rendered":"<p>Le weekend dernier marquait le coup d\u2019envoi de la saison 2024-2025 du sport universitaire \u00e0 l\u2019UQAC. C&rsquo;est dans un Pavillon sportif bond\u00e9 que s&rsquo;est d\u00e9roul\u00e9 le jeudi 10 octobre le <em>tailgate<\/em> d&rsquo;ouverture, la communaut\u00e9 universitaire ayant r\u00e9pondu pr\u00e9sente pour c\u00e9l\u00e9brer la nouvelle saison de nos Inuk. Pour l\u2019occasion, les amatrices et amateurs de sport ont pu se rassembler et profiter d&rsquo;une ambiance des plus festives \u2013 les premi\u00e8res personnes arriv\u00e9es ont m\u00eame eu la chance de recevoir un tshirt \u00e0 l&rsquo;effigie de leur \u00e9quipe universitaire! L&rsquo;\u00e9v\u00e9nement a \u00e9galement \u00e9t\u00e9 rehauss\u00e9 par une courte c\u00e9r\u00e9monie d\u2019ouverture \u00e0 laquelle ont notamment pris part le recteur de l&rsquo;UQAC, Ghislain Samson, et le d\u00e9put\u00e9 de Jonqui\u00e8re, Yannick Gagnon. Les deux intervenants ont annonc\u00e9 une \u00e9tude sur le d\u00e9veloppement vertical du sport en r\u00e9gion, soulignant du coup l&rsquo;importance de l&rsquo;accessibilit\u00e9 au sport pour dynamiser la communaut\u00e9. Ce rendez-vous fort attendu a donc ouvert la voie \u00e0 la campagne 2024-2025, tout en donnant le ton aux performances remarquables de nos Inuk.<\/p>\n<p><strong>\u00c0 domicile<br \/>\n<\/strong>\u00c0 domicile, devant des foules record, nos \u00e9quipes ont brill\u00e9 sur le terrain et sur la glace! L\u2019\u00e9quipe de volleyball f\u00e9minin a r\u00e9alis\u00e9 un exploit impressionnant en remportant ses deux premiers matchs en division 1 contre les Piranhas de l\u2019\u00c9TS, avec des victoires en trois manches. De son c\u00f4t\u00e9, l\u2019\u00e9quipe de hockey masculin a d\u00e9but\u00e9 la d\u00e9fense de son titre de champions de division 2 avec une victoire serr\u00e9e de 3-2 en prolongation, suivie d\u2019un large succ\u00e8s de 7-2.<\/p>\n<p><strong>Sur la route<br \/>\n<\/strong>En parall\u00e8le, 13 athl\u00e8tes de l\u2019\u00e9quipe de cross-country \u00e9taient \u00e0 Sherbrooke pour l&rsquo;invitation Vert &amp; Or Interconf\u00e9rence. Malgr\u00e9 la fatigue d&rsquo;un entra\u00eenement intensif, nos coureuses et coureurs ont respect\u00e9 leur strat\u00e9gie pour cette \u00e9preuve de 8 km : Axel Piascki et Thibault Appert ont termin\u00e9 c\u00f4te \u00e0 c\u00f4te en 27 min 33 sec, tandis que Marianne Bogus a appliqu\u00e9 ses tactiques avec brio pour atteindre la ligne d&rsquo;arriv\u00e9e avec un chrono de 34 min. L\u00e9opold Chec a pour sa part particuli\u00e8rement impressionn\u00e9 en rattrapant six coureurs dans le dernier kilom\u00e8tre, montrant une belle d\u00e9termination.<\/p>\n<p>Ce weekend a ainsi marqu\u00e9 un moment cl\u00e9 pour les Inuk, alliant festivit\u00e9s et performances sportives. La communaut\u00e9 est invit\u00e9e \u00e0 continuer de soutenir nos athl\u00e8tes, qui se pr\u00e9parent d\u00e9j\u00e0 pour les prochaines comp\u00e9titions. Ensemble, faisons de cette saison une ann\u00e9e m\u00e9morable! #GoInuk<\/p>\n<h4 style=\"text-align: center;\"><strong><span style=\"color: #6b8a16;\"><a style=\"color: #6b8a16;\" href=\"https:\/\/www.uqac.ca\/inuk\/evenement\/\">Calendrier des Inuk \u00b7 2024-2025<\/a><\/span><\/strong><\/h4>\n<p>&nbsp;<\/p>\n<div id='gallery-1' class='gallery galleryid-48939 gallery-columns-2 gallery-size-medium'><figure class='gallery-item'>\n\t\t\t<div class='gallery-icon landscape'>\n\t\t\t\t<a href='https:\/\/www.uqac.ca\/uqactualites\/2024\/10\/15\/un-lancement-de-saison-reussi-et-des-performances-eclatantes-pour-les-inuk\/463098578_1043913341077399_2332914440081856460_n\/'><img loading=\"lazy\" decoding=\"async\" width=\"300\" height=\"181\" src=\"https:\/\/www.uqac.ca\/uqactualites\/wp-content\/uploads\/2024\/10\/463098578_1043913341077399_2332914440081856460_n-300x181.jpg\" class=\"attachment-medium size-medium\" alt=\"\" aria-describedby=\"gallery-1-48946\" srcset=\"https:\/\/www.uqac.ca\/uqactualites\/wp-content\/uploads\/2024\/10\/463098578_1043913341077399_2332914440081856460_n-300x181.jpg 300w, https:\/\/www.uqac.ca\/uqactualites\/wp-content\/uploads\/2024\/10\/463098578_1043913341077399_2332914440081856460_n-150x90.jpg 150w, https:\/\/www.uqac.ca\/uqactualites\/wp-content\/uploads\/2024\/10\/463098578_1043913341077399_2332914440081856460_n.jpg 500w\" sizes=\"(max-width: 300px) 100vw, 300px\" \/><\/a>\n\t\t\t<\/div>\n\t\t\t\t<figcaption class='wp-caption-text gallery-caption' id='gallery-1-48946'>\n\t\t\t\t\u00a9Le Quotidien\n\t\t\t\t<\/figcaption><\/figure><figure class='gallery-item'>\n\t\t\t<div class='gallery-icon landscape'>\n\t\t\t\t<a href='https:\/\/www.uqac.ca\/uqactualites\/2024\/10\/15\/un-lancement-de-saison-reussi-et-des-performances-eclatantes-pour-les-inuk\/462550875_1183752189357263_1225314434206361276_n\/'><img loading=\"lazy\" decoding=\"async\" width=\"300\" height=\"180\" src=\"https:\/\/www.uqac.ca\/uqactualites\/wp-content\/uploads\/2024\/10\/462550875_1183752189357263_1225314434206361276_n-300x180.jpg\" class=\"attachment-medium size-medium\" alt=\"\" aria-describedby=\"gallery-1-48954\" srcset=\"https:\/\/www.uqac.ca\/uqactualites\/wp-content\/uploads\/2024\/10\/462550875_1183752189357263_1225314434206361276_n-300x180.jpg 300w, https:\/\/www.uqac.ca\/uqactualites\/wp-content\/uploads\/2024\/10\/462550875_1183752189357263_1225314434206361276_n-150x90.jpg 150w, https:\/\/www.uqac.ca\/uqactualites\/wp-content\/uploads\/2024\/10\/462550875_1183752189357263_1225314434206361276_n.jpg 500w\" sizes=\"(max-width: 300px) 100vw, 300px\" \/><\/a>\n\t\t\t<\/div>\n\t\t\t\t<figcaption class='wp-caption-text gallery-caption' id='gallery-1-48954'>\n\t\t\t\t\u00a9UQAC\n\t\t\t\t<\/figcaption><\/figure><figure class='gallery-item'>\n\t\t\t<div class='gallery-icon landscape'>\n\t\t\t\t<a href='https:\/\/www.uqac.ca\/uqactualites\/2024\/10\/15\/un-lancement-de-saison-reussi-et-des-performances-eclatantes-pour-les-inuk\/463197517_1043994624402604_1558275594667405552_n-1\/'><img loading=\"lazy\" decoding=\"async\" width=\"300\" height=\"180\" src=\"https:\/\/www.uqac.ca\/uqactualites\/wp-content\/uploads\/2024\/10\/463197517_1043994624402604_1558275594667405552_n-1-300x180.jpg\" class=\"attachment-medium size-medium\" alt=\"\" aria-describedby=\"gallery-1-48949\" srcset=\"https:\/\/www.uqac.ca\/uqactualites\/wp-content\/uploads\/2024\/10\/463197517_1043994624402604_1558275594667405552_n-1-300x180.jpg 300w, https:\/\/www.uqac.ca\/uqactualites\/wp-content\/uploads\/2024\/10\/463197517_1043994624402604_1558275594667405552_n-1-150x90.jpg 150w, https:\/\/www.uqac.ca\/uqactualites\/wp-content\/uploads\/2024\/10\/463197517_1043994624402604_1558275594667405552_n-1.jpg 500w\" sizes=\"(max-width: 300px) 100vw, 300px\" \/><\/a>\n\t\t\t<\/div>\n\t\t\t\t<figcaption class='wp-caption-text gallery-caption' id='gallery-1-48949'>\n\t\t\t\t\u00a9Charles-Olivier Huapaya Proulx\n\t\t\t\t<\/figcaption><\/figure><figure class='gallery-item'>\n\t\t\t<div class='gallery-icon landscape'>\n\t\t\t\t<a href='https:\/\/www.uqac.ca\/uqactualites\/2024\/10\/15\/un-lancement-de-saison-reussi-et-des-performances-eclatantes-pour-les-inuk\/462964506_1043995634402503_4091470254168761864_n-1\/'><img loading=\"lazy\" decoding=\"async\" width=\"300\" height=\"180\" src=\"https:\/\/www.uqac.ca\/uqactualites\/wp-content\/uploads\/2024\/10\/462964506_1043995634402503_4091470254168761864_n-1-300x180.jpg\" class=\"attachment-medium size-medium\" alt=\"\" aria-describedby=\"gallery-1-48948\" srcset=\"https:\/\/www.uqac.ca\/uqactualites\/wp-content\/uploads\/2024\/10\/462964506_1043995634402503_4091470254168761864_n-1-300x180.jpg 300w, https:\/\/www.uqac.ca\/uqactualites\/wp-content\/uploads\/2024\/10\/462964506_1043995634402503_4091470254168761864_n-1-150x90.jpg 150w, https:\/\/www.uqac.ca\/uqactualites\/wp-content\/uploads\/2024\/10\/462964506_1043995634402503_4091470254168761864_n-1.jpg 500w\" sizes=\"(max-width: 300px) 100vw, 300px\" \/><\/a>\n\t\t\t<\/div>\n\t\t\t\t<figcaption class='wp-caption-text gallery-caption' id='gallery-1-48948'>\n\t\t\t\t\u00a9Charles-Olivier Huapaya Proulx\n\t\t\t\t<\/figcaption><\/figure>\n\t\t<\/div>\n\n<hr \/>\n<p><span style=\"color: #808080;\">Sur la photo : Daniel Tremblay, professeur et repr\u00e9sentant acad\u00e9mique au sein du comit\u00e9 de relance du sport universitaire; \u00c9lisabeth Martin, responsable de l&rsquo;\u00e9tude sur le sport r\u00e9gional; Ghislain Samson, recteur de l&rsquo;UQAC; Yannick Gagnon, d\u00e9put\u00e9 de Jonqui\u00e8re et adjoint gouvernemental \u00e0 la ministre responsable du Sport, du Loisir et du Plein air; Andr\u00e9e Laforest, d\u00e9put\u00e9e de Chicoutimi, ministre des Affaires municipales et ministre responsable de la r\u00e9gion du Saguenay-Lac-Saint-Jean; et Hugo Savinsky, ancien \u00e9udiant-athl\u00e8te de l\u2019\u00e9quipe de hockey des Inuk<\/span><\/p>\n<hr \/>\n<p>&nbsp;<\/p>\n","protected":false},"excerpt":{"rendered":"<p>Le weekend dernier marquait le coup d\u2019envoi de la saison 2024-2025 du sport universitaire \u00e0 l\u2019UQAC. C&rsquo;est dans un Pavillon sportif bond\u00e9 que s&rsquo;est d\u00e9roul\u00e9 le jeudi 10 octobre le tailgate d&rsquo;ouverture, la communaut\u00e9 universitaire ayant r\u00e9pondu pr\u00e9sente pour c\u00e9l\u00e9brer la nouvelle saison de nos Inuk. Pour l\u2019occasion, les amatrices et amateurs de sport ont [&hellip;]<\/p>\n","protected":false},"author":5,"featured_media":48940,"comment_status":"closed","ping_status":"open","sticky":false,"template":"","format":"standard","meta":{"footnotes":""},"categories":[2795,2,61,2773],"tags":[43,114,2919,57,26,2657,2920,94,2921,89],"yoast_head":"<!-- This site is optimized with the Yoast SEO plugin v24.2 - https:\/\/yoast.com\/wordpress\/plugins\/seo\/ -->\r\n<title>Un lancement de saison r\u00e9ussi et des performances \u00e9clatantes pour les Inuk - UQACtualit\u00e9s<\/title>\r\n<meta name=\"robots\" content=\"index, follow, max-snippet:-1, max-image-preview:large, max-video-preview:-1\" \/>\r\n<link rel=\"canonical\" href=\"https:\/\/www.uqac.ca\/uqactualites\/2024\/10\/15\/un-lancement-de-saison-reussi-et-des-performances-eclatantes-pour-les-inuk\/\" \/>\r\n<meta property=\"og:locale\" content=\"fr_CA\" \/>\r\n<meta property=\"og:type\" content=\"article\" \/>\r\n<meta property=\"og:title\" content=\"Un lancement de saison r\u00e9ussi et des performances \u00e9clatantes pour les Inuk - UQACtualit\u00e9s\" \/>\r\n<meta property=\"og:description\" content=\"Le weekend dernier marquait le coup d\u2019envoi de la saison 2024-2025 du sport universitaire \u00e0 l\u2019UQAC. C&rsquo;est dans un Pavillon sportif bond\u00e9 que s&rsquo;est d\u00e9roul\u00e9 le jeudi 10 octobre le tailgate d&rsquo;ouverture, la communaut\u00e9 universitaire ayant r\u00e9pondu pr\u00e9sente pour c\u00e9l\u00e9brer la nouvelle saison de nos Inuk. Pour l\u2019occasion, les amatrices et amateurs de sport ont [&hellip;]\" \/>\r\n<meta property=\"og:url\" content=\"https:\/\/www.uqac.ca\/uqactualites\/2024\/10\/15\/un-lancement-de-saison-reussi-et-des-performances-eclatantes-pour-les-inuk\/\" \/>\r\n<meta property=\"og:site_name\" content=\"UQACtualit\u00e9s\" \/>\r\n<meta property=\"article:published_time\" content=\"2024-10-15T13:35:46+00:00\" \/>\r\n<meta property=\"article:modified_time\" content=\"2024-10-15T14:03:15+00:00\" \/>\r\n<meta property=\"og:image\" content=\"https:\/\/www.uqac.ca\/uqactualites\/wp-content\/uploads\/2024\/10\/inuk-tailgate-mduhaime-A24.jpg\" \/>\r\n\t<meta property=\"og:image:width\" content=\"1920\" \/>\r\n\t<meta property=\"og:image:height\" content=\"1077\" \/>\r\n\t<meta property=\"og:image:type\" content=\"image\/jpeg\" \/>\r\n<meta name=\"author\" content=\"Service des communications et des relations publiques\" \/>\r\n<meta name=\"twitter:card\" content=\"summary_large_image\" \/>\r\n<meta name=\"twitter:label1\" content=\"\u00c9crit par\" \/>\n\t<meta name=\"twitter:data1\" content=\"Service des communications et des relations publiques\" \/>\n\t<meta name=\"twitter:label2\" content=\"Estimation du temps de lecture\" \/>\n\t<meta name=\"twitter:data2\" content=\"3 minutes\" \/>\r\n<script type=\"application\/ld+json\" class=\"yoast-schema-graph\">{\"@context\":\"https:\/\/schema.org\",\"@graph\":[{\"@type\":\"WebPage\",\"@id\":\"https:\/\/www.uqac.ca\/uqactualites\/2024\/10\/15\/un-lancement-de-saison-reussi-et-des-performances-eclatantes-pour-les-inuk\/\",\"url\":\"https:\/\/www.uqac.ca\/uqactualites\/2024\/10\/15\/un-lancement-de-saison-reussi-et-des-performances-eclatantes-pour-les-inuk\/\",\"name\":\"Un lancement de saison r\u00e9ussi et des performances \u00e9clatantes pour les Inuk - UQACtualit\u00e9s\",\"isPartOf\":{\"@id\":\"https:\/\/www.uqac.ca\/uqactualites\/#website\"},\"primaryImageOfPage\":{\"@id\":\"https:\/\/www.uqac.ca\/uqactualites\/2024\/10\/15\/un-lancement-de-saison-reussi-et-des-performances-eclatantes-pour-les-inuk\/#primaryimage\"},\"image\":{\"@id\":\"https:\/\/www.uqac.ca\/uqactualites\/2024\/10\/15\/un-lancement-de-saison-reussi-et-des-performances-eclatantes-pour-les-inuk\/#primaryimage\"},\"thumbnailUrl\":\"https:\/\/www.uqac.ca\/uqactualites\/wp-content\/uploads\/2024\/10\/inuk-tailgate-mduhaime-A24.jpg\",\"datePublished\":\"2024-10-15T13:35:46+00:00\",\"dateModified\":\"2024-10-15T14:03:15+00:00\",\"author\":{\"@id\":\"https:\/\/www.uqac.ca\/uqactualites\/#\/schema\/person\/366c45a0c4f0e677b41b4af5886e2018\"},\"breadcrumb\":{\"@id\":\"https:\/\/www.uqac.ca\/uqactualites\/2024\/10\/15\/un-lancement-de-saison-reussi-et-des-performances-eclatantes-pour-les-inuk\/#breadcrumb\"},\"inLanguage\":\"fr-CA\",\"potentialAction\":[{\"@type\":\"ReadAction\",\"target\":[\"https:\/\/www.uqac.ca\/uqactualites\/2024\/10\/15\/un-lancement-de-saison-reussi-et-des-performances-eclatantes-pour-les-inuk\/\"]}]},{\"@type\":\"ImageObject\",\"inLanguage\":\"fr-CA\",\"@id\":\"https:\/\/www.uqac.ca\/uqactualites\/2024\/10\/15\/un-lancement-de-saison-reussi-et-des-performances-eclatantes-pour-les-inuk\/#primaryimage\",\"url\":\"https:\/\/www.uqac.ca\/uqactualites\/wp-content\/uploads\/2024\/10\/inuk-tailgate-mduhaime-A24.jpg\",\"contentUrl\":\"https:\/\/www.uqac.ca\/uqactualites\/wp-content\/uploads\/2024\/10\/inuk-tailgate-mduhaime-A24.jpg\",\"width\":1920,\"height\":1077},{\"@type\":\"BreadcrumbList\",\"@id\":\"https:\/\/www.uqac.ca\/uqactualites\/2024\/10\/15\/un-lancement-de-saison-reussi-et-des-performances-eclatantes-pour-les-inuk\/#breadcrumb\",\"itemListElement\":[{\"@type\":\"ListItem\",\"position\":1,\"name\":\"Home\",\"item\":\"https:\/\/www.uqac.ca\/uqactualites\/\"},{\"@type\":\"ListItem\",\"position\":2,\"name\":\"Un lancement de saison r\u00e9ussi et des performances \u00e9clatantes pour les Inuk\"}]},{\"@type\":\"WebSite\",\"@id\":\"https:\/\/www.uqac.ca\/uqactualites\/#website\",\"url\":\"https:\/\/www.uqac.ca\/uqactualites\/\",\"name\":\"UQACtualit\u00e9s\",\"description\":\"Le portail des nouvelles de l&#039;UQAC\",\"potentialAction\":[{\"@type\":\"SearchAction\",\"target\":{\"@type\":\"EntryPoint\",\"urlTemplate\":\"https:\/\/www.uqac.ca\/uqactualites\/?s={search_term_string}\"},\"query-input\":{\"@type\":\"PropertyValueSpecification\",\"valueRequired\":true,\"valueName\":\"search_term_string\"}}],\"inLanguage\":\"fr-CA\"},{\"@type\":\"Person\",\"@id\":\"https:\/\/www.uqac.ca\/uqactualites\/#\/schema\/person\/366c45a0c4f0e677b41b4af5886e2018\",\"name\":\"Service des communications et des relations publiques\",\"image\":{\"@type\":\"ImageObject\",\"inLanguage\":\"fr-CA\",\"@id\":\"https:\/\/www.uqac.ca\/uqactualites\/#\/schema\/person\/image\/\",\"url\":\"https:\/\/secure.gravatar.com\/avatar\/20fbbda8a292f59f2d3461a5b999c00b?s=96&d=mm&r=g\",\"contentUrl\":\"https:\/\/secure.gravatar.com\/avatar\/20fbbda8a292f59f2d3461a5b999c00b?s=96&d=mm&r=g\",\"caption\":\"Service des communications et des relations publiques\"},\"url\":\"https:\/\/www.uqac.ca\/uqactualites\/author\/bap\/\"}]}<\/script>\r\n<!-- \/ Yoast SEO plugin. -->","yoast_head_json":{"title":"Un lancement de saison r\u00e9ussi et des performances \u00e9clatantes pour les Inuk - UQACtualit\u00e9s","robots":{"index":"index","follow":"follow","max-snippet":"max-snippet:-1","max-image-preview":"max-image-preview:large","max-video-preview":"max-video-preview:-1"},"canonical":"https:\/\/www.uqac.ca\/uqactualites\/2024\/10\/15\/un-lancement-de-saison-reussi-et-des-performances-eclatantes-pour-les-inuk\/","og_locale":"fr_CA","og_type":"article","og_title":"Un lancement de saison r\u00e9ussi et des performances \u00e9clatantes pour les Inuk - UQACtualit\u00e9s","og_description":"Le weekend dernier marquait le coup d\u2019envoi de la saison 2024-2025 du sport universitaire \u00e0 l\u2019UQAC. C&rsquo;est dans un Pavillon sportif bond\u00e9 que s&rsquo;est d\u00e9roul\u00e9 le jeudi 10 octobre le tailgate d&rsquo;ouverture, la communaut\u00e9 universitaire ayant r\u00e9pondu pr\u00e9sente pour c\u00e9l\u00e9brer la nouvelle saison de nos Inuk. Pour l\u2019occasion, les amatrices et amateurs de sport ont [&hellip;]","og_url":"https:\/\/www.uqac.ca\/uqactualites\/2024\/10\/15\/un-lancement-de-saison-reussi-et-des-performances-eclatantes-pour-les-inuk\/","og_site_name":"UQACtualit\u00e9s","article_published_time":"2024-10-15T13:35:46+00:00","article_modified_time":"2024-10-15T14:03:15+00:00","og_image":[{"width":1920,"height":1077,"url":"https:\/\/www.uqac.ca\/uqactualites\/wp-content\/uploads\/2024\/10\/inuk-tailgate-mduhaime-A24.jpg","type":"image\/jpeg"}],"author":"Service des communications et des relations publiques","twitter_card":"summary_large_image","twitter_misc":{"\u00c9crit par":"Service des communications et des relations publiques","Estimation du temps de lecture":"3 minutes"},"schema":{"@context":"https:\/\/schema.org","@graph":[{"@type":"WebPage","@id":"https:\/\/www.uqac.ca\/uqactualites\/2024\/10\/15\/un-lancement-de-saison-reussi-et-des-performances-eclatantes-pour-les-inuk\/","url":"https:\/\/www.uqac.ca\/uqactualites\/2024\/10\/15\/un-lancement-de-saison-reussi-et-des-performances-eclatantes-pour-les-inuk\/","name":"Un lancement de saison r\u00e9ussi et des performances \u00e9clatantes pour les Inuk - UQACtualit\u00e9s","isPartOf":{"@id":"https:\/\/www.uqac.ca\/uqactualites\/#website"},"primaryImageOfPage":{"@id":"https:\/\/www.uqac.ca\/uqactualites\/2024\/10\/15\/un-lancement-de-saison-reussi-et-des-performances-eclatantes-pour-les-inuk\/#primaryimage"},"image":{"@id":"https:\/\/www.uqac.ca\/uqactualites\/2024\/10\/15\/un-lancement-de-saison-reussi-et-des-performances-eclatantes-pour-les-inuk\/#primaryimage"},"thumbnailUrl":"https:\/\/www.uqac.ca\/uqactualites\/wp-content\/uploads\/2024\/10\/inuk-tailgate-mduhaime-A24.jpg","datePublished":"2024-10-15T13:35:46+00:00","dateModified":"2024-10-15T14:03:15+00:00","author":{"@id":"https:\/\/www.uqac.ca\/uqactualites\/#\/schema\/person\/366c45a0c4f0e677b41b4af5886e2018"},"breadcrumb":{"@id":"https:\/\/www.uqac.ca\/uqactualites\/2024\/10\/15\/un-lancement-de-saison-reussi-et-des-performances-eclatantes-pour-les-inuk\/#breadcrumb"},"inLanguage":"fr-CA","potentialAction":[{"@type":"ReadAction","target":["https:\/\/www.uqac.ca\/uqactualites\/2024\/10\/15\/un-lancement-de-saison-reussi-et-des-performances-eclatantes-pour-les-inuk\/"]}]},{"@type":"ImageObject","inLanguage":"fr-CA","@id":"https:\/\/www.uqac.ca\/uqactualites\/2024\/10\/15\/un-lancement-de-saison-reussi-et-des-performances-eclatantes-pour-les-inuk\/#primaryimage","url":"https:\/\/www.uqac.ca\/uqactualites\/wp-content\/uploads\/2024\/10\/inuk-tailgate-mduhaime-A24.jpg","contentUrl":"https:\/\/www.uqac.ca\/uqactualites\/wp-content\/uploads\/2024\/10\/inuk-tailgate-mduhaime-A24.jpg","width":1920,"height":1077},{"@type":"BreadcrumbList","@id":"https:\/\/www.uqac.ca\/uqactualites\/2024\/10\/15\/un-lancement-de-saison-reussi-et-des-performances-eclatantes-pour-les-inuk\/#breadcrumb","itemListElement":[{"@type":"ListItem","position":1,"name":"Home","item":"https:\/\/www.uqac.ca\/uqactualites\/"},{"@type":"ListItem","position":2,"name":"Un lancement de saison r\u00e9ussi et des performances \u00e9clatantes pour les Inuk"}]},{"@type":"WebSite","@id":"https:\/\/www.uqac.ca\/uqactualites\/#website","url":"https:\/\/www.uqac.ca\/uqactualites\/","name":"UQACtualit\u00e9s","description":"Le portail des nouvelles de l&#039;UQAC","potentialAction":[{"@type":"SearchAction","target":{"@type":"EntryPoint","urlTemplate":"https:\/\/www.uqac.ca\/uqactualites\/?s={search_term_string}"},"query-input":{"@type":"PropertyValueSpecification","valueRequired":true,"valueName":"search_term_string"}}],"inLanguage":"fr-CA"},{"@type":"Person","@id":"https:\/\/www.uqac.ca\/uqactualites\/#\/schema\/person\/366c45a0c4f0e677b41b4af5886e2018","name":"Service des communications et des relations publiques","image":{"@type":"ImageObject","inLanguage":"fr-CA","@id":"https:\/\/www.uqac.ca\/uqactualites\/#\/schema\/person\/image\/","url":"https:\/\/secure.gravatar.com\/avatar\/20fbbda8a292f59f2d3461a5b999c00b?s=96&d=mm&r=g","contentUrl":"https:\/\/secure.gravatar.com\/avatar\/20fbbda8a292f59f2d3461a5b999c00b?s=96&d=mm&r=g","caption":"Service des communications et des relations publiques"},"url":"https:\/\/www.uqac.ca\/uqactualites\/author\/bap\/"}]}},"_links":{"self":[{"href":"https:\/\/www.uqac.ca\/uqactualites\/wp-json\/wp\/v2\/posts\/48939"}],"collection":[{"href":"https:\/\/www.uqac.ca\/uqactualites\/wp-json\/wp\/v2\/posts"}],"about":[{"href":"https:\/\/www.uqac.ca\/uqactualites\/wp-json\/wp\/v2\/types\/post"}],"author":[{"embeddable":true,"href":"https:\/\/www.uqac.ca\/uqactualites\/wp-json\/wp\/v2\/users\/5"}],"replies":[{"embeddable":true,"href":"https:\/\/www.uqac.ca\/uqactualites\/wp-json\/wp\/v2\/comments?post=48939"}],"version-history":[{"count":10,"href":"https:\/\/www.uqac.ca\/uqactualites\/wp-json\/wp\/v2\/posts\/48939\/revisions"}],"predecessor-version":[{"id":48958,"href":"https:\/\/www.uqac.ca\/uqactualites\/wp-json\/wp\/v2\/posts\/48939\/revisions\/48958"}],"wp:featuredmedia":[{"embeddable":true,"href":"https:\/\/www.uqac.ca\/uqactualites\/wp-json\/wp\/v2\/media\/48940"}],"wp:attachment":[{"href":"https:\/\/www.uqac.ca\/uqactualites\/wp-json\/wp\/v2\/media?parent=48939"}],"wp:term":[{"taxonomy":"category","embeddable":true,"href":"https:\/\/www.uqac.ca\/uqactualites\/wp-json\/wp\/v2\/categories?post=48939"},{"taxonomy":"post_tag","embeddable":true,"href":"https:\/\/www.uqac.ca\/uqactualites\/wp-json\/wp\/v2\/tags?post=48939"}],"curies":[{"name":"wp","href":"https:\/\/api.w.org\/{rel}","templated":true}]}}