{"id":48985,"date":"2024-10-21T14:26:02","date_gmt":"2024-10-21T18:26:02","guid":{"rendered":"https:\/\/www.uqac.ca\/uqactualites\/?p=48985"},"modified":"2024-10-28T10:44:48","modified_gmt":"2024-10-28T14:44:48","slug":"une-semaine-de-relache-bien-remplie","status":"publish","type":"post","link":"https:\/\/www.uqac.ca\/uqactualites\/2024\/10\/21\/une-semaine-de-relache-bien-remplie\/","title":{"rendered":"Une semaine de rel\u00e2che bien remplie"},"content":{"rendered":"<p>Alors que les cours faisaient rel\u00e2che cette semaine, plusieurs activit\u00e9s \u00e9taient organis\u00e9es \u00e0 l\u2019UQAC. Personnellement, j\u2019ai pu prendre part \u00e0 quelques-unes d\u2019entre elles. Voici en quelques mots un retour sur ma participation aux divers \u00e9v\u00e9nements de la derni\u00e8re semaine.<\/p>\n<p><strong>MTL Connecte<br \/>\n<\/strong>J\u2019ai pu participer \u00e0 l\u2019\u00e9v\u00e9nement <a href=\"https:\/\/mtlconnecte.ca\/\">MTL Connecte<\/a> qui se tient du 15 au 18 octobre sur notre campus de Montr\u00e9al. Cette ann\u00e9e, l\u2019UQAC \u00e9tait partenaire principal de l\u2019activit\u00e9. Ce fut donc pour moi l\u2019occasion de prononcer une allocution, de remettre des prix et de rencontrer de nombreuses d\u00e9l\u00e9gations en provenance de la France, de la Belgique et de plusieurs pays africains.<\/p>\n<p>Les th\u00e8mes qui y ont \u00e9t\u00e9 abord\u00e9s sont au c\u0153ur de la transformation de nos missions (intelligence artificielle, cybers\u00e9curit\u00e9, etc.). En effet, plus qu\u2019un simple outil, l&rsquo;intelligence artificielle transforme quasi en continu la mani\u00e8re dont nos communaut\u00e9s enseignent et apprennent. Objet de recherche en soi, elle s\u2019impose \u00e9galement comme incontournable dans tous les pans de r\u00e9alisation de nos activit\u00e9s d\u2019enseignement et de recherche, soulevant des questions \u00e9thiques, morales, voire soci\u00e9tales qui exigent notre attention.<\/p>\n<p><img loading=\"lazy\" decoding=\"async\" class=\"alignleft wp-image-48991 size-thumbnail\" src=\"https:\/\/www.uqac.ca\/uqactualites\/wp-content\/uploads\/2024\/10\/1729260090520-150x150.jpg\" alt=\"\" width=\"150\" height=\"150\" \/>Le jeudi, ce fut la remise du prix Innovation qui est le grand prix des <em>MTL Tech Awards o\u00f9 j<\/em>\u2019ai pu remettre des prix aux gagnantes et gagnants.<\/p>\n<p>L\u2019aventure de <em>MTL Connecte<\/em> ne s\u2019est pas termin\u00e9e jeudi soir, puisque le lendemain nous avons eu l\u2019opportunit\u00e9 de recevoir une d\u00e9l\u00e9gation (un autobus complet) sur notre campus principal et dans la r\u00e9gion Saguenay\u2013Lac-Saint-Jean pour d\u00e9couvrir les opportunit\u00e9s \u00ab\u00a0connect\u00e9es\u00a0\u00bb. Ce sont tant\u00f4t des entrepreneurs et entrepreneuses, tant\u00f4t des \u00e9tudiants et \u00e9tudiantes ou encore des chercheurs ou chercheuses d\u2019emplois qui sont venus \u00e0 notre rencontre et \u00e0 la rencontre de quelques entreprises de la r\u00e9gion dans le domaine du num\u00e9rique.<\/p>\n<div id='gallery-1' class='gallery galleryid-48985 gallery-columns-3 gallery-size-thumbnail'><figure class='gallery-item'>\n\t\t\t<div class='gallery-icon landscape'>\n\t\t\t\t<a href='https:\/\/www.uqac.ca\/uqactualites\/wp-content\/uploads\/2024\/10\/montreal-connecte_vgfrias-01.jpg'><img loading=\"lazy\" decoding=\"async\" width=\"150\" height=\"150\" src=\"https:\/\/www.uqac.ca\/uqactualites\/wp-content\/uploads\/2024\/10\/montreal-connecte_vgfrias-01-150x150.jpg\" class=\"attachment-thumbnail size-thumbnail\" alt=\"\" \/><\/a>\n\t\t\t<\/div><\/figure><figure class='gallery-item'>\n\t\t\t<div class='gallery-icon landscape'>\n\t\t\t\t<a href='https:\/\/www.uqac.ca\/uqactualites\/wp-content\/uploads\/2024\/10\/montreal-connecte_vgfrias-06.jpg'><img loading=\"lazy\" decoding=\"async\" width=\"150\" height=\"150\" src=\"https:\/\/www.uqac.ca\/uqactualites\/wp-content\/uploads\/2024\/10\/montreal-connecte_vgfrias-06-150x150.jpg\" class=\"attachment-thumbnail size-thumbnail\" alt=\"\" \/><\/a>\n\t\t\t<\/div><\/figure><figure class='gallery-item'>\n\t\t\t<div class='gallery-icon landscape'>\n\t\t\t\t<a href='https:\/\/www.uqac.ca\/uqactualites\/wp-content\/uploads\/2024\/10\/montreal-connecte_vgfrias-07.jpg'><img loading=\"lazy\" decoding=\"async\" width=\"150\" height=\"150\" src=\"https:\/\/www.uqac.ca\/uqactualites\/wp-content\/uploads\/2024\/10\/montreal-connecte_vgfrias-07-150x150.jpg\" class=\"attachment-thumbnail size-thumbnail\" alt=\"\" \/><\/a>\n\t\t\t<\/div><\/figure><figure class='gallery-item'>\n\t\t\t<div class='gallery-icon landscape'>\n\t\t\t\t<a href='https:\/\/www.uqac.ca\/uqactualites\/wp-content\/uploads\/2024\/10\/montreal-connecte_vgfrias-10.jpg'><img loading=\"lazy\" decoding=\"async\" width=\"150\" height=\"150\" src=\"https:\/\/www.uqac.ca\/uqactualites\/wp-content\/uploads\/2024\/10\/montreal-connecte_vgfrias-10-150x150.jpg\" class=\"attachment-thumbnail size-thumbnail\" alt=\"\" \/><\/a>\n\t\t\t<\/div><\/figure><figure class='gallery-item'>\n\t\t\t<div class='gallery-icon landscape'>\n\t\t\t\t<a href='https:\/\/www.uqac.ca\/uqactualites\/wp-content\/uploads\/2024\/10\/montreal-connecte_vgfrias-13.jpg'><img loading=\"lazy\" decoding=\"async\" width=\"150\" height=\"150\" src=\"https:\/\/www.uqac.ca\/uqactualites\/wp-content\/uploads\/2024\/10\/montreal-connecte_vgfrias-13-150x150.jpg\" class=\"attachment-thumbnail size-thumbnail\" alt=\"\" \/><\/a>\n\t\t\t<\/div><\/figure><figure class='gallery-item'>\n\t\t\t<div class='gallery-icon landscape'>\n\t\t\t\t<a href='https:\/\/www.uqac.ca\/uqactualites\/wp-content\/uploads\/2024\/10\/montreal-connecte_vgfrias-29.jpg'><img loading=\"lazy\" decoding=\"async\" width=\"150\" height=\"150\" src=\"https:\/\/www.uqac.ca\/uqactualites\/wp-content\/uploads\/2024\/10\/montreal-connecte_vgfrias-29-150x150.jpg\" class=\"attachment-thumbnail size-thumbnail\" alt=\"\" \/><\/a>\n\t\t\t<\/div><\/figure><figure class='gallery-item'>\n\t\t\t<div class='gallery-icon landscape'>\n\t\t\t\t<a href='https:\/\/www.uqac.ca\/uqactualites\/wp-content\/uploads\/2024\/10\/montreal-connecte_vgfrias-31.jpg'><img loading=\"lazy\" decoding=\"async\" width=\"150\" height=\"150\" src=\"https:\/\/www.uqac.ca\/uqactualites\/wp-content\/uploads\/2024\/10\/montreal-connecte_vgfrias-31-150x150.jpg\" class=\"attachment-thumbnail size-thumbnail\" alt=\"\" \/><\/a>\n\t\t\t<\/div><\/figure><figure class='gallery-item'>\n\t\t\t<div class='gallery-icon landscape'>\n\t\t\t\t<a href='https:\/\/www.uqac.ca\/uqactualites\/wp-content\/uploads\/2024\/10\/montreal-connecte_vgfrias-32.jpg'><img loading=\"lazy\" decoding=\"async\" width=\"150\" height=\"150\" src=\"https:\/\/www.uqac.ca\/uqactualites\/wp-content\/uploads\/2024\/10\/montreal-connecte_vgfrias-32-150x150.jpg\" class=\"attachment-thumbnail size-thumbnail\" alt=\"\" \/><\/a>\n\t\t\t<\/div><\/figure>\n\t\t<\/div>\n\n<p><strong>Congr\u00e8s\u00a0Progr\u00e8s en d\u00e9veloppement durable<br \/>\n<\/strong>Le <a href=\"https:\/\/www.uqac.ca\/uqactualites\/2024\/10\/16\/la-recherche-et-lindustrie-reunies-a-saguenay-pour-le-developpement-durable\/\">congr\u00e8s scientifique \u00ab Progr\u00e8s en d\u00e9veloppement durable \u00bb<\/a>, dont nous avons eu le privil\u00e8ge de vivre la toute premi\u00e8re \u00e9dition la semaine derni\u00e8re, a su se distinguer par la diversit\u00e9 des th\u00e9matiques abord\u00e9es. Ce colloque, qui a r\u00e9uni plus de <strong>325 participants et participantes, <\/strong>marque un moment cl\u00e9 pour notre communaut\u00e9 universitaire, mais \u00e9galement pour la soci\u00e9t\u00e9 dans son ensemble. Le d\u00e9veloppement durable est un enjeu qui doit mobiliser tout le monde autour d\u2019objectifs communs, tels que la r\u00e9duction des \u00e9missions de gaz \u00e0 effet de serre.<\/p>\n<p>Au cours des derniers jours, nous avons explor\u00e9 de nombreuses autres dimensions du d\u00e9veloppement durable, touchant des domaines aussi vari\u00e9s que la gestion des ressources, la chimie verte, les mat\u00e9riaux et \u00e9nergies durables, la biodiversit\u00e9, et bien s\u00fbr, la lutte contre les changements climatiques.<\/p>\n<p>Alors que je prenais la parole vendredi pm pour la remise de prix aux \u00e9tudiants et \u00e9tudiantes, j\u2019ai pu en profiter pour annoncer que l&rsquo;UQAC compenserait les \u00e9missions de gaz \u00e0 effet de serre g\u00e9n\u00e9r\u00e9es par les d\u00e9placements des congressistes \u00e0 ce colloque. Gr\u00e2ce \u00e0 notre programme <a href=\"https:\/\/carboneboreal.uqac.ca\/\">Carbone bor\u00e9al<\/a>, un projet unique qui allie compensation carbone et recherche, nous planterons 140 arbres, ce qui repr\u00e9sente 20 tonnes de CO<sub>2<\/sub> compens\u00e9es. C\u2019est l\u00e0 un autre exemple de notre engagement concret pour la plan\u00e8te.<\/p>\n<div id='gallery-2' class='gallery galleryid-48985 gallery-columns-3 gallery-size-thumbnail'><figure class='gallery-item'>\n\t\t\t<div class='gallery-icon landscape'>\n\t\t\t\t<a href='https:\/\/www.uqac.ca\/uqactualites\/wp-content\/uploads\/2024\/10\/1729285448336.jpg'><img loading=\"lazy\" decoding=\"async\" width=\"150\" height=\"150\" src=\"https:\/\/www.uqac.ca\/uqactualites\/wp-content\/uploads\/2024\/10\/1729285448336-150x150.jpg\" class=\"attachment-thumbnail size-thumbnail\" alt=\"\" \/><\/a>\n\t\t\t<\/div><\/figure><figure class='gallery-item'>\n\t\t\t<div class='gallery-icon landscape'>\n\t\t\t\t<a href='https:\/\/www.uqac.ca\/uqactualites\/wp-content\/uploads\/2024\/10\/1729285448467.jpg'><img loading=\"lazy\" decoding=\"async\" width=\"150\" height=\"150\" src=\"https:\/\/www.uqac.ca\/uqactualites\/wp-content\/uploads\/2024\/10\/1729285448467-150x150.jpg\" class=\"attachment-thumbnail size-thumbnail\" alt=\"\" \/><\/a>\n\t\t\t<\/div><\/figure>\n\t\t<\/div>\n\n<p><strong>RUQDD<br \/>\n<\/strong>Comme si ce n\u2019\u00e9tait pas assez, le 17 octobre se tenait \u00e0 l\u2019UQAC, la rencontre du R\u00e9seau universitaire qu\u00e9b\u00e9cois en d\u00e9veloppement durable (RUQDD). Pour l\u2019occasion, j\u2019ai pu m\u2019adresser \u00e0 distance aux gens afin de souligner le r\u00f4le de l\u2019UQAC dans le d\u00e9ploiement d\u2019activit\u00e9s et d\u2019actions au regard du DD et ce, depuis 1988. Ce fut l\u2019occasion d\u2019exposer quelques exemples\u00a0de nos initiatives d\u00e9ploy\u00e9es dont\u00a0:<\/p>\n<ul>\n<li>Carte acc\u00e8s-libre STS pour la communaut\u00e9 \u00e9tudiante (transport gratuit)<\/li>\n<li>Installation de v\u00e9los en libre-service.<\/li>\n<li>Compensation des gaz \u00e0 effet de serre UQAC, carboneutralit\u00e9 cat\u00e9gories 1 et 2 depuis 2016-2017 (+de 11,000 tCO<sub>2<\/sub> Avec +81,000 arbres plant\u00e9s), d\u2019ailleurs, nous allons compenser les d\u00e9placements pour cette rencontre.<\/li>\n<li>R\u00e9duction \u00e0 la source des \u00e9missions des GES (consommation \u00e9nerg\u00e9tique b\u00e2timent \u00e9coresponsable).<\/li>\n<li>Valorisation de nos rebuts de d\u00e9molition \u00e0 plus de 90 %. Le terrain synth\u00e9tique est un bel exemple r\u00e9cent\u00a0: les 140 000 kilos de petites billes noires retir\u00e9es pendant les travaux de r\u00e9fection du terrain synth\u00e9tique seront revaloris\u00e9s dans la fabrication de pav\u00e9s par l&rsquo;entreprise PAVERRECO.<\/li>\n<li>Utilisation de bassins de bior\u00e9tention pour le traitement des eaux de pluie.<\/li>\n<li>R\u00e9duction des ilots de chaleur par l\u2019implantation d\u2019une premi\u00e8re toiture verte.<\/li>\n<\/ul>\n<p>On me dit que l\u2019activit\u00e9 a \u00e9t\u00e9 une grande r\u00e9ussite et que plusieurs partenaires des universit\u00e9s qu\u00e9b\u00e9coises ont appr\u00e9ci\u00e9 et not\u00e9 l\u2019accueil qui nous caract\u00e9rise, le talent de notre communaut\u00e9 et la qualit\u00e9 de nos installations (visite de quelques laboratoires).<\/p>\n<p><strong>Fun\u00e9railles d\u2019un grand b\u00e2tisseur visionnaire\u00a0: Lucien Gendron<br \/>\n<\/strong>Enfin, samedi apr\u00e8s-midi, je me suis rendu au salon fun\u00e9raire afin de rencontrer la famille et les proches d\u2019un grand homme de la r\u00e9gion, lequel a grandement contribu\u00e9 \u00e0 faire de l\u2019UQAC, ce qu\u2019elle est devenue. L&rsquo;ex-directeur et membre fondateur du Centre qu\u00e9b\u00e9cois de recherche et de d\u00e9veloppement de l&rsquo;aluminium (CQRDA), Lucien Gendron, est d\u00e9c\u00e9d\u00e9 au cours de l\u2019\u00e9t\u00e9 dernier \u00e0 l&rsquo;\u00e2ge de 75 ans.<\/p>\n<p>Lucien Gendron a \u00e9t\u00e9 administrateur de la Soci\u00e9t\u00e9 des Jeux du Canada, Saguenay-Lac- Saint-Jean, en 1983 et pr\u00e9sident des F\u00eates du 150<sup>e<\/sup> anniversaire de Chicoutimi, en 1991 et 1992. Il a aussi agi comme membre de la direction du Conseil de la science et de la technologie. Lucien Gendron a \u00e9galement \u00e9t\u00e9 secr\u00e9taire g\u00e9n\u00e9ral et vice-recteur aux finances de l&rsquo;Universit\u00e9 du Qu\u00e9bec \u00e0 Chicoutimi (UQAC). Bref, une carri\u00e8re de 40 ans \u00e0 l\u2019UQAC.<\/p>\n<p>Soulignons enfin que Me Guy Wells, repr\u00e9sentant de la FUQAC, a profit\u00e9 de la c\u00e9r\u00e9monie pour faire l\u2019annonce d\u2019une bourse de la FUQAC a \u00e9t\u00e9 cr\u00e9\u00e9e en son honneur. En mon nom personnel et au nom de toute la communaut\u00e9 de l\u2019UQAC, j\u2019offre mes plus sinc\u00e8res condol\u00e9ances aux personnes touch\u00e9es par le d\u00e9c\u00e8s de ce grand homme!<\/p>\n","protected":false},"excerpt":{"rendered":"<p>Alors que les cours faisaient rel\u00e2che cette semaine, plusieurs activit\u00e9s \u00e9taient organis\u00e9es \u00e0 l\u2019UQAC. Personnellement, j\u2019ai pu prendre part \u00e0 quelques-unes d\u2019entre elles. Voici en quelques mots un retour sur ma participation aux divers \u00e9v\u00e9nements de la derni\u00e8re semaine. MTL Connecte J\u2019ai pu participer \u00e0 l\u2019\u00e9v\u00e9nement MTL Connecte qui se tient du 15 au 18 [&hellip;]<\/p>\n","protected":false},"author":10,"featured_media":48990,"comment_status":"closed","ping_status":"open","sticky":false,"template":"","format":"standard","meta":{"footnotes":""},"categories":[2792,2793],"tags":[],"yoast_head":"<!-- This site is optimized with the Yoast SEO plugin v24.2 - https:\/\/yoast.com\/wordpress\/plugins\/seo\/ -->\r\n<title>Une semaine de rel\u00e2che bien remplie - UQACtualit\u00e9s<\/title>\r\n<meta name=\"robots\" content=\"index, follow, max-snippet:-1, max-image-preview:large, max-video-preview:-1\" \/>\r\n<link rel=\"canonical\" href=\"https:\/\/www.uqac.ca\/uqactualites\/2024\/10\/21\/une-semaine-de-relache-bien-remplie\/\" \/>\r\n<meta property=\"og:locale\" content=\"fr_CA\" \/>\r\n<meta property=\"og:type\" content=\"article\" \/>\r\n<meta property=\"og:title\" content=\"Une semaine de rel\u00e2che bien remplie - UQACtualit\u00e9s\" \/>\r\n<meta property=\"og:description\" content=\"Alors que les cours faisaient rel\u00e2che cette semaine, plusieurs activit\u00e9s \u00e9taient organis\u00e9es \u00e0 l\u2019UQAC. Personnellement, j\u2019ai pu prendre part \u00e0 quelques-unes d\u2019entre elles. Voici en quelques mots un retour sur ma participation aux divers \u00e9v\u00e9nements de la derni\u00e8re semaine. MTL Connecte J\u2019ai pu participer \u00e0 l\u2019\u00e9v\u00e9nement MTL Connecte qui se tient du 15 au 18 [&hellip;]\" \/>\r\n<meta property=\"og:url\" content=\"https:\/\/www.uqac.ca\/uqactualites\/2024\/10\/21\/une-semaine-de-relache-bien-remplie\/\" \/>\r\n<meta property=\"og:site_name\" content=\"UQACtualit\u00e9s\" \/>\r\n<meta property=\"article:published_time\" content=\"2024-10-21T18:26:02+00:00\" \/>\r\n<meta property=\"article:modified_time\" content=\"2024-10-28T14:44:48+00:00\" \/>\r\n<meta property=\"og:image\" content=\"https:\/\/www.uqac.ca\/uqactualites\/wp-content\/uploads\/2024\/10\/1729342375780.jpg\" \/>\r\n\t<meta property=\"og:image:width\" content=\"1280\" \/>\r\n\t<meta property=\"og:image:height\" content=\"673\" \/>\r\n\t<meta property=\"og:image:type\" content=\"image\/jpeg\" \/>\r\n<meta name=\"author\" content=\"Ghislain Samson\" \/>\r\n<meta name=\"twitter:card\" content=\"summary_large_image\" \/>\r\n<meta name=\"twitter:label1\" content=\"\u00c9crit par\" \/>\n\t<meta name=\"twitter:data1\" content=\"Ghislain Samson\" \/>\n\t<meta name=\"twitter:label2\" content=\"Estimation du temps de lecture\" \/>\n\t<meta name=\"twitter:data2\" content=\"6 minutes\" \/>\r\n<script type=\"application\/ld+json\" class=\"yoast-schema-graph\">{\"@context\":\"https:\/\/schema.org\",\"@graph\":[{\"@type\":\"WebPage\",\"@id\":\"https:\/\/www.uqac.ca\/uqactualites\/2024\/10\/21\/une-semaine-de-relache-bien-remplie\/\",\"url\":\"https:\/\/www.uqac.ca\/uqactualites\/2024\/10\/21\/une-semaine-de-relache-bien-remplie\/\",\"name\":\"Une semaine de rel\u00e2che bien remplie - UQACtualit\u00e9s\",\"isPartOf\":{\"@id\":\"https:\/\/www.uqac.ca\/uqactualites\/#website\"},\"primaryImageOfPage\":{\"@id\":\"https:\/\/www.uqac.ca\/uqactualites\/2024\/10\/21\/une-semaine-de-relache-bien-remplie\/#primaryimage\"},\"image\":{\"@id\":\"https:\/\/www.uqac.ca\/uqactualites\/2024\/10\/21\/une-semaine-de-relache-bien-remplie\/#primaryimage\"},\"thumbnailUrl\":\"https:\/\/www.uqac.ca\/uqactualites\/wp-content\/uploads\/2024\/10\/1729342375780.jpg\",\"datePublished\":\"2024-10-21T18:26:02+00:00\",\"dateModified\":\"2024-10-28T14:44:48+00:00\",\"author\":{\"@id\":\"https:\/\/www.uqac.ca\/uqactualites\/#\/schema\/person\/ae2225f9f23eebff67a6e899225952fb\"},\"breadcrumb\":{\"@id\":\"https:\/\/www.uqac.ca\/uqactualites\/2024\/10\/21\/une-semaine-de-relache-bien-remplie\/#breadcrumb\"},\"inLanguage\":\"fr-CA\",\"potentialAction\":[{\"@type\":\"ReadAction\",\"target\":[\"https:\/\/www.uqac.ca\/uqactualites\/2024\/10\/21\/une-semaine-de-relache-bien-remplie\/\"]}]},{\"@type\":\"ImageObject\",\"inLanguage\":\"fr-CA\",\"@id\":\"https:\/\/www.uqac.ca\/uqactualites\/2024\/10\/21\/une-semaine-de-relache-bien-remplie\/#primaryimage\",\"url\":\"https:\/\/www.uqac.ca\/uqactualites\/wp-content\/uploads\/2024\/10\/1729342375780.jpg\",\"contentUrl\":\"https:\/\/www.uqac.ca\/uqactualites\/wp-content\/uploads\/2024\/10\/1729342375780.jpg\",\"width\":1280,\"height\":673},{\"@type\":\"BreadcrumbList\",\"@id\":\"https:\/\/www.uqac.ca\/uqactualites\/2024\/10\/21\/une-semaine-de-relache-bien-remplie\/#breadcrumb\",\"itemListElement\":[{\"@type\":\"ListItem\",\"position\":1,\"name\":\"Home\",\"item\":\"https:\/\/www.uqac.ca\/uqactualites\/\"},{\"@type\":\"ListItem\",\"position\":2,\"name\":\"Une semaine de rel\u00e2che bien remplie\"}]},{\"@type\":\"WebSite\",\"@id\":\"https:\/\/www.uqac.ca\/uqactualites\/#website\",\"url\":\"https:\/\/www.uqac.ca\/uqactualites\/\",\"name\":\"UQACtualit\u00e9s\",\"description\":\"Le portail des nouvelles de l&#039;UQAC\",\"potentialAction\":[{\"@type\":\"SearchAction\",\"target\":{\"@type\":\"EntryPoint\",\"urlTemplate\":\"https:\/\/www.uqac.ca\/uqactualites\/?s={search_term_string}\"},\"query-input\":{\"@type\":\"PropertyValueSpecification\",\"valueRequired\":true,\"valueName\":\"search_term_string\"}}],\"inLanguage\":\"fr-CA\"},{\"@type\":\"Person\",\"@id\":\"https:\/\/www.uqac.ca\/uqactualites\/#\/schema\/person\/ae2225f9f23eebff67a6e899225952fb\",\"name\":\"Ghislain Samson\",\"image\":{\"@type\":\"ImageObject\",\"inLanguage\":\"fr-CA\",\"@id\":\"https:\/\/www.uqac.ca\/uqactualites\/#\/schema\/person\/image\/\",\"url\":\"https:\/\/secure.gravatar.com\/avatar\/61ad9756d7707fefb25ed321388b2105?s=96&d=mm&r=g\",\"contentUrl\":\"https:\/\/secure.gravatar.com\/avatar\/61ad9756d7707fefb25ed321388b2105?s=96&d=mm&r=g\",\"caption\":\"Ghislain Samson\"},\"url\":\"https:\/\/www.uqac.ca\/uqactualites\/author\/gsamson\/\"}]}<\/script>\r\n<!-- \/ Yoast SEO plugin. -->","yoast_head_json":{"title":"Une semaine de rel\u00e2che bien remplie - UQACtualit\u00e9s","robots":{"index":"index","follow":"follow","max-snippet":"max-snippet:-1","max-image-preview":"max-image-preview:large","max-video-preview":"max-video-preview:-1"},"canonical":"https:\/\/www.uqac.ca\/uqactualites\/2024\/10\/21\/une-semaine-de-relache-bien-remplie\/","og_locale":"fr_CA","og_type":"article","og_title":"Une semaine de rel\u00e2che bien remplie - UQACtualit\u00e9s","og_description":"Alors que les cours faisaient rel\u00e2che cette semaine, plusieurs activit\u00e9s \u00e9taient organis\u00e9es \u00e0 l\u2019UQAC. Personnellement, j\u2019ai pu prendre part \u00e0 quelques-unes d\u2019entre elles. Voici en quelques mots un retour sur ma participation aux divers \u00e9v\u00e9nements de la derni\u00e8re semaine. MTL Connecte J\u2019ai pu participer \u00e0 l\u2019\u00e9v\u00e9nement MTL Connecte qui se tient du 15 au 18 [&hellip;]","og_url":"https:\/\/www.uqac.ca\/uqactualites\/2024\/10\/21\/une-semaine-de-relache-bien-remplie\/","og_site_name":"UQACtualit\u00e9s","article_published_time":"2024-10-21T18:26:02+00:00","article_modified_time":"2024-10-28T14:44:48+00:00","og_image":[{"width":1280,"height":673,"url":"https:\/\/www.uqac.ca\/uqactualites\/wp-content\/uploads\/2024\/10\/1729342375780.jpg","type":"image\/jpeg"}],"author":"Ghislain Samson","twitter_card":"summary_large_image","twitter_misc":{"\u00c9crit par":"Ghislain Samson","Estimation du temps de lecture":"6 minutes"},"schema":{"@context":"https:\/\/schema.org","@graph":[{"@type":"WebPage","@id":"https:\/\/www.uqac.ca\/uqactualites\/2024\/10\/21\/une-semaine-de-relache-bien-remplie\/","url":"https:\/\/www.uqac.ca\/uqactualites\/2024\/10\/21\/une-semaine-de-relache-bien-remplie\/","name":"Une semaine de rel\u00e2che bien remplie - UQACtualit\u00e9s","isPartOf":{"@id":"https:\/\/www.uqac.ca\/uqactualites\/#website"},"primaryImageOfPage":{"@id":"https:\/\/www.uqac.ca\/uqactualites\/2024\/10\/21\/une-semaine-de-relache-bien-remplie\/#primaryimage"},"image":{"@id":"https:\/\/www.uqac.ca\/uqactualites\/2024\/10\/21\/une-semaine-de-relache-bien-remplie\/#primaryimage"},"thumbnailUrl":"https:\/\/www.uqac.ca\/uqactualites\/wp-content\/uploads\/2024\/10\/1729342375780.jpg","datePublished":"2024-10-21T18:26:02+00:00","dateModified":"2024-10-28T14:44:48+00:00","author":{"@id":"https:\/\/www.uqac.ca\/uqactualites\/#\/schema\/person\/ae2225f9f23eebff67a6e899225952fb"},"breadcrumb":{"@id":"https:\/\/www.uqac.ca\/uqactualites\/2024\/10\/21\/une-semaine-de-relache-bien-remplie\/#breadcrumb"},"inLanguage":"fr-CA","potentialAction":[{"@type":"ReadAction","target":["https:\/\/www.uqac.ca\/uqactualites\/2024\/10\/21\/une-semaine-de-relache-bien-remplie\/"]}]},{"@type":"ImageObject","inLanguage":"fr-CA","@id":"https:\/\/www.uqac.ca\/uqactualites\/2024\/10\/21\/une-semaine-de-relache-bien-remplie\/#primaryimage","url":"https:\/\/www.uqac.ca\/uqactualites\/wp-content\/uploads\/2024\/10\/1729342375780.jpg","contentUrl":"https:\/\/www.uqac.ca\/uqactualites\/wp-content\/uploads\/2024\/10\/1729342375780.jpg","width":1280,"height":673},{"@type":"BreadcrumbList","@id":"https:\/\/www.uqac.ca\/uqactualites\/2024\/10\/21\/une-semaine-de-relache-bien-remplie\/#breadcrumb","itemListElement":[{"@type":"ListItem","position":1,"name":"Home","item":"https:\/\/www.uqac.ca\/uqactualites\/"},{"@type":"ListItem","position":2,"name":"Une semaine de rel\u00e2che bien remplie"}]},{"@type":"WebSite","@id":"https:\/\/www.uqac.ca\/uqactualites\/#website","url":"https:\/\/www.uqac.ca\/uqactualites\/","name":"UQACtualit\u00e9s","description":"Le portail des nouvelles de l&#039;UQAC","potentialAction":[{"@type":"SearchAction","target":{"@type":"EntryPoint","urlTemplate":"https:\/\/www.uqac.ca\/uqactualites\/?s={search_term_string}"},"query-input":{"@type":"PropertyValueSpecification","valueRequired":true,"valueName":"search_term_string"}}],"inLanguage":"fr-CA"},{"@type":"Person","@id":"https:\/\/www.uqac.ca\/uqactualites\/#\/schema\/person\/ae2225f9f23eebff67a6e899225952fb","name":"Ghislain Samson","image":{"@type":"ImageObject","inLanguage":"fr-CA","@id":"https:\/\/www.uqac.ca\/uqactualites\/#\/schema\/person\/image\/","url":"https:\/\/secure.gravatar.com\/avatar\/61ad9756d7707fefb25ed321388b2105?s=96&d=mm&r=g","contentUrl":"https:\/\/secure.gravatar.com\/avatar\/61ad9756d7707fefb25ed321388b2105?s=96&d=mm&r=g","caption":"Ghislain Samson"},"url":"https:\/\/www.uqac.ca\/uqactualites\/author\/gsamson\/"}]}},"_links":{"self":[{"href":"https:\/\/www.uqac.ca\/uqactualites\/wp-json\/wp\/v2\/posts\/48985"}],"collection":[{"href":"https:\/\/www.uqac.ca\/uqactualites\/wp-json\/wp\/v2\/posts"}],"about":[{"href":"https:\/\/www.uqac.ca\/uqactualites\/wp-json\/wp\/v2\/types\/post"}],"author":[{"embeddable":true,"href":"https:\/\/www.uqac.ca\/uqactualites\/wp-json\/wp\/v2\/users\/10"}],"replies":[{"embeddable":true,"href":"https:\/\/www.uqac.ca\/uqactualites\/wp-json\/wp\/v2\/comments?post=48985"}],"version-history":[{"count":4,"href":"https:\/\/www.uqac.ca\/uqactualites\/wp-json\/wp\/v2\/posts\/48985\/revisions"}],"predecessor-version":[{"id":49005,"href":"https:\/\/www.uqac.ca\/uqactualites\/wp-json\/wp\/v2\/posts\/48985\/revisions\/49005"}],"wp:featuredmedia":[{"embeddable":true,"href":"https:\/\/www.uqac.ca\/uqactualites\/wp-json\/wp\/v2\/media\/48990"}],"wp:attachment":[{"href":"https:\/\/www.uqac.ca\/uqactualites\/wp-json\/wp\/v2\/media?parent=48985"}],"wp:term":[{"taxonomy":"category","embeddable":true,"href":"https:\/\/www.uqac.ca\/uqactualites\/wp-json\/wp\/v2\/categories?post=48985"},{"taxonomy":"post_tag","embeddable":true,"href":"https:\/\/www.uqac.ca\/uqactualites\/wp-json\/wp\/v2\/tags?post=48985"}],"curies":[{"name":"wp","href":"https:\/\/api.w.org\/{rel}","templated":true}]}}