{"id":49101,"date":"2024-11-01T15:28:01","date_gmt":"2024-11-01T19:28:01","guid":{"rendered":"https:\/\/www.uqac.ca\/uqactualites\/?p=49101"},"modified":"2024-11-04T14:03:47","modified_gmt":"2024-11-04T19:03:47","slug":"une-conference-portant-sur-les-proches-aidants","status":"publish","type":"post","link":"https:\/\/www.uqac.ca\/uqactualites\/2024\/11\/01\/une-conference-portant-sur-les-proches-aidants\/","title":{"rendered":"Le professeur Frantz Sim\u00e9on en conf\u00e9rence au Salon Info-A\u00een\u00e9s 2024"},"content":{"rendered":"<p>Le professeur <a href=\"https:\/\/www.uqac.ca\/portfolio\/frantzsimeon\/\">Frantz Sim\u00e9on<\/a> du <a href=\"https:\/\/www.uqac.ca\/departements\/dsh\/\" target=\"_blank\" rel=\"noopener\">D\u00e9partement des sciences humaines et sociales<\/a> a tenu une conf\u00e9rence sur les proches-aidants ainsi que leur apport au vieillissement \u00e0 domicile lors du Salon Info-A\u00een\u00e9s 2024. L\u2019\u00e9v\u00e9nement s\u2019est tenu le 19 octobre dernier \u00e0 l\u2019h\u00f4tel <em>Le Montagnais <\/em>et \u00e9tait organis\u00e9 par la Ville de Saguenay via son programme Municipalit\u00e9s amies des a\u00een\u00e9s (MADA).<\/p>\n<p>La conf\u00e9rence du professeur Sim\u00e9on poursuivait trois objectifs\u00a0:<\/p>\n<ul>\n<li>mettre en valeur l\u2019importance de la contribution des a\u00een\u00e9s jouant le r\u00f4le de proche-aidant dans le vieillissement \u00e0 domicile;<\/li>\n<li>partager quelques faits saillants d\u2019une recherche sur la proche-aidance financ\u00e9e par les Instituts de recherche en sant\u00e9 du Canada (IRSC);<\/li>\n<li>apporter sa contribution \u00e0 la r\u00e9flexion autour du vieillissement sur le territoire.<\/li>\n<\/ul>\n<p>Plus de 800 personnes ont particip\u00e9 \u00e0 l\u2019\u00e9v\u00e9nement qui comportait 6 conf\u00e9rences et plus de 45 exposants. Plusieurs acteurs du milieu \u00e9taient pr\u00e9sents aux kiosques d\u2019information afin de pr\u00e9senter les diff\u00e9rents services offerts aux personnes a\u00een\u00e9es.<\/p>\n","protected":false},"excerpt":{"rendered":"<p>Le professeur Frantz Sim\u00e9on du D\u00e9partement des sciences humaines et sociales a tenu une conf\u00e9rence sur les proches-aidants ainsi que leur apport au vieillissement \u00e0 domicile lors du Salon Info-A\u00een\u00e9s 2024. L\u2019\u00e9v\u00e9nement s\u2019est tenu le 19 octobre dernier \u00e0 l\u2019h\u00f4tel Le Montagnais et \u00e9tait organis\u00e9 par la Ville de Saguenay via son programme Municipalit\u00e9s amies [&hellip;]<\/p>\n","protected":false},"author":5,"featured_media":49132,"comment_status":"closed","ping_status":"open","sticky":false,"template":"","format":"standard","meta":{"footnotes":""},"categories":[2795,2,2854],"tags":[22],"yoast_head":"<!-- This site is optimized with the Yoast SEO plugin v24.2 - https:\/\/yoast.com\/wordpress\/plugins\/seo\/ -->\r\n<title>Le professeur Frantz Sim\u00e9on en conf\u00e9rence au Salon Info-A\u00een\u00e9s 2024 - UQACtualit\u00e9s<\/title>\r\n<meta name=\"robots\" content=\"index, follow, max-snippet:-1, max-image-preview:large, max-video-preview:-1\" \/>\r\n<link rel=\"canonical\" href=\"https:\/\/www.uqac.ca\/uqactualites\/2024\/11\/01\/une-conference-portant-sur-les-proches-aidants\/\" \/>\r\n<meta property=\"og:locale\" content=\"fr_CA\" \/>\r\n<meta property=\"og:type\" content=\"article\" \/>\r\n<meta property=\"og:title\" content=\"Le professeur Frantz Sim\u00e9on en conf\u00e9rence au Salon Info-A\u00een\u00e9s 2024 - UQACtualit\u00e9s\" \/>\r\n<meta property=\"og:description\" content=\"Le professeur Frantz Sim\u00e9on du D\u00e9partement des sciences humaines et sociales a tenu une conf\u00e9rence sur les proches-aidants ainsi que leur apport au vieillissement \u00e0 domicile lors du Salon Info-A\u00een\u00e9s 2024. L\u2019\u00e9v\u00e9nement s\u2019est tenu le 19 octobre dernier \u00e0 l\u2019h\u00f4tel Le Montagnais et \u00e9tait organis\u00e9 par la Ville de Saguenay via son programme Municipalit\u00e9s amies [&hellip;]\" \/>\r\n<meta property=\"og:url\" content=\"https:\/\/www.uqac.ca\/uqactualites\/2024\/11\/01\/une-conference-portant-sur-les-proches-aidants\/\" \/>\r\n<meta property=\"og:site_name\" content=\"UQACtualit\u00e9s\" \/>\r\n<meta property=\"article:published_time\" content=\"2024-11-01T19:28:01+00:00\" \/>\r\n<meta property=\"article:modified_time\" content=\"2024-11-04T19:03:47+00:00\" \/>\r\n<meta name=\"author\" content=\"Service des communications et des relations publiques\" \/>\r\n<meta name=\"twitter:card\" content=\"summary_large_image\" \/>\r\n<meta name=\"twitter:image\" content=\"https:\/\/www.uqac.ca\/uqactualites\/wp-content\/uploads\/2024\/11\/Frantz_Simeon_web-scaled-1.jpg\" \/>\r\n<meta name=\"twitter:label1\" content=\"\u00c9crit par\" \/>\n\t<meta name=\"twitter:data1\" content=\"Service des communications et des relations publiques\" \/>\n\t<meta name=\"twitter:label2\" content=\"Estimation du temps de lecture\" \/>\n\t<meta name=\"twitter:data2\" content=\"1 minute\" \/>\r\n<script type=\"application\/ld+json\" class=\"yoast-schema-graph\">{\"@context\":\"https:\/\/schema.org\",\"@graph\":[{\"@type\":\"WebPage\",\"@id\":\"https:\/\/www.uqac.ca\/uqactualites\/2024\/11\/01\/une-conference-portant-sur-les-proches-aidants\/\",\"url\":\"https:\/\/www.uqac.ca\/uqactualites\/2024\/11\/01\/une-conference-portant-sur-les-proches-aidants\/\",\"name\":\"Le professeur Frantz Sim\u00e9on en conf\u00e9rence au Salon Info-A\u00een\u00e9s 2024 - UQACtualit\u00e9s\",\"isPartOf\":{\"@id\":\"https:\/\/www.uqac.ca\/uqactualites\/#website\"},\"primaryImageOfPage\":{\"@id\":\"https:\/\/www.uqac.ca\/uqactualites\/2024\/11\/01\/une-conference-portant-sur-les-proches-aidants\/#primaryimage\"},\"image\":{\"@id\":\"https:\/\/www.uqac.ca\/uqactualites\/2024\/11\/01\/une-conference-portant-sur-les-proches-aidants\/#primaryimage\"},\"thumbnailUrl\":\"https:\/\/www.uqac.ca\/uqactualites\/wp-content\/uploads\/2024\/11\/Frantz_Simeon_web-scaled-1.jpg\",\"datePublished\":\"2024-11-01T19:28:01+00:00\",\"dateModified\":\"2024-11-04T19:03:47+00:00\",\"author\":{\"@id\":\"https:\/\/www.uqac.ca\/uqactualites\/#\/schema\/person\/366c45a0c4f0e677b41b4af5886e2018\"},\"breadcrumb\":{\"@id\":\"https:\/\/www.uqac.ca\/uqactualites\/2024\/11\/01\/une-conference-portant-sur-les-proches-aidants\/#breadcrumb\"},\"inLanguage\":\"fr-CA\",\"potentialAction\":[{\"@type\":\"ReadAction\",\"target\":[\"https:\/\/www.uqac.ca\/uqactualites\/2024\/11\/01\/une-conference-portant-sur-les-proches-aidants\/\"]}]},{\"@type\":\"ImageObject\",\"inLanguage\":\"fr-CA\",\"@id\":\"https:\/\/www.uqac.ca\/uqactualites\/2024\/11\/01\/une-conference-portant-sur-les-proches-aidants\/#primaryimage\",\"url\":\"https:\/\/www.uqac.ca\/uqactualites\/wp-content\/uploads\/2024\/11\/Frantz_Simeon_web-scaled-1.jpg\",\"contentUrl\":\"https:\/\/www.uqac.ca\/uqactualites\/wp-content\/uploads\/2024\/11\/Frantz_Simeon_web-scaled-1.jpg\",\"width\":1920,\"height\":1080},{\"@type\":\"BreadcrumbList\",\"@id\":\"https:\/\/www.uqac.ca\/uqactualites\/2024\/11\/01\/une-conference-portant-sur-les-proches-aidants\/#breadcrumb\",\"itemListElement\":[{\"@type\":\"ListItem\",\"position\":1,\"name\":\"Home\",\"item\":\"https:\/\/www.uqac.ca\/uqactualites\/\"},{\"@type\":\"ListItem\",\"position\":2,\"name\":\"Le professeur Frantz Sim\u00e9on en conf\u00e9rence au Salon Info-A\u00een\u00e9s 2024\"}]},{\"@type\":\"WebSite\",\"@id\":\"https:\/\/www.uqac.ca\/uqactualites\/#website\",\"url\":\"https:\/\/www.uqac.ca\/uqactualites\/\",\"name\":\"UQACtualit\u00e9s\",\"description\":\"Le portail des nouvelles de l&#039;UQAC\",\"potentialAction\":[{\"@type\":\"SearchAction\",\"target\":{\"@type\":\"EntryPoint\",\"urlTemplate\":\"https:\/\/www.uqac.ca\/uqactualites\/?s={search_term_string}\"},\"query-input\":{\"@type\":\"PropertyValueSpecification\",\"valueRequired\":true,\"valueName\":\"search_term_string\"}}],\"inLanguage\":\"fr-CA\"},{\"@type\":\"Person\",\"@id\":\"https:\/\/www.uqac.ca\/uqactualites\/#\/schema\/person\/366c45a0c4f0e677b41b4af5886e2018\",\"name\":\"Service des communications et des relations publiques\",\"image\":{\"@type\":\"ImageObject\",\"inLanguage\":\"fr-CA\",\"@id\":\"https:\/\/www.uqac.ca\/uqactualites\/#\/schema\/person\/image\/\",\"url\":\"https:\/\/secure.gravatar.com\/avatar\/20fbbda8a292f59f2d3461a5b999c00b?s=96&d=mm&r=g\",\"contentUrl\":\"https:\/\/secure.gravatar.com\/avatar\/20fbbda8a292f59f2d3461a5b999c00b?s=96&d=mm&r=g\",\"caption\":\"Service des communications et des relations publiques\"},\"url\":\"https:\/\/www.uqac.ca\/uqactualites\/author\/bap\/\"}]}<\/script>\r\n<!-- \/ Yoast SEO plugin. -->","yoast_head_json":{"title":"Le professeur Frantz Sim\u00e9on en conf\u00e9rence au Salon Info-A\u00een\u00e9s 2024 - UQACtualit\u00e9s","robots":{"index":"index","follow":"follow","max-snippet":"max-snippet:-1","max-image-preview":"max-image-preview:large","max-video-preview":"max-video-preview:-1"},"canonical":"https:\/\/www.uqac.ca\/uqactualites\/2024\/11\/01\/une-conference-portant-sur-les-proches-aidants\/","og_locale":"fr_CA","og_type":"article","og_title":"Le professeur Frantz Sim\u00e9on en conf\u00e9rence au Salon Info-A\u00een\u00e9s 2024 - UQACtualit\u00e9s","og_description":"Le professeur Frantz Sim\u00e9on du D\u00e9partement des sciences humaines et sociales a tenu une conf\u00e9rence sur les proches-aidants ainsi que leur apport au vieillissement \u00e0 domicile lors du Salon Info-A\u00een\u00e9s 2024. L\u2019\u00e9v\u00e9nement s\u2019est tenu le 19 octobre dernier \u00e0 l\u2019h\u00f4tel Le Montagnais et \u00e9tait organis\u00e9 par la Ville de Saguenay via son programme Municipalit\u00e9s amies [&hellip;]","og_url":"https:\/\/www.uqac.ca\/uqactualites\/2024\/11\/01\/une-conference-portant-sur-les-proches-aidants\/","og_site_name":"UQACtualit\u00e9s","article_published_time":"2024-11-01T19:28:01+00:00","article_modified_time":"2024-11-04T19:03:47+00:00","author":"Service des communications et des relations publiques","twitter_card":"summary_large_image","twitter_image":"https:\/\/www.uqac.ca\/uqactualites\/wp-content\/uploads\/2024\/11\/Frantz_Simeon_web-scaled-1.jpg","twitter_misc":{"\u00c9crit par":"Service des communications et des relations publiques","Estimation du temps de lecture":"1 minute"},"schema":{"@context":"https:\/\/schema.org","@graph":[{"@type":"WebPage","@id":"https:\/\/www.uqac.ca\/uqactualites\/2024\/11\/01\/une-conference-portant-sur-les-proches-aidants\/","url":"https:\/\/www.uqac.ca\/uqactualites\/2024\/11\/01\/une-conference-portant-sur-les-proches-aidants\/","name":"Le professeur Frantz Sim\u00e9on en conf\u00e9rence au Salon Info-A\u00een\u00e9s 2024 - UQACtualit\u00e9s","isPartOf":{"@id":"https:\/\/www.uqac.ca\/uqactualites\/#website"},"primaryImageOfPage":{"@id":"https:\/\/www.uqac.ca\/uqactualites\/2024\/11\/01\/une-conference-portant-sur-les-proches-aidants\/#primaryimage"},"image":{"@id":"https:\/\/www.uqac.ca\/uqactualites\/2024\/11\/01\/une-conference-portant-sur-les-proches-aidants\/#primaryimage"},"thumbnailUrl":"https:\/\/www.uqac.ca\/uqactualites\/wp-content\/uploads\/2024\/11\/Frantz_Simeon_web-scaled-1.jpg","datePublished":"2024-11-01T19:28:01+00:00","dateModified":"2024-11-04T19:03:47+00:00","author":{"@id":"https:\/\/www.uqac.ca\/uqactualites\/#\/schema\/person\/366c45a0c4f0e677b41b4af5886e2018"},"breadcrumb":{"@id":"https:\/\/www.uqac.ca\/uqactualites\/2024\/11\/01\/une-conference-portant-sur-les-proches-aidants\/#breadcrumb"},"inLanguage":"fr-CA","potentialAction":[{"@type":"ReadAction","target":["https:\/\/www.uqac.ca\/uqactualites\/2024\/11\/01\/une-conference-portant-sur-les-proches-aidants\/"]}]},{"@type":"ImageObject","inLanguage":"fr-CA","@id":"https:\/\/www.uqac.ca\/uqactualites\/2024\/11\/01\/une-conference-portant-sur-les-proches-aidants\/#primaryimage","url":"https:\/\/www.uqac.ca\/uqactualites\/wp-content\/uploads\/2024\/11\/Frantz_Simeon_web-scaled-1.jpg","contentUrl":"https:\/\/www.uqac.ca\/uqactualites\/wp-content\/uploads\/2024\/11\/Frantz_Simeon_web-scaled-1.jpg","width":1920,"height":1080},{"@type":"BreadcrumbList","@id":"https:\/\/www.uqac.ca\/uqactualites\/2024\/11\/01\/une-conference-portant-sur-les-proches-aidants\/#breadcrumb","itemListElement":[{"@type":"ListItem","position":1,"name":"Home","item":"https:\/\/www.uqac.ca\/uqactualites\/"},{"@type":"ListItem","position":2,"name":"Le professeur Frantz Sim\u00e9on en conf\u00e9rence au Salon Info-A\u00een\u00e9s 2024"}]},{"@type":"WebSite","@id":"https:\/\/www.uqac.ca\/uqactualites\/#website","url":"https:\/\/www.uqac.ca\/uqactualites\/","name":"UQACtualit\u00e9s","description":"Le portail des nouvelles de l&#039;UQAC","potentialAction":[{"@type":"SearchAction","target":{"@type":"EntryPoint","urlTemplate":"https:\/\/www.uqac.ca\/uqactualites\/?s={search_term_string}"},"query-input":{"@type":"PropertyValueSpecification","valueRequired":true,"valueName":"search_term_string"}}],"inLanguage":"fr-CA"},{"@type":"Person","@id":"https:\/\/www.uqac.ca\/uqactualites\/#\/schema\/person\/366c45a0c4f0e677b41b4af5886e2018","name":"Service des communications et des relations publiques","image":{"@type":"ImageObject","inLanguage":"fr-CA","@id":"https:\/\/www.uqac.ca\/uqactualites\/#\/schema\/person\/image\/","url":"https:\/\/secure.gravatar.com\/avatar\/20fbbda8a292f59f2d3461a5b999c00b?s=96&d=mm&r=g","contentUrl":"https:\/\/secure.gravatar.com\/avatar\/20fbbda8a292f59f2d3461a5b999c00b?s=96&d=mm&r=g","caption":"Service des communications et des relations publiques"},"url":"https:\/\/www.uqac.ca\/uqactualites\/author\/bap\/"}]}},"_links":{"self":[{"href":"https:\/\/www.uqac.ca\/uqactualites\/wp-json\/wp\/v2\/posts\/49101"}],"collection":[{"href":"https:\/\/www.uqac.ca\/uqactualites\/wp-json\/wp\/v2\/posts"}],"about":[{"href":"https:\/\/www.uqac.ca\/uqactualites\/wp-json\/wp\/v2\/types\/post"}],"author":[{"embeddable":true,"href":"https:\/\/www.uqac.ca\/uqactualites\/wp-json\/wp\/v2\/users\/5"}],"replies":[{"embeddable":true,"href":"https:\/\/www.uqac.ca\/uqactualites\/wp-json\/wp\/v2\/comments?post=49101"}],"version-history":[{"count":3,"href":"https:\/\/www.uqac.ca\/uqactualites\/wp-json\/wp\/v2\/posts\/49101\/revisions"}],"predecessor-version":[{"id":49116,"href":"https:\/\/www.uqac.ca\/uqactualites\/wp-json\/wp\/v2\/posts\/49101\/revisions\/49116"}],"wp:featuredmedia":[{"embeddable":true,"href":"https:\/\/www.uqac.ca\/uqactualites\/wp-json\/wp\/v2\/media\/49132"}],"wp:attachment":[{"href":"https:\/\/www.uqac.ca\/uqactualites\/wp-json\/wp\/v2\/media?parent=49101"}],"wp:term":[{"taxonomy":"category","embeddable":true,"href":"https:\/\/www.uqac.ca\/uqactualites\/wp-json\/wp\/v2\/categories?post=49101"},{"taxonomy":"post_tag","embeddable":true,"href":"https:\/\/www.uqac.ca\/uqactualites\/wp-json\/wp\/v2\/tags?post=49101"}],"curies":[{"name":"wp","href":"https:\/\/api.w.org\/{rel}","templated":true}]}}