{"id":49165,"date":"2024-11-07T13:51:59","date_gmt":"2024-11-07T18:51:59","guid":{"rendered":"https:\/\/www.uqac.ca\/uqactualites\/?p=49165"},"modified":"2024-11-11T08:52:38","modified_gmt":"2024-11-11T13:52:38","slug":"une-table-ronde-sur-lintelligence-artificielle-generative-et-la-liberte-dexpression","status":"publish","type":"post","link":"https:\/\/www.uqac.ca\/uqactualites\/2024\/11\/07\/une-table-ronde-sur-lintelligence-artificielle-generative-et-la-liberte-dexpression\/","title":{"rendered":"Une table ronde sur l\u2019intelligence artificielle g\u00e9n\u00e9rative et la libert\u00e9 d\u2019expression"},"content":{"rendered":"<p>Le 1<sup>er<\/sup> novembre dernier avait lieu la table ronde portant sur l\u2019intelligence artificielle (IA) g\u00e9n\u00e9rative et la libert\u00e9 d\u2019expression, organis\u00e9e par <a href=\"https:\/\/www.uqac.ca\/libobs\/\" target=\"_blank\" rel=\"noopener\">l\u2019Observatoire de la libert\u00e9 d\u2019expression<\/a>. Cet \u00e9v\u00e9nement avait pour but de r\u00e9pondre \u00e0 des questions telles que\u00a0: quels sont pr\u00e9cis\u00e9ment les risques et les promesses de l\u2019IA g\u00e9n\u00e9rative pour la libert\u00e9 d\u2019expression? Suffit-il d\u2019encadrer les conditions de la prise de parole, ou doit-on mener une r\u00e9flexion plus prospective sur les syst\u00e8mes d\u2019intelligence artificielle g\u00e9n\u00e9rative? Quels sont les obstacles \u00e0 l\u2019encadrement d\u00e9mocratique de ces syst\u00e8mes? Quelles implications peuvent avoir ces syst\u00e8mes sur la subjectivit\u00e9 humaine, l\u2019expression de soi et les interactions sociales? Comment l\u2019IA g\u00e9n\u00e9rative renouvelle-t-elle les questionnements sur la nature et les limites de la libert\u00e9 d\u2019expression? Transforme-t-elle les perspectives sur les int\u00e9r\u00eats qui l\u00e9gitiment de restreindre la libert\u00e9 d\u2019expression?<\/p>\n<p>La discussion r\u00e9unissait des universitaires sp\u00e9cialistes de ces questions, soit Ryoa Chung (UdeM), M\u00e9lanie Millette (UQAM) et Pierre Trudel (UdeM). Matthieu Dugal, animateur de l\u2019\u00e9mission <em>Moteur de recherche <\/em>\u00e0 Radio-Canada, \u00e9galement dipl\u00f4m\u00e9 en sciences politiques de l&rsquo;UQAC, assurait l\u2019animation de la table. Lors de l\u2019activit\u00e9, les pan\u00e9listes ont constat\u00e9 que le pouvoir politique doit adopter des mesures significatives afin de mieux comprendre et de r\u00e9glementer les impacts des technologies d\u2019IA g\u00e9n\u00e9rative. Lors des discussions, il a \u00e9galement \u00e9t\u00e9 question des structures sociales permettant \u00e0 des utilisateurs des technologies d\u2019IA d\u2019affecter n\u00e9gativement des groupes minoritaires, notamment en ce qui concerne leur capacit\u00e9 de s\u2019exprimer librement ou de d\u00e9fendre leurs revendications. Pour les personnes d\u00e9sirant visionner les \u00e9changes, la captation sera disponible sur le site de <a href=\"https:\/\/www.uqac.ca\/libobs\/\" target=\"_blank\" rel=\"noopener\">l\u2019Observatoire de la libert\u00e9 d\u2019expression<\/a> au cours des prochaines semaines.<\/p>\n","protected":false},"excerpt":{"rendered":"<p>Le 1er novembre dernier avait lieu la table ronde portant sur l\u2019intelligence artificielle (IA) g\u00e9n\u00e9rative et la libert\u00e9 d\u2019expression, organis\u00e9e par l\u2019Observatoire de la libert\u00e9 d\u2019expression. Cet \u00e9v\u00e9nement avait pour but de r\u00e9pondre \u00e0 des questions telles que\u00a0: quels sont pr\u00e9cis\u00e9ment les risques et les promesses de l\u2019IA g\u00e9n\u00e9rative pour la libert\u00e9 d\u2019expression? Suffit-il d\u2019encadrer [&hellip;]<\/p>\n","protected":false},"author":5,"featured_media":49166,"comment_status":"closed","ping_status":"open","sticky":false,"template":"","format":"standard","meta":{"footnotes":""},"categories":[2795,2,61],"tags":[],"yoast_head":"<!-- This site is optimized with the Yoast SEO plugin v24.2 - https:\/\/yoast.com\/wordpress\/plugins\/seo\/ -->\r\n<title>Une table ronde sur l\u2019intelligence artificielle g\u00e9n\u00e9rative et la libert\u00e9 d\u2019expression - UQACtualit\u00e9s<\/title>\r\n<meta name=\"robots\" content=\"index, follow, max-snippet:-1, max-image-preview:large, max-video-preview:-1\" \/>\r\n<link rel=\"canonical\" href=\"https:\/\/www.uqac.ca\/uqactualites\/2024\/11\/07\/une-table-ronde-sur-lintelligence-artificielle-generative-et-la-liberte-dexpression\/\" \/>\r\n<meta property=\"og:locale\" content=\"fr_CA\" \/>\r\n<meta property=\"og:type\" content=\"article\" \/>\r\n<meta property=\"og:title\" content=\"Une table ronde sur l\u2019intelligence artificielle g\u00e9n\u00e9rative et la libert\u00e9 d\u2019expression - UQACtualit\u00e9s\" \/>\r\n<meta property=\"og:description\" content=\"Le 1er novembre dernier avait lieu la table ronde portant sur l\u2019intelligence artificielle (IA) g\u00e9n\u00e9rative et la libert\u00e9 d\u2019expression, organis\u00e9e par l\u2019Observatoire de la libert\u00e9 d\u2019expression. Cet \u00e9v\u00e9nement avait pour but de r\u00e9pondre \u00e0 des questions telles que\u00a0: quels sont pr\u00e9cis\u00e9ment les risques et les promesses de l\u2019IA g\u00e9n\u00e9rative pour la libert\u00e9 d\u2019expression? Suffit-il d\u2019encadrer [&hellip;]\" \/>\r\n<meta property=\"og:url\" content=\"https:\/\/www.uqac.ca\/uqactualites\/2024\/11\/07\/une-table-ronde-sur-lintelligence-artificielle-generative-et-la-liberte-dexpression\/\" \/>\r\n<meta property=\"og:site_name\" content=\"UQACtualit\u00e9s\" \/>\r\n<meta property=\"article:published_time\" content=\"2024-11-07T18:51:59+00:00\" \/>\r\n<meta property=\"article:modified_time\" content=\"2024-11-11T13:52:38+00:00\" \/>\r\n<meta property=\"og:image\" content=\"https:\/\/www.uqac.ca\/uqactualites\/wp-content\/uploads\/2024\/11\/Table-ronde-IA-scaled.jpeg\" \/>\r\n\t<meta property=\"og:image:width\" content=\"2560\" \/>\r\n\t<meta property=\"og:image:height\" content=\"1920\" \/>\r\n\t<meta property=\"og:image:type\" content=\"image\/jpeg\" \/>\r\n<meta name=\"author\" content=\"Service des communications et des relations publiques\" \/>\r\n<meta name=\"twitter:card\" content=\"summary_large_image\" \/>\r\n<meta name=\"twitter:label1\" content=\"\u00c9crit par\" \/>\n\t<meta name=\"twitter:data1\" content=\"Service des communications et des relations publiques\" \/>\n\t<meta name=\"twitter:label2\" content=\"Estimation du temps de lecture\" \/>\n\t<meta name=\"twitter:data2\" content=\"2 minutes\" \/>\r\n<script type=\"application\/ld+json\" class=\"yoast-schema-graph\">{\"@context\":\"https:\/\/schema.org\",\"@graph\":[{\"@type\":\"WebPage\",\"@id\":\"https:\/\/www.uqac.ca\/uqactualites\/2024\/11\/07\/une-table-ronde-sur-lintelligence-artificielle-generative-et-la-liberte-dexpression\/\",\"url\":\"https:\/\/www.uqac.ca\/uqactualites\/2024\/11\/07\/une-table-ronde-sur-lintelligence-artificielle-generative-et-la-liberte-dexpression\/\",\"name\":\"Une table ronde sur l\u2019intelligence artificielle g\u00e9n\u00e9rative et la libert\u00e9 d\u2019expression - UQACtualit\u00e9s\",\"isPartOf\":{\"@id\":\"https:\/\/www.uqac.ca\/uqactualites\/#website\"},\"primaryImageOfPage\":{\"@id\":\"https:\/\/www.uqac.ca\/uqactualites\/2024\/11\/07\/une-table-ronde-sur-lintelligence-artificielle-generative-et-la-liberte-dexpression\/#primaryimage\"},\"image\":{\"@id\":\"https:\/\/www.uqac.ca\/uqactualites\/2024\/11\/07\/une-table-ronde-sur-lintelligence-artificielle-generative-et-la-liberte-dexpression\/#primaryimage\"},\"thumbnailUrl\":\"https:\/\/www.uqac.ca\/uqactualites\/wp-content\/uploads\/2024\/11\/Table-ronde-IA-scaled.jpeg\",\"datePublished\":\"2024-11-07T18:51:59+00:00\",\"dateModified\":\"2024-11-11T13:52:38+00:00\",\"author\":{\"@id\":\"https:\/\/www.uqac.ca\/uqactualites\/#\/schema\/person\/366c45a0c4f0e677b41b4af5886e2018\"},\"breadcrumb\":{\"@id\":\"https:\/\/www.uqac.ca\/uqactualites\/2024\/11\/07\/une-table-ronde-sur-lintelligence-artificielle-generative-et-la-liberte-dexpression\/#breadcrumb\"},\"inLanguage\":\"fr-CA\",\"potentialAction\":[{\"@type\":\"ReadAction\",\"target\":[\"https:\/\/www.uqac.ca\/uqactualites\/2024\/11\/07\/une-table-ronde-sur-lintelligence-artificielle-generative-et-la-liberte-dexpression\/\"]}]},{\"@type\":\"ImageObject\",\"inLanguage\":\"fr-CA\",\"@id\":\"https:\/\/www.uqac.ca\/uqactualites\/2024\/11\/07\/une-table-ronde-sur-lintelligence-artificielle-generative-et-la-liberte-dexpression\/#primaryimage\",\"url\":\"https:\/\/www.uqac.ca\/uqactualites\/wp-content\/uploads\/2024\/11\/Table-ronde-IA-scaled.jpeg\",\"contentUrl\":\"https:\/\/www.uqac.ca\/uqactualites\/wp-content\/uploads\/2024\/11\/Table-ronde-IA-scaled.jpeg\",\"width\":2560,\"height\":1920},{\"@type\":\"BreadcrumbList\",\"@id\":\"https:\/\/www.uqac.ca\/uqactualites\/2024\/11\/07\/une-table-ronde-sur-lintelligence-artificielle-generative-et-la-liberte-dexpression\/#breadcrumb\",\"itemListElement\":[{\"@type\":\"ListItem\",\"position\":1,\"name\":\"Home\",\"item\":\"https:\/\/www.uqac.ca\/uqactualites\/\"},{\"@type\":\"ListItem\",\"position\":2,\"name\":\"Une table ronde sur l\u2019intelligence artificielle g\u00e9n\u00e9rative et la libert\u00e9 d\u2019expression\"}]},{\"@type\":\"WebSite\",\"@id\":\"https:\/\/www.uqac.ca\/uqactualites\/#website\",\"url\":\"https:\/\/www.uqac.ca\/uqactualites\/\",\"name\":\"UQACtualit\u00e9s\",\"description\":\"Le portail des nouvelles de l&#039;UQAC\",\"potentialAction\":[{\"@type\":\"SearchAction\",\"target\":{\"@type\":\"EntryPoint\",\"urlTemplate\":\"https:\/\/www.uqac.ca\/uqactualites\/?s={search_term_string}\"},\"query-input\":{\"@type\":\"PropertyValueSpecification\",\"valueRequired\":true,\"valueName\":\"search_term_string\"}}],\"inLanguage\":\"fr-CA\"},{\"@type\":\"Person\",\"@id\":\"https:\/\/www.uqac.ca\/uqactualites\/#\/schema\/person\/366c45a0c4f0e677b41b4af5886e2018\",\"name\":\"Service des communications et des relations publiques\",\"image\":{\"@type\":\"ImageObject\",\"inLanguage\":\"fr-CA\",\"@id\":\"https:\/\/www.uqac.ca\/uqactualites\/#\/schema\/person\/image\/\",\"url\":\"https:\/\/secure.gravatar.com\/avatar\/20fbbda8a292f59f2d3461a5b999c00b?s=96&d=mm&r=g\",\"contentUrl\":\"https:\/\/secure.gravatar.com\/avatar\/20fbbda8a292f59f2d3461a5b999c00b?s=96&d=mm&r=g\",\"caption\":\"Service des communications et des relations publiques\"},\"url\":\"https:\/\/www.uqac.ca\/uqactualites\/author\/bap\/\"}]}<\/script>\r\n<!-- \/ Yoast SEO plugin. -->","yoast_head_json":{"title":"Une table ronde sur l\u2019intelligence artificielle g\u00e9n\u00e9rative et la libert\u00e9 d\u2019expression - UQACtualit\u00e9s","robots":{"index":"index","follow":"follow","max-snippet":"max-snippet:-1","max-image-preview":"max-image-preview:large","max-video-preview":"max-video-preview:-1"},"canonical":"https:\/\/www.uqac.ca\/uqactualites\/2024\/11\/07\/une-table-ronde-sur-lintelligence-artificielle-generative-et-la-liberte-dexpression\/","og_locale":"fr_CA","og_type":"article","og_title":"Une table ronde sur l\u2019intelligence artificielle g\u00e9n\u00e9rative et la libert\u00e9 d\u2019expression - UQACtualit\u00e9s","og_description":"Le 1er novembre dernier avait lieu la table ronde portant sur l\u2019intelligence artificielle (IA) g\u00e9n\u00e9rative et la libert\u00e9 d\u2019expression, organis\u00e9e par l\u2019Observatoire de la libert\u00e9 d\u2019expression. Cet \u00e9v\u00e9nement avait pour but de r\u00e9pondre \u00e0 des questions telles que\u00a0: quels sont pr\u00e9cis\u00e9ment les risques et les promesses de l\u2019IA g\u00e9n\u00e9rative pour la libert\u00e9 d\u2019expression? Suffit-il d\u2019encadrer [&hellip;]","og_url":"https:\/\/www.uqac.ca\/uqactualites\/2024\/11\/07\/une-table-ronde-sur-lintelligence-artificielle-generative-et-la-liberte-dexpression\/","og_site_name":"UQACtualit\u00e9s","article_published_time":"2024-11-07T18:51:59+00:00","article_modified_time":"2024-11-11T13:52:38+00:00","og_image":[{"width":2560,"height":1920,"url":"https:\/\/www.uqac.ca\/uqactualites\/wp-content\/uploads\/2024\/11\/Table-ronde-IA-scaled.jpeg","type":"image\/jpeg"}],"author":"Service des communications et des relations publiques","twitter_card":"summary_large_image","twitter_misc":{"\u00c9crit par":"Service des communications et des relations publiques","Estimation du temps de lecture":"2 minutes"},"schema":{"@context":"https:\/\/schema.org","@graph":[{"@type":"WebPage","@id":"https:\/\/www.uqac.ca\/uqactualites\/2024\/11\/07\/une-table-ronde-sur-lintelligence-artificielle-generative-et-la-liberte-dexpression\/","url":"https:\/\/www.uqac.ca\/uqactualites\/2024\/11\/07\/une-table-ronde-sur-lintelligence-artificielle-generative-et-la-liberte-dexpression\/","name":"Une table ronde sur l\u2019intelligence artificielle g\u00e9n\u00e9rative et la libert\u00e9 d\u2019expression - UQACtualit\u00e9s","isPartOf":{"@id":"https:\/\/www.uqac.ca\/uqactualites\/#website"},"primaryImageOfPage":{"@id":"https:\/\/www.uqac.ca\/uqactualites\/2024\/11\/07\/une-table-ronde-sur-lintelligence-artificielle-generative-et-la-liberte-dexpression\/#primaryimage"},"image":{"@id":"https:\/\/www.uqac.ca\/uqactualites\/2024\/11\/07\/une-table-ronde-sur-lintelligence-artificielle-generative-et-la-liberte-dexpression\/#primaryimage"},"thumbnailUrl":"https:\/\/www.uqac.ca\/uqactualites\/wp-content\/uploads\/2024\/11\/Table-ronde-IA-scaled.jpeg","datePublished":"2024-11-07T18:51:59+00:00","dateModified":"2024-11-11T13:52:38+00:00","author":{"@id":"https:\/\/www.uqac.ca\/uqactualites\/#\/schema\/person\/366c45a0c4f0e677b41b4af5886e2018"},"breadcrumb":{"@id":"https:\/\/www.uqac.ca\/uqactualites\/2024\/11\/07\/une-table-ronde-sur-lintelligence-artificielle-generative-et-la-liberte-dexpression\/#breadcrumb"},"inLanguage":"fr-CA","potentialAction":[{"@type":"ReadAction","target":["https:\/\/www.uqac.ca\/uqactualites\/2024\/11\/07\/une-table-ronde-sur-lintelligence-artificielle-generative-et-la-liberte-dexpression\/"]}]},{"@type":"ImageObject","inLanguage":"fr-CA","@id":"https:\/\/www.uqac.ca\/uqactualites\/2024\/11\/07\/une-table-ronde-sur-lintelligence-artificielle-generative-et-la-liberte-dexpression\/#primaryimage","url":"https:\/\/www.uqac.ca\/uqactualites\/wp-content\/uploads\/2024\/11\/Table-ronde-IA-scaled.jpeg","contentUrl":"https:\/\/www.uqac.ca\/uqactualites\/wp-content\/uploads\/2024\/11\/Table-ronde-IA-scaled.jpeg","width":2560,"height":1920},{"@type":"BreadcrumbList","@id":"https:\/\/www.uqac.ca\/uqactualites\/2024\/11\/07\/une-table-ronde-sur-lintelligence-artificielle-generative-et-la-liberte-dexpression\/#breadcrumb","itemListElement":[{"@type":"ListItem","position":1,"name":"Home","item":"https:\/\/www.uqac.ca\/uqactualites\/"},{"@type":"ListItem","position":2,"name":"Une table ronde sur l\u2019intelligence artificielle g\u00e9n\u00e9rative et la libert\u00e9 d\u2019expression"}]},{"@type":"WebSite","@id":"https:\/\/www.uqac.ca\/uqactualites\/#website","url":"https:\/\/www.uqac.ca\/uqactualites\/","name":"UQACtualit\u00e9s","description":"Le portail des nouvelles de l&#039;UQAC","potentialAction":[{"@type":"SearchAction","target":{"@type":"EntryPoint","urlTemplate":"https:\/\/www.uqac.ca\/uqactualites\/?s={search_term_string}"},"query-input":{"@type":"PropertyValueSpecification","valueRequired":true,"valueName":"search_term_string"}}],"inLanguage":"fr-CA"},{"@type":"Person","@id":"https:\/\/www.uqac.ca\/uqactualites\/#\/schema\/person\/366c45a0c4f0e677b41b4af5886e2018","name":"Service des communications et des relations publiques","image":{"@type":"ImageObject","inLanguage":"fr-CA","@id":"https:\/\/www.uqac.ca\/uqactualites\/#\/schema\/person\/image\/","url":"https:\/\/secure.gravatar.com\/avatar\/20fbbda8a292f59f2d3461a5b999c00b?s=96&d=mm&r=g","contentUrl":"https:\/\/secure.gravatar.com\/avatar\/20fbbda8a292f59f2d3461a5b999c00b?s=96&d=mm&r=g","caption":"Service des communications et des relations publiques"},"url":"https:\/\/www.uqac.ca\/uqactualites\/author\/bap\/"}]}},"_links":{"self":[{"href":"https:\/\/www.uqac.ca\/uqactualites\/wp-json\/wp\/v2\/posts\/49165"}],"collection":[{"href":"https:\/\/www.uqac.ca\/uqactualites\/wp-json\/wp\/v2\/posts"}],"about":[{"href":"https:\/\/www.uqac.ca\/uqactualites\/wp-json\/wp\/v2\/types\/post"}],"author":[{"embeddable":true,"href":"https:\/\/www.uqac.ca\/uqactualites\/wp-json\/wp\/v2\/users\/5"}],"replies":[{"embeddable":true,"href":"https:\/\/www.uqac.ca\/uqactualites\/wp-json\/wp\/v2\/comments?post=49165"}],"version-history":[{"count":5,"href":"https:\/\/www.uqac.ca\/uqactualites\/wp-json\/wp\/v2\/posts\/49165\/revisions"}],"predecessor-version":[{"id":49177,"href":"https:\/\/www.uqac.ca\/uqactualites\/wp-json\/wp\/v2\/posts\/49165\/revisions\/49177"}],"wp:featuredmedia":[{"embeddable":true,"href":"https:\/\/www.uqac.ca\/uqactualites\/wp-json\/wp\/v2\/media\/49166"}],"wp:attachment":[{"href":"https:\/\/www.uqac.ca\/uqactualites\/wp-json\/wp\/v2\/media?parent=49165"}],"wp:term":[{"taxonomy":"category","embeddable":true,"href":"https:\/\/www.uqac.ca\/uqactualites\/wp-json\/wp\/v2\/categories?post=49165"},{"taxonomy":"post_tag","embeddable":true,"href":"https:\/\/www.uqac.ca\/uqactualites\/wp-json\/wp\/v2\/tags?post=49165"}],"curies":[{"name":"wp","href":"https:\/\/api.w.org\/{rel}","templated":true}]}}