{"id":49217,"date":"2024-11-13T13:30:35","date_gmt":"2024-11-13T18:30:35","guid":{"rendered":"https:\/\/www.uqac.ca\/uqactualites\/?p=49217"},"modified":"2024-11-12T15:27:14","modified_gmt":"2024-11-12T20:27:14","slug":"myriam-ertz-nommee-membre-de-la-societe-royale-du-canada","status":"publish","type":"post","link":"https:\/\/www.uqac.ca\/uqactualites\/2024\/11\/13\/myriam-ertz-nommee-membre-de-la-societe-royale-du-canada\/","title":{"rendered":"Myriam Ertz nomm\u00e9e membre de la Soci\u00e9t\u00e9 royale du Canada"},"content":{"rendered":"<p>La professeure au D\u00e9partement des sciences \u00e9conomiques et administratives, <a href=\"https:\/\/www.uqac.ca\/portfolio\/myriamertz\/\" target=\"_blank\" rel=\"noopener\">Myriam Ertz<\/a>, fait partie des cinquante-six nouveaux membres du Coll\u00e8ge de la Soci\u00e9t\u00e9 royale du Canada (SRC). Les personnes nomm\u00e9es sont des leadeurs en milieu de carri\u00e8re ayant une capacit\u00e9 multig\u00e9n\u00e9rationnelle \u00e0 relever des d\u00e9fis majeurs.<\/p>\n<p>Myriam Ertz est \u00e9galement titulaire de la <a href=\"https:\/\/recherche.uqac.ca\/chaire-de-recherche-du-canada-en-technologie-durabilite-et-societe\" target=\"_blank\" rel=\"noopener\">Chaire de recherche du Canada (CRC) en Technologie, durabilit\u00e9, et soci\u00e9t\u00e9<\/a> et directrice du <a href=\"https:\/\/recherche.uqac.ca\/laboratoire-de-recherche-sur-les-nouvelles-formes-de-consommation-labonfc\" target=\"_blank\" rel=\"noopener\">Laboratoire de recherche sur les nouvelles formes de consommation (LaboNFC)<\/a>. Elle s\u2019int\u00e9resse principalement \u00e0 deux grands domaines\u00a0: la technologie et la durabilit\u00e9. Les nouvelles technologies, l\u2019innovation, le d\u00e9veloppement durable, l\u2019\u00e9conomie circulaire et la consommation responsable sont donc des sujets qui lui tiennent \u00e0 c\u0153ur.<\/p>\n<p>La professeure Myriam Ertz a d\u2019ailleurs r\u00e9cemment contribu\u00e9 \u00e0 un num\u00e9ro sp\u00e9cial du magazine <em><a href=\"https:\/\/sciencepolicy.ca\/fr\/posts\/category\/editorials\/2024-canadas-innovation-strategy\/\" target=\"_blank\" rel=\"noopener\">Strat\u00e9gie d\u2019innovation du Canada 2024<\/a><\/em> du Centre sur les politiques scientifiques canadiennes (CPSC). Elle a eu l\u2019immense privil\u00e8ge de voir son article intitul\u00e9 <em><a href=\"https:\/\/can01.safelinks.protection.outlook.com\/?url=https%3A%2F%2Fsciencepolicy.ca%2Ffr%2Fdes-postes%2Fvers-une-politique-adapt%25C3%25A9e-pour-stimuler-la-capacit%25C3%25A9-d%25E2%2580%2599activit%25C3%25A9-et-les-r%25C3%25A9sultats-de-l%25E2%2580%2599innovation%2F&amp;data=05%7C02%7Cvgobeil%40uqac.ca%7C2b97a6a37c9a4c5c05d308dd00211d8f%7Cc97978b1bd4c44b59bbb20215efdf611%7C0%7C0%7C638666864423305104%7CUnknown%7CTWFpbGZsb3d8eyJFbXB0eU1hcGkiOnRydWUsIlYiOiIwLjAuMDAwMCIsIlAiOiJXaW4zMiIsIkFOIjoiTWFpbCIsIldUIjoyfQ%3D%3D%7C0%7C%7C%7C&amp;sdata=3PqM6PkKc5upf6A4E9CavhnJ2p5PMf6Sd1eIWC8lDqU%3D&amp;reserved=0\" target=\"_blank\" rel=\"noopener\">\u00ab\u00a0Vers une politique adapt\u00e9e pour stimuler la capacit\u00e9, l\u2019activit\u00e9 et les r\u00e9sultats de l\u2019innovation\u00a0\u00bb<\/a><\/em>, s\u00e9lectionn\u00e9 pour figurer dans ce num\u00e9ro sp\u00e9cial, en tant que contributeur \u00ab\u00a0acad\u00e9mique\u00a0\u00bb. Dans son article, elle souligne notamment que le Canada accuse un retard grandissant en mati\u00e8re d\u2019innovation par rapport \u00e0 des pays qui lui sont comparables. Elle propose \u00e9galement de renforcer l\u2019innovation chancelante du Canada par le biais de trois piliers : la capacit\u00e9 d\u2019innovation, l\u2019activit\u00e9 d\u2019innovation et les r\u00e9sultats de l\u2019innovation.<\/p>\n","protected":false},"excerpt":{"rendered":"<p>La professeure au D\u00e9partement des sciences \u00e9conomiques et administratives, Myriam Ertz, fait partie des cinquante-six nouveaux membres du Coll\u00e8ge de la Soci\u00e9t\u00e9 royale du Canada (SRC). Les personnes nomm\u00e9es sont des leadeurs en milieu de carri\u00e8re ayant une capacit\u00e9 multig\u00e9n\u00e9rationnelle \u00e0 relever des d\u00e9fis majeurs. Myriam Ertz est \u00e9galement titulaire de la Chaire de recherche [&hellip;]<\/p>\n","protected":false},"author":5,"featured_media":39675,"comment_status":"closed","ping_status":"open","sticky":false,"template":"","format":"standard","meta":{"footnotes":""},"categories":[2795,2,4],"tags":[8,202],"yoast_head":"<!-- This site is optimized with the Yoast SEO plugin v24.2 - https:\/\/yoast.com\/wordpress\/plugins\/seo\/ -->\r\n<title>Myriam Ertz nomm\u00e9e membre de la Soci\u00e9t\u00e9 royale du Canada - UQACtualit\u00e9s<\/title>\r\n<meta name=\"description\" content=\"Myriam Ertz nomm\u00e9e membre de la Soci\u00e9t\u00e9 royale du Canada.\" \/>\r\n<meta name=\"robots\" content=\"index, follow, max-snippet:-1, max-image-preview:large, max-video-preview:-1\" \/>\r\n<link rel=\"canonical\" href=\"https:\/\/www.uqac.ca\/uqactualites\/2024\/11\/13\/myriam-ertz-nommee-membre-de-la-societe-royale-du-canada\/\" \/>\r\n<meta property=\"og:locale\" content=\"fr_CA\" \/>\r\n<meta property=\"og:type\" content=\"article\" \/>\r\n<meta property=\"og:title\" content=\"Myriam Ertz nomm\u00e9e membre de la Soci\u00e9t\u00e9 royale du Canada - UQACtualit\u00e9s\" \/>\r\n<meta property=\"og:description\" content=\"Myriam Ertz nomm\u00e9e membre de la Soci\u00e9t\u00e9 royale du Canada.\" \/>\r\n<meta property=\"og:url\" content=\"https:\/\/www.uqac.ca\/uqactualites\/2024\/11\/13\/myriam-ertz-nommee-membre-de-la-societe-royale-du-canada\/\" \/>\r\n<meta property=\"og:site_name\" content=\"UQACtualit\u00e9s\" \/>\r\n<meta property=\"article:published_time\" content=\"2024-11-13T18:30:35+00:00\" \/>\r\n<meta property=\"article:modified_time\" content=\"2024-11-12T20:27:14+00:00\" \/>\r\n<meta property=\"og:image\" content=\"https:\/\/www.uqac.ca\/uqactualites\/wp-content\/uploads\/2021\/04\/NUM_MyriamErtzH21_Uqctualite1920X1080-scaled.jpg\" \/>\r\n\t<meta property=\"og:image:width\" content=\"2560\" \/>\r\n\t<meta property=\"og:image:height\" content=\"1440\" \/>\r\n\t<meta property=\"og:image:type\" content=\"image\/jpeg\" \/>\r\n<meta name=\"author\" content=\"Service des communications et des relations publiques\" \/>\r\n<meta name=\"twitter:card\" content=\"summary_large_image\" \/>\r\n<meta name=\"twitter:label1\" content=\"\u00c9crit par\" \/>\n\t<meta name=\"twitter:data1\" content=\"Service des communications et des relations publiques\" \/>\n\t<meta name=\"twitter:label2\" content=\"Estimation du temps de lecture\" \/>\n\t<meta name=\"twitter:data2\" content=\"2 minutes\" \/>\r\n<script type=\"application\/ld+json\" class=\"yoast-schema-graph\">{\"@context\":\"https:\/\/schema.org\",\"@graph\":[{\"@type\":\"WebPage\",\"@id\":\"https:\/\/www.uqac.ca\/uqactualites\/2024\/11\/13\/myriam-ertz-nommee-membre-de-la-societe-royale-du-canada\/\",\"url\":\"https:\/\/www.uqac.ca\/uqactualites\/2024\/11\/13\/myriam-ertz-nommee-membre-de-la-societe-royale-du-canada\/\",\"name\":\"Myriam Ertz nomm\u00e9e membre de la Soci\u00e9t\u00e9 royale du Canada - UQACtualit\u00e9s\",\"isPartOf\":{\"@id\":\"https:\/\/www.uqac.ca\/uqactualites\/#website\"},\"primaryImageOfPage\":{\"@id\":\"https:\/\/www.uqac.ca\/uqactualites\/2024\/11\/13\/myriam-ertz-nommee-membre-de-la-societe-royale-du-canada\/#primaryimage\"},\"image\":{\"@id\":\"https:\/\/www.uqac.ca\/uqactualites\/2024\/11\/13\/myriam-ertz-nommee-membre-de-la-societe-royale-du-canada\/#primaryimage\"},\"thumbnailUrl\":\"https:\/\/www.uqac.ca\/uqactualites\/wp-content\/uploads\/2021\/04\/NUM_MyriamErtzH21_Uqctualite1920X1080-scaled.jpg\",\"datePublished\":\"2024-11-13T18:30:35+00:00\",\"dateModified\":\"2024-11-12T20:27:14+00:00\",\"author\":{\"@id\":\"https:\/\/www.uqac.ca\/uqactualites\/#\/schema\/person\/366c45a0c4f0e677b41b4af5886e2018\"},\"description\":\"Myriam Ertz nomm\u00e9e membre de la Soci\u00e9t\u00e9 royale du Canada.\",\"breadcrumb\":{\"@id\":\"https:\/\/www.uqac.ca\/uqactualites\/2024\/11\/13\/myriam-ertz-nommee-membre-de-la-societe-royale-du-canada\/#breadcrumb\"},\"inLanguage\":\"fr-CA\",\"potentialAction\":[{\"@type\":\"ReadAction\",\"target\":[\"https:\/\/www.uqac.ca\/uqactualites\/2024\/11\/13\/myriam-ertz-nommee-membre-de-la-societe-royale-du-canada\/\"]}]},{\"@type\":\"ImageObject\",\"inLanguage\":\"fr-CA\",\"@id\":\"https:\/\/www.uqac.ca\/uqactualites\/2024\/11\/13\/myriam-ertz-nommee-membre-de-la-societe-royale-du-canada\/#primaryimage\",\"url\":\"https:\/\/www.uqac.ca\/uqactualites\/wp-content\/uploads\/2021\/04\/NUM_MyriamErtzH21_Uqctualite1920X1080-scaled.jpg\",\"contentUrl\":\"https:\/\/www.uqac.ca\/uqactualites\/wp-content\/uploads\/2021\/04\/NUM_MyriamErtzH21_Uqctualite1920X1080-scaled.jpg\",\"width\":2560,\"height\":1440,\"caption\":\"Myriam Ertz\"},{\"@type\":\"BreadcrumbList\",\"@id\":\"https:\/\/www.uqac.ca\/uqactualites\/2024\/11\/13\/myriam-ertz-nommee-membre-de-la-societe-royale-du-canada\/#breadcrumb\",\"itemListElement\":[{\"@type\":\"ListItem\",\"position\":1,\"name\":\"Home\",\"item\":\"https:\/\/www.uqac.ca\/uqactualites\/\"},{\"@type\":\"ListItem\",\"position\":2,\"name\":\"Myriam Ertz nomm\u00e9e membre de la Soci\u00e9t\u00e9 royale du Canada\"}]},{\"@type\":\"WebSite\",\"@id\":\"https:\/\/www.uqac.ca\/uqactualites\/#website\",\"url\":\"https:\/\/www.uqac.ca\/uqactualites\/\",\"name\":\"UQACtualit\u00e9s\",\"description\":\"Le portail des nouvelles de l&#039;UQAC\",\"potentialAction\":[{\"@type\":\"SearchAction\",\"target\":{\"@type\":\"EntryPoint\",\"urlTemplate\":\"https:\/\/www.uqac.ca\/uqactualites\/?s={search_term_string}\"},\"query-input\":{\"@type\":\"PropertyValueSpecification\",\"valueRequired\":true,\"valueName\":\"search_term_string\"}}],\"inLanguage\":\"fr-CA\"},{\"@type\":\"Person\",\"@id\":\"https:\/\/www.uqac.ca\/uqactualites\/#\/schema\/person\/366c45a0c4f0e677b41b4af5886e2018\",\"name\":\"Service des communications et des relations publiques\",\"image\":{\"@type\":\"ImageObject\",\"inLanguage\":\"fr-CA\",\"@id\":\"https:\/\/www.uqac.ca\/uqactualites\/#\/schema\/person\/image\/\",\"url\":\"https:\/\/secure.gravatar.com\/avatar\/20fbbda8a292f59f2d3461a5b999c00b?s=96&d=mm&r=g\",\"contentUrl\":\"https:\/\/secure.gravatar.com\/avatar\/20fbbda8a292f59f2d3461a5b999c00b?s=96&d=mm&r=g\",\"caption\":\"Service des communications et des relations publiques\"},\"url\":\"https:\/\/www.uqac.ca\/uqactualites\/author\/bap\/\"}]}<\/script>\r\n<!-- \/ Yoast SEO plugin. -->","yoast_head_json":{"title":"Myriam Ertz nomm\u00e9e membre de la Soci\u00e9t\u00e9 royale du Canada - UQACtualit\u00e9s","description":"Myriam Ertz nomm\u00e9e membre de la Soci\u00e9t\u00e9 royale du Canada.","robots":{"index":"index","follow":"follow","max-snippet":"max-snippet:-1","max-image-preview":"max-image-preview:large","max-video-preview":"max-video-preview:-1"},"canonical":"https:\/\/www.uqac.ca\/uqactualites\/2024\/11\/13\/myriam-ertz-nommee-membre-de-la-societe-royale-du-canada\/","og_locale":"fr_CA","og_type":"article","og_title":"Myriam Ertz nomm\u00e9e membre de la Soci\u00e9t\u00e9 royale du Canada - UQACtualit\u00e9s","og_description":"Myriam Ertz nomm\u00e9e membre de la Soci\u00e9t\u00e9 royale du Canada.","og_url":"https:\/\/www.uqac.ca\/uqactualites\/2024\/11\/13\/myriam-ertz-nommee-membre-de-la-societe-royale-du-canada\/","og_site_name":"UQACtualit\u00e9s","article_published_time":"2024-11-13T18:30:35+00:00","article_modified_time":"2024-11-12T20:27:14+00:00","og_image":[{"width":2560,"height":1440,"url":"https:\/\/www.uqac.ca\/uqactualites\/wp-content\/uploads\/2021\/04\/NUM_MyriamErtzH21_Uqctualite1920X1080-scaled.jpg","type":"image\/jpeg"}],"author":"Service des communications et des relations publiques","twitter_card":"summary_large_image","twitter_misc":{"\u00c9crit par":"Service des communications et des relations publiques","Estimation du temps de lecture":"2 minutes"},"schema":{"@context":"https:\/\/schema.org","@graph":[{"@type":"WebPage","@id":"https:\/\/www.uqac.ca\/uqactualites\/2024\/11\/13\/myriam-ertz-nommee-membre-de-la-societe-royale-du-canada\/","url":"https:\/\/www.uqac.ca\/uqactualites\/2024\/11\/13\/myriam-ertz-nommee-membre-de-la-societe-royale-du-canada\/","name":"Myriam Ertz nomm\u00e9e membre de la Soci\u00e9t\u00e9 royale du Canada - UQACtualit\u00e9s","isPartOf":{"@id":"https:\/\/www.uqac.ca\/uqactualites\/#website"},"primaryImageOfPage":{"@id":"https:\/\/www.uqac.ca\/uqactualites\/2024\/11\/13\/myriam-ertz-nommee-membre-de-la-societe-royale-du-canada\/#primaryimage"},"image":{"@id":"https:\/\/www.uqac.ca\/uqactualites\/2024\/11\/13\/myriam-ertz-nommee-membre-de-la-societe-royale-du-canada\/#primaryimage"},"thumbnailUrl":"https:\/\/www.uqac.ca\/uqactualites\/wp-content\/uploads\/2021\/04\/NUM_MyriamErtzH21_Uqctualite1920X1080-scaled.jpg","datePublished":"2024-11-13T18:30:35+00:00","dateModified":"2024-11-12T20:27:14+00:00","author":{"@id":"https:\/\/www.uqac.ca\/uqactualites\/#\/schema\/person\/366c45a0c4f0e677b41b4af5886e2018"},"description":"Myriam Ertz nomm\u00e9e membre de la Soci\u00e9t\u00e9 royale du Canada.","breadcrumb":{"@id":"https:\/\/www.uqac.ca\/uqactualites\/2024\/11\/13\/myriam-ertz-nommee-membre-de-la-societe-royale-du-canada\/#breadcrumb"},"inLanguage":"fr-CA","potentialAction":[{"@type":"ReadAction","target":["https:\/\/www.uqac.ca\/uqactualites\/2024\/11\/13\/myriam-ertz-nommee-membre-de-la-societe-royale-du-canada\/"]}]},{"@type":"ImageObject","inLanguage":"fr-CA","@id":"https:\/\/www.uqac.ca\/uqactualites\/2024\/11\/13\/myriam-ertz-nommee-membre-de-la-societe-royale-du-canada\/#primaryimage","url":"https:\/\/www.uqac.ca\/uqactualites\/wp-content\/uploads\/2021\/04\/NUM_MyriamErtzH21_Uqctualite1920X1080-scaled.jpg","contentUrl":"https:\/\/www.uqac.ca\/uqactualites\/wp-content\/uploads\/2021\/04\/NUM_MyriamErtzH21_Uqctualite1920X1080-scaled.jpg","width":2560,"height":1440,"caption":"Myriam Ertz"},{"@type":"BreadcrumbList","@id":"https:\/\/www.uqac.ca\/uqactualites\/2024\/11\/13\/myriam-ertz-nommee-membre-de-la-societe-royale-du-canada\/#breadcrumb","itemListElement":[{"@type":"ListItem","position":1,"name":"Home","item":"https:\/\/www.uqac.ca\/uqactualites\/"},{"@type":"ListItem","position":2,"name":"Myriam Ertz nomm\u00e9e membre de la Soci\u00e9t\u00e9 royale du Canada"}]},{"@type":"WebSite","@id":"https:\/\/www.uqac.ca\/uqactualites\/#website","url":"https:\/\/www.uqac.ca\/uqactualites\/","name":"UQACtualit\u00e9s","description":"Le portail des nouvelles de l&#039;UQAC","potentialAction":[{"@type":"SearchAction","target":{"@type":"EntryPoint","urlTemplate":"https:\/\/www.uqac.ca\/uqactualites\/?s={search_term_string}"},"query-input":{"@type":"PropertyValueSpecification","valueRequired":true,"valueName":"search_term_string"}}],"inLanguage":"fr-CA"},{"@type":"Person","@id":"https:\/\/www.uqac.ca\/uqactualites\/#\/schema\/person\/366c45a0c4f0e677b41b4af5886e2018","name":"Service des communications et des relations publiques","image":{"@type":"ImageObject","inLanguage":"fr-CA","@id":"https:\/\/www.uqac.ca\/uqactualites\/#\/schema\/person\/image\/","url":"https:\/\/secure.gravatar.com\/avatar\/20fbbda8a292f59f2d3461a5b999c00b?s=96&d=mm&r=g","contentUrl":"https:\/\/secure.gravatar.com\/avatar\/20fbbda8a292f59f2d3461a5b999c00b?s=96&d=mm&r=g","caption":"Service des communications et des relations publiques"},"url":"https:\/\/www.uqac.ca\/uqactualites\/author\/bap\/"}]}},"_links":{"self":[{"href":"https:\/\/www.uqac.ca\/uqactualites\/wp-json\/wp\/v2\/posts\/49217"}],"collection":[{"href":"https:\/\/www.uqac.ca\/uqactualites\/wp-json\/wp\/v2\/posts"}],"about":[{"href":"https:\/\/www.uqac.ca\/uqactualites\/wp-json\/wp\/v2\/types\/post"}],"author":[{"embeddable":true,"href":"https:\/\/www.uqac.ca\/uqactualites\/wp-json\/wp\/v2\/users\/5"}],"replies":[{"embeddable":true,"href":"https:\/\/www.uqac.ca\/uqactualites\/wp-json\/wp\/v2\/comments?post=49217"}],"version-history":[{"count":5,"href":"https:\/\/www.uqac.ca\/uqactualites\/wp-json\/wp\/v2\/posts\/49217\/revisions"}],"predecessor-version":[{"id":49222,"href":"https:\/\/www.uqac.ca\/uqactualites\/wp-json\/wp\/v2\/posts\/49217\/revisions\/49222"}],"wp:featuredmedia":[{"embeddable":true,"href":"https:\/\/www.uqac.ca\/uqactualites\/wp-json\/wp\/v2\/media\/39675"}],"wp:attachment":[{"href":"https:\/\/www.uqac.ca\/uqactualites\/wp-json\/wp\/v2\/media?parent=49217"}],"wp:term":[{"taxonomy":"category","embeddable":true,"href":"https:\/\/www.uqac.ca\/uqactualites\/wp-json\/wp\/v2\/categories?post=49217"},{"taxonomy":"post_tag","embeddable":true,"href":"https:\/\/www.uqac.ca\/uqactualites\/wp-json\/wp\/v2\/tags?post=49217"}],"curies":[{"name":"wp","href":"https:\/\/api.w.org\/{rel}","templated":true}]}}