{"id":49296,"date":"2024-11-25T15:35:07","date_gmt":"2024-11-25T20:35:07","guid":{"rendered":"https:\/\/www.uqac.ca\/uqactualites\/?p=49296"},"modified":"2024-11-25T15:35:07","modified_gmt":"2024-11-25T20:35:07","slug":"diplomation-des-37e-et-38e-cohortes-en-chine","status":"publish","type":"post","link":"https:\/\/www.uqac.ca\/uqactualites\/2024\/11\/25\/diplomation-des-37e-et-38e-cohortes-en-chine\/","title":{"rendered":"Diplomation des 37e et 38e cohortes en Chine"},"content":{"rendered":"<p>Le 8 novembre dernier, l\u2019Universit\u00e9 du Qu\u00e9bec \u00e0 Chicoutimi (UQAC) et la Zhejiang Gongshang University (ZJSU) ont c\u00e9l\u00e9br\u00e9 la fin des \u00e9tudes des 37<sup>e<\/sup> et 38<sup>e<\/sup> cohortes dans le cadre du programme d\u00e9localis\u00e9 de <a href=\"https:\/\/www.uqac.ca\/programme\/3249-maitrise-en-gestion-de-projet\/\" target=\"_blank\" rel=\"noopener\">maitrise en gestion de projet<\/a>. Ghislain Samson, recteur, Marie-Karlynn Laflamme, directrice du Service des communications et des relations publiques, Guylaine Boivin, directrice et Marie-Anne Blackburn, responsable toutes deux du Bureau de l&rsquo;international \u00e9taient sur place. Les personnes dipl\u00f4m\u00e9es, les \u00e9quipes programmes ainsi que les membres des relations internationales respectives \u00e9taient tout sourire afin de souligner la r\u00e9ussite \u00e9tudiante. L\u2019\u00e9v\u00e8nement a \u00e9galement permis de souligner l\u2019excellence des \u00e9tudiantes et \u00e9tudiants ayant maintenu les r\u00e9sultats les plus \u00e9lev\u00e9s tout au long de leur cheminement.<\/p>\n<p>Les collaborations avec la Tianjin University of Technology (TJUT) ne datent pas d\u2019hier et le rassemblement avec l\u2019association des \u00e9tudiantes et \u00e9tudiants dipl\u00f4m\u00e9s du programme d\u00e9localis\u00e9 de maitrise en gestion de projet a d\u00e9montr\u00e9 la long\u00e9vit\u00e9 et la force de ce partenariat. Une centaine de personnes \u00e9tudiantes, de la premi\u00e8re cohorte dipl\u00f4m\u00e9e en 2002 \u00e0 aujourd\u2019hui, \u00e9taient attentives aux allocutions et aux remerciements pr\u00e9sent\u00e9s lors d\u2019une c\u00e9r\u00e9monie haute en couleur. Ce fut \u00e9galement l\u2019occasion de mentionner la contribution de membres du corps professoral de l\u2019UQAC et de la TJUT pour leur implication et leur apport au sein du programme conjoint.<\/p>\n<hr \/>\n<p><strong>Quelques photos de la c\u00e9r\u00e9monie<\/strong><\/p>\n<div id='gallery-1' class='gallery galleryid-49296 gallery-columns-3 gallery-size-thumbnail'><figure class='gallery-item'>\n\t\t\t<div class='gallery-icon portrait'>\n\t\t\t\t<a href='https:\/\/www.uqac.ca\/uqactualites\/2024\/11\/25\/diplomation-des-37e-et-38e-cohortes-en-chine\/image-10\/'><img loading=\"lazy\" decoding=\"async\" width=\"150\" height=\"150\" src=\"https:\/\/www.uqac.ca\/uqactualites\/wp-content\/uploads\/2024\/11\/Image-10-150x150.jpg\" class=\"attachment-thumbnail size-thumbnail\" alt=\"\" \/><\/a>\n\t\t\t<\/div><\/figure><figure class='gallery-item'>\n\t\t\t<div class='gallery-icon landscape'>\n\t\t\t\t<a href='https:\/\/www.uqac.ca\/uqactualites\/2024\/11\/25\/diplomation-des-37e-et-38e-cohortes-en-chine\/image-11\/'><img loading=\"lazy\" decoding=\"async\" width=\"150\" height=\"150\" src=\"https:\/\/www.uqac.ca\/uqactualites\/wp-content\/uploads\/2024\/11\/Image-11-150x150.jpg\" class=\"attachment-thumbnail size-thumbnail\" alt=\"\" \/><\/a>\n\t\t\t<\/div><\/figure><figure class='gallery-item'>\n\t\t\t<div class='gallery-icon landscape'>\n\t\t\t\t<a href='https:\/\/www.uqac.ca\/uqactualites\/2024\/11\/25\/diplomation-des-37e-et-38e-cohortes-en-chine\/image-_4_-_1_\/'><img loading=\"lazy\" decoding=\"async\" width=\"150\" height=\"150\" src=\"https:\/\/www.uqac.ca\/uqactualites\/wp-content\/uploads\/2024\/11\/Image-_4_-_1_-150x150.jpg\" class=\"attachment-thumbnail size-thumbnail\" alt=\"\" \/><\/a>\n\t\t\t<\/div><\/figure><figure class='gallery-item'>\n\t\t\t<div class='gallery-icon landscape'>\n\t\t\t\t<a href='https:\/\/www.uqac.ca\/uqactualites\/2024\/11\/25\/diplomation-des-37e-et-38e-cohortes-en-chine\/image-_6_-_1__1\/'><img loading=\"lazy\" decoding=\"async\" width=\"150\" height=\"150\" src=\"https:\/\/www.uqac.ca\/uqactualites\/wp-content\/uploads\/2024\/11\/Image-_6_-_1__1-150x150.jpg\" class=\"attachment-thumbnail size-thumbnail\" alt=\"\" \/><\/a>\n\t\t\t<\/div><\/figure><figure class='gallery-item'>\n\t\t\t<div class='gallery-icon landscape'>\n\t\t\t\t<a href='https:\/\/www.uqac.ca\/uqactualites\/2024\/11\/25\/diplomation-des-37e-et-38e-cohortes-en-chine\/image-6\/'><img loading=\"lazy\" decoding=\"async\" width=\"150\" height=\"150\" src=\"https:\/\/www.uqac.ca\/uqactualites\/wp-content\/uploads\/2024\/11\/Image-6-150x150.jpg\" class=\"attachment-thumbnail size-thumbnail\" alt=\"\" \/><\/a>\n\t\t\t<\/div><\/figure><figure class='gallery-item'>\n\t\t\t<div class='gallery-icon landscape'>\n\t\t\t\t<a href='https:\/\/www.uqac.ca\/uqactualites\/2024\/11\/25\/diplomation-des-37e-et-38e-cohortes-en-chine\/image-7\/'><img loading=\"lazy\" decoding=\"async\" width=\"150\" height=\"150\" src=\"https:\/\/www.uqac.ca\/uqactualites\/wp-content\/uploads\/2024\/11\/Image-7-150x150.jpg\" class=\"attachment-thumbnail size-thumbnail\" alt=\"\" \/><\/a>\n\t\t\t<\/div><\/figure><figure class='gallery-item'>\n\t\t\t<div class='gallery-icon portrait'>\n\t\t\t\t<a href='https:\/\/www.uqac.ca\/uqactualites\/2024\/11\/25\/diplomation-des-37e-et-38e-cohortes-en-chine\/image-8\/'><img loading=\"lazy\" decoding=\"async\" width=\"150\" height=\"150\" src=\"https:\/\/www.uqac.ca\/uqactualites\/wp-content\/uploads\/2024\/11\/Image-8-150x150.jpg\" class=\"attachment-thumbnail size-thumbnail\" alt=\"\" \/><\/a>\n\t\t\t<\/div><\/figure><figure class='gallery-item'>\n\t\t\t<div class='gallery-icon portrait'>\n\t\t\t\t<a href='https:\/\/www.uqac.ca\/uqactualites\/2024\/11\/25\/diplomation-des-37e-et-38e-cohortes-en-chine\/image-9\/'><img loading=\"lazy\" decoding=\"async\" width=\"150\" height=\"150\" src=\"https:\/\/www.uqac.ca\/uqactualites\/wp-content\/uploads\/2024\/11\/Image-9-150x150.jpg\" class=\"attachment-thumbnail size-thumbnail\" alt=\"\" \/><\/a>\n\t\t\t<\/div><\/figure><figure class='gallery-item'>\n\t\t\t<div class='gallery-icon landscape'>\n\t\t\t\t<a href='https:\/\/www.uqac.ca\/uqactualites\/2024\/11\/25\/diplomation-des-37e-et-38e-cohortes-en-chine\/image-_5_-_1__1\/'><img loading=\"lazy\" decoding=\"async\" width=\"150\" height=\"150\" src=\"https:\/\/www.uqac.ca\/uqactualites\/wp-content\/uploads\/2024\/11\/Image-_5_-_1__1-150x150.jpg\" class=\"attachment-thumbnail size-thumbnail\" alt=\"\" aria-describedby=\"gallery-1-49300\" \/><\/a>\n\t\t\t<\/div>\n\t\t\t\t<figcaption class='wp-caption-text gallery-caption' id='gallery-1-49300'>\n\t\t\t\tLes personnes dipl\u00f4m\u00e9es accompagn\u00e9es des \u00e9quipes programmes ainsi que des personnes repr\u00e9sentantes de l&rsquo;UQAC et de la ZJSU\n\t\t\t\t<\/figcaption><\/figure>\n\t\t<\/div>\n\n","protected":false},"excerpt":{"rendered":"<p>Le 8 novembre dernier, l\u2019Universit\u00e9 du Qu\u00e9bec \u00e0 Chicoutimi (UQAC) et la Zhejiang Gongshang University (ZJSU) ont c\u00e9l\u00e9br\u00e9 la fin des \u00e9tudes des 37e et 38e cohortes dans le cadre du programme d\u00e9localis\u00e9 de maitrise en gestion de projet. Ghislain Samson, recteur, Marie-Karlynn Laflamme, directrice du Service des communications et des relations publiques, Guylaine Boivin, [&hellip;]<\/p>\n","protected":false},"author":5,"featured_media":49300,"comment_status":"closed","ping_status":"open","sticky":false,"template":"","format":"standard","meta":{"footnotes":""},"categories":[2795,2],"tags":[],"yoast_head":"<!-- This site is optimized with the Yoast SEO plugin v24.2 - https:\/\/yoast.com\/wordpress\/plugins\/seo\/ -->\r\n<title>Diplomation des 37e et 38e cohortes en Chine - UQACtualit\u00e9s<\/title>\r\n<meta name=\"description\" content=\"Diplomation des 37e et 38e cohortes en Chine.\" \/>\r\n<meta name=\"robots\" content=\"index, follow, max-snippet:-1, max-image-preview:large, max-video-preview:-1\" \/>\r\n<link rel=\"canonical\" href=\"https:\/\/www.uqac.ca\/uqactualites\/2024\/11\/25\/diplomation-des-37e-et-38e-cohortes-en-chine\/\" \/>\r\n<meta property=\"og:locale\" content=\"fr_CA\" \/>\r\n<meta property=\"og:type\" content=\"article\" \/>\r\n<meta property=\"og:title\" content=\"Diplomation des 37e et 38e cohortes en Chine - UQACtualit\u00e9s\" \/>\r\n<meta property=\"og:description\" content=\"Diplomation des 37e et 38e cohortes en Chine.\" \/>\r\n<meta property=\"og:url\" content=\"https:\/\/www.uqac.ca\/uqactualites\/2024\/11\/25\/diplomation-des-37e-et-38e-cohortes-en-chine\/\" \/>\r\n<meta property=\"og:site_name\" content=\"UQACtualit\u00e9s\" \/>\r\n<meta property=\"article:published_time\" content=\"2024-11-25T20:35:07+00:00\" \/>\r\n<meta property=\"og:image\" content=\"https:\/\/www.uqac.ca\/uqactualites\/wp-content\/uploads\/2024\/11\/Image-_5_-_1__1-scaled.jpg\" \/>\r\n\t<meta property=\"og:image:width\" content=\"2560\" \/>\r\n\t<meta property=\"og:image:height\" content=\"1707\" \/>\r\n\t<meta property=\"og:image:type\" content=\"image\/jpeg\" \/>\r\n<meta name=\"author\" content=\"Service des communications et des relations publiques\" \/>\r\n<meta name=\"twitter:card\" content=\"summary_large_image\" \/>\r\n<meta name=\"twitter:label1\" content=\"\u00c9crit par\" \/>\n\t<meta name=\"twitter:data1\" content=\"Service des communications et des relations publiques\" \/>\n\t<meta name=\"twitter:label2\" content=\"Estimation du temps de lecture\" \/>\n\t<meta name=\"twitter:data2\" content=\"2 minutes\" \/>\r\n<script type=\"application\/ld+json\" class=\"yoast-schema-graph\">{\"@context\":\"https:\/\/schema.org\",\"@graph\":[{\"@type\":\"WebPage\",\"@id\":\"https:\/\/www.uqac.ca\/uqactualites\/2024\/11\/25\/diplomation-des-37e-et-38e-cohortes-en-chine\/\",\"url\":\"https:\/\/www.uqac.ca\/uqactualites\/2024\/11\/25\/diplomation-des-37e-et-38e-cohortes-en-chine\/\",\"name\":\"Diplomation des 37e et 38e cohortes en Chine - UQACtualit\u00e9s\",\"isPartOf\":{\"@id\":\"https:\/\/www.uqac.ca\/uqactualites\/#website\"},\"primaryImageOfPage\":{\"@id\":\"https:\/\/www.uqac.ca\/uqactualites\/2024\/11\/25\/diplomation-des-37e-et-38e-cohortes-en-chine\/#primaryimage\"},\"image\":{\"@id\":\"https:\/\/www.uqac.ca\/uqactualites\/2024\/11\/25\/diplomation-des-37e-et-38e-cohortes-en-chine\/#primaryimage\"},\"thumbnailUrl\":\"https:\/\/www.uqac.ca\/uqactualites\/wp-content\/uploads\/2024\/11\/Image-_5_-_1__1-scaled.jpg\",\"datePublished\":\"2024-11-25T20:35:07+00:00\",\"dateModified\":\"2024-11-25T20:35:07+00:00\",\"author\":{\"@id\":\"https:\/\/www.uqac.ca\/uqactualites\/#\/schema\/person\/366c45a0c4f0e677b41b4af5886e2018\"},\"description\":\"Diplomation des 37e et 38e cohortes en Chine.\",\"breadcrumb\":{\"@id\":\"https:\/\/www.uqac.ca\/uqactualites\/2024\/11\/25\/diplomation-des-37e-et-38e-cohortes-en-chine\/#breadcrumb\"},\"inLanguage\":\"fr-CA\",\"potentialAction\":[{\"@type\":\"ReadAction\",\"target\":[\"https:\/\/www.uqac.ca\/uqactualites\/2024\/11\/25\/diplomation-des-37e-et-38e-cohortes-en-chine\/\"]}]},{\"@type\":\"ImageObject\",\"inLanguage\":\"fr-CA\",\"@id\":\"https:\/\/www.uqac.ca\/uqactualites\/2024\/11\/25\/diplomation-des-37e-et-38e-cohortes-en-chine\/#primaryimage\",\"url\":\"https:\/\/www.uqac.ca\/uqactualites\/wp-content\/uploads\/2024\/11\/Image-_5_-_1__1-scaled.jpg\",\"contentUrl\":\"https:\/\/www.uqac.ca\/uqactualites\/wp-content\/uploads\/2024\/11\/Image-_5_-_1__1-scaled.jpg\",\"width\":2560,\"height\":1707,\"caption\":\"Les personnes dipl\u00f4m\u00e9es accompagn\u00e9es des \u00e9quipes programmes ainsi que des personnes repr\u00e9sentantes de l'UQAC et de la ZJSU\"},{\"@type\":\"BreadcrumbList\",\"@id\":\"https:\/\/www.uqac.ca\/uqactualites\/2024\/11\/25\/diplomation-des-37e-et-38e-cohortes-en-chine\/#breadcrumb\",\"itemListElement\":[{\"@type\":\"ListItem\",\"position\":1,\"name\":\"Home\",\"item\":\"https:\/\/www.uqac.ca\/uqactualites\/\"},{\"@type\":\"ListItem\",\"position\":2,\"name\":\"Diplomation des 37e et 38e cohortes en Chine\"}]},{\"@type\":\"WebSite\",\"@id\":\"https:\/\/www.uqac.ca\/uqactualites\/#website\",\"url\":\"https:\/\/www.uqac.ca\/uqactualites\/\",\"name\":\"UQACtualit\u00e9s\",\"description\":\"Le portail des nouvelles de l&#039;UQAC\",\"potentialAction\":[{\"@type\":\"SearchAction\",\"target\":{\"@type\":\"EntryPoint\",\"urlTemplate\":\"https:\/\/www.uqac.ca\/uqactualites\/?s={search_term_string}\"},\"query-input\":{\"@type\":\"PropertyValueSpecification\",\"valueRequired\":true,\"valueName\":\"search_term_string\"}}],\"inLanguage\":\"fr-CA\"},{\"@type\":\"Person\",\"@id\":\"https:\/\/www.uqac.ca\/uqactualites\/#\/schema\/person\/366c45a0c4f0e677b41b4af5886e2018\",\"name\":\"Service des communications et des relations publiques\",\"image\":{\"@type\":\"ImageObject\",\"inLanguage\":\"fr-CA\",\"@id\":\"https:\/\/www.uqac.ca\/uqactualites\/#\/schema\/person\/image\/\",\"url\":\"https:\/\/secure.gravatar.com\/avatar\/20fbbda8a292f59f2d3461a5b999c00b?s=96&d=mm&r=g\",\"contentUrl\":\"https:\/\/secure.gravatar.com\/avatar\/20fbbda8a292f59f2d3461a5b999c00b?s=96&d=mm&r=g\",\"caption\":\"Service des communications et des relations publiques\"},\"url\":\"https:\/\/www.uqac.ca\/uqactualites\/author\/bap\/\"}]}<\/script>\r\n<!-- \/ Yoast SEO plugin. -->","yoast_head_json":{"title":"Diplomation des 37e et 38e cohortes en Chine - UQACtualit\u00e9s","description":"Diplomation des 37e et 38e cohortes en Chine.","robots":{"index":"index","follow":"follow","max-snippet":"max-snippet:-1","max-image-preview":"max-image-preview:large","max-video-preview":"max-video-preview:-1"},"canonical":"https:\/\/www.uqac.ca\/uqactualites\/2024\/11\/25\/diplomation-des-37e-et-38e-cohortes-en-chine\/","og_locale":"fr_CA","og_type":"article","og_title":"Diplomation des 37e et 38e cohortes en Chine - UQACtualit\u00e9s","og_description":"Diplomation des 37e et 38e cohortes en Chine.","og_url":"https:\/\/www.uqac.ca\/uqactualites\/2024\/11\/25\/diplomation-des-37e-et-38e-cohortes-en-chine\/","og_site_name":"UQACtualit\u00e9s","article_published_time":"2024-11-25T20:35:07+00:00","og_image":[{"width":2560,"height":1707,"url":"https:\/\/www.uqac.ca\/uqactualites\/wp-content\/uploads\/2024\/11\/Image-_5_-_1__1-scaled.jpg","type":"image\/jpeg"}],"author":"Service des communications et des relations publiques","twitter_card":"summary_large_image","twitter_misc":{"\u00c9crit par":"Service des communications et des relations publiques","Estimation du temps de lecture":"2 minutes"},"schema":{"@context":"https:\/\/schema.org","@graph":[{"@type":"WebPage","@id":"https:\/\/www.uqac.ca\/uqactualites\/2024\/11\/25\/diplomation-des-37e-et-38e-cohortes-en-chine\/","url":"https:\/\/www.uqac.ca\/uqactualites\/2024\/11\/25\/diplomation-des-37e-et-38e-cohortes-en-chine\/","name":"Diplomation des 37e et 38e cohortes en Chine - UQACtualit\u00e9s","isPartOf":{"@id":"https:\/\/www.uqac.ca\/uqactualites\/#website"},"primaryImageOfPage":{"@id":"https:\/\/www.uqac.ca\/uqactualites\/2024\/11\/25\/diplomation-des-37e-et-38e-cohortes-en-chine\/#primaryimage"},"image":{"@id":"https:\/\/www.uqac.ca\/uqactualites\/2024\/11\/25\/diplomation-des-37e-et-38e-cohortes-en-chine\/#primaryimage"},"thumbnailUrl":"https:\/\/www.uqac.ca\/uqactualites\/wp-content\/uploads\/2024\/11\/Image-_5_-_1__1-scaled.jpg","datePublished":"2024-11-25T20:35:07+00:00","dateModified":"2024-11-25T20:35:07+00:00","author":{"@id":"https:\/\/www.uqac.ca\/uqactualites\/#\/schema\/person\/366c45a0c4f0e677b41b4af5886e2018"},"description":"Diplomation des 37e et 38e cohortes en Chine.","breadcrumb":{"@id":"https:\/\/www.uqac.ca\/uqactualites\/2024\/11\/25\/diplomation-des-37e-et-38e-cohortes-en-chine\/#breadcrumb"},"inLanguage":"fr-CA","potentialAction":[{"@type":"ReadAction","target":["https:\/\/www.uqac.ca\/uqactualites\/2024\/11\/25\/diplomation-des-37e-et-38e-cohortes-en-chine\/"]}]},{"@type":"ImageObject","inLanguage":"fr-CA","@id":"https:\/\/www.uqac.ca\/uqactualites\/2024\/11\/25\/diplomation-des-37e-et-38e-cohortes-en-chine\/#primaryimage","url":"https:\/\/www.uqac.ca\/uqactualites\/wp-content\/uploads\/2024\/11\/Image-_5_-_1__1-scaled.jpg","contentUrl":"https:\/\/www.uqac.ca\/uqactualites\/wp-content\/uploads\/2024\/11\/Image-_5_-_1__1-scaled.jpg","width":2560,"height":1707,"caption":"Les personnes dipl\u00f4m\u00e9es accompagn\u00e9es des \u00e9quipes programmes ainsi que des personnes repr\u00e9sentantes de l'UQAC et de la ZJSU"},{"@type":"BreadcrumbList","@id":"https:\/\/www.uqac.ca\/uqactualites\/2024\/11\/25\/diplomation-des-37e-et-38e-cohortes-en-chine\/#breadcrumb","itemListElement":[{"@type":"ListItem","position":1,"name":"Home","item":"https:\/\/www.uqac.ca\/uqactualites\/"},{"@type":"ListItem","position":2,"name":"Diplomation des 37e et 38e cohortes en Chine"}]},{"@type":"WebSite","@id":"https:\/\/www.uqac.ca\/uqactualites\/#website","url":"https:\/\/www.uqac.ca\/uqactualites\/","name":"UQACtualit\u00e9s","description":"Le portail des nouvelles de l&#039;UQAC","potentialAction":[{"@type":"SearchAction","target":{"@type":"EntryPoint","urlTemplate":"https:\/\/www.uqac.ca\/uqactualites\/?s={search_term_string}"},"query-input":{"@type":"PropertyValueSpecification","valueRequired":true,"valueName":"search_term_string"}}],"inLanguage":"fr-CA"},{"@type":"Person","@id":"https:\/\/www.uqac.ca\/uqactualites\/#\/schema\/person\/366c45a0c4f0e677b41b4af5886e2018","name":"Service des communications et des relations publiques","image":{"@type":"ImageObject","inLanguage":"fr-CA","@id":"https:\/\/www.uqac.ca\/uqactualites\/#\/schema\/person\/image\/","url":"https:\/\/secure.gravatar.com\/avatar\/20fbbda8a292f59f2d3461a5b999c00b?s=96&d=mm&r=g","contentUrl":"https:\/\/secure.gravatar.com\/avatar\/20fbbda8a292f59f2d3461a5b999c00b?s=96&d=mm&r=g","caption":"Service des communications et des relations publiques"},"url":"https:\/\/www.uqac.ca\/uqactualites\/author\/bap\/"}]}},"_links":{"self":[{"href":"https:\/\/www.uqac.ca\/uqactualites\/wp-json\/wp\/v2\/posts\/49296"}],"collection":[{"href":"https:\/\/www.uqac.ca\/uqactualites\/wp-json\/wp\/v2\/posts"}],"about":[{"href":"https:\/\/www.uqac.ca\/uqactualites\/wp-json\/wp\/v2\/types\/post"}],"author":[{"embeddable":true,"href":"https:\/\/www.uqac.ca\/uqactualites\/wp-json\/wp\/v2\/users\/5"}],"replies":[{"embeddable":true,"href":"https:\/\/www.uqac.ca\/uqactualites\/wp-json\/wp\/v2\/comments?post=49296"}],"version-history":[{"count":5,"href":"https:\/\/www.uqac.ca\/uqactualites\/wp-json\/wp\/v2\/posts\/49296\/revisions"}],"predecessor-version":[{"id":49310,"href":"https:\/\/www.uqac.ca\/uqactualites\/wp-json\/wp\/v2\/posts\/49296\/revisions\/49310"}],"wp:featuredmedia":[{"embeddable":true,"href":"https:\/\/www.uqac.ca\/uqactualites\/wp-json\/wp\/v2\/media\/49300"}],"wp:attachment":[{"href":"https:\/\/www.uqac.ca\/uqactualites\/wp-json\/wp\/v2\/media?parent=49296"}],"wp:term":[{"taxonomy":"category","embeddable":true,"href":"https:\/\/www.uqac.ca\/uqactualites\/wp-json\/wp\/v2\/categories?post=49296"},{"taxonomy":"post_tag","embeddable":true,"href":"https:\/\/www.uqac.ca\/uqactualites\/wp-json\/wp\/v2\/tags?post=49296"}],"curies":[{"name":"wp","href":"https:\/\/api.w.org\/{rel}","templated":true}]}}