{"id":49318,"date":"2024-11-28T11:51:06","date_gmt":"2024-11-28T16:51:06","guid":{"rendered":"https:\/\/www.uqac.ca\/uqactualites\/?p=49318"},"modified":"2024-11-28T16:11:53","modified_gmt":"2024-11-28T21:11:53","slug":"quebec-mines-et-energie-2024-une-presence-remarquee-de-luqac-au-congres-de-lindustrie-minerale","status":"publish","type":"post","link":"https:\/\/www.uqac.ca\/uqactualites\/2024\/11\/28\/quebec-mines-et-energie-2024-une-presence-remarquee-de-luqac-au-congres-de-lindustrie-minerale\/","title":{"rendered":"Qu\u00e9bec Mines \u00c9nergie 2024: Une pr\u00e9sence remarqu\u00e9e de l&rsquo;UQAC au congr\u00e8s de l&rsquo;industrie min\u00e9rale"},"content":{"rendered":"<p>Les 17 au 21 novembre dernier, plus de 35 \u00e9tudiantes et \u00e9tudiants ainsi que 6 membres du corps professoral et du personnel de recherche de l\u2019Unit\u00e9 d\u2019enseignement des Sciences de la Terre (UEST) ont particip\u00e9 au congr\u00e8s <a href=\"https:\/\/mrnf.gouv.qc.ca\/quebec-mines\/\" target=\"_blank\" rel=\"noopener\">Qu\u00e9bec Mines + \u00c9nergie 2024<\/a>, chapeaut\u00e9 par le minist\u00e8re des Ressources naturelles et des For\u00eats. Cet \u00e9v\u00e9nement phare de la communaut\u00e9 g\u00e9ologique et mini\u00e8re s\u2019est tenu dans la ville de Qu\u00e9bec. Le congr\u00e8s a \u00e9t\u00e9 une occasion pour les membres de la d\u00e9l\u00e9gation \u00e9tudiante ainsi que pour les chercheuses et chercheurs de l\u2019UQAC de se faire conna\u00eetre, d\u2019\u00e9changer avec des sp\u00e9cialistes du domaine, et de s&rsquo;impliquer activement dans les discussions portant sur les enjeux actuels comme les min\u00e9raux critiques et strat\u00e9giques, l&rsquo;hydrog\u00e8ne naturel et l&rsquo;exploration mini\u00e8re durable.<\/p>\n<p>La participation du <a href=\"https:\/\/cerm.uqac.ca\/a_propos\/\" target=\"_blank\" rel=\"noopener\">Centre d\u2019\u00e9tudes sur les ressources min\u00e9rales (CERM)<\/a> et de la communaut\u00e9 \u00e9tudiante du <a href=\"https:\/\/www.uqac.ca\/dsa\/\" target=\"_blank\" rel=\"noopener\">D\u00e9partement des sciences appliqu\u00e9es (DSA)<\/a> a permis de mettre de l&rsquo;avant l&rsquo;engagement et les cr\u00e9neaux d&rsquo;expertise d\u00e9velopp\u00e9s par l&rsquo;UQAC dans le domaine strat\u00e9gique des ressources min\u00e9rales. De plus, les repr\u00e9sentantes et repr\u00e9sentants de l&rsquo;universit\u00e9 ont eu l&rsquo;opportunit\u00e9 de pr\u00e9senter leurs projets de recherche \u00e0 diff\u00e9rents acteurs de l&rsquo;industrie et du gouvernement. Ces \u00e9changes ont ouvert des perspectives partenariales pour des stages et des projets collaboratifs. Par ailleurs, les conf\u00e9rences et ateliers ont expos\u00e9 la d\u00e9l\u00e9gation \u00e9tudiante de l&rsquo;UQAC aux derni\u00e8res recherches et pratiques durables sur la transition \u00e9nerg\u00e9tique et la gestion responsable des ressources. L&rsquo;\u00e9v\u00e9nement a aussi renforc\u00e9 la visibilit\u00e9 de l&rsquo;UQAC, soulignant l&rsquo;excellence de son offre de formation en g\u00e9osciences.<\/p>\n<p>Au cours de cette semaine de congr\u00e8s, les \u00e9tudiantes et \u00e9tudiants de l&rsquo;UQAC ont eu la chance de participer \u00e0 plusieurs concours et d\u00e9fis scientifiques. Mention toute particuli\u00e8re \u00e0 Arnaud Back, \u00e9tudiant au <a href=\"https:\/\/www.uqac.ca\/programme\/3141-doctorat-en-sc-de-la-terre-et-de-latmosphere\/\" target=\"_blank\" rel=\"noopener\">doctorat en sciences de la Terre et de l&rsquo;atmosph\u00e8re<\/a>, qui a remport\u00e9 le prix du public de la meilleure affiche scientifique.<\/p>\n","protected":false},"excerpt":{"rendered":"<p>Les 17 au 21 novembre dernier, plus de 35 \u00e9tudiantes et \u00e9tudiants ainsi que 6 membres du corps professoral et du personnel de recherche de l\u2019Unit\u00e9 d\u2019enseignement des Sciences de la Terre (UEST) ont particip\u00e9 au congr\u00e8s Qu\u00e9bec Mines + \u00c9nergie 2024, chapeaut\u00e9 par le minist\u00e8re des Ressources naturelles et des For\u00eats. Cet \u00e9v\u00e9nement phare [&hellip;]<\/p>\n","protected":false},"author":5,"featured_media":49321,"comment_status":"closed","ping_status":"open","sticky":false,"template":"","format":"standard","meta":{"footnotes":""},"categories":[2795,61],"tags":[46,668,21,2931],"yoast_head":"<!-- This site is optimized with the Yoast SEO plugin v24.2 - https:\/\/yoast.com\/wordpress\/plugins\/seo\/ -->\r\n<title>Qu\u00e9bec Mines \u00c9nergie 2024: Une pr\u00e9sence remarqu\u00e9e de l&#039;UQAC au congr\u00e8s de l&#039;industrie min\u00e9rale - UQACtualit\u00e9s<\/title>\r\n<meta name=\"robots\" content=\"index, follow, max-snippet:-1, max-image-preview:large, max-video-preview:-1\" \/>\r\n<link rel=\"canonical\" href=\"https:\/\/www.uqac.ca\/uqactualites\/2024\/11\/28\/quebec-mines-et-energie-2024-une-presence-remarquee-de-luqac-au-congres-de-lindustrie-minerale\/\" \/>\r\n<meta property=\"og:locale\" content=\"fr_CA\" \/>\r\n<meta property=\"og:type\" content=\"article\" \/>\r\n<meta property=\"og:title\" content=\"Qu\u00e9bec Mines \u00c9nergie 2024: Une pr\u00e9sence remarqu\u00e9e de l&#039;UQAC au congr\u00e8s de l&#039;industrie min\u00e9rale - UQACtualit\u00e9s\" \/>\r\n<meta property=\"og:description\" content=\"Les 17 au 21 novembre dernier, plus de 35 \u00e9tudiantes et \u00e9tudiants ainsi que 6 membres du corps professoral et du personnel de recherche de l\u2019Unit\u00e9 d\u2019enseignement des Sciences de la Terre (UEST) ont particip\u00e9 au congr\u00e8s Qu\u00e9bec Mines + \u00c9nergie 2024, chapeaut\u00e9 par le minist\u00e8re des Ressources naturelles et des For\u00eats. Cet \u00e9v\u00e9nement phare [&hellip;]\" \/>\r\n<meta property=\"og:url\" content=\"https:\/\/www.uqac.ca\/uqactualites\/2024\/11\/28\/quebec-mines-et-energie-2024-une-presence-remarquee-de-luqac-au-congres-de-lindustrie-minerale\/\" \/>\r\n<meta property=\"og:site_name\" content=\"UQACtualit\u00e9s\" \/>\r\n<meta property=\"article:published_time\" content=\"2024-11-28T16:51:06+00:00\" \/>\r\n<meta property=\"article:modified_time\" content=\"2024-11-28T21:11:53+00:00\" \/>\r\n<meta property=\"og:image\" content=\"https:\/\/www.uqac.ca\/uqactualites\/wp-content\/uploads\/2024\/11\/QCM-scaled.jpg\" \/>\r\n\t<meta property=\"og:image:width\" content=\"2560\" \/>\r\n\t<meta property=\"og:image:height\" content=\"1738\" \/>\r\n\t<meta property=\"og:image:type\" content=\"image\/jpeg\" \/>\r\n<meta name=\"author\" content=\"Service des communications et des relations publiques\" \/>\r\n<meta name=\"twitter:card\" content=\"summary_large_image\" \/>\r\n<meta name=\"twitter:label1\" content=\"\u00c9crit par\" \/>\n\t<meta name=\"twitter:data1\" content=\"Service des communications et des relations publiques\" \/>\n\t<meta name=\"twitter:label2\" content=\"Estimation du temps de lecture\" \/>\n\t<meta name=\"twitter:data2\" content=\"2 minutes\" \/>\r\n<script type=\"application\/ld+json\" class=\"yoast-schema-graph\">{\"@context\":\"https:\/\/schema.org\",\"@graph\":[{\"@type\":\"WebPage\",\"@id\":\"https:\/\/www.uqac.ca\/uqactualites\/2024\/11\/28\/quebec-mines-et-energie-2024-une-presence-remarquee-de-luqac-au-congres-de-lindustrie-minerale\/\",\"url\":\"https:\/\/www.uqac.ca\/uqactualites\/2024\/11\/28\/quebec-mines-et-energie-2024-une-presence-remarquee-de-luqac-au-congres-de-lindustrie-minerale\/\",\"name\":\"Qu\u00e9bec Mines \u00c9nergie 2024: Une pr\u00e9sence remarqu\u00e9e de l'UQAC au congr\u00e8s de l'industrie min\u00e9rale - UQACtualit\u00e9s\",\"isPartOf\":{\"@id\":\"https:\/\/www.uqac.ca\/uqactualites\/#website\"},\"primaryImageOfPage\":{\"@id\":\"https:\/\/www.uqac.ca\/uqactualites\/2024\/11\/28\/quebec-mines-et-energie-2024-une-presence-remarquee-de-luqac-au-congres-de-lindustrie-minerale\/#primaryimage\"},\"image\":{\"@id\":\"https:\/\/www.uqac.ca\/uqactualites\/2024\/11\/28\/quebec-mines-et-energie-2024-une-presence-remarquee-de-luqac-au-congres-de-lindustrie-minerale\/#primaryimage\"},\"thumbnailUrl\":\"https:\/\/www.uqac.ca\/uqactualites\/wp-content\/uploads\/2024\/11\/QCM-scaled.jpg\",\"datePublished\":\"2024-11-28T16:51:06+00:00\",\"dateModified\":\"2024-11-28T21:11:53+00:00\",\"author\":{\"@id\":\"https:\/\/www.uqac.ca\/uqactualites\/#\/schema\/person\/366c45a0c4f0e677b41b4af5886e2018\"},\"breadcrumb\":{\"@id\":\"https:\/\/www.uqac.ca\/uqactualites\/2024\/11\/28\/quebec-mines-et-energie-2024-une-presence-remarquee-de-luqac-au-congres-de-lindustrie-minerale\/#breadcrumb\"},\"inLanguage\":\"fr-CA\",\"potentialAction\":[{\"@type\":\"ReadAction\",\"target\":[\"https:\/\/www.uqac.ca\/uqactualites\/2024\/11\/28\/quebec-mines-et-energie-2024-une-presence-remarquee-de-luqac-au-congres-de-lindustrie-minerale\/\"]}]},{\"@type\":\"ImageObject\",\"inLanguage\":\"fr-CA\",\"@id\":\"https:\/\/www.uqac.ca\/uqactualites\/2024\/11\/28\/quebec-mines-et-energie-2024-une-presence-remarquee-de-luqac-au-congres-de-lindustrie-minerale\/#primaryimage\",\"url\":\"https:\/\/www.uqac.ca\/uqactualites\/wp-content\/uploads\/2024\/11\/QCM-scaled.jpg\",\"contentUrl\":\"https:\/\/www.uqac.ca\/uqactualites\/wp-content\/uploads\/2024\/11\/QCM-scaled.jpg\",\"width\":2560,\"height\":1738,\"caption\":\"Sur la photo (de gauche \u00e0 droite) \u00c0 l'arri\u00e8re: Teo Laurent, Yaya Sagnon, Maxime Claprood, R\u00e9mi Lahue, Arnaud Back, Nils Van Weederlen, William Desbiens, Jonathan Katako Diyoyo, Ren\u00e9e-Luce Simard, Paul B\u00e9dard et Othman Bounour. Au devant: Hugo Bescond, Dany Savard, Maude Fortin et J\u00e9r\u00f4me Fortin.\"},{\"@type\":\"BreadcrumbList\",\"@id\":\"https:\/\/www.uqac.ca\/uqactualites\/2024\/11\/28\/quebec-mines-et-energie-2024-une-presence-remarquee-de-luqac-au-congres-de-lindustrie-minerale\/#breadcrumb\",\"itemListElement\":[{\"@type\":\"ListItem\",\"position\":1,\"name\":\"Home\",\"item\":\"https:\/\/www.uqac.ca\/uqactualites\/\"},{\"@type\":\"ListItem\",\"position\":2,\"name\":\"Qu\u00e9bec Mines \u00c9nergie 2024: Une pr\u00e9sence remarqu\u00e9e de l&rsquo;UQAC au congr\u00e8s de l&rsquo;industrie min\u00e9rale\"}]},{\"@type\":\"WebSite\",\"@id\":\"https:\/\/www.uqac.ca\/uqactualites\/#website\",\"url\":\"https:\/\/www.uqac.ca\/uqactualites\/\",\"name\":\"UQACtualit\u00e9s\",\"description\":\"Le portail des nouvelles de l&#039;UQAC\",\"potentialAction\":[{\"@type\":\"SearchAction\",\"target\":{\"@type\":\"EntryPoint\",\"urlTemplate\":\"https:\/\/www.uqac.ca\/uqactualites\/?s={search_term_string}\"},\"query-input\":{\"@type\":\"PropertyValueSpecification\",\"valueRequired\":true,\"valueName\":\"search_term_string\"}}],\"inLanguage\":\"fr-CA\"},{\"@type\":\"Person\",\"@id\":\"https:\/\/www.uqac.ca\/uqactualites\/#\/schema\/person\/366c45a0c4f0e677b41b4af5886e2018\",\"name\":\"Service des communications et des relations publiques\",\"image\":{\"@type\":\"ImageObject\",\"inLanguage\":\"fr-CA\",\"@id\":\"https:\/\/www.uqac.ca\/uqactualites\/#\/schema\/person\/image\/\",\"url\":\"https:\/\/secure.gravatar.com\/avatar\/20fbbda8a292f59f2d3461a5b999c00b?s=96&d=mm&r=g\",\"contentUrl\":\"https:\/\/secure.gravatar.com\/avatar\/20fbbda8a292f59f2d3461a5b999c00b?s=96&d=mm&r=g\",\"caption\":\"Service des communications et des relations publiques\"},\"url\":\"https:\/\/www.uqac.ca\/uqactualites\/author\/bap\/\"}]}<\/script>\r\n<!-- \/ Yoast SEO plugin. -->","yoast_head_json":{"title":"Qu\u00e9bec Mines \u00c9nergie 2024: Une pr\u00e9sence remarqu\u00e9e de l'UQAC au congr\u00e8s de l'industrie min\u00e9rale - UQACtualit\u00e9s","robots":{"index":"index","follow":"follow","max-snippet":"max-snippet:-1","max-image-preview":"max-image-preview:large","max-video-preview":"max-video-preview:-1"},"canonical":"https:\/\/www.uqac.ca\/uqactualites\/2024\/11\/28\/quebec-mines-et-energie-2024-une-presence-remarquee-de-luqac-au-congres-de-lindustrie-minerale\/","og_locale":"fr_CA","og_type":"article","og_title":"Qu\u00e9bec Mines \u00c9nergie 2024: Une pr\u00e9sence remarqu\u00e9e de l'UQAC au congr\u00e8s de l'industrie min\u00e9rale - UQACtualit\u00e9s","og_description":"Les 17 au 21 novembre dernier, plus de 35 \u00e9tudiantes et \u00e9tudiants ainsi que 6 membres du corps professoral et du personnel de recherche de l\u2019Unit\u00e9 d\u2019enseignement des Sciences de la Terre (UEST) ont particip\u00e9 au congr\u00e8s Qu\u00e9bec Mines + \u00c9nergie 2024, chapeaut\u00e9 par le minist\u00e8re des Ressources naturelles et des For\u00eats. Cet \u00e9v\u00e9nement phare [&hellip;]","og_url":"https:\/\/www.uqac.ca\/uqactualites\/2024\/11\/28\/quebec-mines-et-energie-2024-une-presence-remarquee-de-luqac-au-congres-de-lindustrie-minerale\/","og_site_name":"UQACtualit\u00e9s","article_published_time":"2024-11-28T16:51:06+00:00","article_modified_time":"2024-11-28T21:11:53+00:00","og_image":[{"width":2560,"height":1738,"url":"https:\/\/www.uqac.ca\/uqactualites\/wp-content\/uploads\/2024\/11\/QCM-scaled.jpg","type":"image\/jpeg"}],"author":"Service des communications et des relations publiques","twitter_card":"summary_large_image","twitter_misc":{"\u00c9crit par":"Service des communications et des relations publiques","Estimation du temps de lecture":"2 minutes"},"schema":{"@context":"https:\/\/schema.org","@graph":[{"@type":"WebPage","@id":"https:\/\/www.uqac.ca\/uqactualites\/2024\/11\/28\/quebec-mines-et-energie-2024-une-presence-remarquee-de-luqac-au-congres-de-lindustrie-minerale\/","url":"https:\/\/www.uqac.ca\/uqactualites\/2024\/11\/28\/quebec-mines-et-energie-2024-une-presence-remarquee-de-luqac-au-congres-de-lindustrie-minerale\/","name":"Qu\u00e9bec Mines \u00c9nergie 2024: Une pr\u00e9sence remarqu\u00e9e de l'UQAC au congr\u00e8s de l'industrie min\u00e9rale - UQACtualit\u00e9s","isPartOf":{"@id":"https:\/\/www.uqac.ca\/uqactualites\/#website"},"primaryImageOfPage":{"@id":"https:\/\/www.uqac.ca\/uqactualites\/2024\/11\/28\/quebec-mines-et-energie-2024-une-presence-remarquee-de-luqac-au-congres-de-lindustrie-minerale\/#primaryimage"},"image":{"@id":"https:\/\/www.uqac.ca\/uqactualites\/2024\/11\/28\/quebec-mines-et-energie-2024-une-presence-remarquee-de-luqac-au-congres-de-lindustrie-minerale\/#primaryimage"},"thumbnailUrl":"https:\/\/www.uqac.ca\/uqactualites\/wp-content\/uploads\/2024\/11\/QCM-scaled.jpg","datePublished":"2024-11-28T16:51:06+00:00","dateModified":"2024-11-28T21:11:53+00:00","author":{"@id":"https:\/\/www.uqac.ca\/uqactualites\/#\/schema\/person\/366c45a0c4f0e677b41b4af5886e2018"},"breadcrumb":{"@id":"https:\/\/www.uqac.ca\/uqactualites\/2024\/11\/28\/quebec-mines-et-energie-2024-une-presence-remarquee-de-luqac-au-congres-de-lindustrie-minerale\/#breadcrumb"},"inLanguage":"fr-CA","potentialAction":[{"@type":"ReadAction","target":["https:\/\/www.uqac.ca\/uqactualites\/2024\/11\/28\/quebec-mines-et-energie-2024-une-presence-remarquee-de-luqac-au-congres-de-lindustrie-minerale\/"]}]},{"@type":"ImageObject","inLanguage":"fr-CA","@id":"https:\/\/www.uqac.ca\/uqactualites\/2024\/11\/28\/quebec-mines-et-energie-2024-une-presence-remarquee-de-luqac-au-congres-de-lindustrie-minerale\/#primaryimage","url":"https:\/\/www.uqac.ca\/uqactualites\/wp-content\/uploads\/2024\/11\/QCM-scaled.jpg","contentUrl":"https:\/\/www.uqac.ca\/uqactualites\/wp-content\/uploads\/2024\/11\/QCM-scaled.jpg","width":2560,"height":1738,"caption":"Sur la photo (de gauche \u00e0 droite) \u00c0 l'arri\u00e8re: Teo Laurent, Yaya Sagnon, Maxime Claprood, R\u00e9mi Lahue, Arnaud Back, Nils Van Weederlen, William Desbiens, Jonathan Katako Diyoyo, Ren\u00e9e-Luce Simard, Paul B\u00e9dard et Othman Bounour. Au devant: Hugo Bescond, Dany Savard, Maude Fortin et J\u00e9r\u00f4me Fortin."},{"@type":"BreadcrumbList","@id":"https:\/\/www.uqac.ca\/uqactualites\/2024\/11\/28\/quebec-mines-et-energie-2024-une-presence-remarquee-de-luqac-au-congres-de-lindustrie-minerale\/#breadcrumb","itemListElement":[{"@type":"ListItem","position":1,"name":"Home","item":"https:\/\/www.uqac.ca\/uqactualites\/"},{"@type":"ListItem","position":2,"name":"Qu\u00e9bec Mines \u00c9nergie 2024: Une pr\u00e9sence remarqu\u00e9e de l&rsquo;UQAC au congr\u00e8s de l&rsquo;industrie min\u00e9rale"}]},{"@type":"WebSite","@id":"https:\/\/www.uqac.ca\/uqactualites\/#website","url":"https:\/\/www.uqac.ca\/uqactualites\/","name":"UQACtualit\u00e9s","description":"Le portail des nouvelles de l&#039;UQAC","potentialAction":[{"@type":"SearchAction","target":{"@type":"EntryPoint","urlTemplate":"https:\/\/www.uqac.ca\/uqactualites\/?s={search_term_string}"},"query-input":{"@type":"PropertyValueSpecification","valueRequired":true,"valueName":"search_term_string"}}],"inLanguage":"fr-CA"},{"@type":"Person","@id":"https:\/\/www.uqac.ca\/uqactualites\/#\/schema\/person\/366c45a0c4f0e677b41b4af5886e2018","name":"Service des communications et des relations publiques","image":{"@type":"ImageObject","inLanguage":"fr-CA","@id":"https:\/\/www.uqac.ca\/uqactualites\/#\/schema\/person\/image\/","url":"https:\/\/secure.gravatar.com\/avatar\/20fbbda8a292f59f2d3461a5b999c00b?s=96&d=mm&r=g","contentUrl":"https:\/\/secure.gravatar.com\/avatar\/20fbbda8a292f59f2d3461a5b999c00b?s=96&d=mm&r=g","caption":"Service des communications et des relations publiques"},"url":"https:\/\/www.uqac.ca\/uqactualites\/author\/bap\/"}]}},"_links":{"self":[{"href":"https:\/\/www.uqac.ca\/uqactualites\/wp-json\/wp\/v2\/posts\/49318"}],"collection":[{"href":"https:\/\/www.uqac.ca\/uqactualites\/wp-json\/wp\/v2\/posts"}],"about":[{"href":"https:\/\/www.uqac.ca\/uqactualites\/wp-json\/wp\/v2\/types\/post"}],"author":[{"embeddable":true,"href":"https:\/\/www.uqac.ca\/uqactualites\/wp-json\/wp\/v2\/users\/5"}],"replies":[{"embeddable":true,"href":"https:\/\/www.uqac.ca\/uqactualites\/wp-json\/wp\/v2\/comments?post=49318"}],"version-history":[{"count":6,"href":"https:\/\/www.uqac.ca\/uqactualites\/wp-json\/wp\/v2\/posts\/49318\/revisions"}],"predecessor-version":[{"id":49326,"href":"https:\/\/www.uqac.ca\/uqactualites\/wp-json\/wp\/v2\/posts\/49318\/revisions\/49326"}],"wp:featuredmedia":[{"embeddable":true,"href":"https:\/\/www.uqac.ca\/uqactualites\/wp-json\/wp\/v2\/media\/49321"}],"wp:attachment":[{"href":"https:\/\/www.uqac.ca\/uqactualites\/wp-json\/wp\/v2\/media?parent=49318"}],"wp:term":[{"taxonomy":"category","embeddable":true,"href":"https:\/\/www.uqac.ca\/uqactualites\/wp-json\/wp\/v2\/categories?post=49318"},{"taxonomy":"post_tag","embeddable":true,"href":"https:\/\/www.uqac.ca\/uqactualites\/wp-json\/wp\/v2\/tags?post=49318"}],"curies":[{"name":"wp","href":"https:\/\/api.w.org\/{rel}","templated":true}]}}