{"id":49431,"date":"2024-12-15T08:12:33","date_gmt":"2024-12-15T13:12:33","guid":{"rendered":"https:\/\/www.uqac.ca\/uqactualites\/?p=49431"},"modified":"2025-07-09T13:20:34","modified_gmt":"2025-07-09T17:20:34","slug":"etudier-en-education-prescolaire-et-enseignement-primaire-a-sept-iles","status":"publish","type":"post","link":"https:\/\/www.uqac.ca\/uqactualites\/2024\/12\/15\/etudier-en-education-prescolaire-et-enseignement-primaire-a-sept-iles\/","title":{"rendered":"Devenir enseignante en \u00e9ducation pr\u00e9scolaire et enseignement primaire \u00e0 Sept-\u00celes : Le parcours d\u2019\u00c9lodie Servant"},"content":{"rendered":"<p>\u00c9lodie Servant, \u00e9tudiante au <a href=\"https:\/\/www.uqac.ca\/programme\/7991-bacc-en-education-prescolaire-et-en-enseignement-primaire\/\">Baccalaur\u00e9at en \u00e9ducation pr\u00e9scolaire et enseignement primaire<\/a>, a suivi sa formation au campus de l&rsquo;UQAC \u00e0 Sept-\u00celes. Durant son parcours, elle a su allier travail et \u00e9tudes, d\u00e9veloppant ses comp\u00e9tences directement au sein des \u00e9coles primaires de sa ville natale. Son exp\u00e9rience s\u2019est enrichie par un s\u00e9jour interculturel en Belgique, o\u00f9 elle a pu observer le syst\u00e8me \u00e9ducatif belge, un moment phare de son parcours.<\/p>\n<p>Ce qui anime \u00c9lodie dans son programme, c\u2019est la possibilit\u00e9 de faire une r\u00e9elle diff\u00e9rence dans le cheminement scolaire des enfants. Elle trouve une grande satisfaction \u00e0 l&rsquo;id\u00e9e de contribuer activement \u00e0 la r\u00e9ussite de chaque \u00e9l\u00e8ve et de les accompagner tout au long de leurs apprentissages. D\u2019ailleurs, parmi les cours suivis, celui qu&rsquo;\u00c9lodie a le plus appr\u00e9ci\u00e9 est &laquo;\u00c9valuation des apprentissages&raquo;. Ce cours a \u00e9t\u00e9 un v\u00e9ritable tournant dans sa vision de l&rsquo;\u00e9valuation des \u00e9l\u00e8ves. L\u2019approche actuelle, incluant des m\u00e9thodes vari\u00e9es d\u2019\u00e9valuation, et les ateliers favorisant les \u00e9changes entre pairs, ont \u00e9t\u00e9 des atouts pr\u00e9cieux dans son d\u00e9veloppement professionnel.<\/p>\n<h5>Pourquoi avoir choisi l&rsquo;UQAC ?<\/h5>\n<p>Le programme de l\u2019UQAC, sp\u00e9cialement con\u00e7u pour les \u00e9tudiants de l\u2019est de la C\u00f4te-Nord, a particuli\u00e8rement attir\u00e9 l\u2019\u00e9tudiante. La possibilit\u00e9 de concilier \u00e9tudes et travail tout en d\u00e9veloppant des comp\u00e9tences professionnelles sur le terrain a fait la diff\u00e9rence pour elle. C&rsquo;est ainsi qu\u2019elle a fait le choix de poursuivre son parcours \u00e0 l\u2019UQAC, pour devenir enseignante.<\/p>\n<h5>Conseil aux futures \u00e9tudiantes et futurs \u00e9tudiants<\/h5>\n<p>\u00ab\u00a0Si vous h\u00e9sitez encore \u00e0 poursuivre vos \u00e9tudes \u00e0 l&rsquo;UQAC, sachez que l&rsquo;accompagnement tout au long de votre parcours est un point fort. J&rsquo;ai v\u00e9cu une transition optimale gr\u00e2ce au soutien constant de l&rsquo;universit\u00e9. N&rsquo;ayez pas peur de vous lancer, vous serez bien entour\u00e9 !\u00a0\u00bb conseille \u00c9lodie Servant.<\/p>\n<h3>Le programme de baccalaur\u00e9at en \u00e9ducation pr\u00e9scolaire et enseignement primaire \u00e0 Sept-\u00celes vous int\u00e9resse?<\/h3>\n<p>La prochaine cohorte d\u00e9marrera \u00e0 l\u2019automne 2025. Si vous souhaitez assister \u00e0 la prochaine s\u00e9ance d\u2019information, <a href=\"https:\/\/lb.benchmarkemail.com\/listbuilder\/signupnew?IkfHTmyPVq8pbCbwTwxslP5pwVnAjsSIh3ryal%252FK1dIQ9amXwphcstorKo5N%252Fa3M\">manifestez votre int\u00e9r\u00eat en compl\u00e9tant le formulaire<\/a>.<\/p>\n","protected":false},"excerpt":{"rendered":"<p>\u00c9lodie Servant, \u00e9tudiante au Baccalaur\u00e9at en \u00e9ducation pr\u00e9scolaire et enseignement primaire, a suivi sa formation au campus de l&rsquo;UQAC \u00e0 Sept-\u00celes. Durant son parcours, elle a su allier travail et \u00e9tudes, d\u00e9veloppant ses comp\u00e9tences directement au sein des \u00e9coles primaires de sa ville natale. Son exp\u00e9rience s\u2019est enrichie par un s\u00e9jour interculturel en Belgique, o\u00f9 [&hellip;]<\/p>\n","protected":false},"author":5,"featured_media":49432,"comment_status":"closed","ping_status":"open","sticky":false,"template":"","format":"standard","meta":{"footnotes":""},"categories":[2844],"tags":[799,2936,443,457,5,2977,106],"yoast_head":"<!-- This site is optimized with the Yoast SEO plugin v24.2 - https:\/\/yoast.com\/wordpress\/plugins\/seo\/ -->\r\n<title>Devenir enseignante en \u00e9ducation pr\u00e9scolaire et enseignement primaire \u00e0 Sept-\u00celes : Le parcours d\u2019\u00c9lodie Servant - UQACtualit\u00e9s<\/title>\r\n<meta name=\"description\" content=\"Le parcours d&#039;\u00c9lodie Servant, \u00e9tudiante au baccalaur\u00e9at en \u00e9ducation pr\u00e9scolaire et enseignement primaire sur le campus de l&#039;UQAC \u00e0 Sept-\u00celes\" \/>\r\n<meta name=\"robots\" content=\"index, follow, max-snippet:-1, max-image-preview:large, max-video-preview:-1\" \/>\r\n<link rel=\"canonical\" href=\"https:\/\/www.uqac.ca\/uqactualites\/2024\/12\/15\/etudier-en-education-prescolaire-et-enseignement-primaire-a-sept-iles\/\" \/>\r\n<meta property=\"og:locale\" content=\"fr_CA\" \/>\r\n<meta property=\"og:type\" content=\"article\" \/>\r\n<meta property=\"og:title\" content=\"Devenir enseignante en \u00e9ducation pr\u00e9scolaire et enseignement primaire \u00e0 Sept-\u00celes : Le parcours d\u2019\u00c9lodie Servant - UQACtualit\u00e9s\" \/>\r\n<meta property=\"og:description\" content=\"Le parcours d&#039;\u00c9lodie Servant, \u00e9tudiante au baccalaur\u00e9at en \u00e9ducation pr\u00e9scolaire et enseignement primaire sur le campus de l&#039;UQAC \u00e0 Sept-\u00celes\" \/>\r\n<meta property=\"og:url\" content=\"https:\/\/www.uqac.ca\/uqactualites\/2024\/12\/15\/etudier-en-education-prescolaire-et-enseignement-primaire-a-sept-iles\/\" \/>\r\n<meta property=\"og:site_name\" content=\"UQACtualit\u00e9s\" \/>\r\n<meta property=\"article:published_time\" content=\"2024-12-15T13:12:33+00:00\" \/>\r\n<meta property=\"article:modified_time\" content=\"2025-07-09T17:20:34+00:00\" \/>\r\n<meta property=\"og:image\" content=\"https:\/\/www.uqac.ca\/uqactualites\/wp-content\/uploads\/2024\/12\/Elodie-Servant-scaled.jpg\" \/>\r\n\t<meta property=\"og:image:width\" content=\"2560\" \/>\r\n\t<meta property=\"og:image:height\" content=\"1706\" \/>\r\n\t<meta property=\"og:image:type\" content=\"image\/jpeg\" \/>\r\n<meta name=\"author\" content=\"Service des communications et des relations publiques\" \/>\r\n<meta name=\"twitter:card\" content=\"summary_large_image\" \/>\r\n<meta name=\"twitter:label1\" content=\"\u00c9crit par\" \/>\n\t<meta name=\"twitter:data1\" content=\"Service des communications et des relations publiques\" \/>\n\t<meta name=\"twitter:label2\" content=\"Estimation du temps de lecture\" \/>\n\t<meta name=\"twitter:data2\" content=\"2 minutes\" \/>\r\n<script type=\"application\/ld+json\" class=\"yoast-schema-graph\">{\"@context\":\"https:\/\/schema.org\",\"@graph\":[{\"@type\":\"WebPage\",\"@id\":\"https:\/\/www.uqac.ca\/uqactualites\/2024\/12\/15\/etudier-en-education-prescolaire-et-enseignement-primaire-a-sept-iles\/\",\"url\":\"https:\/\/www.uqac.ca\/uqactualites\/2024\/12\/15\/etudier-en-education-prescolaire-et-enseignement-primaire-a-sept-iles\/\",\"name\":\"Devenir enseignante en \u00e9ducation pr\u00e9scolaire et enseignement primaire \u00e0 Sept-\u00celes : Le parcours d\u2019\u00c9lodie Servant - UQACtualit\u00e9s\",\"isPartOf\":{\"@id\":\"https:\/\/www.uqac.ca\/uqactualites\/#website\"},\"primaryImageOfPage\":{\"@id\":\"https:\/\/www.uqac.ca\/uqactualites\/2024\/12\/15\/etudier-en-education-prescolaire-et-enseignement-primaire-a-sept-iles\/#primaryimage\"},\"image\":{\"@id\":\"https:\/\/www.uqac.ca\/uqactualites\/2024\/12\/15\/etudier-en-education-prescolaire-et-enseignement-primaire-a-sept-iles\/#primaryimage\"},\"thumbnailUrl\":\"https:\/\/www.uqac.ca\/uqactualites\/wp-content\/uploads\/2024\/12\/Elodie-Servant-scaled.jpg\",\"datePublished\":\"2024-12-15T13:12:33+00:00\",\"dateModified\":\"2025-07-09T17:20:34+00:00\",\"author\":{\"@id\":\"https:\/\/www.uqac.ca\/uqactualites\/#\/schema\/person\/366c45a0c4f0e677b41b4af5886e2018\"},\"description\":\"Le parcours d'\u00c9lodie Servant, \u00e9tudiante au baccalaur\u00e9at en \u00e9ducation pr\u00e9scolaire et enseignement primaire sur le campus de l'UQAC \u00e0 Sept-\u00celes\",\"breadcrumb\":{\"@id\":\"https:\/\/www.uqac.ca\/uqactualites\/2024\/12\/15\/etudier-en-education-prescolaire-et-enseignement-primaire-a-sept-iles\/#breadcrumb\"},\"inLanguage\":\"fr-CA\",\"potentialAction\":[{\"@type\":\"ReadAction\",\"target\":[\"https:\/\/www.uqac.ca\/uqactualites\/2024\/12\/15\/etudier-en-education-prescolaire-et-enseignement-primaire-a-sept-iles\/\"]}]},{\"@type\":\"ImageObject\",\"inLanguage\":\"fr-CA\",\"@id\":\"https:\/\/www.uqac.ca\/uqactualites\/2024\/12\/15\/etudier-en-education-prescolaire-et-enseignement-primaire-a-sept-iles\/#primaryimage\",\"url\":\"https:\/\/www.uqac.ca\/uqactualites\/wp-content\/uploads\/2024\/12\/Elodie-Servant-scaled.jpg\",\"contentUrl\":\"https:\/\/www.uqac.ca\/uqactualites\/wp-content\/uploads\/2024\/12\/Elodie-Servant-scaled.jpg\",\"width\":2560,\"height\":1706},{\"@type\":\"BreadcrumbList\",\"@id\":\"https:\/\/www.uqac.ca\/uqactualites\/2024\/12\/15\/etudier-en-education-prescolaire-et-enseignement-primaire-a-sept-iles\/#breadcrumb\",\"itemListElement\":[{\"@type\":\"ListItem\",\"position\":1,\"name\":\"Home\",\"item\":\"https:\/\/www.uqac.ca\/uqactualites\/\"},{\"@type\":\"ListItem\",\"position\":2,\"name\":\"Devenir enseignante en \u00e9ducation pr\u00e9scolaire et enseignement primaire \u00e0 Sept-\u00celes : Le parcours d\u2019\u00c9lodie Servant\"}]},{\"@type\":\"WebSite\",\"@id\":\"https:\/\/www.uqac.ca\/uqactualites\/#website\",\"url\":\"https:\/\/www.uqac.ca\/uqactualites\/\",\"name\":\"UQACtualit\u00e9s\",\"description\":\"Le portail des nouvelles de l&#039;UQAC\",\"potentialAction\":[{\"@type\":\"SearchAction\",\"target\":{\"@type\":\"EntryPoint\",\"urlTemplate\":\"https:\/\/www.uqac.ca\/uqactualites\/?s={search_term_string}\"},\"query-input\":{\"@type\":\"PropertyValueSpecification\",\"valueRequired\":true,\"valueName\":\"search_term_string\"}}],\"inLanguage\":\"fr-CA\"},{\"@type\":\"Person\",\"@id\":\"https:\/\/www.uqac.ca\/uqactualites\/#\/schema\/person\/366c45a0c4f0e677b41b4af5886e2018\",\"name\":\"Service des communications et des relations publiques\",\"image\":{\"@type\":\"ImageObject\",\"inLanguage\":\"fr-CA\",\"@id\":\"https:\/\/www.uqac.ca\/uqactualites\/#\/schema\/person\/image\/\",\"url\":\"https:\/\/secure.gravatar.com\/avatar\/20fbbda8a292f59f2d3461a5b999c00b?s=96&d=mm&r=g\",\"contentUrl\":\"https:\/\/secure.gravatar.com\/avatar\/20fbbda8a292f59f2d3461a5b999c00b?s=96&d=mm&r=g\",\"caption\":\"Service des communications et des relations publiques\"},\"url\":\"https:\/\/www.uqac.ca\/uqactualites\/author\/bap\/\"}]}<\/script>\r\n<!-- \/ Yoast SEO plugin. -->","yoast_head_json":{"title":"Devenir enseignante en \u00e9ducation pr\u00e9scolaire et enseignement primaire \u00e0 Sept-\u00celes : Le parcours d\u2019\u00c9lodie Servant - UQACtualit\u00e9s","description":"Le parcours d'\u00c9lodie Servant, \u00e9tudiante au baccalaur\u00e9at en \u00e9ducation pr\u00e9scolaire et enseignement primaire sur le campus de l'UQAC \u00e0 Sept-\u00celes","robots":{"index":"index","follow":"follow","max-snippet":"max-snippet:-1","max-image-preview":"max-image-preview:large","max-video-preview":"max-video-preview:-1"},"canonical":"https:\/\/www.uqac.ca\/uqactualites\/2024\/12\/15\/etudier-en-education-prescolaire-et-enseignement-primaire-a-sept-iles\/","og_locale":"fr_CA","og_type":"article","og_title":"Devenir enseignante en \u00e9ducation pr\u00e9scolaire et enseignement primaire \u00e0 Sept-\u00celes : Le parcours d\u2019\u00c9lodie Servant - UQACtualit\u00e9s","og_description":"Le parcours d'\u00c9lodie Servant, \u00e9tudiante au baccalaur\u00e9at en \u00e9ducation pr\u00e9scolaire et enseignement primaire sur le campus de l'UQAC \u00e0 Sept-\u00celes","og_url":"https:\/\/www.uqac.ca\/uqactualites\/2024\/12\/15\/etudier-en-education-prescolaire-et-enseignement-primaire-a-sept-iles\/","og_site_name":"UQACtualit\u00e9s","article_published_time":"2024-12-15T13:12:33+00:00","article_modified_time":"2025-07-09T17:20:34+00:00","og_image":[{"width":2560,"height":1706,"url":"https:\/\/www.uqac.ca\/uqactualites\/wp-content\/uploads\/2024\/12\/Elodie-Servant-scaled.jpg","type":"image\/jpeg"}],"author":"Service des communications et des relations publiques","twitter_card":"summary_large_image","twitter_misc":{"\u00c9crit par":"Service des communications et des relations publiques","Estimation du temps de lecture":"2 minutes"},"schema":{"@context":"https:\/\/schema.org","@graph":[{"@type":"WebPage","@id":"https:\/\/www.uqac.ca\/uqactualites\/2024\/12\/15\/etudier-en-education-prescolaire-et-enseignement-primaire-a-sept-iles\/","url":"https:\/\/www.uqac.ca\/uqactualites\/2024\/12\/15\/etudier-en-education-prescolaire-et-enseignement-primaire-a-sept-iles\/","name":"Devenir enseignante en \u00e9ducation pr\u00e9scolaire et enseignement primaire \u00e0 Sept-\u00celes : Le parcours d\u2019\u00c9lodie Servant - UQACtualit\u00e9s","isPartOf":{"@id":"https:\/\/www.uqac.ca\/uqactualites\/#website"},"primaryImageOfPage":{"@id":"https:\/\/www.uqac.ca\/uqactualites\/2024\/12\/15\/etudier-en-education-prescolaire-et-enseignement-primaire-a-sept-iles\/#primaryimage"},"image":{"@id":"https:\/\/www.uqac.ca\/uqactualites\/2024\/12\/15\/etudier-en-education-prescolaire-et-enseignement-primaire-a-sept-iles\/#primaryimage"},"thumbnailUrl":"https:\/\/www.uqac.ca\/uqactualites\/wp-content\/uploads\/2024\/12\/Elodie-Servant-scaled.jpg","datePublished":"2024-12-15T13:12:33+00:00","dateModified":"2025-07-09T17:20:34+00:00","author":{"@id":"https:\/\/www.uqac.ca\/uqactualites\/#\/schema\/person\/366c45a0c4f0e677b41b4af5886e2018"},"description":"Le parcours d'\u00c9lodie Servant, \u00e9tudiante au baccalaur\u00e9at en \u00e9ducation pr\u00e9scolaire et enseignement primaire sur le campus de l'UQAC \u00e0 Sept-\u00celes","breadcrumb":{"@id":"https:\/\/www.uqac.ca\/uqactualites\/2024\/12\/15\/etudier-en-education-prescolaire-et-enseignement-primaire-a-sept-iles\/#breadcrumb"},"inLanguage":"fr-CA","potentialAction":[{"@type":"ReadAction","target":["https:\/\/www.uqac.ca\/uqactualites\/2024\/12\/15\/etudier-en-education-prescolaire-et-enseignement-primaire-a-sept-iles\/"]}]},{"@type":"ImageObject","inLanguage":"fr-CA","@id":"https:\/\/www.uqac.ca\/uqactualites\/2024\/12\/15\/etudier-en-education-prescolaire-et-enseignement-primaire-a-sept-iles\/#primaryimage","url":"https:\/\/www.uqac.ca\/uqactualites\/wp-content\/uploads\/2024\/12\/Elodie-Servant-scaled.jpg","contentUrl":"https:\/\/www.uqac.ca\/uqactualites\/wp-content\/uploads\/2024\/12\/Elodie-Servant-scaled.jpg","width":2560,"height":1706},{"@type":"BreadcrumbList","@id":"https:\/\/www.uqac.ca\/uqactualites\/2024\/12\/15\/etudier-en-education-prescolaire-et-enseignement-primaire-a-sept-iles\/#breadcrumb","itemListElement":[{"@type":"ListItem","position":1,"name":"Home","item":"https:\/\/www.uqac.ca\/uqactualites\/"},{"@type":"ListItem","position":2,"name":"Devenir enseignante en \u00e9ducation pr\u00e9scolaire et enseignement primaire \u00e0 Sept-\u00celes : Le parcours d\u2019\u00c9lodie Servant"}]},{"@type":"WebSite","@id":"https:\/\/www.uqac.ca\/uqactualites\/#website","url":"https:\/\/www.uqac.ca\/uqactualites\/","name":"UQACtualit\u00e9s","description":"Le portail des nouvelles de l&#039;UQAC","potentialAction":[{"@type":"SearchAction","target":{"@type":"EntryPoint","urlTemplate":"https:\/\/www.uqac.ca\/uqactualites\/?s={search_term_string}"},"query-input":{"@type":"PropertyValueSpecification","valueRequired":true,"valueName":"search_term_string"}}],"inLanguage":"fr-CA"},{"@type":"Person","@id":"https:\/\/www.uqac.ca\/uqactualites\/#\/schema\/person\/366c45a0c4f0e677b41b4af5886e2018","name":"Service des communications et des relations publiques","image":{"@type":"ImageObject","inLanguage":"fr-CA","@id":"https:\/\/www.uqac.ca\/uqactualites\/#\/schema\/person\/image\/","url":"https:\/\/secure.gravatar.com\/avatar\/20fbbda8a292f59f2d3461a5b999c00b?s=96&d=mm&r=g","contentUrl":"https:\/\/secure.gravatar.com\/avatar\/20fbbda8a292f59f2d3461a5b999c00b?s=96&d=mm&r=g","caption":"Service des communications et des relations publiques"},"url":"https:\/\/www.uqac.ca\/uqactualites\/author\/bap\/"}]}},"_links":{"self":[{"href":"https:\/\/www.uqac.ca\/uqactualites\/wp-json\/wp\/v2\/posts\/49431"}],"collection":[{"href":"https:\/\/www.uqac.ca\/uqactualites\/wp-json\/wp\/v2\/posts"}],"about":[{"href":"https:\/\/www.uqac.ca\/uqactualites\/wp-json\/wp\/v2\/types\/post"}],"author":[{"embeddable":true,"href":"https:\/\/www.uqac.ca\/uqactualites\/wp-json\/wp\/v2\/users\/5"}],"replies":[{"embeddable":true,"href":"https:\/\/www.uqac.ca\/uqactualites\/wp-json\/wp\/v2\/comments?post=49431"}],"version-history":[{"count":4,"href":"https:\/\/www.uqac.ca\/uqactualites\/wp-json\/wp\/v2\/posts\/49431\/revisions"}],"predecessor-version":[{"id":49436,"href":"https:\/\/www.uqac.ca\/uqactualites\/wp-json\/wp\/v2\/posts\/49431\/revisions\/49436"}],"wp:featuredmedia":[{"embeddable":true,"href":"https:\/\/www.uqac.ca\/uqactualites\/wp-json\/wp\/v2\/media\/49432"}],"wp:attachment":[{"href":"https:\/\/www.uqac.ca\/uqactualites\/wp-json\/wp\/v2\/media?parent=49431"}],"wp:term":[{"taxonomy":"category","embeddable":true,"href":"https:\/\/www.uqac.ca\/uqactualites\/wp-json\/wp\/v2\/categories?post=49431"},{"taxonomy":"post_tag","embeddable":true,"href":"https:\/\/www.uqac.ca\/uqactualites\/wp-json\/wp\/v2\/tags?post=49431"}],"curies":[{"name":"wp","href":"https:\/\/api.w.org\/{rel}","templated":true}]}}