{"id":49637,"date":"2025-01-20T15:30:46","date_gmt":"2025-01-20T20:30:46","guid":{"rendered":"https:\/\/www.uqac.ca\/uqactualites\/?p=49637"},"modified":"2025-01-20T15:30:46","modified_gmt":"2025-01-20T20:30:46","slug":"segolene-vandevelde-conference-etude-mobilites-humaines","status":"publish","type":"post","link":"https:\/\/www.uqac.ca\/uqactualites\/2025\/01\/20\/segolene-vandevelde-conference-etude-mobilites-humaines\/","title":{"rendered":"S\u00e9gol\u00e8ne Vandevelde donne une conf\u00e9rence sur les approches interdisciplinaires pour l\u2019\u00e9tude des mobilit\u00e9s humaines"},"content":{"rendered":"<p>Le 12 d\u00e9cembre dernier, S\u00e9gol\u00e8ne Vandevelde, chercheuse postdoctorale<br \/>\ndu CELAT (Centre de recherche Cultures\u00b7Arts\u00b7Soci\u00e9t\u00e9s) au <a href=\"https:\/\/www.uqac.ca\/dsa\/\" target=\"_blank\" rel=\"noopener\">D\u00e9partement des sciences appliqu\u00e9es<\/a>\u00a0(<a href=\"https:\/\/cerm.uqac.ca\/\" target=\"_blank\" rel=\"noopener\">CERM<\/a>\u00a0\/\u00a0<a href=\"https:\/\/cerm.uqac.ca\/labmater\/\" target=\"_blank\" rel=\"noopener\">LabMaTer<\/a>) et professeure associ\u00e9e au\u00a0<a href=\"https:\/\/www.uqac.ca\/departements\/dsh\/\" target=\"_blank\" rel=\"noopener\">D\u00e9partement des sciences humaines et sociales<\/a>\u00a0(<a href=\"https:\/\/recherche.uqac.ca\/laboratoire-dhistoire-et-darcheologie-du-subarctique-oriental-lhaso\" target=\"_blank\" rel=\"noopener\">LHASO<\/a>), donnait une conf\u00e9rence au\u00a0Laboratoire G\u00e9osciences Environnement Toulouse (GET) \u00e0 Toulouse en France. Sa conf\u00e9rence s\u2019intitulait \u00ab\u00a0Arch\u00e9ologie, arch\u00e9om\u00e9trie et g\u00e9osciences pour acc\u00e9der aux temporalit\u00e9s des activit\u00e9s humaines\u00a0\u00bb.<\/p>\n<p>Anthropologue de formation, S\u00e9gol\u00e8ne Vandevelde \u00e9tudie les dynamiques d\u2019occupation des sites arch\u00e9ologiques par le biais d\u2019une m\u00e9thode pionni\u00e8re qu\u2019elle a d\u00e9velopp\u00e9e (la fuliginochronologie), laquelle consiste \u00e0 \u00e9tudier les traces de suie (prisonni\u00e8res de concr\u00e9tions calcaires) comme marqueurs des occupations humaines. Elle s\u2019int\u00e9resse \u00e9galement \u00e0 d\u2019autres traces laiss\u00e9es par les humains du pass\u00e9, comme les peintures sur les sites orn\u00e9s du Qu\u00e9bec, pour \u00e9tudier la temporalit\u00e9 de cr\u00e9ation de ces sites et leur place dans le territoire physique et symbolique des Premi\u00e8res Nations.<\/p>\n<p>Ces recherches, financ\u00e9es par la prestigieuse bourse Banting octroy\u00e9e \u00e0 la Dr. S\u00e9gol\u00e8ne Vandevelde, sont \u00e9galement int\u00e9gr\u00e9es au projet DARQ\u2013Dater l\u2019art rupestre au Qu\u00e9bec, financ\u00e9 par une subvention Audace des FRQ (dir. Pr. Paul B\u00e9dard et Pr. Erik Langevin, en collaboration avec la Pr. Adelphine Bonneau de l\u2019Universit\u00e9 de Sherbrooke).<\/p>\n<hr \/>\n<p><strong>R\u00e9sum\u00e9 de la conf\u00e9rence<\/strong><\/p>\n<p>\u00ab\u00a0L&rsquo;\u00e9tude des soci\u00e9t\u00e9s du pass\u00e9 passe par la compr\u00e9hension de leur organisation sociale, qui influence leur mobilit\u00e9, perceptible dans les dynamiques d\u2019occupation des sites. Pour analyser ces d\u00e9placements sur une base annuelle, les arch\u00e9ologues ont besoin d&rsquo;une pr\u00e9cision temporelle fine, g\u00e9n\u00e9ralement difficile \u00e0 obtenir \u00e0 partir des vestiges \u00e9tudi\u00e9s. La Dr. Vandevelde travaille donc sur de nouvelles m\u00e9thodes microchronologiques, capables de fournir des donn\u00e9es pr\u00e9cises \u00e0 l\u2019\u00e9chelle d\u2019une ann\u00e9e ou d\u2019une d\u00e9cennie, pour mieux comprendre le quotidien des humains du pass\u00e9.<\/p>\n<p>Un outil pr\u00e9cieux dans ce domaine est l\u2019\u00e9tude des sp\u00e9l\u00e9oth\u00e8mes (comme les stalactites, stalagmites ou fins encro\u00fbtements qui se forment sur les parois). Ces formations g\u00e9ologiques contiennent parfois des laminations annuelles, comparables aux cernes des arbres, qui permettent de mesurer le temps de mani\u00e8re pr\u00e9cise. Elles enregistrent \u00e9galement des traces d\u2019activit\u00e9s humaines, comme des pigments ou de la suie, ce qui en fait d\u2019excellents t\u00e9moins des occupations humaines. En analysant ces traces, il devient possible de savoir combien de fois par an un site \u00e9tait occup\u00e9, combien de temps duraient les occupations, \u00e0 quelle saison elles avaient lieu, et quels \u00e9taient leurs rythmes.<\/p>\n<p>Cette approche peut \u00e9galement \u00eatre adapt\u00e9e aux sites orn\u00e9s du Qu\u00e9bec. Les cro\u00fbtes de silice qui recouvrent les peintures des Premiers Peuples peuvent \u00eatre \u00e9tudi\u00e9es pour tenter de savoir quand ces \u0153uvres ont \u00e9t\u00e9 r\u00e9alis\u00e9es, si elles ont \u00e9t\u00e9 peintes en une seule fois ou progressivement, et si elles ont \u00e9t\u00e9 entretenues. Ces recherches cherchent aussi \u00e0 d\u00e9velopper de nouvelles techniques pour mesurer le temps \u00e9coul\u00e9 entre diff\u00e9rentes phases de peinture.\u00a0\u00bb<\/p>\n<figure id=\"attachment_49638\" aria-describedby=\"caption-attachment-49638\" style=\"width: 1320px\" class=\"wp-caption alignnone\"><img loading=\"lazy\" decoding=\"async\" class=\"wp-image-49638 size-full\" src=\"https:\/\/www.uqac.ca\/uqactualites\/wp-content\/uploads\/2025\/01\/Segolene.jpg\" alt=\"\" width=\"1320\" height=\"880\" srcset=\"https:\/\/www.uqac.ca\/uqactualites\/wp-content\/uploads\/2025\/01\/Segolene.jpg 1320w, https:\/\/www.uqac.ca\/uqactualites\/wp-content\/uploads\/2025\/01\/Segolene-300x200.jpg 300w, https:\/\/www.uqac.ca\/uqactualites\/wp-content\/uploads\/2025\/01\/Segolene-1024x683.jpg 1024w, https:\/\/www.uqac.ca\/uqactualites\/wp-content\/uploads\/2025\/01\/Segolene-768x512.jpg 768w, https:\/\/www.uqac.ca\/uqactualites\/wp-content\/uploads\/2025\/01\/Segolene-150x100.jpg 150w, https:\/\/www.uqac.ca\/uqactualites\/wp-content\/uploads\/2025\/01\/Segolene-696x464.jpg 696w, https:\/\/www.uqac.ca\/uqactualites\/wp-content\/uploads\/2025\/01\/Segolene-1068x712.jpg 1068w\" sizes=\"(max-width: 1320px) 100vw, 1320px\" \/><figcaption id=\"caption-attachment-49638\" class=\"wp-caption-text\">\u00a9 Paul B\u00e9dard, professeur et directeur du CERM, D\u00e9partement des sciences appliqu\u00e9es<\/figcaption><\/figure>\n","protected":false},"excerpt":{"rendered":"<p>Le 12 d\u00e9cembre dernier, S\u00e9gol\u00e8ne Vandevelde, chercheuse postdoctorale du CELAT (Centre de recherche Cultures\u00b7Arts\u00b7Soci\u00e9t\u00e9s) au D\u00e9partement des sciences appliqu\u00e9es\u00a0(CERM\u00a0\/\u00a0LabMaTer) et professeure associ\u00e9e au\u00a0D\u00e9partement des sciences humaines et sociales\u00a0(LHASO), donnait une conf\u00e9rence au\u00a0Laboratoire G\u00e9osciences Environnement Toulouse (GET) \u00e0 Toulouse en France. Sa conf\u00e9rence s\u2019intitulait \u00ab\u00a0Arch\u00e9ologie, arch\u00e9om\u00e9trie et g\u00e9osciences pour acc\u00e9der aux temporalit\u00e9s des activit\u00e9s humaines\u00a0\u00bb. Anthropologue [&hellip;]<\/p>\n","protected":false},"author":5,"featured_media":47790,"comment_status":"closed","ping_status":"open","sticky":false,"template":"","format":"standard","meta":{"footnotes":""},"categories":[2795,2],"tags":[35,46,21],"yoast_head":"<!-- This site is optimized with the Yoast SEO plugin v24.2 - https:\/\/yoast.com\/wordpress\/plugins\/seo\/ -->\r\n<title>S\u00e9gol\u00e8ne Vandevelde donne une conf\u00e9rence sur les approches interdisciplinaires pour l\u2019\u00e9tude des mobilit\u00e9s humaines - UQACtualit\u00e9s<\/title>\r\n<meta name=\"description\" content=\"S\u00e9gol\u00e8ne Vandevelde donne une conf\u00e9rence en France sur les approches interdisciplinaires pour l\u2019\u00e9tude des mobilit\u00e9s humaines.\" \/>\r\n<meta name=\"robots\" content=\"index, follow, max-snippet:-1, max-image-preview:large, max-video-preview:-1\" \/>\r\n<link rel=\"canonical\" href=\"https:\/\/www.uqac.ca\/uqactualites\/2025\/01\/20\/segolene-vandevelde-conference-etude-mobilites-humaines\/\" \/>\r\n<meta property=\"og:locale\" content=\"fr_CA\" \/>\r\n<meta property=\"og:type\" content=\"article\" \/>\r\n<meta property=\"og:title\" content=\"S\u00e9gol\u00e8ne Vandevelde donne une conf\u00e9rence sur les approches interdisciplinaires pour l\u2019\u00e9tude des mobilit\u00e9s humaines - UQACtualit\u00e9s\" \/>\r\n<meta property=\"og:description\" content=\"S\u00e9gol\u00e8ne Vandevelde donne une conf\u00e9rence en France sur les approches interdisciplinaires pour l\u2019\u00e9tude des mobilit\u00e9s humaines.\" \/>\r\n<meta property=\"og:url\" content=\"https:\/\/www.uqac.ca\/uqactualites\/2025\/01\/20\/segolene-vandevelde-conference-etude-mobilites-humaines\/\" \/>\r\n<meta property=\"og:site_name\" content=\"UQACtualit\u00e9s\" \/>\r\n<meta property=\"article:published_time\" content=\"2025-01-20T20:30:46+00:00\" \/>\r\n<meta property=\"og:image\" content=\"https:\/\/www.uqac.ca\/uqactualites\/wp-content\/uploads\/2024\/07\/vandevelde-segolene-mduhaimea23-3.jpg\" \/>\r\n\t<meta property=\"og:image:width\" content=\"1200\" \/>\r\n\t<meta property=\"og:image:height\" content=\"800\" \/>\r\n\t<meta property=\"og:image:type\" content=\"image\/jpeg\" \/>\r\n<meta name=\"author\" content=\"Service des communications et des relations publiques\" \/>\r\n<meta name=\"twitter:card\" content=\"summary_large_image\" \/>\r\n<meta name=\"twitter:label1\" content=\"\u00c9crit par\" \/>\n\t<meta name=\"twitter:data1\" content=\"Service des communications et des relations publiques\" \/>\n\t<meta name=\"twitter:label2\" content=\"Estimation du temps de lecture\" \/>\n\t<meta name=\"twitter:data2\" content=\"3 minutes\" \/>\r\n<script type=\"application\/ld+json\" class=\"yoast-schema-graph\">{\"@context\":\"https:\/\/schema.org\",\"@graph\":[{\"@type\":\"WebPage\",\"@id\":\"https:\/\/www.uqac.ca\/uqactualites\/2025\/01\/20\/segolene-vandevelde-conference-etude-mobilites-humaines\/\",\"url\":\"https:\/\/www.uqac.ca\/uqactualites\/2025\/01\/20\/segolene-vandevelde-conference-etude-mobilites-humaines\/\",\"name\":\"S\u00e9gol\u00e8ne Vandevelde donne une conf\u00e9rence sur les approches interdisciplinaires pour l\u2019\u00e9tude des mobilit\u00e9s humaines - UQACtualit\u00e9s\",\"isPartOf\":{\"@id\":\"https:\/\/www.uqac.ca\/uqactualites\/#website\"},\"primaryImageOfPage\":{\"@id\":\"https:\/\/www.uqac.ca\/uqactualites\/2025\/01\/20\/segolene-vandevelde-conference-etude-mobilites-humaines\/#primaryimage\"},\"image\":{\"@id\":\"https:\/\/www.uqac.ca\/uqactualites\/2025\/01\/20\/segolene-vandevelde-conference-etude-mobilites-humaines\/#primaryimage\"},\"thumbnailUrl\":\"https:\/\/www.uqac.ca\/uqactualites\/wp-content\/uploads\/2024\/07\/vandevelde-segolene-mduhaimea23-3.jpg\",\"datePublished\":\"2025-01-20T20:30:46+00:00\",\"dateModified\":\"2025-01-20T20:30:46+00:00\",\"author\":{\"@id\":\"https:\/\/www.uqac.ca\/uqactualites\/#\/schema\/person\/366c45a0c4f0e677b41b4af5886e2018\"},\"description\":\"S\u00e9gol\u00e8ne Vandevelde donne une conf\u00e9rence en France sur les approches interdisciplinaires pour l\u2019\u00e9tude des mobilit\u00e9s humaines.\",\"breadcrumb\":{\"@id\":\"https:\/\/www.uqac.ca\/uqactualites\/2025\/01\/20\/segolene-vandevelde-conference-etude-mobilites-humaines\/#breadcrumb\"},\"inLanguage\":\"fr-CA\",\"potentialAction\":[{\"@type\":\"ReadAction\",\"target\":[\"https:\/\/www.uqac.ca\/uqactualites\/2025\/01\/20\/segolene-vandevelde-conference-etude-mobilites-humaines\/\"]}]},{\"@type\":\"ImageObject\",\"inLanguage\":\"fr-CA\",\"@id\":\"https:\/\/www.uqac.ca\/uqactualites\/2025\/01\/20\/segolene-vandevelde-conference-etude-mobilites-humaines\/#primaryimage\",\"url\":\"https:\/\/www.uqac.ca\/uqactualites\/wp-content\/uploads\/2024\/07\/vandevelde-segolene-mduhaimea23-3.jpg\",\"contentUrl\":\"https:\/\/www.uqac.ca\/uqactualites\/wp-content\/uploads\/2024\/07\/vandevelde-segolene-mduhaimea23-3.jpg\",\"width\":1200,\"height\":800},{\"@type\":\"BreadcrumbList\",\"@id\":\"https:\/\/www.uqac.ca\/uqactualites\/2025\/01\/20\/segolene-vandevelde-conference-etude-mobilites-humaines\/#breadcrumb\",\"itemListElement\":[{\"@type\":\"ListItem\",\"position\":1,\"name\":\"Home\",\"item\":\"https:\/\/www.uqac.ca\/uqactualites\/\"},{\"@type\":\"ListItem\",\"position\":2,\"name\":\"S\u00e9gol\u00e8ne Vandevelde donne une conf\u00e9rence sur les approches interdisciplinaires pour l\u2019\u00e9tude des mobilit\u00e9s humaines\"}]},{\"@type\":\"WebSite\",\"@id\":\"https:\/\/www.uqac.ca\/uqactualites\/#website\",\"url\":\"https:\/\/www.uqac.ca\/uqactualites\/\",\"name\":\"UQACtualit\u00e9s\",\"description\":\"Le portail des nouvelles de l&#039;UQAC\",\"potentialAction\":[{\"@type\":\"SearchAction\",\"target\":{\"@type\":\"EntryPoint\",\"urlTemplate\":\"https:\/\/www.uqac.ca\/uqactualites\/?s={search_term_string}\"},\"query-input\":{\"@type\":\"PropertyValueSpecification\",\"valueRequired\":true,\"valueName\":\"search_term_string\"}}],\"inLanguage\":\"fr-CA\"},{\"@type\":\"Person\",\"@id\":\"https:\/\/www.uqac.ca\/uqactualites\/#\/schema\/person\/366c45a0c4f0e677b41b4af5886e2018\",\"name\":\"Service des communications et des relations publiques\",\"image\":{\"@type\":\"ImageObject\",\"inLanguage\":\"fr-CA\",\"@id\":\"https:\/\/www.uqac.ca\/uqactualites\/#\/schema\/person\/image\/\",\"url\":\"https:\/\/secure.gravatar.com\/avatar\/20fbbda8a292f59f2d3461a5b999c00b?s=96&d=mm&r=g\",\"contentUrl\":\"https:\/\/secure.gravatar.com\/avatar\/20fbbda8a292f59f2d3461a5b999c00b?s=96&d=mm&r=g\",\"caption\":\"Service des communications et des relations publiques\"},\"url\":\"https:\/\/www.uqac.ca\/uqactualites\/author\/bap\/\"}]}<\/script>\r\n<!-- \/ Yoast SEO plugin. -->","yoast_head_json":{"title":"S\u00e9gol\u00e8ne Vandevelde donne une conf\u00e9rence sur les approches interdisciplinaires pour l\u2019\u00e9tude des mobilit\u00e9s humaines - UQACtualit\u00e9s","description":"S\u00e9gol\u00e8ne Vandevelde donne une conf\u00e9rence en France sur les approches interdisciplinaires pour l\u2019\u00e9tude des mobilit\u00e9s humaines.","robots":{"index":"index","follow":"follow","max-snippet":"max-snippet:-1","max-image-preview":"max-image-preview:large","max-video-preview":"max-video-preview:-1"},"canonical":"https:\/\/www.uqac.ca\/uqactualites\/2025\/01\/20\/segolene-vandevelde-conference-etude-mobilites-humaines\/","og_locale":"fr_CA","og_type":"article","og_title":"S\u00e9gol\u00e8ne Vandevelde donne une conf\u00e9rence sur les approches interdisciplinaires pour l\u2019\u00e9tude des mobilit\u00e9s humaines - UQACtualit\u00e9s","og_description":"S\u00e9gol\u00e8ne Vandevelde donne une conf\u00e9rence en France sur les approches interdisciplinaires pour l\u2019\u00e9tude des mobilit\u00e9s humaines.","og_url":"https:\/\/www.uqac.ca\/uqactualites\/2025\/01\/20\/segolene-vandevelde-conference-etude-mobilites-humaines\/","og_site_name":"UQACtualit\u00e9s","article_published_time":"2025-01-20T20:30:46+00:00","og_image":[{"width":1200,"height":800,"url":"https:\/\/www.uqac.ca\/uqactualites\/wp-content\/uploads\/2024\/07\/vandevelde-segolene-mduhaimea23-3.jpg","type":"image\/jpeg"}],"author":"Service des communications et des relations publiques","twitter_card":"summary_large_image","twitter_misc":{"\u00c9crit par":"Service des communications et des relations publiques","Estimation du temps de lecture":"3 minutes"},"schema":{"@context":"https:\/\/schema.org","@graph":[{"@type":"WebPage","@id":"https:\/\/www.uqac.ca\/uqactualites\/2025\/01\/20\/segolene-vandevelde-conference-etude-mobilites-humaines\/","url":"https:\/\/www.uqac.ca\/uqactualites\/2025\/01\/20\/segolene-vandevelde-conference-etude-mobilites-humaines\/","name":"S\u00e9gol\u00e8ne Vandevelde donne une conf\u00e9rence sur les approches interdisciplinaires pour l\u2019\u00e9tude des mobilit\u00e9s humaines - UQACtualit\u00e9s","isPartOf":{"@id":"https:\/\/www.uqac.ca\/uqactualites\/#website"},"primaryImageOfPage":{"@id":"https:\/\/www.uqac.ca\/uqactualites\/2025\/01\/20\/segolene-vandevelde-conference-etude-mobilites-humaines\/#primaryimage"},"image":{"@id":"https:\/\/www.uqac.ca\/uqactualites\/2025\/01\/20\/segolene-vandevelde-conference-etude-mobilites-humaines\/#primaryimage"},"thumbnailUrl":"https:\/\/www.uqac.ca\/uqactualites\/wp-content\/uploads\/2024\/07\/vandevelde-segolene-mduhaimea23-3.jpg","datePublished":"2025-01-20T20:30:46+00:00","dateModified":"2025-01-20T20:30:46+00:00","author":{"@id":"https:\/\/www.uqac.ca\/uqactualites\/#\/schema\/person\/366c45a0c4f0e677b41b4af5886e2018"},"description":"S\u00e9gol\u00e8ne Vandevelde donne une conf\u00e9rence en France sur les approches interdisciplinaires pour l\u2019\u00e9tude des mobilit\u00e9s humaines.","breadcrumb":{"@id":"https:\/\/www.uqac.ca\/uqactualites\/2025\/01\/20\/segolene-vandevelde-conference-etude-mobilites-humaines\/#breadcrumb"},"inLanguage":"fr-CA","potentialAction":[{"@type":"ReadAction","target":["https:\/\/www.uqac.ca\/uqactualites\/2025\/01\/20\/segolene-vandevelde-conference-etude-mobilites-humaines\/"]}]},{"@type":"ImageObject","inLanguage":"fr-CA","@id":"https:\/\/www.uqac.ca\/uqactualites\/2025\/01\/20\/segolene-vandevelde-conference-etude-mobilites-humaines\/#primaryimage","url":"https:\/\/www.uqac.ca\/uqactualites\/wp-content\/uploads\/2024\/07\/vandevelde-segolene-mduhaimea23-3.jpg","contentUrl":"https:\/\/www.uqac.ca\/uqactualites\/wp-content\/uploads\/2024\/07\/vandevelde-segolene-mduhaimea23-3.jpg","width":1200,"height":800},{"@type":"BreadcrumbList","@id":"https:\/\/www.uqac.ca\/uqactualites\/2025\/01\/20\/segolene-vandevelde-conference-etude-mobilites-humaines\/#breadcrumb","itemListElement":[{"@type":"ListItem","position":1,"name":"Home","item":"https:\/\/www.uqac.ca\/uqactualites\/"},{"@type":"ListItem","position":2,"name":"S\u00e9gol\u00e8ne Vandevelde donne une conf\u00e9rence sur les approches interdisciplinaires pour l\u2019\u00e9tude des mobilit\u00e9s humaines"}]},{"@type":"WebSite","@id":"https:\/\/www.uqac.ca\/uqactualites\/#website","url":"https:\/\/www.uqac.ca\/uqactualites\/","name":"UQACtualit\u00e9s","description":"Le portail des nouvelles de l&#039;UQAC","potentialAction":[{"@type":"SearchAction","target":{"@type":"EntryPoint","urlTemplate":"https:\/\/www.uqac.ca\/uqactualites\/?s={search_term_string}"},"query-input":{"@type":"PropertyValueSpecification","valueRequired":true,"valueName":"search_term_string"}}],"inLanguage":"fr-CA"},{"@type":"Person","@id":"https:\/\/www.uqac.ca\/uqactualites\/#\/schema\/person\/366c45a0c4f0e677b41b4af5886e2018","name":"Service des communications et des relations publiques","image":{"@type":"ImageObject","inLanguage":"fr-CA","@id":"https:\/\/www.uqac.ca\/uqactualites\/#\/schema\/person\/image\/","url":"https:\/\/secure.gravatar.com\/avatar\/20fbbda8a292f59f2d3461a5b999c00b?s=96&d=mm&r=g","contentUrl":"https:\/\/secure.gravatar.com\/avatar\/20fbbda8a292f59f2d3461a5b999c00b?s=96&d=mm&r=g","caption":"Service des communications et des relations publiques"},"url":"https:\/\/www.uqac.ca\/uqactualites\/author\/bap\/"}]}},"_links":{"self":[{"href":"https:\/\/www.uqac.ca\/uqactualites\/wp-json\/wp\/v2\/posts\/49637"}],"collection":[{"href":"https:\/\/www.uqac.ca\/uqactualites\/wp-json\/wp\/v2\/posts"}],"about":[{"href":"https:\/\/www.uqac.ca\/uqactualites\/wp-json\/wp\/v2\/types\/post"}],"author":[{"embeddable":true,"href":"https:\/\/www.uqac.ca\/uqactualites\/wp-json\/wp\/v2\/users\/5"}],"replies":[{"embeddable":true,"href":"https:\/\/www.uqac.ca\/uqactualites\/wp-json\/wp\/v2\/comments?post=49637"}],"version-history":[{"count":2,"href":"https:\/\/www.uqac.ca\/uqactualites\/wp-json\/wp\/v2\/posts\/49637\/revisions"}],"predecessor-version":[{"id":49641,"href":"https:\/\/www.uqac.ca\/uqactualites\/wp-json\/wp\/v2\/posts\/49637\/revisions\/49641"}],"wp:featuredmedia":[{"embeddable":true,"href":"https:\/\/www.uqac.ca\/uqactualites\/wp-json\/wp\/v2\/media\/47790"}],"wp:attachment":[{"href":"https:\/\/www.uqac.ca\/uqactualites\/wp-json\/wp\/v2\/media?parent=49637"}],"wp:term":[{"taxonomy":"category","embeddable":true,"href":"https:\/\/www.uqac.ca\/uqactualites\/wp-json\/wp\/v2\/categories?post=49637"},{"taxonomy":"post_tag","embeddable":true,"href":"https:\/\/www.uqac.ca\/uqactualites\/wp-json\/wp\/v2\/tags?post=49637"}],"curies":[{"name":"wp","href":"https:\/\/api.w.org\/{rel}","templated":true}]}}