{"id":49643,"date":"2025-01-21T15:57:41","date_gmt":"2025-01-21T20:57:41","guid":{"rendered":"https:\/\/www.uqac.ca\/uqactualites\/?p=49643"},"modified":"2025-01-21T15:57:41","modified_gmt":"2025-01-21T20:57:41","slug":"une-delegation-de-luqac-participe-au-defi-cecobois-2025","status":"publish","type":"post","link":"https:\/\/www.uqac.ca\/uqactualites\/2025\/01\/21\/une-delegation-de-luqac-participe-au-defi-cecobois-2025\/","title":{"rendered":"Une d\u00e9l\u00e9gation de l\u2019UQAC participe au D\u00e9fi Cecobois 2025"},"content":{"rendered":"<p>La 14<sup>e<\/sup> \u00e9dition du D\u00e9fi Cecobois s\u2019est d\u00e9roul\u00e9e du 9 au 12 janvier 2025 \u00e0 l\u2019Universit\u00e9 Laval. Ce d\u00e9fi est un\u00a0concours s\u2019adressant aux \u00e9tudiantes et \u00e9tudiants des 1<sup>er<\/sup>, 2<sup>e<\/sup>, et 3<sup>e<\/sup> cycles en\u00a0g\u00e9nie civil, g\u00e9nie du bois, g\u00e9nie de la construction, g\u00e9nie du b\u00e2timent et en architecture. En \u00e9quipe, les \u00e9tudiantes et \u00e9tudiants doivent concevoir et construire une structure r\u00e9pondant \u00e0 certains crit\u00e8res (int\u00e9grit\u00e9 structurelle, originalit\u00e9 et design, entre autres) en utilisant seulement le mat\u00e9riau bois.<\/p>\n<p>Comme l\u2019\u00e9v\u00e9nement se d\u00e9roulait \u00e0 l\u2019Universit\u00e9 Laval cette ann\u00e9e et que celle-ci a \u00e0 c\u0153ur la collaboration avec les Premiers Peuples et qu\u2019elle s\u2019engage \u00e0 leur offrir la s\u00e9curisation culturelle dont ils ont besoin pour leur r\u00e9ussite scolaire, le d\u00e9fi consistait \u00e0 construire une classe ext\u00e9rieure semi-ouverte dans la d\u00e9marche de r\u00e9conciliation avec les Premiers Peuples.<\/p>\n<p>Bravo aux \u00e9tudiantes et \u00e9tudiants de l\u2019UQAC ayant particip\u00e9 \u00e0 l\u2019\u00e9v\u00e9nement\u00a0: Sophianne Lalancette et Ibrahim Jaber, <a href=\"https:\/\/www.uqac.ca\/programme\/3708-maitrise-en-ingenierie\/\" target=\"_blank\" rel=\"noopener\">ma\u00eetrise en ing\u00e9nierie (volet recherche)<\/a>, Mathieu Gagn\u00e9 Bouchard, <a href=\"https:\/\/www.uqac.ca\/programme\/7480-baccalaureat-en-genie-civil\/\" target=\"_blank\" rel=\"noopener\">baccalaur\u00e9at en g\u00e9nie civil<\/a> et Th\u00e9o Long, Astrid Micoli et Hamadoun Mamadou Issabre, <a href=\"https:\/\/www.uqac.ca\/programme\/1709-maitrise-en-ingenierie\/\" target=\"_blank\" rel=\"noopener\">ma\u00eetrise en ing\u00e9nierie (volet professionnel)<\/a>. F\u00e9licitations \u00e0 l\u2019\u00e9quipe de Sophie Lalancette qui a obtenu le 2<sup>e<\/sup> prix.<\/p>\n<p><strong>2e prix<br \/>\n<\/strong>Sophie Lalancette, \u00e9tudiante \u00e0 la ma\u00eetrise en ing\u00e9nierie (volet recherche) et son \u00e9quipe<\/p>\n<figure id=\"attachment_49644\" aria-describedby=\"caption-attachment-49644\" style=\"width: 2560px\" class=\"wp-caption alignnone\"><img loading=\"lazy\" decoding=\"async\" class=\"wp-image-49644 size-full\" src=\"https:\/\/www.uqac.ca\/uqactualites\/wp-content\/uploads\/2025\/01\/2_Gris_2e-Prix_MAQUETTES-02598-scaled.jpg\" alt=\"\" width=\"2560\" height=\"1707\" srcset=\"https:\/\/www.uqac.ca\/uqactualites\/wp-content\/uploads\/2025\/01\/2_Gris_2e-Prix_MAQUETTES-02598-scaled.jpg 2560w, https:\/\/www.uqac.ca\/uqactualites\/wp-content\/uploads\/2025\/01\/2_Gris_2e-Prix_MAQUETTES-02598-300x200.jpg 300w, https:\/\/www.uqac.ca\/uqactualites\/wp-content\/uploads\/2025\/01\/2_Gris_2e-Prix_MAQUETTES-02598-1024x683.jpg 1024w, https:\/\/www.uqac.ca\/uqactualites\/wp-content\/uploads\/2025\/01\/2_Gris_2e-Prix_MAQUETTES-02598-768x512.jpg 768w, https:\/\/www.uqac.ca\/uqactualites\/wp-content\/uploads\/2025\/01\/2_Gris_2e-Prix_MAQUETTES-02598-1536x1024.jpg 1536w, https:\/\/www.uqac.ca\/uqactualites\/wp-content\/uploads\/2025\/01\/2_Gris_2e-Prix_MAQUETTES-02598-2048x1365.jpg 2048w, https:\/\/www.uqac.ca\/uqactualites\/wp-content\/uploads\/2025\/01\/2_Gris_2e-Prix_MAQUETTES-02598-150x100.jpg 150w, https:\/\/www.uqac.ca\/uqactualites\/wp-content\/uploads\/2025\/01\/2_Gris_2e-Prix_MAQUETTES-02598-696x464.jpg 696w, https:\/\/www.uqac.ca\/uqactualites\/wp-content\/uploads\/2025\/01\/2_Gris_2e-Prix_MAQUETTES-02598-1068x712.jpg 1068w, https:\/\/www.uqac.ca\/uqactualites\/wp-content\/uploads\/2025\/01\/2_Gris_2e-Prix_MAQUETTES-02598-1920x1280.jpg 1920w\" sizes=\"(max-width: 2560px) 100vw, 2560px\" \/><figcaption id=\"caption-attachment-49644\" class=\"wp-caption-text\">\u00a9 Cecobois<\/figcaption><\/figure>\n<p>Merci \u00e9galement au D\u00e9partement des sciences appliqu\u00e9es (DSA) pour son implication.<\/p>\n","protected":false},"excerpt":{"rendered":"<p>La 14e \u00e9dition du D\u00e9fi Cecobois s\u2019est d\u00e9roul\u00e9e du 9 au 12 janvier 2025 \u00e0 l\u2019Universit\u00e9 Laval. Ce d\u00e9fi est un\u00a0concours s\u2019adressant aux \u00e9tudiantes et \u00e9tudiants des 1er, 2e, et 3e cycles en\u00a0g\u00e9nie civil, g\u00e9nie du bois, g\u00e9nie de la construction, g\u00e9nie du b\u00e2timent et en architecture. En \u00e9quipe, les \u00e9tudiantes et \u00e9tudiants doivent concevoir [&hellip;]<\/p>\n","protected":false},"author":5,"featured_media":49645,"comment_status":"closed","ping_status":"open","sticky":false,"template":"","format":"standard","meta":{"footnotes":""},"categories":[2795,2],"tags":[],"yoast_head":"<!-- This site is optimized with the Yoast SEO plugin v24.2 - https:\/\/yoast.com\/wordpress\/plugins\/seo\/ -->\r\n<title>Une d\u00e9l\u00e9gation de l\u2019UQAC participe au D\u00e9fi Cecobois 2025 - UQACtualit\u00e9s<\/title>\r\n<meta name=\"description\" content=\"Une d\u00e9l\u00e9gation de l\u2019UQAC participe au D\u00e9fi Cecobois 2025.\" \/>\r\n<meta name=\"robots\" content=\"index, follow, max-snippet:-1, max-image-preview:large, max-video-preview:-1\" \/>\r\n<link rel=\"canonical\" href=\"https:\/\/www.uqac.ca\/uqactualites\/2025\/01\/21\/une-delegation-de-luqac-participe-au-defi-cecobois-2025\/\" \/>\r\n<meta property=\"og:locale\" content=\"fr_CA\" \/>\r\n<meta property=\"og:type\" content=\"article\" \/>\r\n<meta property=\"og:title\" content=\"Une d\u00e9l\u00e9gation de l\u2019UQAC participe au D\u00e9fi Cecobois 2025 - UQACtualit\u00e9s\" \/>\r\n<meta property=\"og:description\" content=\"Une d\u00e9l\u00e9gation de l\u2019UQAC participe au D\u00e9fi Cecobois 2025.\" \/>\r\n<meta property=\"og:url\" content=\"https:\/\/www.uqac.ca\/uqactualites\/2025\/01\/21\/une-delegation-de-luqac-participe-au-defi-cecobois-2025\/\" \/>\r\n<meta property=\"og:site_name\" content=\"UQACtualit\u00e9s\" \/>\r\n<meta property=\"article:published_time\" content=\"2025-01-21T20:57:41+00:00\" \/>\r\n<meta property=\"og:image\" content=\"https:\/\/www.uqac.ca\/uqactualites\/wp-content\/uploads\/2025\/01\/Cecobois2025-1024x683.png\" \/>\r\n\t<meta property=\"og:image:width\" content=\"1024\" \/>\r\n\t<meta property=\"og:image:height\" content=\"683\" \/>\r\n\t<meta property=\"og:image:type\" content=\"image\/png\" \/>\r\n<meta name=\"author\" content=\"Service des communications et des relations publiques\" \/>\r\n<meta name=\"twitter:card\" content=\"summary_large_image\" \/>\r\n<meta name=\"twitter:label1\" content=\"\u00c9crit par\" \/>\n\t<meta name=\"twitter:data1\" content=\"Service des communications et des relations publiques\" \/>\n\t<meta name=\"twitter:label2\" content=\"Estimation du temps de lecture\" \/>\n\t<meta name=\"twitter:data2\" content=\"2 minutes\" \/>\r\n<script type=\"application\/ld+json\" class=\"yoast-schema-graph\">{\"@context\":\"https:\/\/schema.org\",\"@graph\":[{\"@type\":\"WebPage\",\"@id\":\"https:\/\/www.uqac.ca\/uqactualites\/2025\/01\/21\/une-delegation-de-luqac-participe-au-defi-cecobois-2025\/\",\"url\":\"https:\/\/www.uqac.ca\/uqactualites\/2025\/01\/21\/une-delegation-de-luqac-participe-au-defi-cecobois-2025\/\",\"name\":\"Une d\u00e9l\u00e9gation de l\u2019UQAC participe au D\u00e9fi Cecobois 2025 - UQACtualit\u00e9s\",\"isPartOf\":{\"@id\":\"https:\/\/www.uqac.ca\/uqactualites\/#website\"},\"primaryImageOfPage\":{\"@id\":\"https:\/\/www.uqac.ca\/uqactualites\/2025\/01\/21\/une-delegation-de-luqac-participe-au-defi-cecobois-2025\/#primaryimage\"},\"image\":{\"@id\":\"https:\/\/www.uqac.ca\/uqactualites\/2025\/01\/21\/une-delegation-de-luqac-participe-au-defi-cecobois-2025\/#primaryimage\"},\"thumbnailUrl\":\"https:\/\/www.uqac.ca\/uqactualites\/wp-content\/uploads\/2025\/01\/Cecobois2025.png\",\"datePublished\":\"2025-01-21T20:57:41+00:00\",\"dateModified\":\"2025-01-21T20:57:41+00:00\",\"author\":{\"@id\":\"https:\/\/www.uqac.ca\/uqactualites\/#\/schema\/person\/366c45a0c4f0e677b41b4af5886e2018\"},\"description\":\"Une d\u00e9l\u00e9gation de l\u2019UQAC participe au D\u00e9fi Cecobois 2025.\",\"breadcrumb\":{\"@id\":\"https:\/\/www.uqac.ca\/uqactualites\/2025\/01\/21\/une-delegation-de-luqac-participe-au-defi-cecobois-2025\/#breadcrumb\"},\"inLanguage\":\"fr-CA\",\"potentialAction\":[{\"@type\":\"ReadAction\",\"target\":[\"https:\/\/www.uqac.ca\/uqactualites\/2025\/01\/21\/une-delegation-de-luqac-participe-au-defi-cecobois-2025\/\"]}]},{\"@type\":\"ImageObject\",\"inLanguage\":\"fr-CA\",\"@id\":\"https:\/\/www.uqac.ca\/uqactualites\/2025\/01\/21\/une-delegation-de-luqac-participe-au-defi-cecobois-2025\/#primaryimage\",\"url\":\"https:\/\/www.uqac.ca\/uqactualites\/wp-content\/uploads\/2025\/01\/Cecobois2025.png\",\"contentUrl\":\"https:\/\/www.uqac.ca\/uqactualites\/wp-content\/uploads\/2025\/01\/Cecobois2025.png\",\"width\":2032,\"height\":1355,\"caption\":\"\u00a9 Cecobois - Les \u00e9tudiantes et \u00e9tudiants de l'UQAC accompagn\u00e9s de Sylvain M\u00e9nard, professeur au DSA\"},{\"@type\":\"BreadcrumbList\",\"@id\":\"https:\/\/www.uqac.ca\/uqactualites\/2025\/01\/21\/une-delegation-de-luqac-participe-au-defi-cecobois-2025\/#breadcrumb\",\"itemListElement\":[{\"@type\":\"ListItem\",\"position\":1,\"name\":\"Home\",\"item\":\"https:\/\/www.uqac.ca\/uqactualites\/\"},{\"@type\":\"ListItem\",\"position\":2,\"name\":\"Une d\u00e9l\u00e9gation de l\u2019UQAC participe au D\u00e9fi Cecobois 2025\"}]},{\"@type\":\"WebSite\",\"@id\":\"https:\/\/www.uqac.ca\/uqactualites\/#website\",\"url\":\"https:\/\/www.uqac.ca\/uqactualites\/\",\"name\":\"UQACtualit\u00e9s\",\"description\":\"Le portail des nouvelles de l&#039;UQAC\",\"potentialAction\":[{\"@type\":\"SearchAction\",\"target\":{\"@type\":\"EntryPoint\",\"urlTemplate\":\"https:\/\/www.uqac.ca\/uqactualites\/?s={search_term_string}\"},\"query-input\":{\"@type\":\"PropertyValueSpecification\",\"valueRequired\":true,\"valueName\":\"search_term_string\"}}],\"inLanguage\":\"fr-CA\"},{\"@type\":\"Person\",\"@id\":\"https:\/\/www.uqac.ca\/uqactualites\/#\/schema\/person\/366c45a0c4f0e677b41b4af5886e2018\",\"name\":\"Service des communications et des relations publiques\",\"image\":{\"@type\":\"ImageObject\",\"inLanguage\":\"fr-CA\",\"@id\":\"https:\/\/www.uqac.ca\/uqactualites\/#\/schema\/person\/image\/\",\"url\":\"https:\/\/secure.gravatar.com\/avatar\/20fbbda8a292f59f2d3461a5b999c00b?s=96&d=mm&r=g\",\"contentUrl\":\"https:\/\/secure.gravatar.com\/avatar\/20fbbda8a292f59f2d3461a5b999c00b?s=96&d=mm&r=g\",\"caption\":\"Service des communications et des relations publiques\"},\"url\":\"https:\/\/www.uqac.ca\/uqactualites\/author\/bap\/\"}]}<\/script>\r\n<!-- \/ Yoast SEO plugin. -->","yoast_head_json":{"title":"Une d\u00e9l\u00e9gation de l\u2019UQAC participe au D\u00e9fi Cecobois 2025 - UQACtualit\u00e9s","description":"Une d\u00e9l\u00e9gation de l\u2019UQAC participe au D\u00e9fi Cecobois 2025.","robots":{"index":"index","follow":"follow","max-snippet":"max-snippet:-1","max-image-preview":"max-image-preview:large","max-video-preview":"max-video-preview:-1"},"canonical":"https:\/\/www.uqac.ca\/uqactualites\/2025\/01\/21\/une-delegation-de-luqac-participe-au-defi-cecobois-2025\/","og_locale":"fr_CA","og_type":"article","og_title":"Une d\u00e9l\u00e9gation de l\u2019UQAC participe au D\u00e9fi Cecobois 2025 - UQACtualit\u00e9s","og_description":"Une d\u00e9l\u00e9gation de l\u2019UQAC participe au D\u00e9fi Cecobois 2025.","og_url":"https:\/\/www.uqac.ca\/uqactualites\/2025\/01\/21\/une-delegation-de-luqac-participe-au-defi-cecobois-2025\/","og_site_name":"UQACtualit\u00e9s","article_published_time":"2025-01-21T20:57:41+00:00","og_image":[{"width":1024,"height":683,"url":"https:\/\/www.uqac.ca\/uqactualites\/wp-content\/uploads\/2025\/01\/Cecobois2025-1024x683.png","type":"image\/png"}],"author":"Service des communications et des relations publiques","twitter_card":"summary_large_image","twitter_misc":{"\u00c9crit par":"Service des communications et des relations publiques","Estimation du temps de lecture":"2 minutes"},"schema":{"@context":"https:\/\/schema.org","@graph":[{"@type":"WebPage","@id":"https:\/\/www.uqac.ca\/uqactualites\/2025\/01\/21\/une-delegation-de-luqac-participe-au-defi-cecobois-2025\/","url":"https:\/\/www.uqac.ca\/uqactualites\/2025\/01\/21\/une-delegation-de-luqac-participe-au-defi-cecobois-2025\/","name":"Une d\u00e9l\u00e9gation de l\u2019UQAC participe au D\u00e9fi Cecobois 2025 - UQACtualit\u00e9s","isPartOf":{"@id":"https:\/\/www.uqac.ca\/uqactualites\/#website"},"primaryImageOfPage":{"@id":"https:\/\/www.uqac.ca\/uqactualites\/2025\/01\/21\/une-delegation-de-luqac-participe-au-defi-cecobois-2025\/#primaryimage"},"image":{"@id":"https:\/\/www.uqac.ca\/uqactualites\/2025\/01\/21\/une-delegation-de-luqac-participe-au-defi-cecobois-2025\/#primaryimage"},"thumbnailUrl":"https:\/\/www.uqac.ca\/uqactualites\/wp-content\/uploads\/2025\/01\/Cecobois2025.png","datePublished":"2025-01-21T20:57:41+00:00","dateModified":"2025-01-21T20:57:41+00:00","author":{"@id":"https:\/\/www.uqac.ca\/uqactualites\/#\/schema\/person\/366c45a0c4f0e677b41b4af5886e2018"},"description":"Une d\u00e9l\u00e9gation de l\u2019UQAC participe au D\u00e9fi Cecobois 2025.","breadcrumb":{"@id":"https:\/\/www.uqac.ca\/uqactualites\/2025\/01\/21\/une-delegation-de-luqac-participe-au-defi-cecobois-2025\/#breadcrumb"},"inLanguage":"fr-CA","potentialAction":[{"@type":"ReadAction","target":["https:\/\/www.uqac.ca\/uqactualites\/2025\/01\/21\/une-delegation-de-luqac-participe-au-defi-cecobois-2025\/"]}]},{"@type":"ImageObject","inLanguage":"fr-CA","@id":"https:\/\/www.uqac.ca\/uqactualites\/2025\/01\/21\/une-delegation-de-luqac-participe-au-defi-cecobois-2025\/#primaryimage","url":"https:\/\/www.uqac.ca\/uqactualites\/wp-content\/uploads\/2025\/01\/Cecobois2025.png","contentUrl":"https:\/\/www.uqac.ca\/uqactualites\/wp-content\/uploads\/2025\/01\/Cecobois2025.png","width":2032,"height":1355,"caption":"\u00a9 Cecobois - Les \u00e9tudiantes et \u00e9tudiants de l'UQAC accompagn\u00e9s de Sylvain M\u00e9nard, professeur au DSA"},{"@type":"BreadcrumbList","@id":"https:\/\/www.uqac.ca\/uqactualites\/2025\/01\/21\/une-delegation-de-luqac-participe-au-defi-cecobois-2025\/#breadcrumb","itemListElement":[{"@type":"ListItem","position":1,"name":"Home","item":"https:\/\/www.uqac.ca\/uqactualites\/"},{"@type":"ListItem","position":2,"name":"Une d\u00e9l\u00e9gation de l\u2019UQAC participe au D\u00e9fi Cecobois 2025"}]},{"@type":"WebSite","@id":"https:\/\/www.uqac.ca\/uqactualites\/#website","url":"https:\/\/www.uqac.ca\/uqactualites\/","name":"UQACtualit\u00e9s","description":"Le portail des nouvelles de l&#039;UQAC","potentialAction":[{"@type":"SearchAction","target":{"@type":"EntryPoint","urlTemplate":"https:\/\/www.uqac.ca\/uqactualites\/?s={search_term_string}"},"query-input":{"@type":"PropertyValueSpecification","valueRequired":true,"valueName":"search_term_string"}}],"inLanguage":"fr-CA"},{"@type":"Person","@id":"https:\/\/www.uqac.ca\/uqactualites\/#\/schema\/person\/366c45a0c4f0e677b41b4af5886e2018","name":"Service des communications et des relations publiques","image":{"@type":"ImageObject","inLanguage":"fr-CA","@id":"https:\/\/www.uqac.ca\/uqactualites\/#\/schema\/person\/image\/","url":"https:\/\/secure.gravatar.com\/avatar\/20fbbda8a292f59f2d3461a5b999c00b?s=96&d=mm&r=g","contentUrl":"https:\/\/secure.gravatar.com\/avatar\/20fbbda8a292f59f2d3461a5b999c00b?s=96&d=mm&r=g","caption":"Service des communications et des relations publiques"},"url":"https:\/\/www.uqac.ca\/uqactualites\/author\/bap\/"}]}},"_links":{"self":[{"href":"https:\/\/www.uqac.ca\/uqactualites\/wp-json\/wp\/v2\/posts\/49643"}],"collection":[{"href":"https:\/\/www.uqac.ca\/uqactualites\/wp-json\/wp\/v2\/posts"}],"about":[{"href":"https:\/\/www.uqac.ca\/uqactualites\/wp-json\/wp\/v2\/types\/post"}],"author":[{"embeddable":true,"href":"https:\/\/www.uqac.ca\/uqactualites\/wp-json\/wp\/v2\/users\/5"}],"replies":[{"embeddable":true,"href":"https:\/\/www.uqac.ca\/uqactualites\/wp-json\/wp\/v2\/comments?post=49643"}],"version-history":[{"count":5,"href":"https:\/\/www.uqac.ca\/uqactualites\/wp-json\/wp\/v2\/posts\/49643\/revisions"}],"predecessor-version":[{"id":49650,"href":"https:\/\/www.uqac.ca\/uqactualites\/wp-json\/wp\/v2\/posts\/49643\/revisions\/49650"}],"wp:featuredmedia":[{"embeddable":true,"href":"https:\/\/www.uqac.ca\/uqactualites\/wp-json\/wp\/v2\/media\/49645"}],"wp:attachment":[{"href":"https:\/\/www.uqac.ca\/uqactualites\/wp-json\/wp\/v2\/media?parent=49643"}],"wp:term":[{"taxonomy":"category","embeddable":true,"href":"https:\/\/www.uqac.ca\/uqactualites\/wp-json\/wp\/v2\/categories?post=49643"},{"taxonomy":"post_tag","embeddable":true,"href":"https:\/\/www.uqac.ca\/uqactualites\/wp-json\/wp\/v2\/tags?post=49643"}],"curies":[{"name":"wp","href":"https:\/\/api.w.org\/{rel}","templated":true}]}}