{"id":49661,"date":"2025-01-23T13:00:58","date_gmt":"2025-01-23T18:00:58","guid":{"rendered":"https:\/\/www.uqac.ca\/uqactualites\/?p=49661"},"modified":"2025-01-23T15:01:39","modified_gmt":"2025-01-23T20:01:39","slug":"la-deuxieme-edition-du-projet-sapin-des-fetes-a-ete-un-veritable-succes","status":"publish","type":"post","link":"https:\/\/www.uqac.ca\/uqactualites\/2025\/01\/23\/la-deuxieme-edition-du-projet-sapin-des-fetes-a-ete-un-veritable-succes\/","title":{"rendered":"La deuxi\u00e8me \u00e9dition du projet Sapin des F\u00eates a \u00e9t\u00e9 un v\u00e9ritable succ\u00e8s"},"content":{"rendered":"<p>Pour une deuxi\u00e8me ann\u00e9e cons\u00e9cutive, l\u2019initiative \u00e9tudiante <strong><a href=\"https:\/\/www.projetsapindesfetes.org\/\" target=\"_blank\" rel=\"noopener\">Sapin des F\u00eates<\/a><\/strong> a \u00e9gay\u00e9 les semaines pr\u00e9c\u00e9dant le cong\u00e9 de No\u00ebl pour le personnel et la communaut\u00e9 \u00e9tudiante de l\u2019UQAC, universit\u00e9 partenaire du Programme de formation m\u00e9dicale au Saguenay\u2212Lac-Saint-Jean (PFMS). Mais surtout, l\u2019\u00e9v\u00e8nement aura contribu\u00e9 \u00e0 offrir un cadeau tout neuf \u00e0 de nombreux enfants pris en charge par la Direction de la protection de la jeunesse de la r\u00e9gion.<\/p>\n<p>Ainsi, une \u00e9quipe de personnes \u00e9tudiantes au PFMS, chapeaut\u00e9e par Laurie-Anne Farley, initiatrice du projet local, a d\u00e9cor\u00e9 deux sapins de No\u00ebl avec 1\u00a0250 boules faites \u00e0 la main. Sur chacune d\u2019elles \u00e9tait inscrit le nom fictif d\u2019un enfant, son \u00e2ge et le choix d\u2019un cadeau. Les personnes int\u00e9ress\u00e9es (membres du personnel, personnes \u00e9tudiantes ou de la communaut\u00e9) choisissaient ensuite une ou des boules, achetaient le cadeau demand\u00e9 et l\u2019apportaient \u00e0 l\u2019universit\u00e9 lors des jours de cueillette. Cette ann\u00e9e, c\u2019est l\u2019\u00e9quivalent de 50\u00a0000\u00a0$ en cadeaux qui a \u00e9t\u00e9 transport\u00e9 au Centre jeunesse par les aides g\u00e9n\u00e9raux de l\u2019UQAC et les personnes \u00e9tudiantes en m\u00e9decine afin d\u2019\u00eatre offert aux enfants b\u00e9n\u00e9ficiant de services. Tout comme l\u2019UQAC et l\u2019Universit\u00e9 de Sherbrooke, d\u2019autres universit\u00e9s du Qu\u00e9bec participent au projet <strong>Sapin des F\u00eates<\/strong>, ce qui permet de cr\u00e9er un plus beau No\u00ebl \u00e0 plusieurs enfants de tous \u00e2ges de plusieurs r\u00e9gions.<\/p>\n<p>L\u2019engouement caus\u00e9 par ce magnifique projet est tel que les donateurs s\u2019assurent qu\u2019il se poursuive. Cette initiative est en voie de devenir une coutume de No\u00ebl incontournable \u00e0 l\u2019UQAC!<\/p>\n<p><strong>Quelques photos du comit\u00e9 et de tous les cadeaux amass\u00e9s<\/strong><\/p>\n<p><a href=\"https:\/\/www.uqac.ca\/uqactualites\/wp-content\/uploads\/2025\/01\/cadeauxcomite\u2560u-zoome\u2560u.heic\"><img decoding=\"async\" class=\"alignnone size-full wp-image-49664\" src=\"https:\/\/www.uqac.ca\/uqactualites\/wp-content\/uploads\/2025\/01\/cadeauxcomite\u2560u-zoome\u2560u.heic\" alt=\"\" \/><\/a> <img decoding=\"async\" class=\"alignnone size-full wp-image-49665\" src=\"https:\/\/www.uqac.ca\/uqactualites\/wp-content\/uploads\/2025\/01\/sapin-uqac.heic\" alt=\"\" \/><img loading=\"lazy\" decoding=\"async\" class=\"alignnone wp-image-49667 \" src=\"https:\/\/www.uqac.ca\/uqactualites\/wp-content\/uploads\/2025\/01\/cadeauxcomite\u2560u-zoome\u2560u-768x1024.jpg\" alt=\"\" width=\"308\" height=\"411\" srcset=\"https:\/\/www.uqac.ca\/uqactualites\/wp-content\/uploads\/2025\/01\/cadeauxcomite\u2560u-zoome\u2560u-768x1024.jpg 768w, https:\/\/www.uqac.ca\/uqactualites\/wp-content\/uploads\/2025\/01\/cadeauxcomite\u2560u-zoome\u2560u-225x300.jpg 225w, https:\/\/www.uqac.ca\/uqactualites\/wp-content\/uploads\/2025\/01\/cadeauxcomite\u2560u-zoome\u2560u-1152x1536.jpg 1152w, https:\/\/www.uqac.ca\/uqactualites\/wp-content\/uploads\/2025\/01\/cadeauxcomite\u2560u-zoome\u2560u-1536x2048.jpg 1536w, https:\/\/www.uqac.ca\/uqactualites\/wp-content\/uploads\/2025\/01\/cadeauxcomite\u2560u-zoome\u2560u-150x200.jpg 150w, https:\/\/www.uqac.ca\/uqactualites\/wp-content\/uploads\/2025\/01\/cadeauxcomite\u2560u-zoome\u2560u-300x400.jpg 300w, https:\/\/www.uqac.ca\/uqactualites\/wp-content\/uploads\/2025\/01\/cadeauxcomite\u2560u-zoome\u2560u-696x928.jpg 696w, https:\/\/www.uqac.ca\/uqactualites\/wp-content\/uploads\/2025\/01\/cadeauxcomite\u2560u-zoome\u2560u-1068x1424.jpg 1068w, https:\/\/www.uqac.ca\/uqactualites\/wp-content\/uploads\/2025\/01\/cadeauxcomite\u2560u-zoome\u2560u-scaled.jpg 1920w\" sizes=\"(max-width: 308px) 100vw, 308px\" \/> <img loading=\"lazy\" decoding=\"async\" class=\"alignnone wp-image-49668\" src=\"https:\/\/www.uqac.ca\/uqactualites\/wp-content\/uploads\/2025\/01\/sapin-uqac-scaled.jpg\" alt=\"\" width=\"307\" height=\"410\" srcset=\"https:\/\/www.uqac.ca\/uqactualites\/wp-content\/uploads\/2025\/01\/sapin-uqac-scaled.jpg 1920w, https:\/\/www.uqac.ca\/uqactualites\/wp-content\/uploads\/2025\/01\/sapin-uqac-225x300.jpg 225w, https:\/\/www.uqac.ca\/uqactualites\/wp-content\/uploads\/2025\/01\/sapin-uqac-768x1024.jpg 768w, https:\/\/www.uqac.ca\/uqactualites\/wp-content\/uploads\/2025\/01\/sapin-uqac-1152x1536.jpg 1152w, https:\/\/www.uqac.ca\/uqactualites\/wp-content\/uploads\/2025\/01\/sapin-uqac-1536x2048.jpg 1536w, https:\/\/www.uqac.ca\/uqactualites\/wp-content\/uploads\/2025\/01\/sapin-uqac-150x200.jpg 150w, https:\/\/www.uqac.ca\/uqactualites\/wp-content\/uploads\/2025\/01\/sapin-uqac-300x400.jpg 300w, https:\/\/www.uqac.ca\/uqactualites\/wp-content\/uploads\/2025\/01\/sapin-uqac-696x928.jpg 696w, https:\/\/www.uqac.ca\/uqactualites\/wp-content\/uploads\/2025\/01\/sapin-uqac-1068x1424.jpg 1068w\" sizes=\"(max-width: 307px) 100vw, 307px\" \/><\/p>\n","protected":false},"excerpt":{"rendered":"<p>Pour une deuxi\u00e8me ann\u00e9e cons\u00e9cutive, l\u2019initiative \u00e9tudiante Sapin des F\u00eates a \u00e9gay\u00e9 les semaines pr\u00e9c\u00e9dant le cong\u00e9 de No\u00ebl pour le personnel et la communaut\u00e9 \u00e9tudiante de l\u2019UQAC, universit\u00e9 partenaire du Programme de formation m\u00e9dicale au Saguenay\u2212Lac-Saint-Jean (PFMS). Mais surtout, l\u2019\u00e9v\u00e8nement aura contribu\u00e9 \u00e0 offrir un cadeau tout neuf \u00e0 de nombreux enfants pris en [&hellip;]<\/p>\n","protected":false},"author":5,"featured_media":49662,"comment_status":"closed","ping_status":"open","sticky":false,"template":"","format":"standard","meta":{"footnotes":""},"categories":[2795,2],"tags":[2265],"yoast_head":"<!-- This site is optimized with the Yoast SEO plugin v24.2 - https:\/\/yoast.com\/wordpress\/plugins\/seo\/ -->\r\n<title>La deuxi\u00e8me \u00e9dition du projet Sapin des F\u00eates a \u00e9t\u00e9 un v\u00e9ritable succ\u00e8s - UQACtualit\u00e9s<\/title>\r\n<meta name=\"description\" content=\"La deuxi\u00e8me \u00e9dition du Projet Sapin des F\u00eates a \u00e9t\u00e9 un v\u00e9ritable succ\u00e8s.\" \/>\r\n<meta name=\"robots\" content=\"index, follow, max-snippet:-1, max-image-preview:large, max-video-preview:-1\" \/>\r\n<link rel=\"canonical\" href=\"https:\/\/www.uqac.ca\/uqactualites\/2025\/01\/23\/la-deuxieme-edition-du-projet-sapin-des-fetes-a-ete-un-veritable-succes\/\" \/>\r\n<meta property=\"og:locale\" content=\"fr_CA\" \/>\r\n<meta property=\"og:type\" content=\"article\" \/>\r\n<meta property=\"og:title\" content=\"La deuxi\u00e8me \u00e9dition du projet Sapin des F\u00eates a \u00e9t\u00e9 un v\u00e9ritable succ\u00e8s - UQACtualit\u00e9s\" \/>\r\n<meta property=\"og:description\" content=\"La deuxi\u00e8me \u00e9dition du Projet Sapin des F\u00eates a \u00e9t\u00e9 un v\u00e9ritable succ\u00e8s.\" \/>\r\n<meta property=\"og:url\" content=\"https:\/\/www.uqac.ca\/uqactualites\/2025\/01\/23\/la-deuxieme-edition-du-projet-sapin-des-fetes-a-ete-un-veritable-succes\/\" \/>\r\n<meta property=\"og:site_name\" content=\"UQACtualit\u00e9s\" \/>\r\n<meta property=\"article:published_time\" content=\"2025-01-23T18:00:58+00:00\" \/>\r\n<meta property=\"article:modified_time\" content=\"2025-01-23T20:01:39+00:00\" \/>\r\n<meta property=\"og:image\" content=\"https:\/\/www.uqac.ca\/uqactualites\/wp-content\/uploads\/2025\/01\/cadeaux-total-tout-le-monde-1024x682.png\" \/>\r\n\t<meta property=\"og:image:width\" content=\"1024\" \/>\r\n\t<meta property=\"og:image:height\" content=\"682\" \/>\r\n\t<meta property=\"og:image:type\" content=\"image\/png\" \/>\r\n<meta name=\"author\" content=\"Service des communications et des relations publiques\" \/>\r\n<meta name=\"twitter:card\" content=\"summary_large_image\" \/>\r\n<meta name=\"twitter:label1\" content=\"\u00c9crit par\" \/>\n\t<meta name=\"twitter:data1\" content=\"Service des communications et des relations publiques\" \/>\n\t<meta name=\"twitter:label2\" content=\"Estimation du temps de lecture\" \/>\n\t<meta name=\"twitter:data2\" content=\"3 minutes\" \/>\r\n<script type=\"application\/ld+json\" class=\"yoast-schema-graph\">{\"@context\":\"https:\/\/schema.org\",\"@graph\":[{\"@type\":\"WebPage\",\"@id\":\"https:\/\/www.uqac.ca\/uqactualites\/2025\/01\/23\/la-deuxieme-edition-du-projet-sapin-des-fetes-a-ete-un-veritable-succes\/\",\"url\":\"https:\/\/www.uqac.ca\/uqactualites\/2025\/01\/23\/la-deuxieme-edition-du-projet-sapin-des-fetes-a-ete-un-veritable-succes\/\",\"name\":\"La deuxi\u00e8me \u00e9dition du projet Sapin des F\u00eates a \u00e9t\u00e9 un v\u00e9ritable succ\u00e8s - UQACtualit\u00e9s\",\"isPartOf\":{\"@id\":\"https:\/\/www.uqac.ca\/uqactualites\/#website\"},\"primaryImageOfPage\":{\"@id\":\"https:\/\/www.uqac.ca\/uqactualites\/2025\/01\/23\/la-deuxieme-edition-du-projet-sapin-des-fetes-a-ete-un-veritable-succes\/#primaryimage\"},\"image\":{\"@id\":\"https:\/\/www.uqac.ca\/uqactualites\/2025\/01\/23\/la-deuxieme-edition-du-projet-sapin-des-fetes-a-ete-un-veritable-succes\/#primaryimage\"},\"thumbnailUrl\":\"https:\/\/www.uqac.ca\/uqactualites\/wp-content\/uploads\/2025\/01\/cadeaux-total-tout-le-monde.png\",\"datePublished\":\"2025-01-23T18:00:58+00:00\",\"dateModified\":\"2025-01-23T20:01:39+00:00\",\"author\":{\"@id\":\"https:\/\/www.uqac.ca\/uqactualites\/#\/schema\/person\/366c45a0c4f0e677b41b4af5886e2018\"},\"description\":\"La deuxi\u00e8me \u00e9dition du Projet Sapin des F\u00eates a \u00e9t\u00e9 un v\u00e9ritable succ\u00e8s.\",\"breadcrumb\":{\"@id\":\"https:\/\/www.uqac.ca\/uqactualites\/2025\/01\/23\/la-deuxieme-edition-du-projet-sapin-des-fetes-a-ete-un-veritable-succes\/#breadcrumb\"},\"inLanguage\":\"fr-CA\",\"potentialAction\":[{\"@type\":\"ReadAction\",\"target\":[\"https:\/\/www.uqac.ca\/uqactualites\/2025\/01\/23\/la-deuxieme-edition-du-projet-sapin-des-fetes-a-ete-un-veritable-succes\/\"]}]},{\"@type\":\"ImageObject\",\"inLanguage\":\"fr-CA\",\"@id\":\"https:\/\/www.uqac.ca\/uqactualites\/2025\/01\/23\/la-deuxieme-edition-du-projet-sapin-des-fetes-a-ete-un-veritable-succes\/#primaryimage\",\"url\":\"https:\/\/www.uqac.ca\/uqactualites\/wp-content\/uploads\/2025\/01\/cadeaux-total-tout-le-monde.png\",\"contentUrl\":\"https:\/\/www.uqac.ca\/uqactualites\/wp-content\/uploads\/2025\/01\/cadeaux-total-tout-le-monde.png\",\"width\":1600,\"height\":1066},{\"@type\":\"BreadcrumbList\",\"@id\":\"https:\/\/www.uqac.ca\/uqactualites\/2025\/01\/23\/la-deuxieme-edition-du-projet-sapin-des-fetes-a-ete-un-veritable-succes\/#breadcrumb\",\"itemListElement\":[{\"@type\":\"ListItem\",\"position\":1,\"name\":\"Home\",\"item\":\"https:\/\/www.uqac.ca\/uqactualites\/\"},{\"@type\":\"ListItem\",\"position\":2,\"name\":\"La deuxi\u00e8me \u00e9dition du projet Sapin des F\u00eates a \u00e9t\u00e9 un v\u00e9ritable succ\u00e8s\"}]},{\"@type\":\"WebSite\",\"@id\":\"https:\/\/www.uqac.ca\/uqactualites\/#website\",\"url\":\"https:\/\/www.uqac.ca\/uqactualites\/\",\"name\":\"UQACtualit\u00e9s\",\"description\":\"Le portail des nouvelles de l&#039;UQAC\",\"potentialAction\":[{\"@type\":\"SearchAction\",\"target\":{\"@type\":\"EntryPoint\",\"urlTemplate\":\"https:\/\/www.uqac.ca\/uqactualites\/?s={search_term_string}\"},\"query-input\":{\"@type\":\"PropertyValueSpecification\",\"valueRequired\":true,\"valueName\":\"search_term_string\"}}],\"inLanguage\":\"fr-CA\"},{\"@type\":\"Person\",\"@id\":\"https:\/\/www.uqac.ca\/uqactualites\/#\/schema\/person\/366c45a0c4f0e677b41b4af5886e2018\",\"name\":\"Service des communications et des relations publiques\",\"image\":{\"@type\":\"ImageObject\",\"inLanguage\":\"fr-CA\",\"@id\":\"https:\/\/www.uqac.ca\/uqactualites\/#\/schema\/person\/image\/\",\"url\":\"https:\/\/secure.gravatar.com\/avatar\/20fbbda8a292f59f2d3461a5b999c00b?s=96&d=mm&r=g\",\"contentUrl\":\"https:\/\/secure.gravatar.com\/avatar\/20fbbda8a292f59f2d3461a5b999c00b?s=96&d=mm&r=g\",\"caption\":\"Service des communications et des relations publiques\"},\"url\":\"https:\/\/www.uqac.ca\/uqactualites\/author\/bap\/\"}]}<\/script>\r\n<!-- \/ Yoast SEO plugin. -->","yoast_head_json":{"title":"La deuxi\u00e8me \u00e9dition du projet Sapin des F\u00eates a \u00e9t\u00e9 un v\u00e9ritable succ\u00e8s - UQACtualit\u00e9s","description":"La deuxi\u00e8me \u00e9dition du Projet Sapin des F\u00eates a \u00e9t\u00e9 un v\u00e9ritable succ\u00e8s.","robots":{"index":"index","follow":"follow","max-snippet":"max-snippet:-1","max-image-preview":"max-image-preview:large","max-video-preview":"max-video-preview:-1"},"canonical":"https:\/\/www.uqac.ca\/uqactualites\/2025\/01\/23\/la-deuxieme-edition-du-projet-sapin-des-fetes-a-ete-un-veritable-succes\/","og_locale":"fr_CA","og_type":"article","og_title":"La deuxi\u00e8me \u00e9dition du projet Sapin des F\u00eates a \u00e9t\u00e9 un v\u00e9ritable succ\u00e8s - UQACtualit\u00e9s","og_description":"La deuxi\u00e8me \u00e9dition du Projet Sapin des F\u00eates a \u00e9t\u00e9 un v\u00e9ritable succ\u00e8s.","og_url":"https:\/\/www.uqac.ca\/uqactualites\/2025\/01\/23\/la-deuxieme-edition-du-projet-sapin-des-fetes-a-ete-un-veritable-succes\/","og_site_name":"UQACtualit\u00e9s","article_published_time":"2025-01-23T18:00:58+00:00","article_modified_time":"2025-01-23T20:01:39+00:00","og_image":[{"width":1024,"height":682,"url":"https:\/\/www.uqac.ca\/uqactualites\/wp-content\/uploads\/2025\/01\/cadeaux-total-tout-le-monde-1024x682.png","type":"image\/png"}],"author":"Service des communications et des relations publiques","twitter_card":"summary_large_image","twitter_misc":{"\u00c9crit par":"Service des communications et des relations publiques","Estimation du temps de lecture":"3 minutes"},"schema":{"@context":"https:\/\/schema.org","@graph":[{"@type":"WebPage","@id":"https:\/\/www.uqac.ca\/uqactualites\/2025\/01\/23\/la-deuxieme-edition-du-projet-sapin-des-fetes-a-ete-un-veritable-succes\/","url":"https:\/\/www.uqac.ca\/uqactualites\/2025\/01\/23\/la-deuxieme-edition-du-projet-sapin-des-fetes-a-ete-un-veritable-succes\/","name":"La deuxi\u00e8me \u00e9dition du projet Sapin des F\u00eates a \u00e9t\u00e9 un v\u00e9ritable succ\u00e8s - UQACtualit\u00e9s","isPartOf":{"@id":"https:\/\/www.uqac.ca\/uqactualites\/#website"},"primaryImageOfPage":{"@id":"https:\/\/www.uqac.ca\/uqactualites\/2025\/01\/23\/la-deuxieme-edition-du-projet-sapin-des-fetes-a-ete-un-veritable-succes\/#primaryimage"},"image":{"@id":"https:\/\/www.uqac.ca\/uqactualites\/2025\/01\/23\/la-deuxieme-edition-du-projet-sapin-des-fetes-a-ete-un-veritable-succes\/#primaryimage"},"thumbnailUrl":"https:\/\/www.uqac.ca\/uqactualites\/wp-content\/uploads\/2025\/01\/cadeaux-total-tout-le-monde.png","datePublished":"2025-01-23T18:00:58+00:00","dateModified":"2025-01-23T20:01:39+00:00","author":{"@id":"https:\/\/www.uqac.ca\/uqactualites\/#\/schema\/person\/366c45a0c4f0e677b41b4af5886e2018"},"description":"La deuxi\u00e8me \u00e9dition du Projet Sapin des F\u00eates a \u00e9t\u00e9 un v\u00e9ritable succ\u00e8s.","breadcrumb":{"@id":"https:\/\/www.uqac.ca\/uqactualites\/2025\/01\/23\/la-deuxieme-edition-du-projet-sapin-des-fetes-a-ete-un-veritable-succes\/#breadcrumb"},"inLanguage":"fr-CA","potentialAction":[{"@type":"ReadAction","target":["https:\/\/www.uqac.ca\/uqactualites\/2025\/01\/23\/la-deuxieme-edition-du-projet-sapin-des-fetes-a-ete-un-veritable-succes\/"]}]},{"@type":"ImageObject","inLanguage":"fr-CA","@id":"https:\/\/www.uqac.ca\/uqactualites\/2025\/01\/23\/la-deuxieme-edition-du-projet-sapin-des-fetes-a-ete-un-veritable-succes\/#primaryimage","url":"https:\/\/www.uqac.ca\/uqactualites\/wp-content\/uploads\/2025\/01\/cadeaux-total-tout-le-monde.png","contentUrl":"https:\/\/www.uqac.ca\/uqactualites\/wp-content\/uploads\/2025\/01\/cadeaux-total-tout-le-monde.png","width":1600,"height":1066},{"@type":"BreadcrumbList","@id":"https:\/\/www.uqac.ca\/uqactualites\/2025\/01\/23\/la-deuxieme-edition-du-projet-sapin-des-fetes-a-ete-un-veritable-succes\/#breadcrumb","itemListElement":[{"@type":"ListItem","position":1,"name":"Home","item":"https:\/\/www.uqac.ca\/uqactualites\/"},{"@type":"ListItem","position":2,"name":"La deuxi\u00e8me \u00e9dition du projet Sapin des F\u00eates a \u00e9t\u00e9 un v\u00e9ritable succ\u00e8s"}]},{"@type":"WebSite","@id":"https:\/\/www.uqac.ca\/uqactualites\/#website","url":"https:\/\/www.uqac.ca\/uqactualites\/","name":"UQACtualit\u00e9s","description":"Le portail des nouvelles de l&#039;UQAC","potentialAction":[{"@type":"SearchAction","target":{"@type":"EntryPoint","urlTemplate":"https:\/\/www.uqac.ca\/uqactualites\/?s={search_term_string}"},"query-input":{"@type":"PropertyValueSpecification","valueRequired":true,"valueName":"search_term_string"}}],"inLanguage":"fr-CA"},{"@type":"Person","@id":"https:\/\/www.uqac.ca\/uqactualites\/#\/schema\/person\/366c45a0c4f0e677b41b4af5886e2018","name":"Service des communications et des relations publiques","image":{"@type":"ImageObject","inLanguage":"fr-CA","@id":"https:\/\/www.uqac.ca\/uqactualites\/#\/schema\/person\/image\/","url":"https:\/\/secure.gravatar.com\/avatar\/20fbbda8a292f59f2d3461a5b999c00b?s=96&d=mm&r=g","contentUrl":"https:\/\/secure.gravatar.com\/avatar\/20fbbda8a292f59f2d3461a5b999c00b?s=96&d=mm&r=g","caption":"Service des communications et des relations publiques"},"url":"https:\/\/www.uqac.ca\/uqactualites\/author\/bap\/"}]}},"_links":{"self":[{"href":"https:\/\/www.uqac.ca\/uqactualites\/wp-json\/wp\/v2\/posts\/49661"}],"collection":[{"href":"https:\/\/www.uqac.ca\/uqactualites\/wp-json\/wp\/v2\/posts"}],"about":[{"href":"https:\/\/www.uqac.ca\/uqactualites\/wp-json\/wp\/v2\/types\/post"}],"author":[{"embeddable":true,"href":"https:\/\/www.uqac.ca\/uqactualites\/wp-json\/wp\/v2\/users\/5"}],"replies":[{"embeddable":true,"href":"https:\/\/www.uqac.ca\/uqactualites\/wp-json\/wp\/v2\/comments?post=49661"}],"version-history":[{"count":7,"href":"https:\/\/www.uqac.ca\/uqactualites\/wp-json\/wp\/v2\/posts\/49661\/revisions"}],"predecessor-version":[{"id":49673,"href":"https:\/\/www.uqac.ca\/uqactualites\/wp-json\/wp\/v2\/posts\/49661\/revisions\/49673"}],"wp:featuredmedia":[{"embeddable":true,"href":"https:\/\/www.uqac.ca\/uqactualites\/wp-json\/wp\/v2\/media\/49662"}],"wp:attachment":[{"href":"https:\/\/www.uqac.ca\/uqactualites\/wp-json\/wp\/v2\/media?parent=49661"}],"wp:term":[{"taxonomy":"category","embeddable":true,"href":"https:\/\/www.uqac.ca\/uqactualites\/wp-json\/wp\/v2\/categories?post=49661"},{"taxonomy":"post_tag","embeddable":true,"href":"https:\/\/www.uqac.ca\/uqactualites\/wp-json\/wp\/v2\/tags?post=49661"}],"curies":[{"name":"wp","href":"https:\/\/api.w.org\/{rel}","templated":true}]}}