{"id":49683,"date":"2025-01-27T13:48:24","date_gmt":"2025-01-27T18:48:24","guid":{"rendered":"https:\/\/www.uqac.ca\/uqactualites\/?p=49683"},"modified":"2025-01-27T13:52:48","modified_gmt":"2025-01-27T18:52:48","slug":"dse-syndicat-des-chargees-et-charges-de-cours-recompensent-des-etudiantes-stagiaires-en-enseignement","status":"publish","type":"post","link":"https:\/\/www.uqac.ca\/uqactualites\/2025\/01\/27\/dse-syndicat-des-chargees-et-charges-de-cours-recompensent-des-etudiantes-stagiaires-en-enseignement\/","title":{"rendered":"Le DS\u00c9 et le syndicat des charg\u00e9es et charg\u00e9s de cours r\u00e9compensent des \u00e9tudiantes stagiaires en enseignement"},"content":{"rendered":"<p>C\u2019est \u00e0 l\u2019occasion de la remise des bourses des stages en enseignement qui se tenait le 24\u00a0janvier dernier que le D\u00e9partement des sciences de l\u2019\u00e9ducation et le syndicat des charg\u00e9es et charg\u00e9s de cours ont honor\u00e9 le parcours exceptionnel de quatre \u00e9tudiantes en stage en enseignement au trimestre d\u2019automne\u00a02024.<\/p>\n<p>Cette remise de bourses a permis de souligner le parcours exemplaire et innovateur de ces \u00e9tudiantes dans le cadre de leur stage en enseignement. Une bourse de 350\u00a0$ a \u00e9t\u00e9 offerte \u00e0 chacune d\u2019elles.<\/p>\n<p>F\u00e9licitations \u00e0 ces \u00e9tudiantes et bonne continuit\u00e9!<\/p>\n","protected":false},"excerpt":{"rendered":"<p>C\u2019est \u00e0 l\u2019occasion de la remise des bourses des stages en enseignement qui se tenait le 24\u00a0janvier dernier que le D\u00e9partement des sciences de l\u2019\u00e9ducation et le syndicat des charg\u00e9es et charg\u00e9s de cours ont honor\u00e9 le parcours exceptionnel de quatre \u00e9tudiantes en stage en enseignement au trimestre d\u2019automne\u00a02024. Cette remise de bourses a permis [&hellip;]<\/p>\n","protected":false},"author":5,"featured_media":49684,"comment_status":"closed","ping_status":"open","sticky":false,"template":"","format":"standard","meta":{"footnotes":""},"categories":[2795,2],"tags":[54,5],"yoast_head":"<!-- This site is optimized with the Yoast SEO plugin v24.2 - https:\/\/yoast.com\/wordpress\/plugins\/seo\/ -->\r\n<title>Le DS\u00c9 et le syndicat des charg\u00e9es et charg\u00e9s de cours r\u00e9compensent des \u00e9tudiantes stagiaires en enseignement - UQACtualit\u00e9s<\/title>\r\n<meta name=\"description\" content=\"Le D\u00e9partement des sciences de l\u2019\u00e9ducation et le syndicat des charg\u00e9es et charg\u00e9s de cours de l\u2019UQAC r\u00e9compensent des \u00e9tudiantes stagiaires en enseignement.\" \/>\r\n<meta name=\"robots\" content=\"index, follow, max-snippet:-1, max-image-preview:large, max-video-preview:-1\" \/>\r\n<link rel=\"canonical\" href=\"https:\/\/www.uqac.ca\/uqactualites\/2025\/01\/27\/dse-syndicat-des-chargees-et-charges-de-cours-recompensent-des-etudiantes-stagiaires-en-enseignement\/\" \/>\r\n<meta property=\"og:locale\" content=\"fr_CA\" \/>\r\n<meta property=\"og:type\" content=\"article\" \/>\r\n<meta property=\"og:title\" content=\"Le DS\u00c9 et le syndicat des charg\u00e9es et charg\u00e9s de cours r\u00e9compensent des \u00e9tudiantes stagiaires en enseignement - UQACtualit\u00e9s\" \/>\r\n<meta property=\"og:description\" content=\"Le D\u00e9partement des sciences de l\u2019\u00e9ducation et le syndicat des charg\u00e9es et charg\u00e9s de cours de l\u2019UQAC r\u00e9compensent des \u00e9tudiantes stagiaires en enseignement.\" \/>\r\n<meta property=\"og:url\" content=\"https:\/\/www.uqac.ca\/uqactualites\/2025\/01\/27\/dse-syndicat-des-chargees-et-charges-de-cours-recompensent-des-etudiantes-stagiaires-en-enseignement\/\" \/>\r\n<meta property=\"og:site_name\" content=\"UQACtualit\u00e9s\" \/>\r\n<meta property=\"article:published_time\" content=\"2025-01-27T18:48:24+00:00\" \/>\r\n<meta property=\"article:modified_time\" content=\"2025-01-27T18:52:48+00:00\" \/>\r\n<meta property=\"og:image\" content=\"https:\/\/www.uqac.ca\/uqactualites\/wp-content\/uploads\/2025\/01\/Bourse_stage_enseignement-scaled.jpg\" \/>\r\n\t<meta property=\"og:image:width\" content=\"2560\" \/>\r\n\t<meta property=\"og:image:height\" content=\"1920\" \/>\r\n\t<meta property=\"og:image:type\" content=\"image\/jpeg\" \/>\r\n<meta name=\"author\" content=\"Service des communications et des relations publiques\" \/>\r\n<meta name=\"twitter:card\" content=\"summary_large_image\" \/>\r\n<meta name=\"twitter:label1\" content=\"\u00c9crit par\" \/>\n\t<meta name=\"twitter:data1\" content=\"Service des communications et des relations publiques\" \/>\n\t<meta name=\"twitter:label2\" content=\"Estimation du temps de lecture\" \/>\n\t<meta name=\"twitter:data2\" content=\"1 minute\" \/>\r\n<script type=\"application\/ld+json\" class=\"yoast-schema-graph\">{\"@context\":\"https:\/\/schema.org\",\"@graph\":[{\"@type\":\"WebPage\",\"@id\":\"https:\/\/www.uqac.ca\/uqactualites\/2025\/01\/27\/dse-syndicat-des-chargees-et-charges-de-cours-recompensent-des-etudiantes-stagiaires-en-enseignement\/\",\"url\":\"https:\/\/www.uqac.ca\/uqactualites\/2025\/01\/27\/dse-syndicat-des-chargees-et-charges-de-cours-recompensent-des-etudiantes-stagiaires-en-enseignement\/\",\"name\":\"Le DS\u00c9 et le syndicat des charg\u00e9es et charg\u00e9s de cours r\u00e9compensent des \u00e9tudiantes stagiaires en enseignement - UQACtualit\u00e9s\",\"isPartOf\":{\"@id\":\"https:\/\/www.uqac.ca\/uqactualites\/#website\"},\"primaryImageOfPage\":{\"@id\":\"https:\/\/www.uqac.ca\/uqactualites\/2025\/01\/27\/dse-syndicat-des-chargees-et-charges-de-cours-recompensent-des-etudiantes-stagiaires-en-enseignement\/#primaryimage\"},\"image\":{\"@id\":\"https:\/\/www.uqac.ca\/uqactualites\/2025\/01\/27\/dse-syndicat-des-chargees-et-charges-de-cours-recompensent-des-etudiantes-stagiaires-en-enseignement\/#primaryimage\"},\"thumbnailUrl\":\"https:\/\/www.uqac.ca\/uqactualites\/wp-content\/uploads\/2025\/01\/Bourse_stage_enseignement-scaled.jpg\",\"datePublished\":\"2025-01-27T18:48:24+00:00\",\"dateModified\":\"2025-01-27T18:52:48+00:00\",\"author\":{\"@id\":\"https:\/\/www.uqac.ca\/uqactualites\/#\/schema\/person\/366c45a0c4f0e677b41b4af5886e2018\"},\"description\":\"Le D\u00e9partement des sciences de l\u2019\u00e9ducation et le syndicat des charg\u00e9es et charg\u00e9s de cours de l\u2019UQAC r\u00e9compensent des \u00e9tudiantes stagiaires en enseignement.\",\"breadcrumb\":{\"@id\":\"https:\/\/www.uqac.ca\/uqactualites\/2025\/01\/27\/dse-syndicat-des-chargees-et-charges-de-cours-recompensent-des-etudiantes-stagiaires-en-enseignement\/#breadcrumb\"},\"inLanguage\":\"fr-CA\",\"potentialAction\":[{\"@type\":\"ReadAction\",\"target\":[\"https:\/\/www.uqac.ca\/uqactualites\/2025\/01\/27\/dse-syndicat-des-chargees-et-charges-de-cours-recompensent-des-etudiantes-stagiaires-en-enseignement\/\"]}]},{\"@type\":\"ImageObject\",\"inLanguage\":\"fr-CA\",\"@id\":\"https:\/\/www.uqac.ca\/uqactualites\/2025\/01\/27\/dse-syndicat-des-chargees-et-charges-de-cours-recompensent-des-etudiantes-stagiaires-en-enseignement\/#primaryimage\",\"url\":\"https:\/\/www.uqac.ca\/uqactualites\/wp-content\/uploads\/2025\/01\/Bourse_stage_enseignement-scaled.jpg\",\"contentUrl\":\"https:\/\/www.uqac.ca\/uqactualites\/wp-content\/uploads\/2025\/01\/Bourse_stage_enseignement-scaled.jpg\",\"width\":2560,\"height\":1920,\"caption\":\"Sur la photo de gauche \u00e0 droite : Denise Pedneault, superviseure de stage, Pascale Dallaire, enseignante associ\u00e9e, Naomie Sasseville, \u00e9tudiante r\u00e9cipiendaire, Roxanne Tremblay, \u00e9tudiante r\u00e9cipiendaire, France Gagnon, superviseure de stage, Marie-Pierre Fillion, \u00e9tudiante r\u00e9cipiendaire, France Tremblay, superviseure de stage, Coralie Nadeau, \u00e9tudiante r\u00e9cipiendaire, Marie-\u00c8ve Dion, enseignante associ\u00e9e, Carole C\u00f4t\u00e9, directrice par int\u00e9rim du d\u00e9partement des sciences de l\u2019\u00e9ducation, Jessica B\u00e9rub\u00e9, repr\u00e9sentante du syndicat des charg\u00e9es et charg\u00e9s de cours de l\u2019UQAC Absentes sur la photo : Sandra Coulombe, superviseure de stage, Sarah-Sandra Cloutier, enseignante associ\u00e9e, Sophie Simard, enseignante associ\u00e9e\"},{\"@type\":\"BreadcrumbList\",\"@id\":\"https:\/\/www.uqac.ca\/uqactualites\/2025\/01\/27\/dse-syndicat-des-chargees-et-charges-de-cours-recompensent-des-etudiantes-stagiaires-en-enseignement\/#breadcrumb\",\"itemListElement\":[{\"@type\":\"ListItem\",\"position\":1,\"name\":\"Home\",\"item\":\"https:\/\/www.uqac.ca\/uqactualites\/\"},{\"@type\":\"ListItem\",\"position\":2,\"name\":\"Le DS\u00c9 et le syndicat des charg\u00e9es et charg\u00e9s de cours r\u00e9compensent des \u00e9tudiantes stagiaires en enseignement\"}]},{\"@type\":\"WebSite\",\"@id\":\"https:\/\/www.uqac.ca\/uqactualites\/#website\",\"url\":\"https:\/\/www.uqac.ca\/uqactualites\/\",\"name\":\"UQACtualit\u00e9s\",\"description\":\"Le portail des nouvelles de l&#039;UQAC\",\"potentialAction\":[{\"@type\":\"SearchAction\",\"target\":{\"@type\":\"EntryPoint\",\"urlTemplate\":\"https:\/\/www.uqac.ca\/uqactualites\/?s={search_term_string}\"},\"query-input\":{\"@type\":\"PropertyValueSpecification\",\"valueRequired\":true,\"valueName\":\"search_term_string\"}}],\"inLanguage\":\"fr-CA\"},{\"@type\":\"Person\",\"@id\":\"https:\/\/www.uqac.ca\/uqactualites\/#\/schema\/person\/366c45a0c4f0e677b41b4af5886e2018\",\"name\":\"Service des communications et des relations publiques\",\"image\":{\"@type\":\"ImageObject\",\"inLanguage\":\"fr-CA\",\"@id\":\"https:\/\/www.uqac.ca\/uqactualites\/#\/schema\/person\/image\/\",\"url\":\"https:\/\/secure.gravatar.com\/avatar\/20fbbda8a292f59f2d3461a5b999c00b?s=96&d=mm&r=g\",\"contentUrl\":\"https:\/\/secure.gravatar.com\/avatar\/20fbbda8a292f59f2d3461a5b999c00b?s=96&d=mm&r=g\",\"caption\":\"Service des communications et des relations publiques\"},\"url\":\"https:\/\/www.uqac.ca\/uqactualites\/author\/bap\/\"}]}<\/script>\r\n<!-- \/ Yoast SEO plugin. -->","yoast_head_json":{"title":"Le DS\u00c9 et le syndicat des charg\u00e9es et charg\u00e9s de cours r\u00e9compensent des \u00e9tudiantes stagiaires en enseignement - UQACtualit\u00e9s","description":"Le D\u00e9partement des sciences de l\u2019\u00e9ducation et le syndicat des charg\u00e9es et charg\u00e9s de cours de l\u2019UQAC r\u00e9compensent des \u00e9tudiantes stagiaires en enseignement.","robots":{"index":"index","follow":"follow","max-snippet":"max-snippet:-1","max-image-preview":"max-image-preview:large","max-video-preview":"max-video-preview:-1"},"canonical":"https:\/\/www.uqac.ca\/uqactualites\/2025\/01\/27\/dse-syndicat-des-chargees-et-charges-de-cours-recompensent-des-etudiantes-stagiaires-en-enseignement\/","og_locale":"fr_CA","og_type":"article","og_title":"Le DS\u00c9 et le syndicat des charg\u00e9es et charg\u00e9s de cours r\u00e9compensent des \u00e9tudiantes stagiaires en enseignement - UQACtualit\u00e9s","og_description":"Le D\u00e9partement des sciences de l\u2019\u00e9ducation et le syndicat des charg\u00e9es et charg\u00e9s de cours de l\u2019UQAC r\u00e9compensent des \u00e9tudiantes stagiaires en enseignement.","og_url":"https:\/\/www.uqac.ca\/uqactualites\/2025\/01\/27\/dse-syndicat-des-chargees-et-charges-de-cours-recompensent-des-etudiantes-stagiaires-en-enseignement\/","og_site_name":"UQACtualit\u00e9s","article_published_time":"2025-01-27T18:48:24+00:00","article_modified_time":"2025-01-27T18:52:48+00:00","og_image":[{"width":2560,"height":1920,"url":"https:\/\/www.uqac.ca\/uqactualites\/wp-content\/uploads\/2025\/01\/Bourse_stage_enseignement-scaled.jpg","type":"image\/jpeg"}],"author":"Service des communications et des relations publiques","twitter_card":"summary_large_image","twitter_misc":{"\u00c9crit par":"Service des communications et des relations publiques","Estimation du temps de lecture":"1 minute"},"schema":{"@context":"https:\/\/schema.org","@graph":[{"@type":"WebPage","@id":"https:\/\/www.uqac.ca\/uqactualites\/2025\/01\/27\/dse-syndicat-des-chargees-et-charges-de-cours-recompensent-des-etudiantes-stagiaires-en-enseignement\/","url":"https:\/\/www.uqac.ca\/uqactualites\/2025\/01\/27\/dse-syndicat-des-chargees-et-charges-de-cours-recompensent-des-etudiantes-stagiaires-en-enseignement\/","name":"Le DS\u00c9 et le syndicat des charg\u00e9es et charg\u00e9s de cours r\u00e9compensent des \u00e9tudiantes stagiaires en enseignement - UQACtualit\u00e9s","isPartOf":{"@id":"https:\/\/www.uqac.ca\/uqactualites\/#website"},"primaryImageOfPage":{"@id":"https:\/\/www.uqac.ca\/uqactualites\/2025\/01\/27\/dse-syndicat-des-chargees-et-charges-de-cours-recompensent-des-etudiantes-stagiaires-en-enseignement\/#primaryimage"},"image":{"@id":"https:\/\/www.uqac.ca\/uqactualites\/2025\/01\/27\/dse-syndicat-des-chargees-et-charges-de-cours-recompensent-des-etudiantes-stagiaires-en-enseignement\/#primaryimage"},"thumbnailUrl":"https:\/\/www.uqac.ca\/uqactualites\/wp-content\/uploads\/2025\/01\/Bourse_stage_enseignement-scaled.jpg","datePublished":"2025-01-27T18:48:24+00:00","dateModified":"2025-01-27T18:52:48+00:00","author":{"@id":"https:\/\/www.uqac.ca\/uqactualites\/#\/schema\/person\/366c45a0c4f0e677b41b4af5886e2018"},"description":"Le D\u00e9partement des sciences de l\u2019\u00e9ducation et le syndicat des charg\u00e9es et charg\u00e9s de cours de l\u2019UQAC r\u00e9compensent des \u00e9tudiantes stagiaires en enseignement.","breadcrumb":{"@id":"https:\/\/www.uqac.ca\/uqactualites\/2025\/01\/27\/dse-syndicat-des-chargees-et-charges-de-cours-recompensent-des-etudiantes-stagiaires-en-enseignement\/#breadcrumb"},"inLanguage":"fr-CA","potentialAction":[{"@type":"ReadAction","target":["https:\/\/www.uqac.ca\/uqactualites\/2025\/01\/27\/dse-syndicat-des-chargees-et-charges-de-cours-recompensent-des-etudiantes-stagiaires-en-enseignement\/"]}]},{"@type":"ImageObject","inLanguage":"fr-CA","@id":"https:\/\/www.uqac.ca\/uqactualites\/2025\/01\/27\/dse-syndicat-des-chargees-et-charges-de-cours-recompensent-des-etudiantes-stagiaires-en-enseignement\/#primaryimage","url":"https:\/\/www.uqac.ca\/uqactualites\/wp-content\/uploads\/2025\/01\/Bourse_stage_enseignement-scaled.jpg","contentUrl":"https:\/\/www.uqac.ca\/uqactualites\/wp-content\/uploads\/2025\/01\/Bourse_stage_enseignement-scaled.jpg","width":2560,"height":1920,"caption":"Sur la photo de gauche \u00e0 droite : Denise Pedneault, superviseure de stage, Pascale Dallaire, enseignante associ\u00e9e, Naomie Sasseville, \u00e9tudiante r\u00e9cipiendaire, Roxanne Tremblay, \u00e9tudiante r\u00e9cipiendaire, France Gagnon, superviseure de stage, Marie-Pierre Fillion, \u00e9tudiante r\u00e9cipiendaire, France Tremblay, superviseure de stage, Coralie Nadeau, \u00e9tudiante r\u00e9cipiendaire, Marie-\u00c8ve Dion, enseignante associ\u00e9e, Carole C\u00f4t\u00e9, directrice par int\u00e9rim du d\u00e9partement des sciences de l\u2019\u00e9ducation, Jessica B\u00e9rub\u00e9, repr\u00e9sentante du syndicat des charg\u00e9es et charg\u00e9s de cours de l\u2019UQAC Absentes sur la photo : Sandra Coulombe, superviseure de stage, Sarah-Sandra Cloutier, enseignante associ\u00e9e, Sophie Simard, enseignante associ\u00e9e"},{"@type":"BreadcrumbList","@id":"https:\/\/www.uqac.ca\/uqactualites\/2025\/01\/27\/dse-syndicat-des-chargees-et-charges-de-cours-recompensent-des-etudiantes-stagiaires-en-enseignement\/#breadcrumb","itemListElement":[{"@type":"ListItem","position":1,"name":"Home","item":"https:\/\/www.uqac.ca\/uqactualites\/"},{"@type":"ListItem","position":2,"name":"Le DS\u00c9 et le syndicat des charg\u00e9es et charg\u00e9s de cours r\u00e9compensent des \u00e9tudiantes stagiaires en enseignement"}]},{"@type":"WebSite","@id":"https:\/\/www.uqac.ca\/uqactualites\/#website","url":"https:\/\/www.uqac.ca\/uqactualites\/","name":"UQACtualit\u00e9s","description":"Le portail des nouvelles de l&#039;UQAC","potentialAction":[{"@type":"SearchAction","target":{"@type":"EntryPoint","urlTemplate":"https:\/\/www.uqac.ca\/uqactualites\/?s={search_term_string}"},"query-input":{"@type":"PropertyValueSpecification","valueRequired":true,"valueName":"search_term_string"}}],"inLanguage":"fr-CA"},{"@type":"Person","@id":"https:\/\/www.uqac.ca\/uqactualites\/#\/schema\/person\/366c45a0c4f0e677b41b4af5886e2018","name":"Service des communications et des relations publiques","image":{"@type":"ImageObject","inLanguage":"fr-CA","@id":"https:\/\/www.uqac.ca\/uqactualites\/#\/schema\/person\/image\/","url":"https:\/\/secure.gravatar.com\/avatar\/20fbbda8a292f59f2d3461a5b999c00b?s=96&d=mm&r=g","contentUrl":"https:\/\/secure.gravatar.com\/avatar\/20fbbda8a292f59f2d3461a5b999c00b?s=96&d=mm&r=g","caption":"Service des communications et des relations publiques"},"url":"https:\/\/www.uqac.ca\/uqactualites\/author\/bap\/"}]}},"_links":{"self":[{"href":"https:\/\/www.uqac.ca\/uqactualites\/wp-json\/wp\/v2\/posts\/49683"}],"collection":[{"href":"https:\/\/www.uqac.ca\/uqactualites\/wp-json\/wp\/v2\/posts"}],"about":[{"href":"https:\/\/www.uqac.ca\/uqactualites\/wp-json\/wp\/v2\/types\/post"}],"author":[{"embeddable":true,"href":"https:\/\/www.uqac.ca\/uqactualites\/wp-json\/wp\/v2\/users\/5"}],"replies":[{"embeddable":true,"href":"https:\/\/www.uqac.ca\/uqactualites\/wp-json\/wp\/v2\/comments?post=49683"}],"version-history":[{"count":8,"href":"https:\/\/www.uqac.ca\/uqactualites\/wp-json\/wp\/v2\/posts\/49683\/revisions"}],"predecessor-version":[{"id":49694,"href":"https:\/\/www.uqac.ca\/uqactualites\/wp-json\/wp\/v2\/posts\/49683\/revisions\/49694"}],"wp:featuredmedia":[{"embeddable":true,"href":"https:\/\/www.uqac.ca\/uqactualites\/wp-json\/wp\/v2\/media\/49684"}],"wp:attachment":[{"href":"https:\/\/www.uqac.ca\/uqactualites\/wp-json\/wp\/v2\/media?parent=49683"}],"wp:term":[{"taxonomy":"category","embeddable":true,"href":"https:\/\/www.uqac.ca\/uqactualites\/wp-json\/wp\/v2\/categories?post=49683"},{"taxonomy":"post_tag","embeddable":true,"href":"https:\/\/www.uqac.ca\/uqactualites\/wp-json\/wp\/v2\/tags?post=49683"}],"curies":[{"name":"wp","href":"https:\/\/api.w.org\/{rel}","templated":true}]}}