{"id":49760,"date":"2025-02-03T19:25:38","date_gmt":"2025-02-04T00:25:38","guid":{"rendered":"https:\/\/www.uqac.ca\/uqactualites\/?p=49760"},"modified":"2025-02-03T19:25:38","modified_gmt":"2025-02-04T00:25:38","slug":"la-finale-du-concours-mt180-lance-les-rendez-vous-de-la-recherche-et-de-la-creation","status":"publish","type":"post","link":"https:\/\/www.uqac.ca\/uqactualites\/2025\/02\/03\/la-finale-du-concours-mt180-lance-les-rendez-vous-de-la-recherche-et-de-la-creation\/","title":{"rendered":"La finale du concours MT180 lance les Rendez-vous de la recherche et de la cr\u00e9ation"},"content":{"rendered":"<p>Les Rendez-vous de la recherche et de la cr\u00e9ation ont d\u00e9but\u00e9 en force \u00e0 l\u2019UQAC avec la finale locale du concours \u00ab Ma th\u00e8se en 180 secondes \u00bb. Devant un public captiv\u00e9, les finalistes ont relev\u00e9 le d\u00e9fi de vulgariser leurs sujets de recherche en seulement trois minutes, un exercice exigeant qui met \u00e0 l\u2019\u00e9preuve leurs talents de communication et leur capacit\u00e9 de synth\u00e8se.<\/p>\n<p>Les finalistes du concours MT180 ont brill\u00e9 par leur capacit\u00e9 \u00e0 condenser leur projet en un discours clair et percutant. Cette finale locale a \u00e9t\u00e9 l\u2019occasion de d\u00e9montrer leurs comp\u00e9tences de vulgarisation et rappelle l&rsquo;importance de la transmission des savoirs. Les finalistes, gr\u00e2ce \u00e0 leur passion et leur cr\u00e9ativit\u00e9, ont offert au public un aper\u00e7u fascinant des recherches qui fa\u00e7onneront le futur. Le concours MT180, en plus d\u2019\u00eatre un d\u00e9fi acad\u00e9mique, est une plateforme qui permet \u00e0 ces jeunes chercheurs et chercheuses de se pr\u00e9parer \u00e0 un avenir o\u00f9 la communication scientifique jouera un r\u00f4le cl\u00e9.<\/p>\n<p>Voici les r\u00e9sultats \u00e0 l\u2019issue de cette finale locale :<\/p>\n<ul>\n<li>1<sup>er<\/sup> prix (bourse de 1 000 $) : Sophie Nadeau-Tremblay<\/li>\n<li>2<sup>e<\/sup> prix (bourse de 750 $) : Papa Moussa Faye<\/li>\n<li>3<sup>e<\/sup> prix (bourse de 600 $)\u00a0: Tobie Cerclet<\/li>\n<li>Prix du public et finaliste (bourse de 500 $) : Vineeth Reddy Karnati<\/li>\n<li>Finalistes (bourses de 250 $) : Audrey P\u00e9pin, Ann-Sophie Simard et Laura Soulat<\/li>\n<\/ul>\n<p>C&rsquo;est la gagnante Sophie Nadeau-Tremblay qui repr\u00e9sentera l\u2019UQAC lors de la finale provinciale \u00e0 Montr\u00e9al, dans le cadre du congr\u00e8s de l\u2019Acfas.<\/p>\n<p>L\u2019activit\u00e9 s&rsquo;inscrivait dans le cadre des Rendez-vous de la recherche et de la cr\u00e9ation, une semaine d\u00e9di\u00e9e \u00e0 la valorisation de la recherche, de la cr\u00e9ation et de l&rsquo;innovation, qui vise \u00e0 mettre en lumi\u00e8re la diversit\u00e9 et la richesse des projets qui naissent et prosp\u00e8rent au sein de l\u2019Universit\u00e9.<\/p>\n<p>Lors de son allocution d\u2019ouverture, le vice-recteur \u00e0 la recherche, \u00e0 la cr\u00e9ation, \u00e0 l\u2019innovation et aux partenariats, Mohamed Bouazara, a soulign\u00e9 l&rsquo;importance de cette initiative pour d\u00e9mocratiser la science et rendre la recherche accessible \u00e0 un plus large public. \u00ab\u00a0\u00c0 travers des panels, des conf\u00e9rences, des kiosques et des visites guid\u00e9es, je vous encourage \u00e0 plonger dans l&rsquo;exploration de ces projets qui refl\u00e8tent notre cr\u00e9ativit\u00e9 et notre capacit\u00e9 \u00e0 innover. Cette semaine est une opportunit\u00e9 pour chacun et chacune de nous de se rapprocher de la recherche, de la cr\u00e9ation et de l\u2019innovation\u00a0\u00bb, a-t-il mentionn\u00e9, tout en encourageant le public \u00e0 participer activement aux diff\u00e9rentes activit\u00e9s propos\u00e9es.<\/p>\n<p>&nbsp;<\/p>\n<div id='gallery-1' class='gallery galleryid-49760 gallery-columns-3 gallery-size-medium'><figure class='gallery-item'>\n\t\t\t<div class='gallery-icon landscape'>\n\t\t\t\t<a href='https:\/\/www.uqac.ca\/uqactualites\/2025\/02\/03\/la-finale-du-concours-mt180-lance-les-rendez-vous-de-la-recherche-et-de-la-creation\/mt180-mduhaime-h25-1\/'><img loading=\"lazy\" decoding=\"async\" width=\"300\" height=\"200\" src=\"https:\/\/www.uqac.ca\/uqactualites\/wp-content\/uploads\/2025\/02\/mt180-mduhaime-h25-1-300x200.jpg\" class=\"attachment-medium size-medium\" alt=\"\" srcset=\"https:\/\/www.uqac.ca\/uqactualites\/wp-content\/uploads\/2025\/02\/mt180-mduhaime-h25-1-300x200.jpg 300w, https:\/\/www.uqac.ca\/uqactualites\/wp-content\/uploads\/2025\/02\/mt180-mduhaime-h25-1-1024x683.jpg 1024w, https:\/\/www.uqac.ca\/uqactualites\/wp-content\/uploads\/2025\/02\/mt180-mduhaime-h25-1-768x512.jpg 768w, https:\/\/www.uqac.ca\/uqactualites\/wp-content\/uploads\/2025\/02\/mt180-mduhaime-h25-1-1536x1024.jpg 1536w, https:\/\/www.uqac.ca\/uqactualites\/wp-content\/uploads\/2025\/02\/mt180-mduhaime-h25-1-150x100.jpg 150w, https:\/\/www.uqac.ca\/uqactualites\/wp-content\/uploads\/2025\/02\/mt180-mduhaime-h25-1-696x464.jpg 696w, https:\/\/www.uqac.ca\/uqactualites\/wp-content\/uploads\/2025\/02\/mt180-mduhaime-h25-1-1068x712.jpg 1068w, https:\/\/www.uqac.ca\/uqactualites\/wp-content\/uploads\/2025\/02\/mt180-mduhaime-h25-1.jpg 1920w\" sizes=\"(max-width: 300px) 100vw, 300px\" \/><\/a>\n\t\t\t<\/div><\/figure><figure class='gallery-item'>\n\t\t\t<div class='gallery-icon landscape'>\n\t\t\t\t<a href='https:\/\/www.uqac.ca\/uqactualites\/2025\/02\/03\/la-finale-du-concours-mt180-lance-les-rendez-vous-de-la-recherche-et-de-la-creation\/mt180-mduhaime-h25-10\/'><img loading=\"lazy\" decoding=\"async\" width=\"300\" height=\"200\" src=\"https:\/\/www.uqac.ca\/uqactualites\/wp-content\/uploads\/2025\/02\/mt180-mduhaime-h25-10-300x200.jpg\" class=\"attachment-medium size-medium\" alt=\"\" srcset=\"https:\/\/www.uqac.ca\/uqactualites\/wp-content\/uploads\/2025\/02\/mt180-mduhaime-h25-10-300x200.jpg 300w, https:\/\/www.uqac.ca\/uqactualites\/wp-content\/uploads\/2025\/02\/mt180-mduhaime-h25-10-1024x683.jpg 1024w, https:\/\/www.uqac.ca\/uqactualites\/wp-content\/uploads\/2025\/02\/mt180-mduhaime-h25-10-768x512.jpg 768w, https:\/\/www.uqac.ca\/uqactualites\/wp-content\/uploads\/2025\/02\/mt180-mduhaime-h25-10-1536x1024.jpg 1536w, https:\/\/www.uqac.ca\/uqactualites\/wp-content\/uploads\/2025\/02\/mt180-mduhaime-h25-10-150x100.jpg 150w, https:\/\/www.uqac.ca\/uqactualites\/wp-content\/uploads\/2025\/02\/mt180-mduhaime-h25-10-696x464.jpg 696w, https:\/\/www.uqac.ca\/uqactualites\/wp-content\/uploads\/2025\/02\/mt180-mduhaime-h25-10-1068x712.jpg 1068w, https:\/\/www.uqac.ca\/uqactualites\/wp-content\/uploads\/2025\/02\/mt180-mduhaime-h25-10.jpg 1920w\" sizes=\"(max-width: 300px) 100vw, 300px\" \/><\/a>\n\t\t\t<\/div><\/figure><figure class='gallery-item'>\n\t\t\t<div class='gallery-icon landscape'>\n\t\t\t\t<a href='https:\/\/www.uqac.ca\/uqactualites\/2025\/02\/03\/la-finale-du-concours-mt180-lance-les-rendez-vous-de-la-recherche-et-de-la-creation\/mt180-mduhaime-h25-11\/'><img loading=\"lazy\" decoding=\"async\" width=\"300\" height=\"200\" src=\"https:\/\/www.uqac.ca\/uqactualites\/wp-content\/uploads\/2025\/02\/mt180-mduhaime-h25-11-300x200.jpg\" class=\"attachment-medium size-medium\" alt=\"\" srcset=\"https:\/\/www.uqac.ca\/uqactualites\/wp-content\/uploads\/2025\/02\/mt180-mduhaime-h25-11-300x200.jpg 300w, https:\/\/www.uqac.ca\/uqactualites\/wp-content\/uploads\/2025\/02\/mt180-mduhaime-h25-11-1024x683.jpg 1024w, https:\/\/www.uqac.ca\/uqactualites\/wp-content\/uploads\/2025\/02\/mt180-mduhaime-h25-11-768x512.jpg 768w, https:\/\/www.uqac.ca\/uqactualites\/wp-content\/uploads\/2025\/02\/mt180-mduhaime-h25-11-1536x1024.jpg 1536w, https:\/\/www.uqac.ca\/uqactualites\/wp-content\/uploads\/2025\/02\/mt180-mduhaime-h25-11-150x100.jpg 150w, https:\/\/www.uqac.ca\/uqactualites\/wp-content\/uploads\/2025\/02\/mt180-mduhaime-h25-11-696x464.jpg 696w, https:\/\/www.uqac.ca\/uqactualites\/wp-content\/uploads\/2025\/02\/mt180-mduhaime-h25-11-1068x712.jpg 1068w, https:\/\/www.uqac.ca\/uqactualites\/wp-content\/uploads\/2025\/02\/mt180-mduhaime-h25-11.jpg 1920w\" sizes=\"(max-width: 300px) 100vw, 300px\" \/><\/a>\n\t\t\t<\/div><\/figure><figure class='gallery-item'>\n\t\t\t<div class='gallery-icon landscape'>\n\t\t\t\t<a href='https:\/\/www.uqac.ca\/uqactualites\/2025\/02\/03\/la-finale-du-concours-mt180-lance-les-rendez-vous-de-la-recherche-et-de-la-creation\/mt180-mduhaime-h25-3\/'><img loading=\"lazy\" decoding=\"async\" width=\"300\" height=\"200\" src=\"https:\/\/www.uqac.ca\/uqactualites\/wp-content\/uploads\/2025\/02\/mt180-mduhaime-h25-3-300x200.jpg\" class=\"attachment-medium size-medium\" alt=\"\" srcset=\"https:\/\/www.uqac.ca\/uqactualites\/wp-content\/uploads\/2025\/02\/mt180-mduhaime-h25-3-300x200.jpg 300w, https:\/\/www.uqac.ca\/uqactualites\/wp-content\/uploads\/2025\/02\/mt180-mduhaime-h25-3-1024x683.jpg 1024w, https:\/\/www.uqac.ca\/uqactualites\/wp-content\/uploads\/2025\/02\/mt180-mduhaime-h25-3-768x512.jpg 768w, https:\/\/www.uqac.ca\/uqactualites\/wp-content\/uploads\/2025\/02\/mt180-mduhaime-h25-3-1536x1024.jpg 1536w, https:\/\/www.uqac.ca\/uqactualites\/wp-content\/uploads\/2025\/02\/mt180-mduhaime-h25-3-150x100.jpg 150w, https:\/\/www.uqac.ca\/uqactualites\/wp-content\/uploads\/2025\/02\/mt180-mduhaime-h25-3-696x464.jpg 696w, https:\/\/www.uqac.ca\/uqactualites\/wp-content\/uploads\/2025\/02\/mt180-mduhaime-h25-3-1068x712.jpg 1068w, https:\/\/www.uqac.ca\/uqactualites\/wp-content\/uploads\/2025\/02\/mt180-mduhaime-h25-3.jpg 1920w\" sizes=\"(max-width: 300px) 100vw, 300px\" \/><\/a>\n\t\t\t<\/div><\/figure><figure class='gallery-item'>\n\t\t\t<div class='gallery-icon landscape'>\n\t\t\t\t<a href='https:\/\/www.uqac.ca\/uqactualites\/2025\/02\/03\/la-finale-du-concours-mt180-lance-les-rendez-vous-de-la-recherche-et-de-la-creation\/mt180-mduhaime-h25-4\/'><img loading=\"lazy\" decoding=\"async\" width=\"300\" height=\"200\" src=\"https:\/\/www.uqac.ca\/uqactualites\/wp-content\/uploads\/2025\/02\/mt180-mduhaime-h25-4-300x200.jpg\" class=\"attachment-medium size-medium\" alt=\"\" srcset=\"https:\/\/www.uqac.ca\/uqactualites\/wp-content\/uploads\/2025\/02\/mt180-mduhaime-h25-4-300x200.jpg 300w, https:\/\/www.uqac.ca\/uqactualites\/wp-content\/uploads\/2025\/02\/mt180-mduhaime-h25-4-1024x683.jpg 1024w, https:\/\/www.uqac.ca\/uqactualites\/wp-content\/uploads\/2025\/02\/mt180-mduhaime-h25-4-768x512.jpg 768w, https:\/\/www.uqac.ca\/uqactualites\/wp-content\/uploads\/2025\/02\/mt180-mduhaime-h25-4-1536x1024.jpg 1536w, https:\/\/www.uqac.ca\/uqactualites\/wp-content\/uploads\/2025\/02\/mt180-mduhaime-h25-4-150x100.jpg 150w, https:\/\/www.uqac.ca\/uqactualites\/wp-content\/uploads\/2025\/02\/mt180-mduhaime-h25-4-696x464.jpg 696w, https:\/\/www.uqac.ca\/uqactualites\/wp-content\/uploads\/2025\/02\/mt180-mduhaime-h25-4-1068x712.jpg 1068w, https:\/\/www.uqac.ca\/uqactualites\/wp-content\/uploads\/2025\/02\/mt180-mduhaime-h25-4.jpg 1920w\" sizes=\"(max-width: 300px) 100vw, 300px\" \/><\/a>\n\t\t\t<\/div><\/figure><figure class='gallery-item'>\n\t\t\t<div class='gallery-icon landscape'>\n\t\t\t\t<a href='https:\/\/www.uqac.ca\/uqactualites\/2025\/02\/03\/la-finale-du-concours-mt180-lance-les-rendez-vous-de-la-recherche-et-de-la-creation\/mt180-mduhaime-h25-5\/'><img loading=\"lazy\" decoding=\"async\" width=\"300\" height=\"200\" src=\"https:\/\/www.uqac.ca\/uqactualites\/wp-content\/uploads\/2025\/02\/mt180-mduhaime-h25-5-300x200.jpg\" class=\"attachment-medium size-medium\" alt=\"\" srcset=\"https:\/\/www.uqac.ca\/uqactualites\/wp-content\/uploads\/2025\/02\/mt180-mduhaime-h25-5-300x200.jpg 300w, https:\/\/www.uqac.ca\/uqactualites\/wp-content\/uploads\/2025\/02\/mt180-mduhaime-h25-5-1024x683.jpg 1024w, https:\/\/www.uqac.ca\/uqactualites\/wp-content\/uploads\/2025\/02\/mt180-mduhaime-h25-5-768x512.jpg 768w, https:\/\/www.uqac.ca\/uqactualites\/wp-content\/uploads\/2025\/02\/mt180-mduhaime-h25-5-1536x1024.jpg 1536w, https:\/\/www.uqac.ca\/uqactualites\/wp-content\/uploads\/2025\/02\/mt180-mduhaime-h25-5-150x100.jpg 150w, https:\/\/www.uqac.ca\/uqactualites\/wp-content\/uploads\/2025\/02\/mt180-mduhaime-h25-5-696x464.jpg 696w, https:\/\/www.uqac.ca\/uqactualites\/wp-content\/uploads\/2025\/02\/mt180-mduhaime-h25-5-1068x712.jpg 1068w, https:\/\/www.uqac.ca\/uqactualites\/wp-content\/uploads\/2025\/02\/mt180-mduhaime-h25-5.jpg 1920w\" sizes=\"(max-width: 300px) 100vw, 300px\" \/><\/a>\n\t\t\t<\/div><\/figure><figure class='gallery-item'>\n\t\t\t<div class='gallery-icon landscape'>\n\t\t\t\t<a href='https:\/\/www.uqac.ca\/uqactualites\/2025\/02\/03\/la-finale-du-concours-mt180-lance-les-rendez-vous-de-la-recherche-et-de-la-creation\/mt180-mduhaime-h25-8\/'><img loading=\"lazy\" decoding=\"async\" width=\"300\" height=\"200\" src=\"https:\/\/www.uqac.ca\/uqactualites\/wp-content\/uploads\/2025\/02\/mt180-mduhaime-h25-8-300x200.jpg\" class=\"attachment-medium size-medium\" alt=\"\" srcset=\"https:\/\/www.uqac.ca\/uqactualites\/wp-content\/uploads\/2025\/02\/mt180-mduhaime-h25-8-300x200.jpg 300w, https:\/\/www.uqac.ca\/uqactualites\/wp-content\/uploads\/2025\/02\/mt180-mduhaime-h25-8-1024x683.jpg 1024w, https:\/\/www.uqac.ca\/uqactualites\/wp-content\/uploads\/2025\/02\/mt180-mduhaime-h25-8-768x512.jpg 768w, https:\/\/www.uqac.ca\/uqactualites\/wp-content\/uploads\/2025\/02\/mt180-mduhaime-h25-8-1536x1024.jpg 1536w, https:\/\/www.uqac.ca\/uqactualites\/wp-content\/uploads\/2025\/02\/mt180-mduhaime-h25-8-150x100.jpg 150w, https:\/\/www.uqac.ca\/uqactualites\/wp-content\/uploads\/2025\/02\/mt180-mduhaime-h25-8-696x464.jpg 696w, https:\/\/www.uqac.ca\/uqactualites\/wp-content\/uploads\/2025\/02\/mt180-mduhaime-h25-8-1068x712.jpg 1068w, https:\/\/www.uqac.ca\/uqactualites\/wp-content\/uploads\/2025\/02\/mt180-mduhaime-h25-8.jpg 1920w\" sizes=\"(max-width: 300px) 100vw, 300px\" \/><\/a>\n\t\t\t<\/div><\/figure><figure class='gallery-item'>\n\t\t\t<div class='gallery-icon landscape'>\n\t\t\t\t<a href='https:\/\/www.uqac.ca\/uqactualites\/2025\/02\/03\/la-finale-du-concours-mt180-lance-les-rendez-vous-de-la-recherche-et-de-la-creation\/mt180-mduhaime-h25-9\/'><img loading=\"lazy\" decoding=\"async\" width=\"300\" height=\"200\" src=\"https:\/\/www.uqac.ca\/uqactualites\/wp-content\/uploads\/2025\/02\/mt180-mduhaime-h25-9-e1738628016565-300x200.jpg\" class=\"attachment-medium size-medium\" alt=\"\" srcset=\"https:\/\/www.uqac.ca\/uqactualites\/wp-content\/uploads\/2025\/02\/mt180-mduhaime-h25-9-e1738628016565-300x200.jpg 300w, https:\/\/www.uqac.ca\/uqactualites\/wp-content\/uploads\/2025\/02\/mt180-mduhaime-h25-9-e1738628016565-1024x683.jpg 1024w, https:\/\/www.uqac.ca\/uqactualites\/wp-content\/uploads\/2025\/02\/mt180-mduhaime-h25-9-e1738628016565-768x512.jpg 768w, https:\/\/www.uqac.ca\/uqactualites\/wp-content\/uploads\/2025\/02\/mt180-mduhaime-h25-9-e1738628016565-1536x1024.jpg 1536w, https:\/\/www.uqac.ca\/uqactualites\/wp-content\/uploads\/2025\/02\/mt180-mduhaime-h25-9-e1738628016565-150x100.jpg 150w, https:\/\/www.uqac.ca\/uqactualites\/wp-content\/uploads\/2025\/02\/mt180-mduhaime-h25-9-e1738628016565-696x464.jpg 696w, https:\/\/www.uqac.ca\/uqactualites\/wp-content\/uploads\/2025\/02\/mt180-mduhaime-h25-9-e1738628016565-1068x712.jpg 1068w, https:\/\/www.uqac.ca\/uqactualites\/wp-content\/uploads\/2025\/02\/mt180-mduhaime-h25-9-e1738628016565.jpg 1920w\" sizes=\"(max-width: 300px) 100vw, 300px\" \/><\/a>\n\t\t\t<\/div><\/figure><figure class='gallery-item'>\n\t\t\t<div class='gallery-icon landscape'>\n\t\t\t\t<a href='https:\/\/www.uqac.ca\/uqactualites\/2025\/02\/03\/la-finale-du-concours-mt180-lance-les-rendez-vous-de-la-recherche-et-de-la-creation\/mt180-vgfrias-h25-5\/'><img loading=\"lazy\" decoding=\"async\" width=\"300\" height=\"200\" src=\"https:\/\/www.uqac.ca\/uqactualites\/wp-content\/uploads\/2025\/02\/mt180-vgfrias-h25-5-300x200.jpg\" class=\"attachment-medium size-medium\" alt=\"\" srcset=\"https:\/\/www.uqac.ca\/uqactualites\/wp-content\/uploads\/2025\/02\/mt180-vgfrias-h25-5-300x200.jpg 300w, https:\/\/www.uqac.ca\/uqactualites\/wp-content\/uploads\/2025\/02\/mt180-vgfrias-h25-5-1024x683.jpg 1024w, https:\/\/www.uqac.ca\/uqactualites\/wp-content\/uploads\/2025\/02\/mt180-vgfrias-h25-5-768x512.jpg 768w, https:\/\/www.uqac.ca\/uqactualites\/wp-content\/uploads\/2025\/02\/mt180-vgfrias-h25-5-1536x1024.jpg 1536w, https:\/\/www.uqac.ca\/uqactualites\/wp-content\/uploads\/2025\/02\/mt180-vgfrias-h25-5-150x100.jpg 150w, https:\/\/www.uqac.ca\/uqactualites\/wp-content\/uploads\/2025\/02\/mt180-vgfrias-h25-5-696x464.jpg 696w, https:\/\/www.uqac.ca\/uqactualites\/wp-content\/uploads\/2025\/02\/mt180-vgfrias-h25-5-1068x712.jpg 1068w, https:\/\/www.uqac.ca\/uqactualites\/wp-content\/uploads\/2025\/02\/mt180-vgfrias-h25-5.jpg 1920w\" sizes=\"(max-width: 300px) 100vw, 300px\" \/><\/a>\n\t\t\t<\/div><\/figure><figure class='gallery-item'>\n\t\t\t<div class='gallery-icon landscape'>\n\t\t\t\t<a href='https:\/\/www.uqac.ca\/uqactualites\/2025\/02\/03\/la-finale-du-concours-mt180-lance-les-rendez-vous-de-la-recherche-et-de-la-creation\/mt180-vgfrias-h25-3\/'><img loading=\"lazy\" decoding=\"async\" width=\"300\" height=\"200\" src=\"https:\/\/www.uqac.ca\/uqactualites\/wp-content\/uploads\/2025\/02\/mt180-vgfrias-h25-3-300x200.jpg\" class=\"attachment-medium size-medium\" alt=\"\" srcset=\"https:\/\/www.uqac.ca\/uqactualites\/wp-content\/uploads\/2025\/02\/mt180-vgfrias-h25-3-300x200.jpg 300w, https:\/\/www.uqac.ca\/uqactualites\/wp-content\/uploads\/2025\/02\/mt180-vgfrias-h25-3-1024x683.jpg 1024w, https:\/\/www.uqac.ca\/uqactualites\/wp-content\/uploads\/2025\/02\/mt180-vgfrias-h25-3-768x512.jpg 768w, https:\/\/www.uqac.ca\/uqactualites\/wp-content\/uploads\/2025\/02\/mt180-vgfrias-h25-3-1536x1024.jpg 1536w, https:\/\/www.uqac.ca\/uqactualites\/wp-content\/uploads\/2025\/02\/mt180-vgfrias-h25-3-150x100.jpg 150w, https:\/\/www.uqac.ca\/uqactualites\/wp-content\/uploads\/2025\/02\/mt180-vgfrias-h25-3-696x464.jpg 696w, https:\/\/www.uqac.ca\/uqactualites\/wp-content\/uploads\/2025\/02\/mt180-vgfrias-h25-3-1068x712.jpg 1068w, https:\/\/www.uqac.ca\/uqactualites\/wp-content\/uploads\/2025\/02\/mt180-vgfrias-h25-3.jpg 1920w\" sizes=\"(max-width: 300px) 100vw, 300px\" \/><\/a>\n\t\t\t<\/div><\/figure><figure class='gallery-item'>\n\t\t\t<div class='gallery-icon landscape'>\n\t\t\t\t<a href='https:\/\/www.uqac.ca\/uqactualites\/2025\/02\/03\/la-finale-du-concours-mt180-lance-les-rendez-vous-de-la-recherche-et-de-la-creation\/mt180-vgfrias-h25-2\/'><img loading=\"lazy\" decoding=\"async\" width=\"300\" height=\"200\" src=\"https:\/\/www.uqac.ca\/uqactualites\/wp-content\/uploads\/2025\/02\/mt180-vgfrias-h25-2-300x200.jpg\" class=\"attachment-medium size-medium\" alt=\"\" srcset=\"https:\/\/www.uqac.ca\/uqactualites\/wp-content\/uploads\/2025\/02\/mt180-vgfrias-h25-2-300x200.jpg 300w, https:\/\/www.uqac.ca\/uqactualites\/wp-content\/uploads\/2025\/02\/mt180-vgfrias-h25-2-1024x683.jpg 1024w, https:\/\/www.uqac.ca\/uqactualites\/wp-content\/uploads\/2025\/02\/mt180-vgfrias-h25-2-768x512.jpg 768w, https:\/\/www.uqac.ca\/uqactualites\/wp-content\/uploads\/2025\/02\/mt180-vgfrias-h25-2-1536x1024.jpg 1536w, https:\/\/www.uqac.ca\/uqactualites\/wp-content\/uploads\/2025\/02\/mt180-vgfrias-h25-2-150x100.jpg 150w, https:\/\/www.uqac.ca\/uqactualites\/wp-content\/uploads\/2025\/02\/mt180-vgfrias-h25-2-696x464.jpg 696w, https:\/\/www.uqac.ca\/uqactualites\/wp-content\/uploads\/2025\/02\/mt180-vgfrias-h25-2-1068x712.jpg 1068w, https:\/\/www.uqac.ca\/uqactualites\/wp-content\/uploads\/2025\/02\/mt180-vgfrias-h25-2.jpg 1920w\" sizes=\"(max-width: 300px) 100vw, 300px\" \/><\/a>\n\t\t\t<\/div><\/figure><figure class='gallery-item'>\n\t\t\t<div class='gallery-icon landscape'>\n\t\t\t\t<a href='https:\/\/www.uqac.ca\/uqactualites\/2025\/02\/03\/la-finale-du-concours-mt180-lance-les-rendez-vous-de-la-recherche-et-de-la-creation\/mt180-vgfrias-h25-4\/'><img loading=\"lazy\" decoding=\"async\" width=\"300\" height=\"200\" src=\"https:\/\/www.uqac.ca\/uqactualites\/wp-content\/uploads\/2025\/02\/mt180-vgfrias-h25-4-300x200.jpg\" class=\"attachment-medium size-medium\" alt=\"\" srcset=\"https:\/\/www.uqac.ca\/uqactualites\/wp-content\/uploads\/2025\/02\/mt180-vgfrias-h25-4-300x200.jpg 300w, https:\/\/www.uqac.ca\/uqactualites\/wp-content\/uploads\/2025\/02\/mt180-vgfrias-h25-4-1024x683.jpg 1024w, https:\/\/www.uqac.ca\/uqactualites\/wp-content\/uploads\/2025\/02\/mt180-vgfrias-h25-4-768x512.jpg 768w, https:\/\/www.uqac.ca\/uqactualites\/wp-content\/uploads\/2025\/02\/mt180-vgfrias-h25-4-1536x1024.jpg 1536w, https:\/\/www.uqac.ca\/uqactualites\/wp-content\/uploads\/2025\/02\/mt180-vgfrias-h25-4-150x100.jpg 150w, https:\/\/www.uqac.ca\/uqactualites\/wp-content\/uploads\/2025\/02\/mt180-vgfrias-h25-4-696x464.jpg 696w, https:\/\/www.uqac.ca\/uqactualites\/wp-content\/uploads\/2025\/02\/mt180-vgfrias-h25-4-1068x712.jpg 1068w, https:\/\/www.uqac.ca\/uqactualites\/wp-content\/uploads\/2025\/02\/mt180-vgfrias-h25-4.jpg 1920w\" sizes=\"(max-width: 300px) 100vw, 300px\" \/><\/a>\n\t\t\t<\/div><\/figure><figure class='gallery-item'>\n\t\t\t<div class='gallery-icon landscape'>\n\t\t\t\t<a href='https:\/\/www.uqac.ca\/uqactualites\/2025\/02\/03\/la-finale-du-concours-mt180-lance-les-rendez-vous-de-la-recherche-et-de-la-creation\/mt180-vgfrias-h25-7\/'><img loading=\"lazy\" decoding=\"async\" width=\"300\" height=\"200\" src=\"https:\/\/www.uqac.ca\/uqactualites\/wp-content\/uploads\/2025\/02\/mt180-vgfrias-h25-7-300x200.jpg\" class=\"attachment-medium size-medium\" alt=\"\" srcset=\"https:\/\/www.uqac.ca\/uqactualites\/wp-content\/uploads\/2025\/02\/mt180-vgfrias-h25-7-300x200.jpg 300w, https:\/\/www.uqac.ca\/uqactualites\/wp-content\/uploads\/2025\/02\/mt180-vgfrias-h25-7-1024x683.jpg 1024w, https:\/\/www.uqac.ca\/uqactualites\/wp-content\/uploads\/2025\/02\/mt180-vgfrias-h25-7-768x512.jpg 768w, https:\/\/www.uqac.ca\/uqactualites\/wp-content\/uploads\/2025\/02\/mt180-vgfrias-h25-7-1536x1024.jpg 1536w, https:\/\/www.uqac.ca\/uqactualites\/wp-content\/uploads\/2025\/02\/mt180-vgfrias-h25-7-150x100.jpg 150w, https:\/\/www.uqac.ca\/uqactualites\/wp-content\/uploads\/2025\/02\/mt180-vgfrias-h25-7-696x464.jpg 696w, https:\/\/www.uqac.ca\/uqactualites\/wp-content\/uploads\/2025\/02\/mt180-vgfrias-h25-7-1068x712.jpg 1068w, https:\/\/www.uqac.ca\/uqactualites\/wp-content\/uploads\/2025\/02\/mt180-vgfrias-h25-7.jpg 1920w\" sizes=\"(max-width: 300px) 100vw, 300px\" \/><\/a>\n\t\t\t<\/div><\/figure>\n\t\t<\/div>\n\n","protected":false},"excerpt":{"rendered":"<p>Les Rendez-vous de la recherche et de la cr\u00e9ation ont d\u00e9but\u00e9 en force \u00e0 l\u2019UQAC avec la finale locale du concours \u00ab Ma th\u00e8se en 180 secondes \u00bb. Devant un public captiv\u00e9, les finalistes ont relev\u00e9 le d\u00e9fi de vulgariser leurs sujets de recherche en seulement trois minutes, un exercice exigeant qui met \u00e0 l\u2019\u00e9preuve [&hellip;]<\/p>\n","protected":false},"author":5,"featured_media":49762,"comment_status":"closed","ping_status":"open","sticky":false,"template":"","format":"standard","meta":{"footnotes":""},"categories":[2795,2,1],"tags":[21,5,22,16],"yoast_head":"<!-- This site is optimized with the Yoast SEO plugin v24.2 - https:\/\/yoast.com\/wordpress\/plugins\/seo\/ -->\r\n<title>La finale du concours MT180 lance les Rendez-vous de la recherche et de la cr\u00e9ation - UQACtualit\u00e9s<\/title>\r\n<meta name=\"description\" content=\"Les Rendez-vous de la recherche et de la cr\u00e9ation ont d\u00e9but\u00e9 en force \u00e0 l\u2019UQAC avec la finale locale du concours \u00ab Ma th\u00e8se en 180 secondes \u00bb.\" \/>\r\n<meta name=\"robots\" content=\"index, follow, max-snippet:-1, max-image-preview:large, max-video-preview:-1\" \/>\r\n<link rel=\"canonical\" href=\"https:\/\/www.uqac.ca\/uqactualites\/2025\/02\/03\/la-finale-du-concours-mt180-lance-les-rendez-vous-de-la-recherche-et-de-la-creation\/\" \/>\r\n<meta property=\"og:locale\" content=\"fr_CA\" \/>\r\n<meta property=\"og:type\" content=\"article\" \/>\r\n<meta property=\"og:title\" content=\"La finale du concours MT180 lance les Rendez-vous de la recherche et de la cr\u00e9ation - UQACtualit\u00e9s\" \/>\r\n<meta property=\"og:description\" content=\"Les Rendez-vous de la recherche et de la cr\u00e9ation ont d\u00e9but\u00e9 en force \u00e0 l\u2019UQAC avec la finale locale du concours \u00ab Ma th\u00e8se en 180 secondes \u00bb.\" \/>\r\n<meta property=\"og:url\" content=\"https:\/\/www.uqac.ca\/uqactualites\/2025\/02\/03\/la-finale-du-concours-mt180-lance-les-rendez-vous-de-la-recherche-et-de-la-creation\/\" \/>\r\n<meta property=\"og:site_name\" content=\"UQACtualit\u00e9s\" \/>\r\n<meta property=\"article:published_time\" content=\"2025-02-04T00:25:38+00:00\" \/>\r\n<meta property=\"og:image\" content=\"https:\/\/www.uqac.ca\/uqactualites\/wp-content\/uploads\/2025\/02\/mt180-vgfrias-h25-6.jpg\" \/>\r\n\t<meta property=\"og:image:width\" content=\"1920\" \/>\r\n\t<meta property=\"og:image:height\" content=\"1280\" \/>\r\n\t<meta property=\"og:image:type\" content=\"image\/jpeg\" \/>\r\n<meta name=\"author\" content=\"Service des communications et des relations publiques\" \/>\r\n<meta name=\"twitter:card\" content=\"summary_large_image\" \/>\r\n<meta name=\"twitter:label1\" content=\"\u00c9crit par\" \/>\n\t<meta name=\"twitter:data1\" content=\"Service des communications et des relations publiques\" \/>\n\t<meta name=\"twitter:label2\" content=\"Estimation du temps de lecture\" \/>\n\t<meta name=\"twitter:data2\" content=\"3 minutes\" \/>\r\n<script type=\"application\/ld+json\" class=\"yoast-schema-graph\">{\"@context\":\"https:\/\/schema.org\",\"@graph\":[{\"@type\":\"WebPage\",\"@id\":\"https:\/\/www.uqac.ca\/uqactualites\/2025\/02\/03\/la-finale-du-concours-mt180-lance-les-rendez-vous-de-la-recherche-et-de-la-creation\/\",\"url\":\"https:\/\/www.uqac.ca\/uqactualites\/2025\/02\/03\/la-finale-du-concours-mt180-lance-les-rendez-vous-de-la-recherche-et-de-la-creation\/\",\"name\":\"La finale du concours MT180 lance les Rendez-vous de la recherche et de la cr\u00e9ation - UQACtualit\u00e9s\",\"isPartOf\":{\"@id\":\"https:\/\/www.uqac.ca\/uqactualites\/#website\"},\"primaryImageOfPage\":{\"@id\":\"https:\/\/www.uqac.ca\/uqactualites\/2025\/02\/03\/la-finale-du-concours-mt180-lance-les-rendez-vous-de-la-recherche-et-de-la-creation\/#primaryimage\"},\"image\":{\"@id\":\"https:\/\/www.uqac.ca\/uqactualites\/2025\/02\/03\/la-finale-du-concours-mt180-lance-les-rendez-vous-de-la-recherche-et-de-la-creation\/#primaryimage\"},\"thumbnailUrl\":\"https:\/\/www.uqac.ca\/uqactualites\/wp-content\/uploads\/2025\/02\/mt180-vgfrias-h25-6.jpg\",\"datePublished\":\"2025-02-04T00:25:38+00:00\",\"dateModified\":\"2025-02-04T00:25:38+00:00\",\"author\":{\"@id\":\"https:\/\/www.uqac.ca\/uqactualites\/#\/schema\/person\/366c45a0c4f0e677b41b4af5886e2018\"},\"description\":\"Les Rendez-vous de la recherche et de la cr\u00e9ation ont d\u00e9but\u00e9 en force \u00e0 l\u2019UQAC avec la finale locale du concours \u00ab Ma th\u00e8se en 180 secondes \u00bb.\",\"breadcrumb\":{\"@id\":\"https:\/\/www.uqac.ca\/uqactualites\/2025\/02\/03\/la-finale-du-concours-mt180-lance-les-rendez-vous-de-la-recherche-et-de-la-creation\/#breadcrumb\"},\"inLanguage\":\"fr-CA\",\"potentialAction\":[{\"@type\":\"ReadAction\",\"target\":[\"https:\/\/www.uqac.ca\/uqactualites\/2025\/02\/03\/la-finale-du-concours-mt180-lance-les-rendez-vous-de-la-recherche-et-de-la-creation\/\"]}]},{\"@type\":\"ImageObject\",\"inLanguage\":\"fr-CA\",\"@id\":\"https:\/\/www.uqac.ca\/uqactualites\/2025\/02\/03\/la-finale-du-concours-mt180-lance-les-rendez-vous-de-la-recherche-et-de-la-creation\/#primaryimage\",\"url\":\"https:\/\/www.uqac.ca\/uqactualites\/wp-content\/uploads\/2025\/02\/mt180-vgfrias-h25-6.jpg\",\"contentUrl\":\"https:\/\/www.uqac.ca\/uqactualites\/wp-content\/uploads\/2025\/02\/mt180-vgfrias-h25-6.jpg\",\"width\":1920,\"height\":1280},{\"@type\":\"BreadcrumbList\",\"@id\":\"https:\/\/www.uqac.ca\/uqactualites\/2025\/02\/03\/la-finale-du-concours-mt180-lance-les-rendez-vous-de-la-recherche-et-de-la-creation\/#breadcrumb\",\"itemListElement\":[{\"@type\":\"ListItem\",\"position\":1,\"name\":\"Home\",\"item\":\"https:\/\/www.uqac.ca\/uqactualites\/\"},{\"@type\":\"ListItem\",\"position\":2,\"name\":\"La finale du concours MT180 lance les Rendez-vous de la recherche et de la cr\u00e9ation\"}]},{\"@type\":\"WebSite\",\"@id\":\"https:\/\/www.uqac.ca\/uqactualites\/#website\",\"url\":\"https:\/\/www.uqac.ca\/uqactualites\/\",\"name\":\"UQACtualit\u00e9s\",\"description\":\"Le portail des nouvelles de l&#039;UQAC\",\"potentialAction\":[{\"@type\":\"SearchAction\",\"target\":{\"@type\":\"EntryPoint\",\"urlTemplate\":\"https:\/\/www.uqac.ca\/uqactualites\/?s={search_term_string}\"},\"query-input\":{\"@type\":\"PropertyValueSpecification\",\"valueRequired\":true,\"valueName\":\"search_term_string\"}}],\"inLanguage\":\"fr-CA\"},{\"@type\":\"Person\",\"@id\":\"https:\/\/www.uqac.ca\/uqactualites\/#\/schema\/person\/366c45a0c4f0e677b41b4af5886e2018\",\"name\":\"Service des communications et des relations publiques\",\"image\":{\"@type\":\"ImageObject\",\"inLanguage\":\"fr-CA\",\"@id\":\"https:\/\/www.uqac.ca\/uqactualites\/#\/schema\/person\/image\/\",\"url\":\"https:\/\/secure.gravatar.com\/avatar\/20fbbda8a292f59f2d3461a5b999c00b?s=96&d=mm&r=g\",\"contentUrl\":\"https:\/\/secure.gravatar.com\/avatar\/20fbbda8a292f59f2d3461a5b999c00b?s=96&d=mm&r=g\",\"caption\":\"Service des communications et des relations publiques\"},\"url\":\"https:\/\/www.uqac.ca\/uqactualites\/author\/bap\/\"}]}<\/script>\r\n<!-- \/ Yoast SEO plugin. -->","yoast_head_json":{"title":"La finale du concours MT180 lance les Rendez-vous de la recherche et de la cr\u00e9ation - UQACtualit\u00e9s","description":"Les Rendez-vous de la recherche et de la cr\u00e9ation ont d\u00e9but\u00e9 en force \u00e0 l\u2019UQAC avec la finale locale du concours \u00ab Ma th\u00e8se en 180 secondes \u00bb.","robots":{"index":"index","follow":"follow","max-snippet":"max-snippet:-1","max-image-preview":"max-image-preview:large","max-video-preview":"max-video-preview:-1"},"canonical":"https:\/\/www.uqac.ca\/uqactualites\/2025\/02\/03\/la-finale-du-concours-mt180-lance-les-rendez-vous-de-la-recherche-et-de-la-creation\/","og_locale":"fr_CA","og_type":"article","og_title":"La finale du concours MT180 lance les Rendez-vous de la recherche et de la cr\u00e9ation - UQACtualit\u00e9s","og_description":"Les Rendez-vous de la recherche et de la cr\u00e9ation ont d\u00e9but\u00e9 en force \u00e0 l\u2019UQAC avec la finale locale du concours \u00ab Ma th\u00e8se en 180 secondes \u00bb.","og_url":"https:\/\/www.uqac.ca\/uqactualites\/2025\/02\/03\/la-finale-du-concours-mt180-lance-les-rendez-vous-de-la-recherche-et-de-la-creation\/","og_site_name":"UQACtualit\u00e9s","article_published_time":"2025-02-04T00:25:38+00:00","og_image":[{"width":1920,"height":1280,"url":"https:\/\/www.uqac.ca\/uqactualites\/wp-content\/uploads\/2025\/02\/mt180-vgfrias-h25-6.jpg","type":"image\/jpeg"}],"author":"Service des communications et des relations publiques","twitter_card":"summary_large_image","twitter_misc":{"\u00c9crit par":"Service des communications et des relations publiques","Estimation du temps de lecture":"3 minutes"},"schema":{"@context":"https:\/\/schema.org","@graph":[{"@type":"WebPage","@id":"https:\/\/www.uqac.ca\/uqactualites\/2025\/02\/03\/la-finale-du-concours-mt180-lance-les-rendez-vous-de-la-recherche-et-de-la-creation\/","url":"https:\/\/www.uqac.ca\/uqactualites\/2025\/02\/03\/la-finale-du-concours-mt180-lance-les-rendez-vous-de-la-recherche-et-de-la-creation\/","name":"La finale du concours MT180 lance les Rendez-vous de la recherche et de la cr\u00e9ation - UQACtualit\u00e9s","isPartOf":{"@id":"https:\/\/www.uqac.ca\/uqactualites\/#website"},"primaryImageOfPage":{"@id":"https:\/\/www.uqac.ca\/uqactualites\/2025\/02\/03\/la-finale-du-concours-mt180-lance-les-rendez-vous-de-la-recherche-et-de-la-creation\/#primaryimage"},"image":{"@id":"https:\/\/www.uqac.ca\/uqactualites\/2025\/02\/03\/la-finale-du-concours-mt180-lance-les-rendez-vous-de-la-recherche-et-de-la-creation\/#primaryimage"},"thumbnailUrl":"https:\/\/www.uqac.ca\/uqactualites\/wp-content\/uploads\/2025\/02\/mt180-vgfrias-h25-6.jpg","datePublished":"2025-02-04T00:25:38+00:00","dateModified":"2025-02-04T00:25:38+00:00","author":{"@id":"https:\/\/www.uqac.ca\/uqactualites\/#\/schema\/person\/366c45a0c4f0e677b41b4af5886e2018"},"description":"Les Rendez-vous de la recherche et de la cr\u00e9ation ont d\u00e9but\u00e9 en force \u00e0 l\u2019UQAC avec la finale locale du concours \u00ab Ma th\u00e8se en 180 secondes \u00bb.","breadcrumb":{"@id":"https:\/\/www.uqac.ca\/uqactualites\/2025\/02\/03\/la-finale-du-concours-mt180-lance-les-rendez-vous-de-la-recherche-et-de-la-creation\/#breadcrumb"},"inLanguage":"fr-CA","potentialAction":[{"@type":"ReadAction","target":["https:\/\/www.uqac.ca\/uqactualites\/2025\/02\/03\/la-finale-du-concours-mt180-lance-les-rendez-vous-de-la-recherche-et-de-la-creation\/"]}]},{"@type":"ImageObject","inLanguage":"fr-CA","@id":"https:\/\/www.uqac.ca\/uqactualites\/2025\/02\/03\/la-finale-du-concours-mt180-lance-les-rendez-vous-de-la-recherche-et-de-la-creation\/#primaryimage","url":"https:\/\/www.uqac.ca\/uqactualites\/wp-content\/uploads\/2025\/02\/mt180-vgfrias-h25-6.jpg","contentUrl":"https:\/\/www.uqac.ca\/uqactualites\/wp-content\/uploads\/2025\/02\/mt180-vgfrias-h25-6.jpg","width":1920,"height":1280},{"@type":"BreadcrumbList","@id":"https:\/\/www.uqac.ca\/uqactualites\/2025\/02\/03\/la-finale-du-concours-mt180-lance-les-rendez-vous-de-la-recherche-et-de-la-creation\/#breadcrumb","itemListElement":[{"@type":"ListItem","position":1,"name":"Home","item":"https:\/\/www.uqac.ca\/uqactualites\/"},{"@type":"ListItem","position":2,"name":"La finale du concours MT180 lance les Rendez-vous de la recherche et de la cr\u00e9ation"}]},{"@type":"WebSite","@id":"https:\/\/www.uqac.ca\/uqactualites\/#website","url":"https:\/\/www.uqac.ca\/uqactualites\/","name":"UQACtualit\u00e9s","description":"Le portail des nouvelles de l&#039;UQAC","potentialAction":[{"@type":"SearchAction","target":{"@type":"EntryPoint","urlTemplate":"https:\/\/www.uqac.ca\/uqactualites\/?s={search_term_string}"},"query-input":{"@type":"PropertyValueSpecification","valueRequired":true,"valueName":"search_term_string"}}],"inLanguage":"fr-CA"},{"@type":"Person","@id":"https:\/\/www.uqac.ca\/uqactualites\/#\/schema\/person\/366c45a0c4f0e677b41b4af5886e2018","name":"Service des communications et des relations publiques","image":{"@type":"ImageObject","inLanguage":"fr-CA","@id":"https:\/\/www.uqac.ca\/uqactualites\/#\/schema\/person\/image\/","url":"https:\/\/secure.gravatar.com\/avatar\/20fbbda8a292f59f2d3461a5b999c00b?s=96&d=mm&r=g","contentUrl":"https:\/\/secure.gravatar.com\/avatar\/20fbbda8a292f59f2d3461a5b999c00b?s=96&d=mm&r=g","caption":"Service des communications et des relations publiques"},"url":"https:\/\/www.uqac.ca\/uqactualites\/author\/bap\/"}]}},"_links":{"self":[{"href":"https:\/\/www.uqac.ca\/uqactualites\/wp-json\/wp\/v2\/posts\/49760"}],"collection":[{"href":"https:\/\/www.uqac.ca\/uqactualites\/wp-json\/wp\/v2\/posts"}],"about":[{"href":"https:\/\/www.uqac.ca\/uqactualites\/wp-json\/wp\/v2\/types\/post"}],"author":[{"embeddable":true,"href":"https:\/\/www.uqac.ca\/uqactualites\/wp-json\/wp\/v2\/users\/5"}],"replies":[{"embeddable":true,"href":"https:\/\/www.uqac.ca\/uqactualites\/wp-json\/wp\/v2\/comments?post=49760"}],"version-history":[{"count":5,"href":"https:\/\/www.uqac.ca\/uqactualites\/wp-json\/wp\/v2\/posts\/49760\/revisions"}],"predecessor-version":[{"id":49779,"href":"https:\/\/www.uqac.ca\/uqactualites\/wp-json\/wp\/v2\/posts\/49760\/revisions\/49779"}],"wp:featuredmedia":[{"embeddable":true,"href":"https:\/\/www.uqac.ca\/uqactualites\/wp-json\/wp\/v2\/media\/49762"}],"wp:attachment":[{"href":"https:\/\/www.uqac.ca\/uqactualites\/wp-json\/wp\/v2\/media?parent=49760"}],"wp:term":[{"taxonomy":"category","embeddable":true,"href":"https:\/\/www.uqac.ca\/uqactualites\/wp-json\/wp\/v2\/categories?post=49760"},{"taxonomy":"post_tag","embeddable":true,"href":"https:\/\/www.uqac.ca\/uqactualites\/wp-json\/wp\/v2\/tags?post=49760"}],"curies":[{"name":"wp","href":"https:\/\/api.w.org\/{rel}","templated":true}]}}