{"id":49899,"date":"2025-02-13T06:30:41","date_gmt":"2025-02-13T11:30:41","guid":{"rendered":"https:\/\/www.uqac.ca\/uqactualites\/?p=49899"},"modified":"2025-02-13T06:30:41","modified_gmt":"2025-02-13T11:30:41","slug":"alerte-meteo-13-fevrier-2025","status":"publish","type":"post","link":"https:\/\/www.uqac.ca\/uqactualites\/2025\/02\/13\/alerte-meteo-13-fevrier-2025\/","title":{"rendered":"Alerte m\u00e9t\u00e9o 13 f\u00e9vrier 2025"},"content":{"rendered":"<h5><strong>Message \u00e0 la communaut\u00e9 \u00e9tudiante<\/strong><\/h5>\n<p>Les cours sont maintenus sur tous les campus de l\u2019UQAC jeudi 13 f\u00e9vrier 2025. Toutefois, il est possible que certains cours soient bascul\u00e9s \u00e0 distance. Avant de vous rendre sur place, nous vous invitons \u00e0 consulter la plateforme Moodle et vos courriels pour conna\u00eetre les modifications apport\u00e9es aux modalit\u00e9s d\u2019enseignement de vos cours pr\u00e9vus pour la journ\u00e9e. Nous souhaitons vous rappeler que l\u2019UQAC demeure ouverte et que les lieux seront accessibles comme \u00e0 l\u2019habitude. Le Service aux \u00e9tudiants sera ouvert bien que certains services pourraient \u00eatre offerts \u00e0 distance.<\/p>\n<p>La navette entre Alma et l\u2019UQAC sera disponible comme \u00e0 l\u2019habitude.<\/p>\n<h5><\/h5>\n<h5><strong>Message aux membres du personnel<\/strong><\/h5>\n<p>Par souci de pr\u00e9vention et de s\u00e9curit\u00e9, les membres du personnel sont invit\u00e9s \u00e0 faire du t\u00e9l\u00e9travail si leur situation le permet.<\/p>\n<p>Malgr\u00e9 cette situation, il est possible que certaines personnes doivent se pr\u00e9senter au travail \u00e9tant donn\u00e9 la nature de leur fonction. Le cas \u00e9ch\u00e9ant, la prudence est de mise et l\u2019Institution fera preuve de souplesse et de compr\u00e9hension.<\/p>\n<p>La navette entre Alma et l\u2019UQAC sera disponible comme \u00e0 l\u2019habitude.<\/p>\n<p>&nbsp;<\/p>\n","protected":false},"excerpt":{"rendered":"<p>Message \u00e0 la communaut\u00e9 \u00e9tudiante Les cours sont maintenus sur tous les campus de l\u2019UQAC jeudi 13 f\u00e9vrier 2025. Toutefois, il est possible que certains cours soient bascul\u00e9s \u00e0 distance. Avant de vous rendre sur place, nous vous invitons \u00e0 consulter la plateforme Moodle et vos courriels pour conna\u00eetre les modifications apport\u00e9es aux modalit\u00e9s d\u2019enseignement [&hellip;]<\/p>\n","protected":false},"author":5,"featured_media":49900,"comment_status":"closed","ping_status":"open","sticky":false,"template":"","format":"standard","meta":{"footnotes":""},"categories":[2941],"tags":[],"yoast_head":"<!-- This site is optimized with the Yoast SEO plugin v24.2 - https:\/\/yoast.com\/wordpress\/plugins\/seo\/ -->\r\n<title>Alerte m\u00e9t\u00e9o 13 f\u00e9vrier 2025 - UQACtualit\u00e9s<\/title>\r\n<meta name=\"robots\" content=\"index, follow, max-snippet:-1, max-image-preview:large, max-video-preview:-1\" \/>\r\n<link rel=\"canonical\" href=\"https:\/\/www.uqac.ca\/uqactualites\/2025\/02\/13\/alerte-meteo-13-fevrier-2025\/\" \/>\r\n<meta property=\"og:locale\" content=\"fr_CA\" \/>\r\n<meta property=\"og:type\" content=\"article\" \/>\r\n<meta property=\"og:title\" content=\"Alerte m\u00e9t\u00e9o 13 f\u00e9vrier 2025 - UQACtualit\u00e9s\" \/>\r\n<meta property=\"og:description\" content=\"Message \u00e0 la communaut\u00e9 \u00e9tudiante Les cours sont maintenus sur tous les campus de l\u2019UQAC jeudi 13 f\u00e9vrier 2025. Toutefois, il est possible que certains cours soient bascul\u00e9s \u00e0 distance. Avant de vous rendre sur place, nous vous invitons \u00e0 consulter la plateforme Moodle et vos courriels pour conna\u00eetre les modifications apport\u00e9es aux modalit\u00e9s d\u2019enseignement [&hellip;]\" \/>\r\n<meta property=\"og:url\" content=\"https:\/\/www.uqac.ca\/uqactualites\/2025\/02\/13\/alerte-meteo-13-fevrier-2025\/\" \/>\r\n<meta property=\"og:site_name\" content=\"UQACtualit\u00e9s\" \/>\r\n<meta property=\"article:published_time\" content=\"2025-02-13T11:30:41+00:00\" \/>\r\n<meta property=\"og:image\" content=\"https:\/\/www.uqac.ca\/uqactualites\/wp-content\/uploads\/2025\/02\/NUM_AlerteMeteoA21_WebLaUne3840X2160-scaled.jpg\" \/>\r\n\t<meta property=\"og:image:width\" content=\"2560\" \/>\r\n\t<meta property=\"og:image:height\" content=\"1440\" \/>\r\n\t<meta property=\"og:image:type\" content=\"image\/jpeg\" \/>\r\n<meta name=\"author\" content=\"Service des communications et des relations publiques\" \/>\r\n<meta name=\"twitter:card\" content=\"summary_large_image\" \/>\r\n<meta name=\"twitter:label1\" content=\"\u00c9crit par\" \/>\n\t<meta name=\"twitter:data1\" content=\"Service des communications et des relations publiques\" \/>\n\t<meta name=\"twitter:label2\" content=\"Estimation du temps de lecture\" \/>\n\t<meta name=\"twitter:data2\" content=\"2 minutes\" \/>\r\n<script type=\"application\/ld+json\" class=\"yoast-schema-graph\">{\"@context\":\"https:\/\/schema.org\",\"@graph\":[{\"@type\":\"WebPage\",\"@id\":\"https:\/\/www.uqac.ca\/uqactualites\/2025\/02\/13\/alerte-meteo-13-fevrier-2025\/\",\"url\":\"https:\/\/www.uqac.ca\/uqactualites\/2025\/02\/13\/alerte-meteo-13-fevrier-2025\/\",\"name\":\"Alerte m\u00e9t\u00e9o 13 f\u00e9vrier 2025 - UQACtualit\u00e9s\",\"isPartOf\":{\"@id\":\"https:\/\/www.uqac.ca\/uqactualites\/#website\"},\"primaryImageOfPage\":{\"@id\":\"https:\/\/www.uqac.ca\/uqactualites\/2025\/02\/13\/alerte-meteo-13-fevrier-2025\/#primaryimage\"},\"image\":{\"@id\":\"https:\/\/www.uqac.ca\/uqactualites\/2025\/02\/13\/alerte-meteo-13-fevrier-2025\/#primaryimage\"},\"thumbnailUrl\":\"https:\/\/www.uqac.ca\/uqactualites\/wp-content\/uploads\/2025\/02\/NUM_AlerteMeteoA21_WebLaUne3840X2160-scaled.jpg\",\"datePublished\":\"2025-02-13T11:30:41+00:00\",\"dateModified\":\"2025-02-13T11:30:41+00:00\",\"author\":{\"@id\":\"https:\/\/www.uqac.ca\/uqactualites\/#\/schema\/person\/366c45a0c4f0e677b41b4af5886e2018\"},\"breadcrumb\":{\"@id\":\"https:\/\/www.uqac.ca\/uqactualites\/2025\/02\/13\/alerte-meteo-13-fevrier-2025\/#breadcrumb\"},\"inLanguage\":\"fr-CA\",\"potentialAction\":[{\"@type\":\"ReadAction\",\"target\":[\"https:\/\/www.uqac.ca\/uqactualites\/2025\/02\/13\/alerte-meteo-13-fevrier-2025\/\"]}]},{\"@type\":\"ImageObject\",\"inLanguage\":\"fr-CA\",\"@id\":\"https:\/\/www.uqac.ca\/uqactualites\/2025\/02\/13\/alerte-meteo-13-fevrier-2025\/#primaryimage\",\"url\":\"https:\/\/www.uqac.ca\/uqactualites\/wp-content\/uploads\/2025\/02\/NUM_AlerteMeteoA21_WebLaUne3840X2160-scaled.jpg\",\"contentUrl\":\"https:\/\/www.uqac.ca\/uqactualites\/wp-content\/uploads\/2025\/02\/NUM_AlerteMeteoA21_WebLaUne3840X2160-scaled.jpg\",\"width\":2560,\"height\":1440},{\"@type\":\"BreadcrumbList\",\"@id\":\"https:\/\/www.uqac.ca\/uqactualites\/2025\/02\/13\/alerte-meteo-13-fevrier-2025\/#breadcrumb\",\"itemListElement\":[{\"@type\":\"ListItem\",\"position\":1,\"name\":\"Home\",\"item\":\"https:\/\/www.uqac.ca\/uqactualites\/\"},{\"@type\":\"ListItem\",\"position\":2,\"name\":\"Alerte m\u00e9t\u00e9o 13 f\u00e9vrier 2025\"}]},{\"@type\":\"WebSite\",\"@id\":\"https:\/\/www.uqac.ca\/uqactualites\/#website\",\"url\":\"https:\/\/www.uqac.ca\/uqactualites\/\",\"name\":\"UQACtualit\u00e9s\",\"description\":\"Le portail des nouvelles de l&#039;UQAC\",\"potentialAction\":[{\"@type\":\"SearchAction\",\"target\":{\"@type\":\"EntryPoint\",\"urlTemplate\":\"https:\/\/www.uqac.ca\/uqactualites\/?s={search_term_string}\"},\"query-input\":{\"@type\":\"PropertyValueSpecification\",\"valueRequired\":true,\"valueName\":\"search_term_string\"}}],\"inLanguage\":\"fr-CA\"},{\"@type\":\"Person\",\"@id\":\"https:\/\/www.uqac.ca\/uqactualites\/#\/schema\/person\/366c45a0c4f0e677b41b4af5886e2018\",\"name\":\"Service des communications et des relations publiques\",\"image\":{\"@type\":\"ImageObject\",\"inLanguage\":\"fr-CA\",\"@id\":\"https:\/\/www.uqac.ca\/uqactualites\/#\/schema\/person\/image\/\",\"url\":\"https:\/\/secure.gravatar.com\/avatar\/20fbbda8a292f59f2d3461a5b999c00b?s=96&d=mm&r=g\",\"contentUrl\":\"https:\/\/secure.gravatar.com\/avatar\/20fbbda8a292f59f2d3461a5b999c00b?s=96&d=mm&r=g\",\"caption\":\"Service des communications et des relations publiques\"},\"url\":\"https:\/\/www.uqac.ca\/uqactualites\/author\/bap\/\"}]}<\/script>\r\n<!-- \/ Yoast SEO plugin. -->","yoast_head_json":{"title":"Alerte m\u00e9t\u00e9o 13 f\u00e9vrier 2025 - UQACtualit\u00e9s","robots":{"index":"index","follow":"follow","max-snippet":"max-snippet:-1","max-image-preview":"max-image-preview:large","max-video-preview":"max-video-preview:-1"},"canonical":"https:\/\/www.uqac.ca\/uqactualites\/2025\/02\/13\/alerte-meteo-13-fevrier-2025\/","og_locale":"fr_CA","og_type":"article","og_title":"Alerte m\u00e9t\u00e9o 13 f\u00e9vrier 2025 - UQACtualit\u00e9s","og_description":"Message \u00e0 la communaut\u00e9 \u00e9tudiante Les cours sont maintenus sur tous les campus de l\u2019UQAC jeudi 13 f\u00e9vrier 2025. Toutefois, il est possible que certains cours soient bascul\u00e9s \u00e0 distance. Avant de vous rendre sur place, nous vous invitons \u00e0 consulter la plateforme Moodle et vos courriels pour conna\u00eetre les modifications apport\u00e9es aux modalit\u00e9s d\u2019enseignement [&hellip;]","og_url":"https:\/\/www.uqac.ca\/uqactualites\/2025\/02\/13\/alerte-meteo-13-fevrier-2025\/","og_site_name":"UQACtualit\u00e9s","article_published_time":"2025-02-13T11:30:41+00:00","og_image":[{"width":2560,"height":1440,"url":"https:\/\/www.uqac.ca\/uqactualites\/wp-content\/uploads\/2025\/02\/NUM_AlerteMeteoA21_WebLaUne3840X2160-scaled.jpg","type":"image\/jpeg"}],"author":"Service des communications et des relations publiques","twitter_card":"summary_large_image","twitter_misc":{"\u00c9crit par":"Service des communications et des relations publiques","Estimation du temps de lecture":"2 minutes"},"schema":{"@context":"https:\/\/schema.org","@graph":[{"@type":"WebPage","@id":"https:\/\/www.uqac.ca\/uqactualites\/2025\/02\/13\/alerte-meteo-13-fevrier-2025\/","url":"https:\/\/www.uqac.ca\/uqactualites\/2025\/02\/13\/alerte-meteo-13-fevrier-2025\/","name":"Alerte m\u00e9t\u00e9o 13 f\u00e9vrier 2025 - UQACtualit\u00e9s","isPartOf":{"@id":"https:\/\/www.uqac.ca\/uqactualites\/#website"},"primaryImageOfPage":{"@id":"https:\/\/www.uqac.ca\/uqactualites\/2025\/02\/13\/alerte-meteo-13-fevrier-2025\/#primaryimage"},"image":{"@id":"https:\/\/www.uqac.ca\/uqactualites\/2025\/02\/13\/alerte-meteo-13-fevrier-2025\/#primaryimage"},"thumbnailUrl":"https:\/\/www.uqac.ca\/uqactualites\/wp-content\/uploads\/2025\/02\/NUM_AlerteMeteoA21_WebLaUne3840X2160-scaled.jpg","datePublished":"2025-02-13T11:30:41+00:00","dateModified":"2025-02-13T11:30:41+00:00","author":{"@id":"https:\/\/www.uqac.ca\/uqactualites\/#\/schema\/person\/366c45a0c4f0e677b41b4af5886e2018"},"breadcrumb":{"@id":"https:\/\/www.uqac.ca\/uqactualites\/2025\/02\/13\/alerte-meteo-13-fevrier-2025\/#breadcrumb"},"inLanguage":"fr-CA","potentialAction":[{"@type":"ReadAction","target":["https:\/\/www.uqac.ca\/uqactualites\/2025\/02\/13\/alerte-meteo-13-fevrier-2025\/"]}]},{"@type":"ImageObject","inLanguage":"fr-CA","@id":"https:\/\/www.uqac.ca\/uqactualites\/2025\/02\/13\/alerte-meteo-13-fevrier-2025\/#primaryimage","url":"https:\/\/www.uqac.ca\/uqactualites\/wp-content\/uploads\/2025\/02\/NUM_AlerteMeteoA21_WebLaUne3840X2160-scaled.jpg","contentUrl":"https:\/\/www.uqac.ca\/uqactualites\/wp-content\/uploads\/2025\/02\/NUM_AlerteMeteoA21_WebLaUne3840X2160-scaled.jpg","width":2560,"height":1440},{"@type":"BreadcrumbList","@id":"https:\/\/www.uqac.ca\/uqactualites\/2025\/02\/13\/alerte-meteo-13-fevrier-2025\/#breadcrumb","itemListElement":[{"@type":"ListItem","position":1,"name":"Home","item":"https:\/\/www.uqac.ca\/uqactualites\/"},{"@type":"ListItem","position":2,"name":"Alerte m\u00e9t\u00e9o 13 f\u00e9vrier 2025"}]},{"@type":"WebSite","@id":"https:\/\/www.uqac.ca\/uqactualites\/#website","url":"https:\/\/www.uqac.ca\/uqactualites\/","name":"UQACtualit\u00e9s","description":"Le portail des nouvelles de l&#039;UQAC","potentialAction":[{"@type":"SearchAction","target":{"@type":"EntryPoint","urlTemplate":"https:\/\/www.uqac.ca\/uqactualites\/?s={search_term_string}"},"query-input":{"@type":"PropertyValueSpecification","valueRequired":true,"valueName":"search_term_string"}}],"inLanguage":"fr-CA"},{"@type":"Person","@id":"https:\/\/www.uqac.ca\/uqactualites\/#\/schema\/person\/366c45a0c4f0e677b41b4af5886e2018","name":"Service des communications et des relations publiques","image":{"@type":"ImageObject","inLanguage":"fr-CA","@id":"https:\/\/www.uqac.ca\/uqactualites\/#\/schema\/person\/image\/","url":"https:\/\/secure.gravatar.com\/avatar\/20fbbda8a292f59f2d3461a5b999c00b?s=96&d=mm&r=g","contentUrl":"https:\/\/secure.gravatar.com\/avatar\/20fbbda8a292f59f2d3461a5b999c00b?s=96&d=mm&r=g","caption":"Service des communications et des relations publiques"},"url":"https:\/\/www.uqac.ca\/uqactualites\/author\/bap\/"}]}},"_links":{"self":[{"href":"https:\/\/www.uqac.ca\/uqactualites\/wp-json\/wp\/v2\/posts\/49899"}],"collection":[{"href":"https:\/\/www.uqac.ca\/uqactualites\/wp-json\/wp\/v2\/posts"}],"about":[{"href":"https:\/\/www.uqac.ca\/uqactualites\/wp-json\/wp\/v2\/types\/post"}],"author":[{"embeddable":true,"href":"https:\/\/www.uqac.ca\/uqactualites\/wp-json\/wp\/v2\/users\/5"}],"replies":[{"embeddable":true,"href":"https:\/\/www.uqac.ca\/uqactualites\/wp-json\/wp\/v2\/comments?post=49899"}],"version-history":[{"count":6,"href":"https:\/\/www.uqac.ca\/uqactualites\/wp-json\/wp\/v2\/posts\/49899\/revisions"}],"predecessor-version":[{"id":49906,"href":"https:\/\/www.uqac.ca\/uqactualites\/wp-json\/wp\/v2\/posts\/49899\/revisions\/49906"}],"wp:featuredmedia":[{"embeddable":true,"href":"https:\/\/www.uqac.ca\/uqactualites\/wp-json\/wp\/v2\/media\/49900"}],"wp:attachment":[{"href":"https:\/\/www.uqac.ca\/uqactualites\/wp-json\/wp\/v2\/media?parent=49899"}],"wp:term":[{"taxonomy":"category","embeddable":true,"href":"https:\/\/www.uqac.ca\/uqactualites\/wp-json\/wp\/v2\/categories?post=49899"},{"taxonomy":"post_tag","embeddable":true,"href":"https:\/\/www.uqac.ca\/uqactualites\/wp-json\/wp\/v2\/tags?post=49899"}],"curies":[{"name":"wp","href":"https:\/\/api.w.org\/{rel}","templated":true}]}}