{"id":49925,"date":"2025-02-13T14:45:42","date_gmt":"2025-02-13T19:45:42","guid":{"rendered":"https:\/\/www.uqac.ca\/uqactualites\/?p=49925"},"modified":"2025-02-13T14:45:42","modified_gmt":"2025-02-13T19:45:42","slug":"mise-a-jour-alerte-meteo-13-fevrier-2025","status":"publish","type":"post","link":"https:\/\/www.uqac.ca\/uqactualites\/2025\/02\/13\/mise-a-jour-alerte-meteo-13-fevrier-2025\/","title":{"rendered":"Mise \u00e0 jour | Alerte m\u00e9t\u00e9o 13 f\u00e9vrier 2025"},"content":{"rendered":"<p>Tous nos campus seront ferm\u00e9s \u00e0 compter de 16h, 13 f\u00e9vrier, \u00e9tant donn\u00e9 les conditions m\u00e9t\u00e9orologiques. Cette disposition touche l\u2019ensemble de la communaut\u00e9 \u00e9tudiante et des membres du personnel de l\u2019UQAC. Ainsi, les bureaux administratifs seront \u00e9galement ferm\u00e9s \u00e0 compter de 16 h, ce qui comprend \u00e9galement les activit\u00e9s du Pavillon sportif.<\/p>\n<p>Les membres du corps enseignant sont invit\u00e9s \u00e0 basculer leurs activit\u00e9s p\u00e9dagogiques dans une formule \u00e0 distance dans la mesure du possible. Nous demandons aux \u00e9tudiants et \u00e9tudiantes de consulter la plateforme Moodle ou encore leur courriel pour conna\u00eetre le mode de prestation de leur cours pr\u00e9vu en soir\u00e9e.<\/p>\n<p>La navette entre Alma et l\u2019UQAC sera disponible comme \u00e0 l\u2019habitude.<\/p>\n<p>Les activit\u00e9s reprendront normalement demain matin \u00e0 moins d\u2019avis contraire.<\/p>\n","protected":false},"excerpt":{"rendered":"<p>Tous nos campus seront ferm\u00e9s \u00e0 compter de 16h, 13 f\u00e9vrier, \u00e9tant donn\u00e9 les conditions m\u00e9t\u00e9orologiques. Cette disposition touche l\u2019ensemble de la communaut\u00e9 \u00e9tudiante et des membres du personnel de l\u2019UQAC. Ainsi, les bureaux administratifs seront \u00e9galement ferm\u00e9s \u00e0 compter de 16 h, ce qui comprend \u00e9galement les activit\u00e9s du Pavillon sportif. Les membres du [&hellip;]<\/p>\n","protected":false},"author":5,"featured_media":49900,"comment_status":"closed","ping_status":"open","sticky":false,"template":"","format":"standard","meta":{"footnotes":""},"categories":[2941],"tags":[],"yoast_head":"<!-- This site is optimized with the Yoast SEO plugin v24.2 - https:\/\/yoast.com\/wordpress\/plugins\/seo\/ -->\r\n<title>Mise \u00e0 jour | Alerte m\u00e9t\u00e9o 13 f\u00e9vrier 2025 - UQACtualit\u00e9s<\/title>\r\n<meta name=\"robots\" content=\"index, follow, max-snippet:-1, max-image-preview:large, max-video-preview:-1\" \/>\r\n<link rel=\"canonical\" href=\"https:\/\/www.uqac.ca\/uqactualites\/2025\/02\/13\/mise-a-jour-alerte-meteo-13-fevrier-2025\/\" \/>\r\n<meta property=\"og:locale\" content=\"fr_CA\" \/>\r\n<meta property=\"og:type\" content=\"article\" \/>\r\n<meta property=\"og:title\" content=\"Mise \u00e0 jour | Alerte m\u00e9t\u00e9o 13 f\u00e9vrier 2025 - UQACtualit\u00e9s\" \/>\r\n<meta property=\"og:description\" content=\"Tous nos campus seront ferm\u00e9s \u00e0 compter de 16h, 13 f\u00e9vrier, \u00e9tant donn\u00e9 les conditions m\u00e9t\u00e9orologiques. Cette disposition touche l\u2019ensemble de la communaut\u00e9 \u00e9tudiante et des membres du personnel de l\u2019UQAC. Ainsi, les bureaux administratifs seront \u00e9galement ferm\u00e9s \u00e0 compter de 16 h, ce qui comprend \u00e9galement les activit\u00e9s du Pavillon sportif. Les membres du [&hellip;]\" \/>\r\n<meta property=\"og:url\" content=\"https:\/\/www.uqac.ca\/uqactualites\/2025\/02\/13\/mise-a-jour-alerte-meteo-13-fevrier-2025\/\" \/>\r\n<meta property=\"og:site_name\" content=\"UQACtualit\u00e9s\" \/>\r\n<meta property=\"article:published_time\" content=\"2025-02-13T19:45:42+00:00\" \/>\r\n<meta property=\"og:image\" content=\"https:\/\/www.uqac.ca\/uqactualites\/wp-content\/uploads\/2025\/02\/NUM_AlerteMeteoA21_WebLaUne3840X2160-scaled.jpg\" \/>\r\n\t<meta property=\"og:image:width\" content=\"2560\" \/>\r\n\t<meta property=\"og:image:height\" content=\"1440\" \/>\r\n\t<meta property=\"og:image:type\" content=\"image\/jpeg\" \/>\r\n<meta name=\"author\" content=\"Service des communications et des relations publiques\" \/>\r\n<meta name=\"twitter:card\" content=\"summary_large_image\" \/>\r\n<meta name=\"twitter:label1\" content=\"\u00c9crit par\" \/>\n\t<meta name=\"twitter:data1\" content=\"Service des communications et des relations publiques\" \/>\n\t<meta name=\"twitter:label2\" content=\"Estimation du temps de lecture\" \/>\n\t<meta name=\"twitter:data2\" content=\"1 minute\" \/>\r\n<script type=\"application\/ld+json\" class=\"yoast-schema-graph\">{\"@context\":\"https:\/\/schema.org\",\"@graph\":[{\"@type\":\"WebPage\",\"@id\":\"https:\/\/www.uqac.ca\/uqactualites\/2025\/02\/13\/mise-a-jour-alerte-meteo-13-fevrier-2025\/\",\"url\":\"https:\/\/www.uqac.ca\/uqactualites\/2025\/02\/13\/mise-a-jour-alerte-meteo-13-fevrier-2025\/\",\"name\":\"Mise \u00e0 jour | Alerte m\u00e9t\u00e9o 13 f\u00e9vrier 2025 - UQACtualit\u00e9s\",\"isPartOf\":{\"@id\":\"https:\/\/www.uqac.ca\/uqactualites\/#website\"},\"primaryImageOfPage\":{\"@id\":\"https:\/\/www.uqac.ca\/uqactualites\/2025\/02\/13\/mise-a-jour-alerte-meteo-13-fevrier-2025\/#primaryimage\"},\"image\":{\"@id\":\"https:\/\/www.uqac.ca\/uqactualites\/2025\/02\/13\/mise-a-jour-alerte-meteo-13-fevrier-2025\/#primaryimage\"},\"thumbnailUrl\":\"https:\/\/www.uqac.ca\/uqactualites\/wp-content\/uploads\/2025\/02\/NUM_AlerteMeteoA21_WebLaUne3840X2160-scaled.jpg\",\"datePublished\":\"2025-02-13T19:45:42+00:00\",\"dateModified\":\"2025-02-13T19:45:42+00:00\",\"author\":{\"@id\":\"https:\/\/www.uqac.ca\/uqactualites\/#\/schema\/person\/366c45a0c4f0e677b41b4af5886e2018\"},\"breadcrumb\":{\"@id\":\"https:\/\/www.uqac.ca\/uqactualites\/2025\/02\/13\/mise-a-jour-alerte-meteo-13-fevrier-2025\/#breadcrumb\"},\"inLanguage\":\"fr-CA\",\"potentialAction\":[{\"@type\":\"ReadAction\",\"target\":[\"https:\/\/www.uqac.ca\/uqactualites\/2025\/02\/13\/mise-a-jour-alerte-meteo-13-fevrier-2025\/\"]}]},{\"@type\":\"ImageObject\",\"inLanguage\":\"fr-CA\",\"@id\":\"https:\/\/www.uqac.ca\/uqactualites\/2025\/02\/13\/mise-a-jour-alerte-meteo-13-fevrier-2025\/#primaryimage\",\"url\":\"https:\/\/www.uqac.ca\/uqactualites\/wp-content\/uploads\/2025\/02\/NUM_AlerteMeteoA21_WebLaUne3840X2160-scaled.jpg\",\"contentUrl\":\"https:\/\/www.uqac.ca\/uqactualites\/wp-content\/uploads\/2025\/02\/NUM_AlerteMeteoA21_WebLaUne3840X2160-scaled.jpg\",\"width\":2560,\"height\":1440},{\"@type\":\"BreadcrumbList\",\"@id\":\"https:\/\/www.uqac.ca\/uqactualites\/2025\/02\/13\/mise-a-jour-alerte-meteo-13-fevrier-2025\/#breadcrumb\",\"itemListElement\":[{\"@type\":\"ListItem\",\"position\":1,\"name\":\"Home\",\"item\":\"https:\/\/www.uqac.ca\/uqactualites\/\"},{\"@type\":\"ListItem\",\"position\":2,\"name\":\"Mise \u00e0 jour | Alerte m\u00e9t\u00e9o 13 f\u00e9vrier 2025\"}]},{\"@type\":\"WebSite\",\"@id\":\"https:\/\/www.uqac.ca\/uqactualites\/#website\",\"url\":\"https:\/\/www.uqac.ca\/uqactualites\/\",\"name\":\"UQACtualit\u00e9s\",\"description\":\"Le portail des nouvelles de l&#039;UQAC\",\"potentialAction\":[{\"@type\":\"SearchAction\",\"target\":{\"@type\":\"EntryPoint\",\"urlTemplate\":\"https:\/\/www.uqac.ca\/uqactualites\/?s={search_term_string}\"},\"query-input\":{\"@type\":\"PropertyValueSpecification\",\"valueRequired\":true,\"valueName\":\"search_term_string\"}}],\"inLanguage\":\"fr-CA\"},{\"@type\":\"Person\",\"@id\":\"https:\/\/www.uqac.ca\/uqactualites\/#\/schema\/person\/366c45a0c4f0e677b41b4af5886e2018\",\"name\":\"Service des communications et des relations publiques\",\"image\":{\"@type\":\"ImageObject\",\"inLanguage\":\"fr-CA\",\"@id\":\"https:\/\/www.uqac.ca\/uqactualites\/#\/schema\/person\/image\/\",\"url\":\"https:\/\/secure.gravatar.com\/avatar\/20fbbda8a292f59f2d3461a5b999c00b?s=96&d=mm&r=g\",\"contentUrl\":\"https:\/\/secure.gravatar.com\/avatar\/20fbbda8a292f59f2d3461a5b999c00b?s=96&d=mm&r=g\",\"caption\":\"Service des communications et des relations publiques\"},\"url\":\"https:\/\/www.uqac.ca\/uqactualites\/author\/bap\/\"}]}<\/script>\r\n<!-- \/ Yoast SEO plugin. -->","yoast_head_json":{"title":"Mise \u00e0 jour | Alerte m\u00e9t\u00e9o 13 f\u00e9vrier 2025 - UQACtualit\u00e9s","robots":{"index":"index","follow":"follow","max-snippet":"max-snippet:-1","max-image-preview":"max-image-preview:large","max-video-preview":"max-video-preview:-1"},"canonical":"https:\/\/www.uqac.ca\/uqactualites\/2025\/02\/13\/mise-a-jour-alerte-meteo-13-fevrier-2025\/","og_locale":"fr_CA","og_type":"article","og_title":"Mise \u00e0 jour | Alerte m\u00e9t\u00e9o 13 f\u00e9vrier 2025 - UQACtualit\u00e9s","og_description":"Tous nos campus seront ferm\u00e9s \u00e0 compter de 16h, 13 f\u00e9vrier, \u00e9tant donn\u00e9 les conditions m\u00e9t\u00e9orologiques. Cette disposition touche l\u2019ensemble de la communaut\u00e9 \u00e9tudiante et des membres du personnel de l\u2019UQAC. Ainsi, les bureaux administratifs seront \u00e9galement ferm\u00e9s \u00e0 compter de 16 h, ce qui comprend \u00e9galement les activit\u00e9s du Pavillon sportif. Les membres du [&hellip;]","og_url":"https:\/\/www.uqac.ca\/uqactualites\/2025\/02\/13\/mise-a-jour-alerte-meteo-13-fevrier-2025\/","og_site_name":"UQACtualit\u00e9s","article_published_time":"2025-02-13T19:45:42+00:00","og_image":[{"width":2560,"height":1440,"url":"https:\/\/www.uqac.ca\/uqactualites\/wp-content\/uploads\/2025\/02\/NUM_AlerteMeteoA21_WebLaUne3840X2160-scaled.jpg","type":"image\/jpeg"}],"author":"Service des communications et des relations publiques","twitter_card":"summary_large_image","twitter_misc":{"\u00c9crit par":"Service des communications et des relations publiques","Estimation du temps de lecture":"1 minute"},"schema":{"@context":"https:\/\/schema.org","@graph":[{"@type":"WebPage","@id":"https:\/\/www.uqac.ca\/uqactualites\/2025\/02\/13\/mise-a-jour-alerte-meteo-13-fevrier-2025\/","url":"https:\/\/www.uqac.ca\/uqactualites\/2025\/02\/13\/mise-a-jour-alerte-meteo-13-fevrier-2025\/","name":"Mise \u00e0 jour | Alerte m\u00e9t\u00e9o 13 f\u00e9vrier 2025 - UQACtualit\u00e9s","isPartOf":{"@id":"https:\/\/www.uqac.ca\/uqactualites\/#website"},"primaryImageOfPage":{"@id":"https:\/\/www.uqac.ca\/uqactualites\/2025\/02\/13\/mise-a-jour-alerte-meteo-13-fevrier-2025\/#primaryimage"},"image":{"@id":"https:\/\/www.uqac.ca\/uqactualites\/2025\/02\/13\/mise-a-jour-alerte-meteo-13-fevrier-2025\/#primaryimage"},"thumbnailUrl":"https:\/\/www.uqac.ca\/uqactualites\/wp-content\/uploads\/2025\/02\/NUM_AlerteMeteoA21_WebLaUne3840X2160-scaled.jpg","datePublished":"2025-02-13T19:45:42+00:00","dateModified":"2025-02-13T19:45:42+00:00","author":{"@id":"https:\/\/www.uqac.ca\/uqactualites\/#\/schema\/person\/366c45a0c4f0e677b41b4af5886e2018"},"breadcrumb":{"@id":"https:\/\/www.uqac.ca\/uqactualites\/2025\/02\/13\/mise-a-jour-alerte-meteo-13-fevrier-2025\/#breadcrumb"},"inLanguage":"fr-CA","potentialAction":[{"@type":"ReadAction","target":["https:\/\/www.uqac.ca\/uqactualites\/2025\/02\/13\/mise-a-jour-alerte-meteo-13-fevrier-2025\/"]}]},{"@type":"ImageObject","inLanguage":"fr-CA","@id":"https:\/\/www.uqac.ca\/uqactualites\/2025\/02\/13\/mise-a-jour-alerte-meteo-13-fevrier-2025\/#primaryimage","url":"https:\/\/www.uqac.ca\/uqactualites\/wp-content\/uploads\/2025\/02\/NUM_AlerteMeteoA21_WebLaUne3840X2160-scaled.jpg","contentUrl":"https:\/\/www.uqac.ca\/uqactualites\/wp-content\/uploads\/2025\/02\/NUM_AlerteMeteoA21_WebLaUne3840X2160-scaled.jpg","width":2560,"height":1440},{"@type":"BreadcrumbList","@id":"https:\/\/www.uqac.ca\/uqactualites\/2025\/02\/13\/mise-a-jour-alerte-meteo-13-fevrier-2025\/#breadcrumb","itemListElement":[{"@type":"ListItem","position":1,"name":"Home","item":"https:\/\/www.uqac.ca\/uqactualites\/"},{"@type":"ListItem","position":2,"name":"Mise \u00e0 jour | Alerte m\u00e9t\u00e9o 13 f\u00e9vrier 2025"}]},{"@type":"WebSite","@id":"https:\/\/www.uqac.ca\/uqactualites\/#website","url":"https:\/\/www.uqac.ca\/uqactualites\/","name":"UQACtualit\u00e9s","description":"Le portail des nouvelles de l&#039;UQAC","potentialAction":[{"@type":"SearchAction","target":{"@type":"EntryPoint","urlTemplate":"https:\/\/www.uqac.ca\/uqactualites\/?s={search_term_string}"},"query-input":{"@type":"PropertyValueSpecification","valueRequired":true,"valueName":"search_term_string"}}],"inLanguage":"fr-CA"},{"@type":"Person","@id":"https:\/\/www.uqac.ca\/uqactualites\/#\/schema\/person\/366c45a0c4f0e677b41b4af5886e2018","name":"Service des communications et des relations publiques","image":{"@type":"ImageObject","inLanguage":"fr-CA","@id":"https:\/\/www.uqac.ca\/uqactualites\/#\/schema\/person\/image\/","url":"https:\/\/secure.gravatar.com\/avatar\/20fbbda8a292f59f2d3461a5b999c00b?s=96&d=mm&r=g","contentUrl":"https:\/\/secure.gravatar.com\/avatar\/20fbbda8a292f59f2d3461a5b999c00b?s=96&d=mm&r=g","caption":"Service des communications et des relations publiques"},"url":"https:\/\/www.uqac.ca\/uqactualites\/author\/bap\/"}]}},"_links":{"self":[{"href":"https:\/\/www.uqac.ca\/uqactualites\/wp-json\/wp\/v2\/posts\/49925"}],"collection":[{"href":"https:\/\/www.uqac.ca\/uqactualites\/wp-json\/wp\/v2\/posts"}],"about":[{"href":"https:\/\/www.uqac.ca\/uqactualites\/wp-json\/wp\/v2\/types\/post"}],"author":[{"embeddable":true,"href":"https:\/\/www.uqac.ca\/uqactualites\/wp-json\/wp\/v2\/users\/5"}],"replies":[{"embeddable":true,"href":"https:\/\/www.uqac.ca\/uqactualites\/wp-json\/wp\/v2\/comments?post=49925"}],"version-history":[{"count":1,"href":"https:\/\/www.uqac.ca\/uqactualites\/wp-json\/wp\/v2\/posts\/49925\/revisions"}],"predecessor-version":[{"id":49927,"href":"https:\/\/www.uqac.ca\/uqactualites\/wp-json\/wp\/v2\/posts\/49925\/revisions\/49927"}],"wp:featuredmedia":[{"embeddable":true,"href":"https:\/\/www.uqac.ca\/uqactualites\/wp-json\/wp\/v2\/media\/49900"}],"wp:attachment":[{"href":"https:\/\/www.uqac.ca\/uqactualites\/wp-json\/wp\/v2\/media?parent=49925"}],"wp:term":[{"taxonomy":"category","embeddable":true,"href":"https:\/\/www.uqac.ca\/uqactualites\/wp-json\/wp\/v2\/categories?post=49925"},{"taxonomy":"post_tag","embeddable":true,"href":"https:\/\/www.uqac.ca\/uqactualites\/wp-json\/wp\/v2\/tags?post=49925"}],"curies":[{"name":"wp","href":"https:\/\/api.w.org\/{rel}","templated":true}]}}