{"id":49931,"date":"2025-02-15T17:20:48","date_gmt":"2025-02-15T22:20:48","guid":{"rendered":"https:\/\/www.uqac.ca\/uqactualites\/?p=49931"},"modified":"2025-02-17T12:23:42","modified_gmt":"2025-02-17T17:23:42","slug":"larena-de-luqac-devient-larena-groupe-riverin","status":"publish","type":"post","link":"https:\/\/www.uqac.ca\/uqactualites\/2025\/02\/15\/larena-de-luqac-devient-larena-groupe-riverin\/","title":{"rendered":"L\u2019ar\u00e9na de l\u2019UQAC devient l\u2019Ar\u00e9na Groupe Riverin"},"content":{"rendered":"<p>L\u2019Universit\u00e9 du Qu\u00e9bec \u00e0 Chicoutimi est fi\u00e8re d\u2019annoncer que l\u2019ar\u00e9na situ\u00e9 sur le campus de Saguenay portera d\u00e9sormais le nom Ar\u00e9na Groupe Riverin, et ce, en reconnaissance d\u2019un don majeur du <a href=\"https:\/\/grouperiverin.com\/fr\/accueil\">Groupe Riverin<\/a> \u00e0 la <a href=\"https:\/\/fuqac.ca\/\">Fondation de l\u2019UQAC<\/a>.<\/p>\n<p>Ce partenariat d\u2019envergure, officialis\u00e9 lors d\u2019une c\u00e9r\u00e9monie pr\u00e9c\u00e9dant l\u2019avant-dernier match \u00e0 domicile de la saison r\u00e9guli\u00e8re de hockey des Inuk, t\u00e9moigne de l\u2019engagement de longue date du Groupe Riverin envers la communaut\u00e9 universitaire et le d\u00e9veloppement du sport \u00e9tudiant. En reconnaissance de l\u2019ensemble de ses contributions totalisant plus de 1 M$ \u00e0 l\u2019UQAC, dont un engagement r\u00e9cent de 500 000 $ \u2013 incluant 200 000 $ sp\u00e9cifiquement d\u00e9di\u00e9s au sport universitaire \u2013, l\u2019ar\u00e9na portera d\u00e9sormais le nom d\u2019Ar\u00e9na Groupe Riverin. Ce soutien permettra \u00e0 l\u2019installation de continuer d\u2019\u00eatre un lieu d\u2019entra\u00eenement et de comp\u00e9tition de premier plan pour les \u00e9tudiantes et \u00e9tudiants athl\u00e8tes ainsi que pour la communaut\u00e9 r\u00e9gionale. La c\u00e9r\u00e9monie de d\u00e9voilement s\u2019est tenue en pr\u00e9sence de Ghislain Samson, recteur de l\u2019UQAC, Andr\u00e9 Tremblay, pr\u00e9sident de la Fondation de l\u2019UQAC (FUQAC), Marie-Christine Larouche, directrice g\u00e9n\u00e9rale de la FUQAC, et Nicolas Riverin, pr\u00e9sident du Groupe Riverin Inc.<\/p>\n<p style=\"padding-left: 40px;\">\u00ab L\u2019UQAC est honor\u00e9e de s\u2019associer \u00e0 une entreprise locale qui partage ses valeurs et sa vision pour l\u2019avenir du sport universitaire. Nous sommes fiers de pouvoir compter sur un partenaire aussi engag\u00e9 dans le d\u00e9veloppement de notre institution et de nos jeunes talents.\u00a0Le soutien du Groupe Riverin aura un impact direct sur le dynamisme et la p\u00e9rennit\u00e9 de nos infrastructures sportives. En mon nom et au nom de l\u2019UQAC, je tiens \u00e0 remercier chaleureusement M. Riverin pour ce g\u00e9n\u00e9reux geste, qui permettra de renforcer l\u2019accessibilit\u00e9 aux infrastructures sportives de notre universit\u00e9 et d\u2019appuyer nos \u00e9tudiantes et \u00e9tudiants athl\u00e8tes dans leur parcours.\u00a0\u00bb<br \/>\n\u2013 Ghislain Samson, recteur de l\u2019UQAC<\/p>\n<p>Ce nouveau chapitre marque une \u00e9tape importante pour le d\u00e9veloppement du sport universitaire \u00e0 l\u2019UQAC, tout en renfor\u00e7ant les liens entre la communaut\u00e9 universitaire et le milieu des affaires r\u00e9gional.<\/p>\n<p><strong>Le Groupe Riverin : un engagement philanthropique de longue date<br \/>\n<\/strong>Le Groupe Riverin soutient son universit\u00e9 r\u00e9gionale depuis plus de 25 ans par l\u2019entremise de la Fondation de l\u2019UQAC. Lors de la premi\u00e8re campagne majeure de d\u00e9veloppement de l\u2019UQAC (1999-2003), l\u2019entreprise a contribu\u00e9 35 000 $ au Fonds Groupe Riverin, d\u00e9di\u00e9 \u00e0 l\u2019ensemble des besoins institutionnels. Lors de la deuxi\u00e8me campagne (2008-2013), le Groupe Riverin a effectu\u00e9 un don majeur de 550 000 $, cette fois en soutien \u00e0 la recherche sur l\u2019\u00e9pidermolyse bulleuse simplex, une maladie g\u00e9n\u00e9tique rare de la peau. En 2024, l\u2019entreprise a r\u00e9affirm\u00e9 son engagement envers l\u2019UQAC en signant une nouvelle entente de 500 000 $, r\u00e9partie entre le d\u00e9veloppement du sport universitaire (200 000 $) et le Fonds Innovation et d\u00e9veloppement de la Fondation de l\u2019UQAC (300 000 $). Depuis la fin des ann\u00e9es 90, le Groupe Riverin a ainsi contribu\u00e9 \u00e0 hauteur de plus de 1 M$ au d\u00e9veloppement de l\u2019UQAC.<\/p>\n<p>&nbsp;<\/p>\n<p><a href=\"https:\/\/www.uqac.ca\/uqactualites\/wp-content\/uploads\/2025\/02\/arena-Riverin-mduhaime-h25-1.jpg\"><img loading=\"lazy\" decoding=\"async\" class=\"alignnone wp-image-49936 size-medium\" src=\"https:\/\/www.uqac.ca\/uqactualites\/wp-content\/uploads\/2025\/02\/arena-Riverin-mduhaime-h25-1-300x200.jpg\" alt=\"\" width=\"300\" height=\"200\" srcset=\"https:\/\/www.uqac.ca\/uqactualites\/wp-content\/uploads\/2025\/02\/arena-Riverin-mduhaime-h25-1-300x200.jpg 300w, https:\/\/www.uqac.ca\/uqactualites\/wp-content\/uploads\/2025\/02\/arena-Riverin-mduhaime-h25-1-1024x683.jpg 1024w, https:\/\/www.uqac.ca\/uqactualites\/wp-content\/uploads\/2025\/02\/arena-Riverin-mduhaime-h25-1-768x512.jpg 768w, https:\/\/www.uqac.ca\/uqactualites\/wp-content\/uploads\/2025\/02\/arena-Riverin-mduhaime-h25-1-1536x1024.jpg 1536w, https:\/\/www.uqac.ca\/uqactualites\/wp-content\/uploads\/2025\/02\/arena-Riverin-mduhaime-h25-1-150x100.jpg 150w, https:\/\/www.uqac.ca\/uqactualites\/wp-content\/uploads\/2025\/02\/arena-Riverin-mduhaime-h25-1-696x464.jpg 696w, https:\/\/www.uqac.ca\/uqactualites\/wp-content\/uploads\/2025\/02\/arena-Riverin-mduhaime-h25-1-1068x712.jpg 1068w, https:\/\/www.uqac.ca\/uqactualites\/wp-content\/uploads\/2025\/02\/arena-Riverin-mduhaime-h25-1.jpg 1920w\" sizes=\"(max-width: 300px) 100vw, 300px\" \/><\/a> <a href=\"https:\/\/www.uqac.ca\/uqactualites\/wp-content\/uploads\/2025\/02\/arena-Riverin-mduhaime-h25-2.jpg\"><img loading=\"lazy\" decoding=\"async\" class=\"alignnone wp-image-49937 size-medium\" src=\"https:\/\/www.uqac.ca\/uqactualites\/wp-content\/uploads\/2025\/02\/arena-Riverin-mduhaime-h25-2-300x200.jpg\" alt=\"\" width=\"300\" height=\"200\" srcset=\"https:\/\/www.uqac.ca\/uqactualites\/wp-content\/uploads\/2025\/02\/arena-Riverin-mduhaime-h25-2-300x200.jpg 300w, https:\/\/www.uqac.ca\/uqactualites\/wp-content\/uploads\/2025\/02\/arena-Riverin-mduhaime-h25-2-1024x683.jpg 1024w, https:\/\/www.uqac.ca\/uqactualites\/wp-content\/uploads\/2025\/02\/arena-Riverin-mduhaime-h25-2-768x512.jpg 768w, https:\/\/www.uqac.ca\/uqactualites\/wp-content\/uploads\/2025\/02\/arena-Riverin-mduhaime-h25-2-1536x1024.jpg 1536w, https:\/\/www.uqac.ca\/uqactualites\/wp-content\/uploads\/2025\/02\/arena-Riverin-mduhaime-h25-2-150x100.jpg 150w, https:\/\/www.uqac.ca\/uqactualites\/wp-content\/uploads\/2025\/02\/arena-Riverin-mduhaime-h25-2-696x464.jpg 696w, https:\/\/www.uqac.ca\/uqactualites\/wp-content\/uploads\/2025\/02\/arena-Riverin-mduhaime-h25-2-1068x712.jpg 1068w, https:\/\/www.uqac.ca\/uqactualites\/wp-content\/uploads\/2025\/02\/arena-Riverin-mduhaime-h25-2.jpg 1920w\" sizes=\"(max-width: 300px) 100vw, 300px\" \/><\/a> <a href=\"https:\/\/www.uqac.ca\/uqactualites\/wp-content\/uploads\/2025\/02\/arena-Riverin-mduhaime-h25-3.jpg\"><img loading=\"lazy\" decoding=\"async\" class=\"alignnone wp-image-49938 size-medium\" src=\"https:\/\/www.uqac.ca\/uqactualites\/wp-content\/uploads\/2025\/02\/arena-Riverin-mduhaime-h25-3-300x200.jpg\" alt=\"\" width=\"300\" height=\"200\" srcset=\"https:\/\/www.uqac.ca\/uqactualites\/wp-content\/uploads\/2025\/02\/arena-Riverin-mduhaime-h25-3-300x200.jpg 300w, https:\/\/www.uqac.ca\/uqactualites\/wp-content\/uploads\/2025\/02\/arena-Riverin-mduhaime-h25-3-1024x683.jpg 1024w, https:\/\/www.uqac.ca\/uqactualites\/wp-content\/uploads\/2025\/02\/arena-Riverin-mduhaime-h25-3-768x512.jpg 768w, https:\/\/www.uqac.ca\/uqactualites\/wp-content\/uploads\/2025\/02\/arena-Riverin-mduhaime-h25-3-1536x1024.jpg 1536w, https:\/\/www.uqac.ca\/uqactualites\/wp-content\/uploads\/2025\/02\/arena-Riverin-mduhaime-h25-3-150x100.jpg 150w, https:\/\/www.uqac.ca\/uqactualites\/wp-content\/uploads\/2025\/02\/arena-Riverin-mduhaime-h25-3-696x464.jpg 696w, https:\/\/www.uqac.ca\/uqactualites\/wp-content\/uploads\/2025\/02\/arena-Riverin-mduhaime-h25-3-1068x712.jpg 1068w, https:\/\/www.uqac.ca\/uqactualites\/wp-content\/uploads\/2025\/02\/arena-Riverin-mduhaime-h25-3.jpg 1920w\" sizes=\"(max-width: 300px) 100vw, 300px\" \/><\/a> <a href=\"https:\/\/www.uqac.ca\/uqactualites\/wp-content\/uploads\/2025\/02\/arena-Riverin-mduhaime-h25-5.jpg\"><img loading=\"lazy\" decoding=\"async\" class=\"alignnone wp-image-49939 size-medium\" src=\"https:\/\/www.uqac.ca\/uqactualites\/wp-content\/uploads\/2025\/02\/arena-Riverin-mduhaime-h25-5-300x200.jpg\" alt=\"\" width=\"300\" height=\"200\" srcset=\"https:\/\/www.uqac.ca\/uqactualites\/wp-content\/uploads\/2025\/02\/arena-Riverin-mduhaime-h25-5-300x200.jpg 300w, https:\/\/www.uqac.ca\/uqactualites\/wp-content\/uploads\/2025\/02\/arena-Riverin-mduhaime-h25-5-1024x683.jpg 1024w, https:\/\/www.uqac.ca\/uqactualites\/wp-content\/uploads\/2025\/02\/arena-Riverin-mduhaime-h25-5-768x512.jpg 768w, https:\/\/www.uqac.ca\/uqactualites\/wp-content\/uploads\/2025\/02\/arena-Riverin-mduhaime-h25-5-1536x1024.jpg 1536w, https:\/\/www.uqac.ca\/uqactualites\/wp-content\/uploads\/2025\/02\/arena-Riverin-mduhaime-h25-5-150x100.jpg 150w, https:\/\/www.uqac.ca\/uqactualites\/wp-content\/uploads\/2025\/02\/arena-Riverin-mduhaime-h25-5-696x464.jpg 696w, https:\/\/www.uqac.ca\/uqactualites\/wp-content\/uploads\/2025\/02\/arena-Riverin-mduhaime-h25-5-1068x712.jpg 1068w, https:\/\/www.uqac.ca\/uqactualites\/wp-content\/uploads\/2025\/02\/arena-Riverin-mduhaime-h25-5.jpg 1920w\" sizes=\"(max-width: 300px) 100vw, 300px\" \/><\/a><\/p>\n","protected":false},"excerpt":{"rendered":"<p>L\u2019Universit\u00e9 du Qu\u00e9bec \u00e0 Chicoutimi est fi\u00e8re d\u2019annoncer que l\u2019ar\u00e9na situ\u00e9 sur le campus de Saguenay portera d\u00e9sormais le nom Ar\u00e9na Groupe Riverin, et ce, en reconnaissance d\u2019un don majeur du Groupe Riverin \u00e0 la Fondation de l\u2019UQAC. Ce partenariat d\u2019envergure, officialis\u00e9 lors d\u2019une c\u00e9r\u00e9monie pr\u00e9c\u00e9dant l\u2019avant-dernier match \u00e0 domicile de la saison r\u00e9guli\u00e8re de [&hellip;]<\/p>\n","protected":false},"author":5,"featured_media":49934,"comment_status":"closed","ping_status":"open","sticky":false,"template":"","format":"standard","meta":{"footnotes":""},"categories":[2795,2,2773],"tags":[93,49,26,2942,94],"yoast_head":"<!-- This site is optimized with the Yoast SEO plugin v24.2 - https:\/\/yoast.com\/wordpress\/plugins\/seo\/ -->\r\n<title>L\u2019ar\u00e9na de l\u2019UQAC devient l\u2019Ar\u00e9na Groupe Riverin - UQACtualit\u00e9s<\/title>\r\n<meta name=\"robots\" content=\"index, follow, max-snippet:-1, max-image-preview:large, max-video-preview:-1\" \/>\r\n<link rel=\"canonical\" href=\"https:\/\/www.uqac.ca\/uqactualites\/2025\/02\/15\/larena-de-luqac-devient-larena-groupe-riverin\/\" \/>\r\n<meta property=\"og:locale\" content=\"fr_CA\" \/>\r\n<meta property=\"og:type\" content=\"article\" \/>\r\n<meta property=\"og:title\" content=\"L\u2019ar\u00e9na de l\u2019UQAC devient l\u2019Ar\u00e9na Groupe Riverin - UQACtualit\u00e9s\" \/>\r\n<meta property=\"og:description\" content=\"L\u2019Universit\u00e9 du Qu\u00e9bec \u00e0 Chicoutimi est fi\u00e8re d\u2019annoncer que l\u2019ar\u00e9na situ\u00e9 sur le campus de Saguenay portera d\u00e9sormais le nom Ar\u00e9na Groupe Riverin, et ce, en reconnaissance d\u2019un don majeur du Groupe Riverin \u00e0 la Fondation de l\u2019UQAC. Ce partenariat d\u2019envergure, officialis\u00e9 lors d\u2019une c\u00e9r\u00e9monie pr\u00e9c\u00e9dant l\u2019avant-dernier match \u00e0 domicile de la saison r\u00e9guli\u00e8re de [&hellip;]\" \/>\r\n<meta property=\"og:url\" content=\"https:\/\/www.uqac.ca\/uqactualites\/2025\/02\/15\/larena-de-luqac-devient-larena-groupe-riverin\/\" \/>\r\n<meta property=\"og:site_name\" content=\"UQACtualit\u00e9s\" \/>\r\n<meta property=\"article:published_time\" content=\"2025-02-15T22:20:48+00:00\" \/>\r\n<meta property=\"article:modified_time\" content=\"2025-02-17T17:23:42+00:00\" \/>\r\n<meta property=\"og:image\" content=\"https:\/\/www.uqac.ca\/uqactualites\/wp-content\/uploads\/2025\/02\/arena-Riverin-mduhaime-h25-4.jpg\" \/>\r\n\t<meta property=\"og:image:width\" content=\"1920\" \/>\r\n\t<meta property=\"og:image:height\" content=\"1280\" \/>\r\n\t<meta property=\"og:image:type\" content=\"image\/jpeg\" \/>\r\n<meta name=\"author\" content=\"Service des communications et des relations publiques\" \/>\r\n<meta name=\"twitter:card\" content=\"summary_large_image\" \/>\r\n<meta name=\"twitter:label1\" content=\"\u00c9crit par\" \/>\n\t<meta name=\"twitter:data1\" content=\"Service des communications et des relations publiques\" \/>\n\t<meta name=\"twitter:label2\" content=\"Estimation du temps de lecture\" \/>\n\t<meta name=\"twitter:data2\" content=\"4 minutes\" \/>\r\n<script type=\"application\/ld+json\" class=\"yoast-schema-graph\">{\"@context\":\"https:\/\/schema.org\",\"@graph\":[{\"@type\":\"WebPage\",\"@id\":\"https:\/\/www.uqac.ca\/uqactualites\/2025\/02\/15\/larena-de-luqac-devient-larena-groupe-riverin\/\",\"url\":\"https:\/\/www.uqac.ca\/uqactualites\/2025\/02\/15\/larena-de-luqac-devient-larena-groupe-riverin\/\",\"name\":\"L\u2019ar\u00e9na de l\u2019UQAC devient l\u2019Ar\u00e9na Groupe Riverin - UQACtualit\u00e9s\",\"isPartOf\":{\"@id\":\"https:\/\/www.uqac.ca\/uqactualites\/#website\"},\"primaryImageOfPage\":{\"@id\":\"https:\/\/www.uqac.ca\/uqactualites\/2025\/02\/15\/larena-de-luqac-devient-larena-groupe-riverin\/#primaryimage\"},\"image\":{\"@id\":\"https:\/\/www.uqac.ca\/uqactualites\/2025\/02\/15\/larena-de-luqac-devient-larena-groupe-riverin\/#primaryimage\"},\"thumbnailUrl\":\"https:\/\/www.uqac.ca\/uqactualites\/wp-content\/uploads\/2025\/02\/arena-Riverin-mduhaime-h25-4.jpg\",\"datePublished\":\"2025-02-15T22:20:48+00:00\",\"dateModified\":\"2025-02-17T17:23:42+00:00\",\"author\":{\"@id\":\"https:\/\/www.uqac.ca\/uqactualites\/#\/schema\/person\/366c45a0c4f0e677b41b4af5886e2018\"},\"breadcrumb\":{\"@id\":\"https:\/\/www.uqac.ca\/uqactualites\/2025\/02\/15\/larena-de-luqac-devient-larena-groupe-riverin\/#breadcrumb\"},\"inLanguage\":\"fr-CA\",\"potentialAction\":[{\"@type\":\"ReadAction\",\"target\":[\"https:\/\/www.uqac.ca\/uqactualites\/2025\/02\/15\/larena-de-luqac-devient-larena-groupe-riverin\/\"]}]},{\"@type\":\"ImageObject\",\"inLanguage\":\"fr-CA\",\"@id\":\"https:\/\/www.uqac.ca\/uqactualites\/2025\/02\/15\/larena-de-luqac-devient-larena-groupe-riverin\/#primaryimage\",\"url\":\"https:\/\/www.uqac.ca\/uqactualites\/wp-content\/uploads\/2025\/02\/arena-Riverin-mduhaime-h25-4.jpg\",\"contentUrl\":\"https:\/\/www.uqac.ca\/uqactualites\/wp-content\/uploads\/2025\/02\/arena-Riverin-mduhaime-h25-4.jpg\",\"width\":1920,\"height\":1280,\"caption\":\"Ghislain Samson, recteur de l'UQAC, Nicolas Riverin, pr\u00e9sident du Groupe Riverin, Marie-Christine Larouche, directrice g\u00e9n\u00e9rale de la Fondation de l'UQAC (FUQAC), et Andr\u00e9 Tremblay, pr\u00e9sident de la FUQAC\"},{\"@type\":\"BreadcrumbList\",\"@id\":\"https:\/\/www.uqac.ca\/uqactualites\/2025\/02\/15\/larena-de-luqac-devient-larena-groupe-riverin\/#breadcrumb\",\"itemListElement\":[{\"@type\":\"ListItem\",\"position\":1,\"name\":\"Home\",\"item\":\"https:\/\/www.uqac.ca\/uqactualites\/\"},{\"@type\":\"ListItem\",\"position\":2,\"name\":\"L\u2019ar\u00e9na de l\u2019UQAC devient l\u2019Ar\u00e9na Groupe Riverin\"}]},{\"@type\":\"WebSite\",\"@id\":\"https:\/\/www.uqac.ca\/uqactualites\/#website\",\"url\":\"https:\/\/www.uqac.ca\/uqactualites\/\",\"name\":\"UQACtualit\u00e9s\",\"description\":\"Le portail des nouvelles de l&#039;UQAC\",\"potentialAction\":[{\"@type\":\"SearchAction\",\"target\":{\"@type\":\"EntryPoint\",\"urlTemplate\":\"https:\/\/www.uqac.ca\/uqactualites\/?s={search_term_string}\"},\"query-input\":{\"@type\":\"PropertyValueSpecification\",\"valueRequired\":true,\"valueName\":\"search_term_string\"}}],\"inLanguage\":\"fr-CA\"},{\"@type\":\"Person\",\"@id\":\"https:\/\/www.uqac.ca\/uqactualites\/#\/schema\/person\/366c45a0c4f0e677b41b4af5886e2018\",\"name\":\"Service des communications et des relations publiques\",\"image\":{\"@type\":\"ImageObject\",\"inLanguage\":\"fr-CA\",\"@id\":\"https:\/\/www.uqac.ca\/uqactualites\/#\/schema\/person\/image\/\",\"url\":\"https:\/\/secure.gravatar.com\/avatar\/20fbbda8a292f59f2d3461a5b999c00b?s=96&d=mm&r=g\",\"contentUrl\":\"https:\/\/secure.gravatar.com\/avatar\/20fbbda8a292f59f2d3461a5b999c00b?s=96&d=mm&r=g\",\"caption\":\"Service des communications et des relations publiques\"},\"url\":\"https:\/\/www.uqac.ca\/uqactualites\/author\/bap\/\"}]}<\/script>\r\n<!-- \/ Yoast SEO plugin. -->","yoast_head_json":{"title":"L\u2019ar\u00e9na de l\u2019UQAC devient l\u2019Ar\u00e9na Groupe Riverin - UQACtualit\u00e9s","robots":{"index":"index","follow":"follow","max-snippet":"max-snippet:-1","max-image-preview":"max-image-preview:large","max-video-preview":"max-video-preview:-1"},"canonical":"https:\/\/www.uqac.ca\/uqactualites\/2025\/02\/15\/larena-de-luqac-devient-larena-groupe-riverin\/","og_locale":"fr_CA","og_type":"article","og_title":"L\u2019ar\u00e9na de l\u2019UQAC devient l\u2019Ar\u00e9na Groupe Riverin - UQACtualit\u00e9s","og_description":"L\u2019Universit\u00e9 du Qu\u00e9bec \u00e0 Chicoutimi est fi\u00e8re d\u2019annoncer que l\u2019ar\u00e9na situ\u00e9 sur le campus de Saguenay portera d\u00e9sormais le nom Ar\u00e9na Groupe Riverin, et ce, en reconnaissance d\u2019un don majeur du Groupe Riverin \u00e0 la Fondation de l\u2019UQAC. Ce partenariat d\u2019envergure, officialis\u00e9 lors d\u2019une c\u00e9r\u00e9monie pr\u00e9c\u00e9dant l\u2019avant-dernier match \u00e0 domicile de la saison r\u00e9guli\u00e8re de [&hellip;]","og_url":"https:\/\/www.uqac.ca\/uqactualites\/2025\/02\/15\/larena-de-luqac-devient-larena-groupe-riverin\/","og_site_name":"UQACtualit\u00e9s","article_published_time":"2025-02-15T22:20:48+00:00","article_modified_time":"2025-02-17T17:23:42+00:00","og_image":[{"width":1920,"height":1280,"url":"https:\/\/www.uqac.ca\/uqactualites\/wp-content\/uploads\/2025\/02\/arena-Riverin-mduhaime-h25-4.jpg","type":"image\/jpeg"}],"author":"Service des communications et des relations publiques","twitter_card":"summary_large_image","twitter_misc":{"\u00c9crit par":"Service des communications et des relations publiques","Estimation du temps de lecture":"4 minutes"},"schema":{"@context":"https:\/\/schema.org","@graph":[{"@type":"WebPage","@id":"https:\/\/www.uqac.ca\/uqactualites\/2025\/02\/15\/larena-de-luqac-devient-larena-groupe-riverin\/","url":"https:\/\/www.uqac.ca\/uqactualites\/2025\/02\/15\/larena-de-luqac-devient-larena-groupe-riverin\/","name":"L\u2019ar\u00e9na de l\u2019UQAC devient l\u2019Ar\u00e9na Groupe Riverin - UQACtualit\u00e9s","isPartOf":{"@id":"https:\/\/www.uqac.ca\/uqactualites\/#website"},"primaryImageOfPage":{"@id":"https:\/\/www.uqac.ca\/uqactualites\/2025\/02\/15\/larena-de-luqac-devient-larena-groupe-riverin\/#primaryimage"},"image":{"@id":"https:\/\/www.uqac.ca\/uqactualites\/2025\/02\/15\/larena-de-luqac-devient-larena-groupe-riverin\/#primaryimage"},"thumbnailUrl":"https:\/\/www.uqac.ca\/uqactualites\/wp-content\/uploads\/2025\/02\/arena-Riverin-mduhaime-h25-4.jpg","datePublished":"2025-02-15T22:20:48+00:00","dateModified":"2025-02-17T17:23:42+00:00","author":{"@id":"https:\/\/www.uqac.ca\/uqactualites\/#\/schema\/person\/366c45a0c4f0e677b41b4af5886e2018"},"breadcrumb":{"@id":"https:\/\/www.uqac.ca\/uqactualites\/2025\/02\/15\/larena-de-luqac-devient-larena-groupe-riverin\/#breadcrumb"},"inLanguage":"fr-CA","potentialAction":[{"@type":"ReadAction","target":["https:\/\/www.uqac.ca\/uqactualites\/2025\/02\/15\/larena-de-luqac-devient-larena-groupe-riverin\/"]}]},{"@type":"ImageObject","inLanguage":"fr-CA","@id":"https:\/\/www.uqac.ca\/uqactualites\/2025\/02\/15\/larena-de-luqac-devient-larena-groupe-riverin\/#primaryimage","url":"https:\/\/www.uqac.ca\/uqactualites\/wp-content\/uploads\/2025\/02\/arena-Riverin-mduhaime-h25-4.jpg","contentUrl":"https:\/\/www.uqac.ca\/uqactualites\/wp-content\/uploads\/2025\/02\/arena-Riverin-mduhaime-h25-4.jpg","width":1920,"height":1280,"caption":"Ghislain Samson, recteur de l'UQAC, Nicolas Riverin, pr\u00e9sident du Groupe Riverin, Marie-Christine Larouche, directrice g\u00e9n\u00e9rale de la Fondation de l'UQAC (FUQAC), et Andr\u00e9 Tremblay, pr\u00e9sident de la FUQAC"},{"@type":"BreadcrumbList","@id":"https:\/\/www.uqac.ca\/uqactualites\/2025\/02\/15\/larena-de-luqac-devient-larena-groupe-riverin\/#breadcrumb","itemListElement":[{"@type":"ListItem","position":1,"name":"Home","item":"https:\/\/www.uqac.ca\/uqactualites\/"},{"@type":"ListItem","position":2,"name":"L\u2019ar\u00e9na de l\u2019UQAC devient l\u2019Ar\u00e9na Groupe Riverin"}]},{"@type":"WebSite","@id":"https:\/\/www.uqac.ca\/uqactualites\/#website","url":"https:\/\/www.uqac.ca\/uqactualites\/","name":"UQACtualit\u00e9s","description":"Le portail des nouvelles de l&#039;UQAC","potentialAction":[{"@type":"SearchAction","target":{"@type":"EntryPoint","urlTemplate":"https:\/\/www.uqac.ca\/uqactualites\/?s={search_term_string}"},"query-input":{"@type":"PropertyValueSpecification","valueRequired":true,"valueName":"search_term_string"}}],"inLanguage":"fr-CA"},{"@type":"Person","@id":"https:\/\/www.uqac.ca\/uqactualites\/#\/schema\/person\/366c45a0c4f0e677b41b4af5886e2018","name":"Service des communications et des relations publiques","image":{"@type":"ImageObject","inLanguage":"fr-CA","@id":"https:\/\/www.uqac.ca\/uqactualites\/#\/schema\/person\/image\/","url":"https:\/\/secure.gravatar.com\/avatar\/20fbbda8a292f59f2d3461a5b999c00b?s=96&d=mm&r=g","contentUrl":"https:\/\/secure.gravatar.com\/avatar\/20fbbda8a292f59f2d3461a5b999c00b?s=96&d=mm&r=g","caption":"Service des communications et des relations publiques"},"url":"https:\/\/www.uqac.ca\/uqactualites\/author\/bap\/"}]}},"_links":{"self":[{"href":"https:\/\/www.uqac.ca\/uqactualites\/wp-json\/wp\/v2\/posts\/49931"}],"collection":[{"href":"https:\/\/www.uqac.ca\/uqactualites\/wp-json\/wp\/v2\/posts"}],"about":[{"href":"https:\/\/www.uqac.ca\/uqactualites\/wp-json\/wp\/v2\/types\/post"}],"author":[{"embeddable":true,"href":"https:\/\/www.uqac.ca\/uqactualites\/wp-json\/wp\/v2\/users\/5"}],"replies":[{"embeddable":true,"href":"https:\/\/www.uqac.ca\/uqactualites\/wp-json\/wp\/v2\/comments?post=49931"}],"version-history":[{"count":4,"href":"https:\/\/www.uqac.ca\/uqactualites\/wp-json\/wp\/v2\/posts\/49931\/revisions"}],"predecessor-version":[{"id":49964,"href":"https:\/\/www.uqac.ca\/uqactualites\/wp-json\/wp\/v2\/posts\/49931\/revisions\/49964"}],"wp:featuredmedia":[{"embeddable":true,"href":"https:\/\/www.uqac.ca\/uqactualites\/wp-json\/wp\/v2\/media\/49934"}],"wp:attachment":[{"href":"https:\/\/www.uqac.ca\/uqactualites\/wp-json\/wp\/v2\/media?parent=49931"}],"wp:term":[{"taxonomy":"category","embeddable":true,"href":"https:\/\/www.uqac.ca\/uqactualites\/wp-json\/wp\/v2\/categories?post=49931"},{"taxonomy":"post_tag","embeddable":true,"href":"https:\/\/www.uqac.ca\/uqactualites\/wp-json\/wp\/v2\/tags?post=49931"}],"curies":[{"name":"wp","href":"https:\/\/api.w.org\/{rel}","templated":true}]}}