{"id":50052,"date":"2025-03-10T09:00:27","date_gmt":"2025-03-10T13:00:27","guid":{"rendered":"https:\/\/www.uqac.ca\/uqactualites\/?p=50052"},"modified":"2025-02-27T11:14:12","modified_gmt":"2025-02-27T16:14:12","slug":"fatou-marone-diouf-barry-etudiante-au-doctorat-en-developpement-regional-et-territorial-soutient-sa-these","status":"publish","type":"post","link":"https:\/\/www.uqac.ca\/uqactualites\/2025\/03\/10\/fatou-marone-diouf-barry-etudiante-au-doctorat-en-developpement-regional-et-territorial-soutient-sa-these\/","title":{"rendered":"Fatou Marone Diouf Barry, \u00e9tudiante au doctorat en d\u00e9veloppement r\u00e9gional et territorial soutient sa th\u00e8se"},"content":{"rendered":"<p>\u00c9tudiante au <a href=\"https:\/\/www.uqac.ca\/programme\/2077-doctorat-en-developpement-regional-et-territorial\/\" target=\"_blank\" rel=\"noopener\">doctorat en d\u00e9veloppement r\u00e9gional et territorial<\/a>, Fatou Marone Diouf Barry a effectu\u00e9 sa soutenance de th\u00e8se le 7 mars 2025. Sous la direction de recherche de <a href=\"https:\/\/portfolio.uqac.ca\/suzannetremblay\/\" target=\"_blank\" rel=\"noopener\">Suzanne Tremblay<\/a> et la direction de programme de <a href=\"https:\/\/portfolio.uqac.ca\/eriklangevin\/\" target=\"_blank\" rel=\"noopener\">\u00c9rik Langevin<\/a>, sa th\u00e8se avait pour titre &laquo;<strong>L&rsquo;apport du microcr\u00e9dit entrepreneurial dans l&rsquo;\u00e9mergence de l&rsquo;entrepreneuriat f\u00e9minin, pour l&rsquo;am\u00e9lioration des conditions de vie et pour le d\u00e9veloppement des capabilit\u00e9s des femmes entrepreneures au Saguenay\u2013Lac-Saint-Jean et dans la Capitale-Nationale&raquo;<\/strong><\/p>\n<p>Sous la pr\u00e9sidence de <a href=\"https:\/\/portfolio.uqac.ca\/olivierriffon\/\" target=\"_blank\" rel=\"noopener\">Olivier Riffon<\/a>, le jury d&rsquo;\u00e9valuation \u00e9tait compos\u00e9 de Christian B\u00e9langer (UQAC), Chantale Dali (MES) et Marie-No\u00eblle Herv\u00e9 Albert (UQAR).<\/p>\n<hr \/>\n<p><strong>R\u00e9sum\u00e9 de la th\u00e8se<\/strong><\/p>\n<p>Cette recherche porte sur l\u2019apport du microcr\u00e9dit dans l\u2019\u00e9mergence de l\u2019entrepreneuriat f\u00e9minin, de l&#8217;empowerment et les capabilit\u00e9s des femmes dans la lutte contre la pauvret\u00e9 et pour l\u2019am\u00e9lioration des conditions de vie des femmes entrepreneures au Saguenay\u2013Lac-Saint-Jean et dans la Capitale-Nationale. La probl\u00e9matique de la f\u00e9minisation de la pauvret\u00e9 est une r\u00e9alit\u00e9 aussi bien dans les pays en d\u00e9veloppement que ceux d\u00e9velopp\u00e9s, \u00e0 l\u2019instar du Qu\u00e9bec. Des initiatives comme la cr\u00e9ation d\u2019activit\u00e9s et l\u2019entrepreneuriat f\u00e9minin gr\u00e2ce au microcr\u00e9dit ont fait leurs preuves dans les pays du Sud. Cependant, selon certains auteurs, le microcr\u00e9dit comporte des pi\u00e8ges auxquels des entrepreneurs doivent faire face. Au Qu\u00e9bec, le microcr\u00e9dit entrepreneurial offert par des organismes de cr\u00e9dit communautaire, bien que r\u00e9cent compar\u00e9 au microcr\u00e9dit classique, permet aux femmes entrepreneures de d\u00e9marrer des microentreprises.<\/p>\n<p>Pour les besoins de cette \u00e9tude, nous avons men\u00e9 des entrevues avec des femmes entrepreneures du Saguenay\u2013Lac-Saint-Jean et de la Capitale-Nationale. Comme cadre th\u00e9orique, nous avons utilis\u00e9 le d\u00e9veloppement \u00e9conomique et communautaire d\u2019une part, et l\u2019approche genre et d\u00e9veloppement, d\u2019autre part. Ces assises th\u00e9oriques ont permis de mettre les femmes au centre de l\u2019analyse des rapports de pouvoir, du changement social et du d\u00e9veloppement par le bas.<\/p>\n<p>La pr\u00e9sentation et l\u2019analyse des donn\u00e9es a permis de d\u00e9gager cinq aspects principaux : le profil et les motivations des entrepreneures; la typologie et les retomb\u00e9es des microentreprises; l\u2019empowerment des femmes; le fonctionnement et les offres de service des organismes de cr\u00e9dit communautaire; la perception des entrepreneures sur le cr\u00e9dit communautaire. La discussion a fait ressortir des \u00e9l\u00e9ments de r\u00e9ponse aux questions sp\u00e9cifiques. De fa\u00e7on unanime, les participantes ont confirm\u00e9 avoir acc\u00e8s \u00e0 une meilleure qualit\u00e9 de vie, car en plus de r\u00e9aliser un r\u00eave, elles ont saisi l\u2019occasion de pouvoir b\u00e2tir leur carri\u00e8re professionnelle. Le microcr\u00e9dit entrepreneurial permet d\u2019acqu\u00e9rir leur autonomie, de b\u00e2tir leur empowerment et de renforcer leurs capabilit\u00e9s en tant qu\u2019entrepreneures. Leurs microentreprises g\u00e9n\u00e8rent des retomb\u00e9es sociales, \u00e9conomiques, culturelles et environnementales et participent au d\u00e9veloppement local et territorial au Saguenay\u2013Lac-Saint-Jean et dans la Capitale-Nationale.<\/p>\n<p>F\u00e9licitations \u00e0 Fatou Marone Diouf Barrypour la soutenance de sa th\u00e8se de doctorat!<\/p>\n","protected":false},"excerpt":{"rendered":"<p>\u00c9tudiante au doctorat en d\u00e9veloppement r\u00e9gional et territorial, Fatou Marone Diouf Barry a effectu\u00e9 sa soutenance de th\u00e8se le 7 mars 2025. Sous la direction de recherche de Suzanne Tremblay et la direction de programme de \u00c9rik Langevin, sa th\u00e8se avait pour titre &laquo;L&rsquo;apport du microcr\u00e9dit entrepreneurial dans l&rsquo;\u00e9mergence de l&rsquo;entrepreneuriat f\u00e9minin, pour l&rsquo;am\u00e9lioration des [&hellip;]<\/p>\n","protected":false},"author":5,"featured_media":50054,"comment_status":"closed","ping_status":"open","sticky":false,"template":"","format":"standard","meta":{"footnotes":""},"categories":[2913],"tags":[],"yoast_head":"<!-- This site is optimized with the Yoast SEO plugin v24.2 - https:\/\/yoast.com\/wordpress\/plugins\/seo\/ -->\r\n<title>Fatou Marone Diouf Barry, \u00e9tudiante au doctorat en d\u00e9veloppement r\u00e9gional et territorial soutient sa th\u00e8se - UQACtualit\u00e9s<\/title>\r\n<meta name=\"robots\" content=\"index, follow, max-snippet:-1, max-image-preview:large, max-video-preview:-1\" \/>\r\n<link rel=\"canonical\" href=\"https:\/\/www.uqac.ca\/uqactualites\/2025\/03\/10\/fatou-marone-diouf-barry-etudiante-au-doctorat-en-developpement-regional-et-territorial-soutient-sa-these\/\" \/>\r\n<meta property=\"og:locale\" content=\"fr_CA\" \/>\r\n<meta property=\"og:type\" content=\"article\" \/>\r\n<meta property=\"og:title\" content=\"Fatou Marone Diouf Barry, \u00e9tudiante au doctorat en d\u00e9veloppement r\u00e9gional et territorial soutient sa th\u00e8se - UQACtualit\u00e9s\" \/>\r\n<meta property=\"og:description\" content=\"\u00c9tudiante au doctorat en d\u00e9veloppement r\u00e9gional et territorial, Fatou Marone Diouf Barry a effectu\u00e9 sa soutenance de th\u00e8se le 7 mars 2025. Sous la direction de recherche de Suzanne Tremblay et la direction de programme de \u00c9rik Langevin, sa th\u00e8se avait pour titre &laquo;L&rsquo;apport du microcr\u00e9dit entrepreneurial dans l&rsquo;\u00e9mergence de l&rsquo;entrepreneuriat f\u00e9minin, pour l&rsquo;am\u00e9lioration des [&hellip;]\" \/>\r\n<meta property=\"og:url\" content=\"https:\/\/www.uqac.ca\/uqactualites\/2025\/03\/10\/fatou-marone-diouf-barry-etudiante-au-doctorat-en-developpement-regional-et-territorial-soutient-sa-these\/\" \/>\r\n<meta property=\"og:site_name\" content=\"UQACtualit\u00e9s\" \/>\r\n<meta property=\"article:published_time\" content=\"2025-03-10T13:00:27+00:00\" \/>\r\n<meta property=\"article:modified_time\" content=\"2025-02-27T16:14:12+00:00\" \/>\r\n<meta property=\"og:image\" content=\"https:\/\/www.uqac.ca\/uqactualites\/wp-content\/uploads\/2025\/02\/NUM_FatouMaroneDioufBarryH25_Uqctualite1920X1080.jpg\" \/>\r\n\t<meta property=\"og:image:width\" content=\"1920\" \/>\r\n\t<meta property=\"og:image:height\" content=\"1080\" \/>\r\n\t<meta property=\"og:image:type\" content=\"image\/jpeg\" \/>\r\n<meta name=\"author\" content=\"Service des communications et des relations publiques\" \/>\r\n<meta name=\"twitter:card\" content=\"summary_large_image\" \/>\r\n<meta name=\"twitter:label1\" content=\"\u00c9crit par\" \/>\n\t<meta name=\"twitter:data1\" content=\"Service des communications et des relations publiques\" \/>\n\t<meta name=\"twitter:label2\" content=\"Estimation du temps de lecture\" \/>\n\t<meta name=\"twitter:data2\" content=\"3 minutes\" \/>\r\n<script type=\"application\/ld+json\" class=\"yoast-schema-graph\">{\"@context\":\"https:\/\/schema.org\",\"@graph\":[{\"@type\":\"WebPage\",\"@id\":\"https:\/\/www.uqac.ca\/uqactualites\/2025\/03\/10\/fatou-marone-diouf-barry-etudiante-au-doctorat-en-developpement-regional-et-territorial-soutient-sa-these\/\",\"url\":\"https:\/\/www.uqac.ca\/uqactualites\/2025\/03\/10\/fatou-marone-diouf-barry-etudiante-au-doctorat-en-developpement-regional-et-territorial-soutient-sa-these\/\",\"name\":\"Fatou Marone Diouf Barry, \u00e9tudiante au doctorat en d\u00e9veloppement r\u00e9gional et territorial soutient sa th\u00e8se - UQACtualit\u00e9s\",\"isPartOf\":{\"@id\":\"https:\/\/www.uqac.ca\/uqactualites\/#website\"},\"primaryImageOfPage\":{\"@id\":\"https:\/\/www.uqac.ca\/uqactualites\/2025\/03\/10\/fatou-marone-diouf-barry-etudiante-au-doctorat-en-developpement-regional-et-territorial-soutient-sa-these\/#primaryimage\"},\"image\":{\"@id\":\"https:\/\/www.uqac.ca\/uqactualites\/2025\/03\/10\/fatou-marone-diouf-barry-etudiante-au-doctorat-en-developpement-regional-et-territorial-soutient-sa-these\/#primaryimage\"},\"thumbnailUrl\":\"https:\/\/www.uqac.ca\/uqactualites\/wp-content\/uploads\/2025\/02\/NUM_FatouMaroneDioufBarryH25_Uqctualite1920X1080.jpg\",\"datePublished\":\"2025-03-10T13:00:27+00:00\",\"dateModified\":\"2025-02-27T16:14:12+00:00\",\"author\":{\"@id\":\"https:\/\/www.uqac.ca\/uqactualites\/#\/schema\/person\/366c45a0c4f0e677b41b4af5886e2018\"},\"breadcrumb\":{\"@id\":\"https:\/\/www.uqac.ca\/uqactualites\/2025\/03\/10\/fatou-marone-diouf-barry-etudiante-au-doctorat-en-developpement-regional-et-territorial-soutient-sa-these\/#breadcrumb\"},\"inLanguage\":\"fr-CA\",\"potentialAction\":[{\"@type\":\"ReadAction\",\"target\":[\"https:\/\/www.uqac.ca\/uqactualites\/2025\/03\/10\/fatou-marone-diouf-barry-etudiante-au-doctorat-en-developpement-regional-et-territorial-soutient-sa-these\/\"]}]},{\"@type\":\"ImageObject\",\"inLanguage\":\"fr-CA\",\"@id\":\"https:\/\/www.uqac.ca\/uqactualites\/2025\/03\/10\/fatou-marone-diouf-barry-etudiante-au-doctorat-en-developpement-regional-et-territorial-soutient-sa-these\/#primaryimage\",\"url\":\"https:\/\/www.uqac.ca\/uqactualites\/wp-content\/uploads\/2025\/02\/NUM_FatouMaroneDioufBarryH25_Uqctualite1920X1080.jpg\",\"contentUrl\":\"https:\/\/www.uqac.ca\/uqactualites\/wp-content\/uploads\/2025\/02\/NUM_FatouMaroneDioufBarryH25_Uqctualite1920X1080.jpg\",\"width\":1920,\"height\":1080},{\"@type\":\"BreadcrumbList\",\"@id\":\"https:\/\/www.uqac.ca\/uqactualites\/2025\/03\/10\/fatou-marone-diouf-barry-etudiante-au-doctorat-en-developpement-regional-et-territorial-soutient-sa-these\/#breadcrumb\",\"itemListElement\":[{\"@type\":\"ListItem\",\"position\":1,\"name\":\"Home\",\"item\":\"https:\/\/www.uqac.ca\/uqactualites\/\"},{\"@type\":\"ListItem\",\"position\":2,\"name\":\"Fatou Marone Diouf Barry, \u00e9tudiante au doctorat en d\u00e9veloppement r\u00e9gional et territorial soutient sa th\u00e8se\"}]},{\"@type\":\"WebSite\",\"@id\":\"https:\/\/www.uqac.ca\/uqactualites\/#website\",\"url\":\"https:\/\/www.uqac.ca\/uqactualites\/\",\"name\":\"UQACtualit\u00e9s\",\"description\":\"Le portail des nouvelles de l&#039;UQAC\",\"potentialAction\":[{\"@type\":\"SearchAction\",\"target\":{\"@type\":\"EntryPoint\",\"urlTemplate\":\"https:\/\/www.uqac.ca\/uqactualites\/?s={search_term_string}\"},\"query-input\":{\"@type\":\"PropertyValueSpecification\",\"valueRequired\":true,\"valueName\":\"search_term_string\"}}],\"inLanguage\":\"fr-CA\"},{\"@type\":\"Person\",\"@id\":\"https:\/\/www.uqac.ca\/uqactualites\/#\/schema\/person\/366c45a0c4f0e677b41b4af5886e2018\",\"name\":\"Service des communications et des relations publiques\",\"image\":{\"@type\":\"ImageObject\",\"inLanguage\":\"fr-CA\",\"@id\":\"https:\/\/www.uqac.ca\/uqactualites\/#\/schema\/person\/image\/\",\"url\":\"https:\/\/secure.gravatar.com\/avatar\/20fbbda8a292f59f2d3461a5b999c00b?s=96&d=mm&r=g\",\"contentUrl\":\"https:\/\/secure.gravatar.com\/avatar\/20fbbda8a292f59f2d3461a5b999c00b?s=96&d=mm&r=g\",\"caption\":\"Service des communications et des relations publiques\"},\"url\":\"https:\/\/www.uqac.ca\/uqactualites\/author\/bap\/\"}]}<\/script>\r\n<!-- \/ Yoast SEO plugin. -->","yoast_head_json":{"title":"Fatou Marone Diouf Barry, \u00e9tudiante au doctorat en d\u00e9veloppement r\u00e9gional et territorial soutient sa th\u00e8se - UQACtualit\u00e9s","robots":{"index":"index","follow":"follow","max-snippet":"max-snippet:-1","max-image-preview":"max-image-preview:large","max-video-preview":"max-video-preview:-1"},"canonical":"https:\/\/www.uqac.ca\/uqactualites\/2025\/03\/10\/fatou-marone-diouf-barry-etudiante-au-doctorat-en-developpement-regional-et-territorial-soutient-sa-these\/","og_locale":"fr_CA","og_type":"article","og_title":"Fatou Marone Diouf Barry, \u00e9tudiante au doctorat en d\u00e9veloppement r\u00e9gional et territorial soutient sa th\u00e8se - UQACtualit\u00e9s","og_description":"\u00c9tudiante au doctorat en d\u00e9veloppement r\u00e9gional et territorial, Fatou Marone Diouf Barry a effectu\u00e9 sa soutenance de th\u00e8se le 7 mars 2025. Sous la direction de recherche de Suzanne Tremblay et la direction de programme de \u00c9rik Langevin, sa th\u00e8se avait pour titre &laquo;L&rsquo;apport du microcr\u00e9dit entrepreneurial dans l&rsquo;\u00e9mergence de l&rsquo;entrepreneuriat f\u00e9minin, pour l&rsquo;am\u00e9lioration des [&hellip;]","og_url":"https:\/\/www.uqac.ca\/uqactualites\/2025\/03\/10\/fatou-marone-diouf-barry-etudiante-au-doctorat-en-developpement-regional-et-territorial-soutient-sa-these\/","og_site_name":"UQACtualit\u00e9s","article_published_time":"2025-03-10T13:00:27+00:00","article_modified_time":"2025-02-27T16:14:12+00:00","og_image":[{"width":1920,"height":1080,"url":"https:\/\/www.uqac.ca\/uqactualites\/wp-content\/uploads\/2025\/02\/NUM_FatouMaroneDioufBarryH25_Uqctualite1920X1080.jpg","type":"image\/jpeg"}],"author":"Service des communications et des relations publiques","twitter_card":"summary_large_image","twitter_misc":{"\u00c9crit par":"Service des communications et des relations publiques","Estimation du temps de lecture":"3 minutes"},"schema":{"@context":"https:\/\/schema.org","@graph":[{"@type":"WebPage","@id":"https:\/\/www.uqac.ca\/uqactualites\/2025\/03\/10\/fatou-marone-diouf-barry-etudiante-au-doctorat-en-developpement-regional-et-territorial-soutient-sa-these\/","url":"https:\/\/www.uqac.ca\/uqactualites\/2025\/03\/10\/fatou-marone-diouf-barry-etudiante-au-doctorat-en-developpement-regional-et-territorial-soutient-sa-these\/","name":"Fatou Marone Diouf Barry, \u00e9tudiante au doctorat en d\u00e9veloppement r\u00e9gional et territorial soutient sa th\u00e8se - UQACtualit\u00e9s","isPartOf":{"@id":"https:\/\/www.uqac.ca\/uqactualites\/#website"},"primaryImageOfPage":{"@id":"https:\/\/www.uqac.ca\/uqactualites\/2025\/03\/10\/fatou-marone-diouf-barry-etudiante-au-doctorat-en-developpement-regional-et-territorial-soutient-sa-these\/#primaryimage"},"image":{"@id":"https:\/\/www.uqac.ca\/uqactualites\/2025\/03\/10\/fatou-marone-diouf-barry-etudiante-au-doctorat-en-developpement-regional-et-territorial-soutient-sa-these\/#primaryimage"},"thumbnailUrl":"https:\/\/www.uqac.ca\/uqactualites\/wp-content\/uploads\/2025\/02\/NUM_FatouMaroneDioufBarryH25_Uqctualite1920X1080.jpg","datePublished":"2025-03-10T13:00:27+00:00","dateModified":"2025-02-27T16:14:12+00:00","author":{"@id":"https:\/\/www.uqac.ca\/uqactualites\/#\/schema\/person\/366c45a0c4f0e677b41b4af5886e2018"},"breadcrumb":{"@id":"https:\/\/www.uqac.ca\/uqactualites\/2025\/03\/10\/fatou-marone-diouf-barry-etudiante-au-doctorat-en-developpement-regional-et-territorial-soutient-sa-these\/#breadcrumb"},"inLanguage":"fr-CA","potentialAction":[{"@type":"ReadAction","target":["https:\/\/www.uqac.ca\/uqactualites\/2025\/03\/10\/fatou-marone-diouf-barry-etudiante-au-doctorat-en-developpement-regional-et-territorial-soutient-sa-these\/"]}]},{"@type":"ImageObject","inLanguage":"fr-CA","@id":"https:\/\/www.uqac.ca\/uqactualites\/2025\/03\/10\/fatou-marone-diouf-barry-etudiante-au-doctorat-en-developpement-regional-et-territorial-soutient-sa-these\/#primaryimage","url":"https:\/\/www.uqac.ca\/uqactualites\/wp-content\/uploads\/2025\/02\/NUM_FatouMaroneDioufBarryH25_Uqctualite1920X1080.jpg","contentUrl":"https:\/\/www.uqac.ca\/uqactualites\/wp-content\/uploads\/2025\/02\/NUM_FatouMaroneDioufBarryH25_Uqctualite1920X1080.jpg","width":1920,"height":1080},{"@type":"BreadcrumbList","@id":"https:\/\/www.uqac.ca\/uqactualites\/2025\/03\/10\/fatou-marone-diouf-barry-etudiante-au-doctorat-en-developpement-regional-et-territorial-soutient-sa-these\/#breadcrumb","itemListElement":[{"@type":"ListItem","position":1,"name":"Home","item":"https:\/\/www.uqac.ca\/uqactualites\/"},{"@type":"ListItem","position":2,"name":"Fatou Marone Diouf Barry, \u00e9tudiante au doctorat en d\u00e9veloppement r\u00e9gional et territorial soutient sa th\u00e8se"}]},{"@type":"WebSite","@id":"https:\/\/www.uqac.ca\/uqactualites\/#website","url":"https:\/\/www.uqac.ca\/uqactualites\/","name":"UQACtualit\u00e9s","description":"Le portail des nouvelles de l&#039;UQAC","potentialAction":[{"@type":"SearchAction","target":{"@type":"EntryPoint","urlTemplate":"https:\/\/www.uqac.ca\/uqactualites\/?s={search_term_string}"},"query-input":{"@type":"PropertyValueSpecification","valueRequired":true,"valueName":"search_term_string"}}],"inLanguage":"fr-CA"},{"@type":"Person","@id":"https:\/\/www.uqac.ca\/uqactualites\/#\/schema\/person\/366c45a0c4f0e677b41b4af5886e2018","name":"Service des communications et des relations publiques","image":{"@type":"ImageObject","inLanguage":"fr-CA","@id":"https:\/\/www.uqac.ca\/uqactualites\/#\/schema\/person\/image\/","url":"https:\/\/secure.gravatar.com\/avatar\/20fbbda8a292f59f2d3461a5b999c00b?s=96&d=mm&r=g","contentUrl":"https:\/\/secure.gravatar.com\/avatar\/20fbbda8a292f59f2d3461a5b999c00b?s=96&d=mm&r=g","caption":"Service des communications et des relations publiques"},"url":"https:\/\/www.uqac.ca\/uqactualites\/author\/bap\/"}]}},"_links":{"self":[{"href":"https:\/\/www.uqac.ca\/uqactualites\/wp-json\/wp\/v2\/posts\/50052"}],"collection":[{"href":"https:\/\/www.uqac.ca\/uqactualites\/wp-json\/wp\/v2\/posts"}],"about":[{"href":"https:\/\/www.uqac.ca\/uqactualites\/wp-json\/wp\/v2\/types\/post"}],"author":[{"embeddable":true,"href":"https:\/\/www.uqac.ca\/uqactualites\/wp-json\/wp\/v2\/users\/5"}],"replies":[{"embeddable":true,"href":"https:\/\/www.uqac.ca\/uqactualites\/wp-json\/wp\/v2\/comments?post=50052"}],"version-history":[{"count":2,"href":"https:\/\/www.uqac.ca\/uqactualites\/wp-json\/wp\/v2\/posts\/50052\/revisions"}],"predecessor-version":[{"id":50387,"href":"https:\/\/www.uqac.ca\/uqactualites\/wp-json\/wp\/v2\/posts\/50052\/revisions\/50387"}],"wp:featuredmedia":[{"embeddable":true,"href":"https:\/\/www.uqac.ca\/uqactualites\/wp-json\/wp\/v2\/media\/50054"}],"wp:attachment":[{"href":"https:\/\/www.uqac.ca\/uqactualites\/wp-json\/wp\/v2\/media?parent=50052"}],"wp:term":[{"taxonomy":"category","embeddable":true,"href":"https:\/\/www.uqac.ca\/uqactualites\/wp-json\/wp\/v2\/categories?post=50052"},{"taxonomy":"post_tag","embeddable":true,"href":"https:\/\/www.uqac.ca\/uqactualites\/wp-json\/wp\/v2\/tags?post=50052"}],"curies":[{"name":"wp","href":"https:\/\/api.w.org\/{rel}","templated":true}]}}