{"id":50176,"date":"2025-03-10T08:57:08","date_gmt":"2025-03-10T12:57:08","guid":{"rendered":"https:\/\/www.uqac.ca\/uqactualites\/?p=50176"},"modified":"2025-03-10T08:57:08","modified_gmt":"2025-03-10T12:57:08","slug":"retour-sur-la-journee-regionale-dechanges-et-de-coconstruction-en-sante","status":"publish","type":"post","link":"https:\/\/www.uqac.ca\/uqactualites\/2025\/03\/10\/retour-sur-la-journee-regionale-dechanges-et-de-coconstruction-en-sante\/","title":{"rendered":"Retour sur la journ\u00e9e r\u00e9gionale d\u2019\u00e9changes et de coconstruction en sant\u00e9"},"content":{"rendered":"<p>Le 30 octobre dernier, la r\u00e9gion du Saguenay\u2013Lac-Saint-Jean a \u00e9t\u00e9 le th\u00e9\u00e2tre d&rsquo;une journ\u00e9e d\u2019\u00e9changes et de coconstruction entre la communaut\u00e9 et les programmes universitaires de formation et de recherche en sant\u00e9. Cet \u00e9v\u00e9nement a mobilis\u00e9 173 participants et participantes et a permis de renforcer les liens entre les personnes professionnelles en sant\u00e9, les chercheurs et chercheuses, les \u00e9tudiants et \u00e9tudiantes ainsi que les citoyens et citoyennes de la r\u00e9gion.<\/p>\n<p>\u00c9tienne H\u00e9bert, vice-recteur aux \u00e9tudes, \u00e0 la formation et \u00e0 la r\u00e9ussite a pris part \u00e0 l\u2019activit\u00e9 tout comme plusieurs membres de la communaut\u00e9 universitaire. Il en a profit\u00e9 pour souligner l&rsquo;importance de cette collaboration pour am\u00e9liorer les services de sant\u00e9 et enrichir les programmes d&rsquo;enseignement et de recherche. Il a \u00e9galement mis en avant les efforts de l&rsquo;UQAC pour offrir des opportunit\u00e9s d&rsquo;intervention en milieu clinique gr\u00e2ce \u00e0 ses cliniques universitaires et son futur dispensaire urbain \u00e0 Sept-\u00celes.<\/p>\n<p>Les \u00e9changes de cette journ\u00e9e ont permis de d\u00e9gager des pistes d&rsquo;action concr\u00e8tes pour r\u00e9pondre aux d\u00e9fis de sant\u00e9 r\u00e9gionaux. Les participants et participantes ont pu partager leurs exp\u00e9riences et leurs expertises, contribuant ainsi \u00e0 l&rsquo;\u00e9laboration de projets de recherche innovants et \u00e0 la formation pratique des \u00e9tudiants et \u00e9tudiantes.<\/p>\n<p>Pour revivre les moments forts de cette journ\u00e9e, une galerie photos est disponible en ligne \u00e0 l\u2019adresse suivante\u00a0: <a href=\"https:\/\/can01.safelinks.protection.outlook.com\/?url=https%3A%2F%2Fwww.facebook.com%2Fshare%2Fp%2F1QpaRJQWhe%2F&amp;data=05%7C02%7Cmfaudet%40uqac.ca%7C98d236d797e94909b4d708dd46b440c4%7Cc97978b1bd4c44b59bbb20215efdf611%7C0%7C0%7C638744462221877989%7CUnknown%7CTWFpbGZsb3d8eyJFbXB0eU1hcGkiOnRydWUsIlYiOiIwLjAuMDAwMCIsIlAiOiJXaW4zMiIsIkFOIjoiTWFpbCIsIldUIjoyfQ%3D%3D%7C0%7C%7C%7C&amp;sdata=MVSlgW41E5lzFJ3P85A1pdvPkznvaVolr2OrX%2BsV0Nw%3D&amp;reserved=0\">https:\/\/www.facebook.com\/share\/p\/1QpaRJQWhe\/<\/a><\/p>\n<p>&nbsp;<\/p>\n","protected":false},"excerpt":{"rendered":"<p>Le 30 octobre dernier, la r\u00e9gion du Saguenay\u2013Lac-Saint-Jean a \u00e9t\u00e9 le th\u00e9\u00e2tre d&rsquo;une journ\u00e9e d\u2019\u00e9changes et de coconstruction entre la communaut\u00e9 et les programmes universitaires de formation et de recherche en sant\u00e9. Cet \u00e9v\u00e9nement a mobilis\u00e9 173 participants et participantes et a permis de renforcer les liens entre les personnes professionnelles en sant\u00e9, les chercheurs [&hellip;]<\/p>\n","protected":false},"author":5,"featured_media":50177,"comment_status":"closed","ping_status":"open","sticky":false,"template":"","format":"standard","meta":{"footnotes":""},"categories":[2,2854],"tags":[],"yoast_head":"<!-- This site is optimized with the Yoast SEO plugin v24.2 - https:\/\/yoast.com\/wordpress\/plugins\/seo\/ -->\r\n<title>Retour sur la journ\u00e9e r\u00e9gionale d\u2019\u00e9changes et de coconstruction en sant\u00e9 - UQACtualit\u00e9s<\/title>\r\n<meta name=\"robots\" content=\"index, follow, max-snippet:-1, max-image-preview:large, max-video-preview:-1\" \/>\r\n<link rel=\"canonical\" href=\"https:\/\/www.uqac.ca\/uqactualites\/2025\/03\/10\/retour-sur-la-journee-regionale-dechanges-et-de-coconstruction-en-sante\/\" \/>\r\n<meta property=\"og:locale\" content=\"fr_CA\" \/>\r\n<meta property=\"og:type\" content=\"article\" \/>\r\n<meta property=\"og:title\" content=\"Retour sur la journ\u00e9e r\u00e9gionale d\u2019\u00e9changes et de coconstruction en sant\u00e9 - UQACtualit\u00e9s\" \/>\r\n<meta property=\"og:description\" content=\"Le 30 octobre dernier, la r\u00e9gion du Saguenay\u2013Lac-Saint-Jean a \u00e9t\u00e9 le th\u00e9\u00e2tre d&rsquo;une journ\u00e9e d\u2019\u00e9changes et de coconstruction entre la communaut\u00e9 et les programmes universitaires de formation et de recherche en sant\u00e9. Cet \u00e9v\u00e9nement a mobilis\u00e9 173 participants et participantes et a permis de renforcer les liens entre les personnes professionnelles en sant\u00e9, les chercheurs [&hellip;]\" \/>\r\n<meta property=\"og:url\" content=\"https:\/\/www.uqac.ca\/uqactualites\/2025\/03\/10\/retour-sur-la-journee-regionale-dechanges-et-de-coconstruction-en-sante\/\" \/>\r\n<meta property=\"og:site_name\" content=\"UQACtualit\u00e9s\" \/>\r\n<meta property=\"article:published_time\" content=\"2025-03-10T12:57:08+00:00\" \/>\r\n<meta property=\"og:image\" content=\"https:\/\/www.uqac.ca\/uqactualites\/wp-content\/uploads\/2025\/03\/photo_activite_coconstruction_A24-@ctu.jpg\" \/>\r\n\t<meta property=\"og:image:width\" content=\"1060\" \/>\r\n\t<meta property=\"og:image:height\" content=\"662\" \/>\r\n\t<meta property=\"og:image:type\" content=\"image\/jpeg\" \/>\r\n<meta name=\"author\" content=\"Service des communications et des relations publiques\" \/>\r\n<meta name=\"twitter:card\" content=\"summary_large_image\" \/>\r\n<meta name=\"twitter:label1\" content=\"\u00c9crit par\" \/>\n\t<meta name=\"twitter:data1\" content=\"Service des communications et des relations publiques\" \/>\n\t<meta name=\"twitter:label2\" content=\"Estimation du temps de lecture\" \/>\n\t<meta name=\"twitter:data2\" content=\"2 minutes\" \/>\r\n<script type=\"application\/ld+json\" class=\"yoast-schema-graph\">{\"@context\":\"https:\/\/schema.org\",\"@graph\":[{\"@type\":\"WebPage\",\"@id\":\"https:\/\/www.uqac.ca\/uqactualites\/2025\/03\/10\/retour-sur-la-journee-regionale-dechanges-et-de-coconstruction-en-sante\/\",\"url\":\"https:\/\/www.uqac.ca\/uqactualites\/2025\/03\/10\/retour-sur-la-journee-regionale-dechanges-et-de-coconstruction-en-sante\/\",\"name\":\"Retour sur la journ\u00e9e r\u00e9gionale d\u2019\u00e9changes et de coconstruction en sant\u00e9 - UQACtualit\u00e9s\",\"isPartOf\":{\"@id\":\"https:\/\/www.uqac.ca\/uqactualites\/#website\"},\"primaryImageOfPage\":{\"@id\":\"https:\/\/www.uqac.ca\/uqactualites\/2025\/03\/10\/retour-sur-la-journee-regionale-dechanges-et-de-coconstruction-en-sante\/#primaryimage\"},\"image\":{\"@id\":\"https:\/\/www.uqac.ca\/uqactualites\/2025\/03\/10\/retour-sur-la-journee-regionale-dechanges-et-de-coconstruction-en-sante\/#primaryimage\"},\"thumbnailUrl\":\"https:\/\/www.uqac.ca\/uqactualites\/wp-content\/uploads\/2025\/03\/photo_activite_coconstruction_A24-@ctu.jpg\",\"datePublished\":\"2025-03-10T12:57:08+00:00\",\"dateModified\":\"2025-03-10T12:57:08+00:00\",\"author\":{\"@id\":\"https:\/\/www.uqac.ca\/uqactualites\/#\/schema\/person\/366c45a0c4f0e677b41b4af5886e2018\"},\"breadcrumb\":{\"@id\":\"https:\/\/www.uqac.ca\/uqactualites\/2025\/03\/10\/retour-sur-la-journee-regionale-dechanges-et-de-coconstruction-en-sante\/#breadcrumb\"},\"inLanguage\":\"fr-CA\",\"potentialAction\":[{\"@type\":\"ReadAction\",\"target\":[\"https:\/\/www.uqac.ca\/uqactualites\/2025\/03\/10\/retour-sur-la-journee-regionale-dechanges-et-de-coconstruction-en-sante\/\"]}]},{\"@type\":\"ImageObject\",\"inLanguage\":\"fr-CA\",\"@id\":\"https:\/\/www.uqac.ca\/uqactualites\/2025\/03\/10\/retour-sur-la-journee-regionale-dechanges-et-de-coconstruction-en-sante\/#primaryimage\",\"url\":\"https:\/\/www.uqac.ca\/uqactualites\/wp-content\/uploads\/2025\/03\/photo_activite_coconstruction_A24-@ctu.jpg\",\"contentUrl\":\"https:\/\/www.uqac.ca\/uqactualites\/wp-content\/uploads\/2025\/03\/photo_activite_coconstruction_A24-@ctu.jpg\",\"width\":1060,\"height\":662,\"caption\":\"Le vice-recteur aux \u00e9tudes, \u00e0 la formation et \u00e0 la r\u00e9ussite de l'UQAC, \u00c9tienne H\u00e9bert, en compagnie de Genevi\u00e8ve Sim\u00e9on, directrice g\u00e9n\u00e9rale de la Corporation de d\u00e9veloppement communautaire des Deux-Rives, d'Isabelle Boulianne, directrice des soins infirmiers, de l\u2019enseignement, de la recherche et de l\u2019innovation du Centre int\u00e9gr\u00e9 universitaire de sant\u00e9 et services sociaux du Saguenay\u2014Lac-Saint-Jean, et du Pr Dominique Dorion, doyen de la Facult\u00e9 de m\u00e9decine et des sciences de la sant\u00e9 de l\u2019UdeS\"},{\"@type\":\"BreadcrumbList\",\"@id\":\"https:\/\/www.uqac.ca\/uqactualites\/2025\/03\/10\/retour-sur-la-journee-regionale-dechanges-et-de-coconstruction-en-sante\/#breadcrumb\",\"itemListElement\":[{\"@type\":\"ListItem\",\"position\":1,\"name\":\"Home\",\"item\":\"https:\/\/www.uqac.ca\/uqactualites\/\"},{\"@type\":\"ListItem\",\"position\":2,\"name\":\"Retour sur la journ\u00e9e r\u00e9gionale d\u2019\u00e9changes et de coconstruction en sant\u00e9\"}]},{\"@type\":\"WebSite\",\"@id\":\"https:\/\/www.uqac.ca\/uqactualites\/#website\",\"url\":\"https:\/\/www.uqac.ca\/uqactualites\/\",\"name\":\"UQACtualit\u00e9s\",\"description\":\"Le portail des nouvelles de l&#039;UQAC\",\"potentialAction\":[{\"@type\":\"SearchAction\",\"target\":{\"@type\":\"EntryPoint\",\"urlTemplate\":\"https:\/\/www.uqac.ca\/uqactualites\/?s={search_term_string}\"},\"query-input\":{\"@type\":\"PropertyValueSpecification\",\"valueRequired\":true,\"valueName\":\"search_term_string\"}}],\"inLanguage\":\"fr-CA\"},{\"@type\":\"Person\",\"@id\":\"https:\/\/www.uqac.ca\/uqactualites\/#\/schema\/person\/366c45a0c4f0e677b41b4af5886e2018\",\"name\":\"Service des communications et des relations publiques\",\"image\":{\"@type\":\"ImageObject\",\"inLanguage\":\"fr-CA\",\"@id\":\"https:\/\/www.uqac.ca\/uqactualites\/#\/schema\/person\/image\/\",\"url\":\"https:\/\/secure.gravatar.com\/avatar\/20fbbda8a292f59f2d3461a5b999c00b?s=96&d=mm&r=g\",\"contentUrl\":\"https:\/\/secure.gravatar.com\/avatar\/20fbbda8a292f59f2d3461a5b999c00b?s=96&d=mm&r=g\",\"caption\":\"Service des communications et des relations publiques\"},\"url\":\"https:\/\/www.uqac.ca\/uqactualites\/author\/bap\/\"}]}<\/script>\r\n<!-- \/ Yoast SEO plugin. -->","yoast_head_json":{"title":"Retour sur la journ\u00e9e r\u00e9gionale d\u2019\u00e9changes et de coconstruction en sant\u00e9 - UQACtualit\u00e9s","robots":{"index":"index","follow":"follow","max-snippet":"max-snippet:-1","max-image-preview":"max-image-preview:large","max-video-preview":"max-video-preview:-1"},"canonical":"https:\/\/www.uqac.ca\/uqactualites\/2025\/03\/10\/retour-sur-la-journee-regionale-dechanges-et-de-coconstruction-en-sante\/","og_locale":"fr_CA","og_type":"article","og_title":"Retour sur la journ\u00e9e r\u00e9gionale d\u2019\u00e9changes et de coconstruction en sant\u00e9 - UQACtualit\u00e9s","og_description":"Le 30 octobre dernier, la r\u00e9gion du Saguenay\u2013Lac-Saint-Jean a \u00e9t\u00e9 le th\u00e9\u00e2tre d&rsquo;une journ\u00e9e d\u2019\u00e9changes et de coconstruction entre la communaut\u00e9 et les programmes universitaires de formation et de recherche en sant\u00e9. Cet \u00e9v\u00e9nement a mobilis\u00e9 173 participants et participantes et a permis de renforcer les liens entre les personnes professionnelles en sant\u00e9, les chercheurs [&hellip;]","og_url":"https:\/\/www.uqac.ca\/uqactualites\/2025\/03\/10\/retour-sur-la-journee-regionale-dechanges-et-de-coconstruction-en-sante\/","og_site_name":"UQACtualit\u00e9s","article_published_time":"2025-03-10T12:57:08+00:00","og_image":[{"width":1060,"height":662,"url":"https:\/\/www.uqac.ca\/uqactualites\/wp-content\/uploads\/2025\/03\/photo_activite_coconstruction_A24-@ctu.jpg","type":"image\/jpeg"}],"author":"Service des communications et des relations publiques","twitter_card":"summary_large_image","twitter_misc":{"\u00c9crit par":"Service des communications et des relations publiques","Estimation du temps de lecture":"2 minutes"},"schema":{"@context":"https:\/\/schema.org","@graph":[{"@type":"WebPage","@id":"https:\/\/www.uqac.ca\/uqactualites\/2025\/03\/10\/retour-sur-la-journee-regionale-dechanges-et-de-coconstruction-en-sante\/","url":"https:\/\/www.uqac.ca\/uqactualites\/2025\/03\/10\/retour-sur-la-journee-regionale-dechanges-et-de-coconstruction-en-sante\/","name":"Retour sur la journ\u00e9e r\u00e9gionale d\u2019\u00e9changes et de coconstruction en sant\u00e9 - UQACtualit\u00e9s","isPartOf":{"@id":"https:\/\/www.uqac.ca\/uqactualites\/#website"},"primaryImageOfPage":{"@id":"https:\/\/www.uqac.ca\/uqactualites\/2025\/03\/10\/retour-sur-la-journee-regionale-dechanges-et-de-coconstruction-en-sante\/#primaryimage"},"image":{"@id":"https:\/\/www.uqac.ca\/uqactualites\/2025\/03\/10\/retour-sur-la-journee-regionale-dechanges-et-de-coconstruction-en-sante\/#primaryimage"},"thumbnailUrl":"https:\/\/www.uqac.ca\/uqactualites\/wp-content\/uploads\/2025\/03\/photo_activite_coconstruction_A24-@ctu.jpg","datePublished":"2025-03-10T12:57:08+00:00","dateModified":"2025-03-10T12:57:08+00:00","author":{"@id":"https:\/\/www.uqac.ca\/uqactualites\/#\/schema\/person\/366c45a0c4f0e677b41b4af5886e2018"},"breadcrumb":{"@id":"https:\/\/www.uqac.ca\/uqactualites\/2025\/03\/10\/retour-sur-la-journee-regionale-dechanges-et-de-coconstruction-en-sante\/#breadcrumb"},"inLanguage":"fr-CA","potentialAction":[{"@type":"ReadAction","target":["https:\/\/www.uqac.ca\/uqactualites\/2025\/03\/10\/retour-sur-la-journee-regionale-dechanges-et-de-coconstruction-en-sante\/"]}]},{"@type":"ImageObject","inLanguage":"fr-CA","@id":"https:\/\/www.uqac.ca\/uqactualites\/2025\/03\/10\/retour-sur-la-journee-regionale-dechanges-et-de-coconstruction-en-sante\/#primaryimage","url":"https:\/\/www.uqac.ca\/uqactualites\/wp-content\/uploads\/2025\/03\/photo_activite_coconstruction_A24-@ctu.jpg","contentUrl":"https:\/\/www.uqac.ca\/uqactualites\/wp-content\/uploads\/2025\/03\/photo_activite_coconstruction_A24-@ctu.jpg","width":1060,"height":662,"caption":"Le vice-recteur aux \u00e9tudes, \u00e0 la formation et \u00e0 la r\u00e9ussite de l'UQAC, \u00c9tienne H\u00e9bert, en compagnie de Genevi\u00e8ve Sim\u00e9on, directrice g\u00e9n\u00e9rale de la Corporation de d\u00e9veloppement communautaire des Deux-Rives, d'Isabelle Boulianne, directrice des soins infirmiers, de l\u2019enseignement, de la recherche et de l\u2019innovation du Centre int\u00e9gr\u00e9 universitaire de sant\u00e9 et services sociaux du Saguenay\u2014Lac-Saint-Jean, et du Pr Dominique Dorion, doyen de la Facult\u00e9 de m\u00e9decine et des sciences de la sant\u00e9 de l\u2019UdeS"},{"@type":"BreadcrumbList","@id":"https:\/\/www.uqac.ca\/uqactualites\/2025\/03\/10\/retour-sur-la-journee-regionale-dechanges-et-de-coconstruction-en-sante\/#breadcrumb","itemListElement":[{"@type":"ListItem","position":1,"name":"Home","item":"https:\/\/www.uqac.ca\/uqactualites\/"},{"@type":"ListItem","position":2,"name":"Retour sur la journ\u00e9e r\u00e9gionale d\u2019\u00e9changes et de coconstruction en sant\u00e9"}]},{"@type":"WebSite","@id":"https:\/\/www.uqac.ca\/uqactualites\/#website","url":"https:\/\/www.uqac.ca\/uqactualites\/","name":"UQACtualit\u00e9s","description":"Le portail des nouvelles de l&#039;UQAC","potentialAction":[{"@type":"SearchAction","target":{"@type":"EntryPoint","urlTemplate":"https:\/\/www.uqac.ca\/uqactualites\/?s={search_term_string}"},"query-input":{"@type":"PropertyValueSpecification","valueRequired":true,"valueName":"search_term_string"}}],"inLanguage":"fr-CA"},{"@type":"Person","@id":"https:\/\/www.uqac.ca\/uqactualites\/#\/schema\/person\/366c45a0c4f0e677b41b4af5886e2018","name":"Service des communications et des relations publiques","image":{"@type":"ImageObject","inLanguage":"fr-CA","@id":"https:\/\/www.uqac.ca\/uqactualites\/#\/schema\/person\/image\/","url":"https:\/\/secure.gravatar.com\/avatar\/20fbbda8a292f59f2d3461a5b999c00b?s=96&d=mm&r=g","contentUrl":"https:\/\/secure.gravatar.com\/avatar\/20fbbda8a292f59f2d3461a5b999c00b?s=96&d=mm&r=g","caption":"Service des communications et des relations publiques"},"url":"https:\/\/www.uqac.ca\/uqactualites\/author\/bap\/"}]}},"_links":{"self":[{"href":"https:\/\/www.uqac.ca\/uqactualites\/wp-json\/wp\/v2\/posts\/50176"}],"collection":[{"href":"https:\/\/www.uqac.ca\/uqactualites\/wp-json\/wp\/v2\/posts"}],"about":[{"href":"https:\/\/www.uqac.ca\/uqactualites\/wp-json\/wp\/v2\/types\/post"}],"author":[{"embeddable":true,"href":"https:\/\/www.uqac.ca\/uqactualites\/wp-json\/wp\/v2\/users\/5"}],"replies":[{"embeddable":true,"href":"https:\/\/www.uqac.ca\/uqactualites\/wp-json\/wp\/v2\/comments?post=50176"}],"version-history":[{"count":1,"href":"https:\/\/www.uqac.ca\/uqactualites\/wp-json\/wp\/v2\/posts\/50176\/revisions"}],"predecessor-version":[{"id":50178,"href":"https:\/\/www.uqac.ca\/uqactualites\/wp-json\/wp\/v2\/posts\/50176\/revisions\/50178"}],"wp:featuredmedia":[{"embeddable":true,"href":"https:\/\/www.uqac.ca\/uqactualites\/wp-json\/wp\/v2\/media\/50177"}],"wp:attachment":[{"href":"https:\/\/www.uqac.ca\/uqactualites\/wp-json\/wp\/v2\/media?parent=50176"}],"wp:term":[{"taxonomy":"category","embeddable":true,"href":"https:\/\/www.uqac.ca\/uqactualites\/wp-json\/wp\/v2\/categories?post=50176"},{"taxonomy":"post_tag","embeddable":true,"href":"https:\/\/www.uqac.ca\/uqactualites\/wp-json\/wp\/v2\/tags?post=50176"}],"curies":[{"name":"wp","href":"https:\/\/api.w.org\/{rel}","templated":true}]}}