{"id":50209,"date":"2025-03-11T09:37:10","date_gmt":"2025-03-11T13:37:10","guid":{"rendered":"https:\/\/www.uqac.ca\/uqactualites\/?p=50209"},"modified":"2025-03-11T09:37:10","modified_gmt":"2025-03-11T13:37:10","slug":"accreditation-du-laboratoire-de-recherche-en-entrepreneuriat-et-pme-larepme","status":"publish","type":"post","link":"https:\/\/www.uqac.ca\/uqactualites\/2025\/03\/11\/accreditation-du-laboratoire-de-recherche-en-entrepreneuriat-et-pme-larepme\/","title":{"rendered":"Accr\u00e9ditation du Laboratoire de recherche en entrepreneuriat et PME (LAREPME)"},"content":{"rendered":"<p>Les membres du corps professoral <a href=\"https:\/\/portfolio.uqac.ca\/mariejoseedrapeau\/\" target=\"_blank\" rel=\"noopener\">Marie-Jos\u00e9e Drapeau<\/a> (responsable du laboratoire), <a href=\"https:\/\/portfolio.uqac.ca\/khalilrhaiem\/\" target=\"_blank\" rel=\"noopener\">Khalil Rhaiem<\/a>, <a href=\"https:\/\/www.uqac.ca\/2023\/06\/29\/portrait-rodrigue-ebata-nouveau-professeur-en-droit-des-affaires\/\" target=\"_blank\" rel=\"noopener\">Rodrigue Ebata<\/a>, et F\u00e9lix-Alexandre Proulx du <a href=\"https:\/\/www.uqac.ca\/dsea\/\" target=\"_blank\" rel=\"noopener\">D\u00e9partement des sciences \u00e9conomiques et administratives (DSEA)<\/a> sont fiers d\u2019avoir obtenu l\u2019accr\u00e9ditation du nouveau <a href=\"https:\/\/can01.safelinks.protection.outlook.com\/?url=https%3A%2F%2Frecherche.uqac.ca%2Flaboratoire-de-recherche-entrepreneuriat-et-pme-larepme&amp;data=05%7C02%7Cvgobeil%40uqac.ca%7Cf5f8b2ed7e68428f2c2108dd52ab34b7%7Cc97978b1bd4c44b59bbb20215efdf611%7C0%7C0%7C638757617472073234%7CUnknown%7CTWFpbGZsb3d8eyJFbXB0eU1hcGkiOnRydWUsIlYiOiIwLjAuMDAwMCIsIlAiOiJXaW4zMiIsIkFOIjoiTWFpbCIsIldUIjoyfQ%3D%3D%7C0%7C%7C%7C&amp;sdata=ojRtxjmLtJxPlagFCO%2F5FM%2FJWGteFis81HfMJf%2BgUc4%3D&amp;reserved=0\" target=\"_blank\" rel=\"noopener\">Laboratoire de recherche en entrepreneuriat et PME (LAREPME)<\/a>. Le LAREPME vise l\u2019\u00e9tude de la PME et de ses propri\u00e9taires-dirigeants, les entrepreneures et entrepreneurs. Laboratoire interdisciplinaire, il regroupe des chercheuses et chercheurs de diff\u00e9rentes sp\u00e9cialit\u00e9s (entrepreneuriat, strat\u00e9gie, droit, psychologie industrielle), utilisant diff\u00e9rentes perspectives de recherches (quantitatives, qualitatives) et th\u00e9ories permettant ainsi d\u2019\u00e9tudier plusieurs angles et points de vue.<\/p>\n<p>Le LAREPME d\u00e9sire s\u2019inscrire dans le d\u00e9veloppement d\u2019une culture entrepreneuriale au Saguenay\u2013Lac-Saint-Jean et dans la valorisation des PME r\u00e9gionale. L\u2019objectif g\u00e9n\u00e9ral du laboratoire est de faciliter les collaborations de recherches qui s\u2019int\u00e9ressent au domaine de l\u2019entrepreneuriat et plus largement aux PME. Ces deux champs \u00e9voluent parall\u00e8lement et aussi conjointement \u00e0 plusieurs \u00e9gards puisqu\u2019ils sont interreli\u00e9s et m\u00eame pour certains sont indissociables.<\/p>\n<p>Les axes de recherche s\u2019articulent donc autour du d\u00e9veloppement du territoire via l\u2019entrepreneuriat et les PME. Ils se regroupent sous les trois th\u00e8mes suivants :<\/p>\n<ul>\n<li>l\u2019entrepreneur(e)\/dirigeant(e) de PME en tant que d\u00e9veloppeur \u00e9conomique des territoires;<\/li>\n<li>les mod\u00e8les d\u2019innovation territoriale pour soutenir l\u2019entrepreneuriat et les PME;<\/li>\n<li>l\u2019encadrement des PME et les probl\u00e9matiques de gouvernance selon l\u2019ancrage territoriale.<\/li>\n<\/ul>\n<p>Ces trois axes permettent de mettre en commun des caract\u00e9ristiques n\u00e9cessaires pour la survie des PME sur les territoires telles que la r\u00e9silience.<\/p>\n<p>Depuis plusieurs ann\u00e9es d\u00e9j\u00e0, les gouvernements reconnaissent et valorisent l\u2019entrepreneuriat et les PME au Qu\u00e9bec. En tant que source de vitalit\u00e9 \u00e9conomique, ce sont des sujets d\u2019importance auxquels il est essentiel de s\u2019int\u00e9resser.<\/p>\n","protected":false},"excerpt":{"rendered":"<p>Les membres du corps professoral Marie-Jos\u00e9e Drapeau (responsable du laboratoire), Khalil Rhaiem, Rodrigue Ebata, et F\u00e9lix-Alexandre Proulx du D\u00e9partement des sciences \u00e9conomiques et administratives (DSEA) sont fiers d\u2019avoir obtenu l\u2019accr\u00e9ditation du nouveau Laboratoire de recherche en entrepreneuriat et PME (LAREPME). Le LAREPME vise l\u2019\u00e9tude de la PME et de ses propri\u00e9taires-dirigeants, les entrepreneures et entrepreneurs. [&hellip;]<\/p>\n","protected":false},"author":5,"featured_media":50210,"comment_status":"closed","ping_status":"open","sticky":false,"template":"","format":"standard","meta":{"footnotes":""},"categories":[2795,2],"tags":[8],"yoast_head":"<!-- This site is optimized with the Yoast SEO plugin v24.2 - https:\/\/yoast.com\/wordpress\/plugins\/seo\/ -->\r\n<title>Accr\u00e9ditation du Laboratoire de recherche en entrepreneuriat et PME (LAREPME) - UQACtualit\u00e9s<\/title>\r\n<meta name=\"description\" content=\"Accr\u00e9ditation du Laboratoire de recherche en entrepreneuriat et PME (LAREPME).\" \/>\r\n<meta name=\"robots\" content=\"index, follow, max-snippet:-1, max-image-preview:large, max-video-preview:-1\" \/>\r\n<link rel=\"canonical\" href=\"https:\/\/www.uqac.ca\/uqactualites\/2025\/03\/11\/accreditation-du-laboratoire-de-recherche-en-entrepreneuriat-et-pme-larepme\/\" \/>\r\n<meta property=\"og:locale\" content=\"fr_CA\" \/>\r\n<meta property=\"og:type\" content=\"article\" \/>\r\n<meta property=\"og:title\" content=\"Accr\u00e9ditation du Laboratoire de recherche en entrepreneuriat et PME (LAREPME) - UQACtualit\u00e9s\" \/>\r\n<meta property=\"og:description\" content=\"Accr\u00e9ditation du Laboratoire de recherche en entrepreneuriat et PME (LAREPME).\" \/>\r\n<meta property=\"og:url\" content=\"https:\/\/www.uqac.ca\/uqactualites\/2025\/03\/11\/accreditation-du-laboratoire-de-recherche-en-entrepreneuriat-et-pme-larepme\/\" \/>\r\n<meta property=\"og:site_name\" content=\"UQACtualit\u00e9s\" \/>\r\n<meta property=\"article:published_time\" content=\"2025-03-11T13:37:10+00:00\" \/>\r\n<meta property=\"og:image\" content=\"https:\/\/www.uqac.ca\/uqactualites\/wp-content\/uploads\/2025\/03\/NUM_NouveauLabH25_Uqctualite1920X1080.jpg\" \/>\r\n\t<meta property=\"og:image:width\" content=\"1920\" \/>\r\n\t<meta property=\"og:image:height\" content=\"1080\" \/>\r\n\t<meta property=\"og:image:type\" content=\"image\/jpeg\" \/>\r\n<meta name=\"author\" content=\"Service des communications et des relations publiques\" \/>\r\n<meta name=\"twitter:card\" content=\"summary_large_image\" \/>\r\n<meta name=\"twitter:label1\" content=\"\u00c9crit par\" \/>\n\t<meta name=\"twitter:data1\" content=\"Service des communications et des relations publiques\" \/>\n\t<meta name=\"twitter:label2\" content=\"Estimation du temps de lecture\" \/>\n\t<meta name=\"twitter:data2\" content=\"2 minutes\" \/>\r\n<script type=\"application\/ld+json\" class=\"yoast-schema-graph\">{\"@context\":\"https:\/\/schema.org\",\"@graph\":[{\"@type\":\"WebPage\",\"@id\":\"https:\/\/www.uqac.ca\/uqactualites\/2025\/03\/11\/accreditation-du-laboratoire-de-recherche-en-entrepreneuriat-et-pme-larepme\/\",\"url\":\"https:\/\/www.uqac.ca\/uqactualites\/2025\/03\/11\/accreditation-du-laboratoire-de-recherche-en-entrepreneuriat-et-pme-larepme\/\",\"name\":\"Accr\u00e9ditation du Laboratoire de recherche en entrepreneuriat et PME (LAREPME) - UQACtualit\u00e9s\",\"isPartOf\":{\"@id\":\"https:\/\/www.uqac.ca\/uqactualites\/#website\"},\"primaryImageOfPage\":{\"@id\":\"https:\/\/www.uqac.ca\/uqactualites\/2025\/03\/11\/accreditation-du-laboratoire-de-recherche-en-entrepreneuriat-et-pme-larepme\/#primaryimage\"},\"image\":{\"@id\":\"https:\/\/www.uqac.ca\/uqactualites\/2025\/03\/11\/accreditation-du-laboratoire-de-recherche-en-entrepreneuriat-et-pme-larepme\/#primaryimage\"},\"thumbnailUrl\":\"https:\/\/www.uqac.ca\/uqactualites\/wp-content\/uploads\/2025\/03\/NUM_NouveauLabH25_Uqctualite1920X1080.jpg\",\"datePublished\":\"2025-03-11T13:37:10+00:00\",\"dateModified\":\"2025-03-11T13:37:10+00:00\",\"author\":{\"@id\":\"https:\/\/www.uqac.ca\/uqactualites\/#\/schema\/person\/366c45a0c4f0e677b41b4af5886e2018\"},\"description\":\"Accr\u00e9ditation du Laboratoire de recherche en entrepreneuriat et PME (LAREPME).\",\"breadcrumb\":{\"@id\":\"https:\/\/www.uqac.ca\/uqactualites\/2025\/03\/11\/accreditation-du-laboratoire-de-recherche-en-entrepreneuriat-et-pme-larepme\/#breadcrumb\"},\"inLanguage\":\"fr-CA\",\"potentialAction\":[{\"@type\":\"ReadAction\",\"target\":[\"https:\/\/www.uqac.ca\/uqactualites\/2025\/03\/11\/accreditation-du-laboratoire-de-recherche-en-entrepreneuriat-et-pme-larepme\/\"]}]},{\"@type\":\"ImageObject\",\"inLanguage\":\"fr-CA\",\"@id\":\"https:\/\/www.uqac.ca\/uqactualites\/2025\/03\/11\/accreditation-du-laboratoire-de-recherche-en-entrepreneuriat-et-pme-larepme\/#primaryimage\",\"url\":\"https:\/\/www.uqac.ca\/uqactualites\/wp-content\/uploads\/2025\/03\/NUM_NouveauLabH25_Uqctualite1920X1080.jpg\",\"contentUrl\":\"https:\/\/www.uqac.ca\/uqactualites\/wp-content\/uploads\/2025\/03\/NUM_NouveauLabH25_Uqctualite1920X1080.jpg\",\"width\":1920,\"height\":1080},{\"@type\":\"BreadcrumbList\",\"@id\":\"https:\/\/www.uqac.ca\/uqactualites\/2025\/03\/11\/accreditation-du-laboratoire-de-recherche-en-entrepreneuriat-et-pme-larepme\/#breadcrumb\",\"itemListElement\":[{\"@type\":\"ListItem\",\"position\":1,\"name\":\"Home\",\"item\":\"https:\/\/www.uqac.ca\/uqactualites\/\"},{\"@type\":\"ListItem\",\"position\":2,\"name\":\"Accr\u00e9ditation du Laboratoire de recherche en entrepreneuriat et PME (LAREPME)\"}]},{\"@type\":\"WebSite\",\"@id\":\"https:\/\/www.uqac.ca\/uqactualites\/#website\",\"url\":\"https:\/\/www.uqac.ca\/uqactualites\/\",\"name\":\"UQACtualit\u00e9s\",\"description\":\"Le portail des nouvelles de l&#039;UQAC\",\"potentialAction\":[{\"@type\":\"SearchAction\",\"target\":{\"@type\":\"EntryPoint\",\"urlTemplate\":\"https:\/\/www.uqac.ca\/uqactualites\/?s={search_term_string}\"},\"query-input\":{\"@type\":\"PropertyValueSpecification\",\"valueRequired\":true,\"valueName\":\"search_term_string\"}}],\"inLanguage\":\"fr-CA\"},{\"@type\":\"Person\",\"@id\":\"https:\/\/www.uqac.ca\/uqactualites\/#\/schema\/person\/366c45a0c4f0e677b41b4af5886e2018\",\"name\":\"Service des communications et des relations publiques\",\"image\":{\"@type\":\"ImageObject\",\"inLanguage\":\"fr-CA\",\"@id\":\"https:\/\/www.uqac.ca\/uqactualites\/#\/schema\/person\/image\/\",\"url\":\"https:\/\/secure.gravatar.com\/avatar\/20fbbda8a292f59f2d3461a5b999c00b?s=96&d=mm&r=g\",\"contentUrl\":\"https:\/\/secure.gravatar.com\/avatar\/20fbbda8a292f59f2d3461a5b999c00b?s=96&d=mm&r=g\",\"caption\":\"Service des communications et des relations publiques\"},\"url\":\"https:\/\/www.uqac.ca\/uqactualites\/author\/bap\/\"}]}<\/script>\r\n<!-- \/ Yoast SEO plugin. -->","yoast_head_json":{"title":"Accr\u00e9ditation du Laboratoire de recherche en entrepreneuriat et PME (LAREPME) - UQACtualit\u00e9s","description":"Accr\u00e9ditation du Laboratoire de recherche en entrepreneuriat et PME (LAREPME).","robots":{"index":"index","follow":"follow","max-snippet":"max-snippet:-1","max-image-preview":"max-image-preview:large","max-video-preview":"max-video-preview:-1"},"canonical":"https:\/\/www.uqac.ca\/uqactualites\/2025\/03\/11\/accreditation-du-laboratoire-de-recherche-en-entrepreneuriat-et-pme-larepme\/","og_locale":"fr_CA","og_type":"article","og_title":"Accr\u00e9ditation du Laboratoire de recherche en entrepreneuriat et PME (LAREPME) - UQACtualit\u00e9s","og_description":"Accr\u00e9ditation du Laboratoire de recherche en entrepreneuriat et PME (LAREPME).","og_url":"https:\/\/www.uqac.ca\/uqactualites\/2025\/03\/11\/accreditation-du-laboratoire-de-recherche-en-entrepreneuriat-et-pme-larepme\/","og_site_name":"UQACtualit\u00e9s","article_published_time":"2025-03-11T13:37:10+00:00","og_image":[{"width":1920,"height":1080,"url":"https:\/\/www.uqac.ca\/uqactualites\/wp-content\/uploads\/2025\/03\/NUM_NouveauLabH25_Uqctualite1920X1080.jpg","type":"image\/jpeg"}],"author":"Service des communications et des relations publiques","twitter_card":"summary_large_image","twitter_misc":{"\u00c9crit par":"Service des communications et des relations publiques","Estimation du temps de lecture":"2 minutes"},"schema":{"@context":"https:\/\/schema.org","@graph":[{"@type":"WebPage","@id":"https:\/\/www.uqac.ca\/uqactualites\/2025\/03\/11\/accreditation-du-laboratoire-de-recherche-en-entrepreneuriat-et-pme-larepme\/","url":"https:\/\/www.uqac.ca\/uqactualites\/2025\/03\/11\/accreditation-du-laboratoire-de-recherche-en-entrepreneuriat-et-pme-larepme\/","name":"Accr\u00e9ditation du Laboratoire de recherche en entrepreneuriat et PME (LAREPME) - UQACtualit\u00e9s","isPartOf":{"@id":"https:\/\/www.uqac.ca\/uqactualites\/#website"},"primaryImageOfPage":{"@id":"https:\/\/www.uqac.ca\/uqactualites\/2025\/03\/11\/accreditation-du-laboratoire-de-recherche-en-entrepreneuriat-et-pme-larepme\/#primaryimage"},"image":{"@id":"https:\/\/www.uqac.ca\/uqactualites\/2025\/03\/11\/accreditation-du-laboratoire-de-recherche-en-entrepreneuriat-et-pme-larepme\/#primaryimage"},"thumbnailUrl":"https:\/\/www.uqac.ca\/uqactualites\/wp-content\/uploads\/2025\/03\/NUM_NouveauLabH25_Uqctualite1920X1080.jpg","datePublished":"2025-03-11T13:37:10+00:00","dateModified":"2025-03-11T13:37:10+00:00","author":{"@id":"https:\/\/www.uqac.ca\/uqactualites\/#\/schema\/person\/366c45a0c4f0e677b41b4af5886e2018"},"description":"Accr\u00e9ditation du Laboratoire de recherche en entrepreneuriat et PME (LAREPME).","breadcrumb":{"@id":"https:\/\/www.uqac.ca\/uqactualites\/2025\/03\/11\/accreditation-du-laboratoire-de-recherche-en-entrepreneuriat-et-pme-larepme\/#breadcrumb"},"inLanguage":"fr-CA","potentialAction":[{"@type":"ReadAction","target":["https:\/\/www.uqac.ca\/uqactualites\/2025\/03\/11\/accreditation-du-laboratoire-de-recherche-en-entrepreneuriat-et-pme-larepme\/"]}]},{"@type":"ImageObject","inLanguage":"fr-CA","@id":"https:\/\/www.uqac.ca\/uqactualites\/2025\/03\/11\/accreditation-du-laboratoire-de-recherche-en-entrepreneuriat-et-pme-larepme\/#primaryimage","url":"https:\/\/www.uqac.ca\/uqactualites\/wp-content\/uploads\/2025\/03\/NUM_NouveauLabH25_Uqctualite1920X1080.jpg","contentUrl":"https:\/\/www.uqac.ca\/uqactualites\/wp-content\/uploads\/2025\/03\/NUM_NouveauLabH25_Uqctualite1920X1080.jpg","width":1920,"height":1080},{"@type":"BreadcrumbList","@id":"https:\/\/www.uqac.ca\/uqactualites\/2025\/03\/11\/accreditation-du-laboratoire-de-recherche-en-entrepreneuriat-et-pme-larepme\/#breadcrumb","itemListElement":[{"@type":"ListItem","position":1,"name":"Home","item":"https:\/\/www.uqac.ca\/uqactualites\/"},{"@type":"ListItem","position":2,"name":"Accr\u00e9ditation du Laboratoire de recherche en entrepreneuriat et PME (LAREPME)"}]},{"@type":"WebSite","@id":"https:\/\/www.uqac.ca\/uqactualites\/#website","url":"https:\/\/www.uqac.ca\/uqactualites\/","name":"UQACtualit\u00e9s","description":"Le portail des nouvelles de l&#039;UQAC","potentialAction":[{"@type":"SearchAction","target":{"@type":"EntryPoint","urlTemplate":"https:\/\/www.uqac.ca\/uqactualites\/?s={search_term_string}"},"query-input":{"@type":"PropertyValueSpecification","valueRequired":true,"valueName":"search_term_string"}}],"inLanguage":"fr-CA"},{"@type":"Person","@id":"https:\/\/www.uqac.ca\/uqactualites\/#\/schema\/person\/366c45a0c4f0e677b41b4af5886e2018","name":"Service des communications et des relations publiques","image":{"@type":"ImageObject","inLanguage":"fr-CA","@id":"https:\/\/www.uqac.ca\/uqactualites\/#\/schema\/person\/image\/","url":"https:\/\/secure.gravatar.com\/avatar\/20fbbda8a292f59f2d3461a5b999c00b?s=96&d=mm&r=g","contentUrl":"https:\/\/secure.gravatar.com\/avatar\/20fbbda8a292f59f2d3461a5b999c00b?s=96&d=mm&r=g","caption":"Service des communications et des relations publiques"},"url":"https:\/\/www.uqac.ca\/uqactualites\/author\/bap\/"}]}},"_links":{"self":[{"href":"https:\/\/www.uqac.ca\/uqactualites\/wp-json\/wp\/v2\/posts\/50209"}],"collection":[{"href":"https:\/\/www.uqac.ca\/uqactualites\/wp-json\/wp\/v2\/posts"}],"about":[{"href":"https:\/\/www.uqac.ca\/uqactualites\/wp-json\/wp\/v2\/types\/post"}],"author":[{"embeddable":true,"href":"https:\/\/www.uqac.ca\/uqactualites\/wp-json\/wp\/v2\/users\/5"}],"replies":[{"embeddable":true,"href":"https:\/\/www.uqac.ca\/uqactualites\/wp-json\/wp\/v2\/comments?post=50209"}],"version-history":[{"count":1,"href":"https:\/\/www.uqac.ca\/uqactualites\/wp-json\/wp\/v2\/posts\/50209\/revisions"}],"predecessor-version":[{"id":50211,"href":"https:\/\/www.uqac.ca\/uqactualites\/wp-json\/wp\/v2\/posts\/50209\/revisions\/50211"}],"wp:featuredmedia":[{"embeddable":true,"href":"https:\/\/www.uqac.ca\/uqactualites\/wp-json\/wp\/v2\/media\/50210"}],"wp:attachment":[{"href":"https:\/\/www.uqac.ca\/uqactualites\/wp-json\/wp\/v2\/media?parent=50209"}],"wp:term":[{"taxonomy":"category","embeddable":true,"href":"https:\/\/www.uqac.ca\/uqactualites\/wp-json\/wp\/v2\/categories?post=50209"},{"taxonomy":"post_tag","embeddable":true,"href":"https:\/\/www.uqac.ca\/uqactualites\/wp-json\/wp\/v2\/tags?post=50209"}],"curies":[{"name":"wp","href":"https:\/\/api.w.org\/{rel}","templated":true}]}}