{"id":50265,"date":"2025-03-19T08:33:31","date_gmt":"2025-03-19T12:33:31","guid":{"rendered":"https:\/\/www.uqac.ca\/uqactualites\/?p=50265"},"modified":"2025-03-19T08:33:31","modified_gmt":"2025-03-19T12:33:31","slug":"le-professeur-philippe-boigey-nomme-president-de-pmi-chapitre-levis-quebec","status":"publish","type":"post","link":"https:\/\/www.uqac.ca\/uqactualites\/2025\/03\/19\/le-professeur-philippe-boigey-nomme-president-de-pmi-chapitre-levis-quebec\/","title":{"rendered":"Le professeur Philippe Boigey nomm\u00e9 pr\u00e9sident de PMI, Chapitre L\u00e9vis-Qu\u00e9bec"},"content":{"rendered":"<p>Le 18 mars 2025, <a href=\"https:\/\/portfolio.uqac.ca\/philippeboigey\/\" target=\"_blank\" rel=\"noopener\">Philippe Boigey<\/a>, professeur au <a href=\"https:\/\/www.uqac.ca\/dsea\/\" target=\"_blank\" rel=\"noopener\">D\u00e9partement des sciences \u00e9conomiques et administratives (DSEA)<\/a> et directeur du <a href=\"https:\/\/www.uqac.ca\/programme\/3077-doctorat-en-management-de-projets\/\" target=\"_blank\" rel=\"noopener\">doctorat en management de projet<\/a>, a \u00e9t\u00e9 nomm\u00e9 pr\u00e9sident du Chapitre L\u00e9vis-Qu\u00e9bec du Project Management Institute (PMI), Chapitre enti\u00e8rement francophone des professionnels et professionnelles en gestion de projet.<\/p>\n<p>Pr\u00e9c\u00e9demment, Philippe Boigey a occup\u00e9 les postes de vice-pr\u00e9sident et d\u2019administrateur au sein de ce Chapitre. Avec l\u2019aide du nouveau conseil d\u2019administration, il poursuivra le travail d\u00e9j\u00e0 initi\u00e9 dans le d\u00e9veloppement du Chapitre, la promotion de la gestion de projet, apportant ainsi sa contribution au rayonnement de l\u2019UQAC.<\/p>\n<p>Soulignons \u00e9galement que la dipl\u00f4m\u00e9e de la <a href=\"https:\/\/www.uqac.ca\/programme\/3754-maitrise-en-gestion-des-organisations\/\" target=\"_blank\" rel=\"noopener\">ma\u00eetrise en gestion des organisations (MGO)<\/a> et future candidate au doctorat en management de projet de l\u2019UQAC, Marie-Claude Quessy L\u00e9gar\u00e9, a \u00e9t\u00e9 \u00e9lue administratrice de ce m\u00eame chapitre plus t\u00f4t au mois de mars.<\/p>\n<p>F\u00e9licitations au professeur Boigey pour cette nomination!<\/p>\n","protected":false},"excerpt":{"rendered":"<p>Le 18 mars 2025, Philippe Boigey, professeur au D\u00e9partement des sciences \u00e9conomiques et administratives (DSEA) et directeur du doctorat en management de projet, a \u00e9t\u00e9 nomm\u00e9 pr\u00e9sident du Chapitre L\u00e9vis-Qu\u00e9bec du Project Management Institute (PMI), Chapitre enti\u00e8rement francophone des professionnels et professionnelles en gestion de projet. Pr\u00e9c\u00e9demment, Philippe Boigey a occup\u00e9 les postes de vice-pr\u00e9sident [&hellip;]<\/p>\n","protected":false},"author":5,"featured_media":50267,"comment_status":"closed","ping_status":"open","sticky":false,"template":"","format":"standard","meta":{"footnotes":""},"categories":[2795,15],"tags":[866,8,2885],"yoast_head":"<!-- This site is optimized with the Yoast SEO plugin v24.2 - https:\/\/yoast.com\/wordpress\/plugins\/seo\/ -->\r\n<title>Le professeur Philippe Boigey nomm\u00e9 pr\u00e9sident de PMI, Chapitre L\u00e9vis-Qu\u00e9bec - UQACtualit\u00e9s<\/title>\r\n<meta name=\"robots\" content=\"index, follow, max-snippet:-1, max-image-preview:large, max-video-preview:-1\" \/>\r\n<link rel=\"canonical\" href=\"https:\/\/www.uqac.ca\/uqactualites\/2025\/03\/19\/le-professeur-philippe-boigey-nomme-president-de-pmi-chapitre-levis-quebec\/\" \/>\r\n<meta property=\"og:locale\" content=\"fr_CA\" \/>\r\n<meta property=\"og:type\" content=\"article\" \/>\r\n<meta property=\"og:title\" content=\"Le professeur Philippe Boigey nomm\u00e9 pr\u00e9sident de PMI, Chapitre L\u00e9vis-Qu\u00e9bec - UQACtualit\u00e9s\" \/>\r\n<meta property=\"og:description\" content=\"Le 18 mars 2025, Philippe Boigey, professeur au D\u00e9partement des sciences \u00e9conomiques et administratives (DSEA) et directeur du doctorat en management de projet, a \u00e9t\u00e9 nomm\u00e9 pr\u00e9sident du Chapitre L\u00e9vis-Qu\u00e9bec du Project Management Institute (PMI), Chapitre enti\u00e8rement francophone des professionnels et professionnelles en gestion de projet. Pr\u00e9c\u00e9demment, Philippe Boigey a occup\u00e9 les postes de vice-pr\u00e9sident [&hellip;]\" \/>\r\n<meta property=\"og:url\" content=\"https:\/\/www.uqac.ca\/uqactualites\/2025\/03\/19\/le-professeur-philippe-boigey-nomme-president-de-pmi-chapitre-levis-quebec\/\" \/>\r\n<meta property=\"og:site_name\" content=\"UQACtualit\u00e9s\" \/>\r\n<meta property=\"article:published_time\" content=\"2025-03-19T12:33:31+00:00\" \/>\r\n<meta property=\"og:image\" content=\"https:\/\/www.uqac.ca\/uqactualites\/wp-content\/uploads\/2025\/03\/PHILIPPE-BOIGEY-2020cb.jpg\" \/>\r\n\t<meta property=\"og:image:width\" content=\"715\" \/>\r\n\t<meta property=\"og:image:height\" content=\"984\" \/>\r\n\t<meta property=\"og:image:type\" content=\"image\/jpeg\" \/>\r\n<meta name=\"author\" content=\"Service des communications et des relations publiques\" \/>\r\n<meta name=\"twitter:card\" content=\"summary_large_image\" \/>\r\n<meta name=\"twitter:label1\" content=\"\u00c9crit par\" \/>\n\t<meta name=\"twitter:data1\" content=\"Service des communications et des relations publiques\" \/>\n\t<meta name=\"twitter:label2\" content=\"Estimation du temps de lecture\" \/>\n\t<meta name=\"twitter:data2\" content=\"1 minute\" \/>\r\n<script type=\"application\/ld+json\" class=\"yoast-schema-graph\">{\"@context\":\"https:\/\/schema.org\",\"@graph\":[{\"@type\":\"WebPage\",\"@id\":\"https:\/\/www.uqac.ca\/uqactualites\/2025\/03\/19\/le-professeur-philippe-boigey-nomme-president-de-pmi-chapitre-levis-quebec\/\",\"url\":\"https:\/\/www.uqac.ca\/uqactualites\/2025\/03\/19\/le-professeur-philippe-boigey-nomme-president-de-pmi-chapitre-levis-quebec\/\",\"name\":\"Le professeur Philippe Boigey nomm\u00e9 pr\u00e9sident de PMI, Chapitre L\u00e9vis-Qu\u00e9bec - UQACtualit\u00e9s\",\"isPartOf\":{\"@id\":\"https:\/\/www.uqac.ca\/uqactualites\/#website\"},\"primaryImageOfPage\":{\"@id\":\"https:\/\/www.uqac.ca\/uqactualites\/2025\/03\/19\/le-professeur-philippe-boigey-nomme-president-de-pmi-chapitre-levis-quebec\/#primaryimage\"},\"image\":{\"@id\":\"https:\/\/www.uqac.ca\/uqactualites\/2025\/03\/19\/le-professeur-philippe-boigey-nomme-president-de-pmi-chapitre-levis-quebec\/#primaryimage\"},\"thumbnailUrl\":\"https:\/\/www.uqac.ca\/uqactualites\/wp-content\/uploads\/2025\/03\/PHILIPPE-BOIGEY-2020cb.jpg\",\"datePublished\":\"2025-03-19T12:33:31+00:00\",\"dateModified\":\"2025-03-19T12:33:31+00:00\",\"author\":{\"@id\":\"https:\/\/www.uqac.ca\/uqactualites\/#\/schema\/person\/366c45a0c4f0e677b41b4af5886e2018\"},\"breadcrumb\":{\"@id\":\"https:\/\/www.uqac.ca\/uqactualites\/2025\/03\/19\/le-professeur-philippe-boigey-nomme-president-de-pmi-chapitre-levis-quebec\/#breadcrumb\"},\"inLanguage\":\"fr-CA\",\"potentialAction\":[{\"@type\":\"ReadAction\",\"target\":[\"https:\/\/www.uqac.ca\/uqactualites\/2025\/03\/19\/le-professeur-philippe-boigey-nomme-president-de-pmi-chapitre-levis-quebec\/\"]}]},{\"@type\":\"ImageObject\",\"inLanguage\":\"fr-CA\",\"@id\":\"https:\/\/www.uqac.ca\/uqactualites\/2025\/03\/19\/le-professeur-philippe-boigey-nomme-president-de-pmi-chapitre-levis-quebec\/#primaryimage\",\"url\":\"https:\/\/www.uqac.ca\/uqactualites\/wp-content\/uploads\/2025\/03\/PHILIPPE-BOIGEY-2020cb.jpg\",\"contentUrl\":\"https:\/\/www.uqac.ca\/uqactualites\/wp-content\/uploads\/2025\/03\/PHILIPPE-BOIGEY-2020cb.jpg\",\"width\":715,\"height\":984},{\"@type\":\"BreadcrumbList\",\"@id\":\"https:\/\/www.uqac.ca\/uqactualites\/2025\/03\/19\/le-professeur-philippe-boigey-nomme-president-de-pmi-chapitre-levis-quebec\/#breadcrumb\",\"itemListElement\":[{\"@type\":\"ListItem\",\"position\":1,\"name\":\"Home\",\"item\":\"https:\/\/www.uqac.ca\/uqactualites\/\"},{\"@type\":\"ListItem\",\"position\":2,\"name\":\"Le professeur Philippe Boigey nomm\u00e9 pr\u00e9sident de PMI, Chapitre L\u00e9vis-Qu\u00e9bec\"}]},{\"@type\":\"WebSite\",\"@id\":\"https:\/\/www.uqac.ca\/uqactualites\/#website\",\"url\":\"https:\/\/www.uqac.ca\/uqactualites\/\",\"name\":\"UQACtualit\u00e9s\",\"description\":\"Le portail des nouvelles de l&#039;UQAC\",\"potentialAction\":[{\"@type\":\"SearchAction\",\"target\":{\"@type\":\"EntryPoint\",\"urlTemplate\":\"https:\/\/www.uqac.ca\/uqactualites\/?s={search_term_string}\"},\"query-input\":{\"@type\":\"PropertyValueSpecification\",\"valueRequired\":true,\"valueName\":\"search_term_string\"}}],\"inLanguage\":\"fr-CA\"},{\"@type\":\"Person\",\"@id\":\"https:\/\/www.uqac.ca\/uqactualites\/#\/schema\/person\/366c45a0c4f0e677b41b4af5886e2018\",\"name\":\"Service des communications et des relations publiques\",\"image\":{\"@type\":\"ImageObject\",\"inLanguage\":\"fr-CA\",\"@id\":\"https:\/\/www.uqac.ca\/uqactualites\/#\/schema\/person\/image\/\",\"url\":\"https:\/\/secure.gravatar.com\/avatar\/20fbbda8a292f59f2d3461a5b999c00b?s=96&d=mm&r=g\",\"contentUrl\":\"https:\/\/secure.gravatar.com\/avatar\/20fbbda8a292f59f2d3461a5b999c00b?s=96&d=mm&r=g\",\"caption\":\"Service des communications et des relations publiques\"},\"url\":\"https:\/\/www.uqac.ca\/uqactualites\/author\/bap\/\"}]}<\/script>\r\n<!-- \/ Yoast SEO plugin. -->","yoast_head_json":{"title":"Le professeur Philippe Boigey nomm\u00e9 pr\u00e9sident de PMI, Chapitre L\u00e9vis-Qu\u00e9bec - UQACtualit\u00e9s","robots":{"index":"index","follow":"follow","max-snippet":"max-snippet:-1","max-image-preview":"max-image-preview:large","max-video-preview":"max-video-preview:-1"},"canonical":"https:\/\/www.uqac.ca\/uqactualites\/2025\/03\/19\/le-professeur-philippe-boigey-nomme-president-de-pmi-chapitre-levis-quebec\/","og_locale":"fr_CA","og_type":"article","og_title":"Le professeur Philippe Boigey nomm\u00e9 pr\u00e9sident de PMI, Chapitre L\u00e9vis-Qu\u00e9bec - UQACtualit\u00e9s","og_description":"Le 18 mars 2025, Philippe Boigey, professeur au D\u00e9partement des sciences \u00e9conomiques et administratives (DSEA) et directeur du doctorat en management de projet, a \u00e9t\u00e9 nomm\u00e9 pr\u00e9sident du Chapitre L\u00e9vis-Qu\u00e9bec du Project Management Institute (PMI), Chapitre enti\u00e8rement francophone des professionnels et professionnelles en gestion de projet. Pr\u00e9c\u00e9demment, Philippe Boigey a occup\u00e9 les postes de vice-pr\u00e9sident [&hellip;]","og_url":"https:\/\/www.uqac.ca\/uqactualites\/2025\/03\/19\/le-professeur-philippe-boigey-nomme-president-de-pmi-chapitre-levis-quebec\/","og_site_name":"UQACtualit\u00e9s","article_published_time":"2025-03-19T12:33:31+00:00","og_image":[{"width":715,"height":984,"url":"https:\/\/www.uqac.ca\/uqactualites\/wp-content\/uploads\/2025\/03\/PHILIPPE-BOIGEY-2020cb.jpg","type":"image\/jpeg"}],"author":"Service des communications et des relations publiques","twitter_card":"summary_large_image","twitter_misc":{"\u00c9crit par":"Service des communications et des relations publiques","Estimation du temps de lecture":"1 minute"},"schema":{"@context":"https:\/\/schema.org","@graph":[{"@type":"WebPage","@id":"https:\/\/www.uqac.ca\/uqactualites\/2025\/03\/19\/le-professeur-philippe-boigey-nomme-president-de-pmi-chapitre-levis-quebec\/","url":"https:\/\/www.uqac.ca\/uqactualites\/2025\/03\/19\/le-professeur-philippe-boigey-nomme-president-de-pmi-chapitre-levis-quebec\/","name":"Le professeur Philippe Boigey nomm\u00e9 pr\u00e9sident de PMI, Chapitre L\u00e9vis-Qu\u00e9bec - UQACtualit\u00e9s","isPartOf":{"@id":"https:\/\/www.uqac.ca\/uqactualites\/#website"},"primaryImageOfPage":{"@id":"https:\/\/www.uqac.ca\/uqactualites\/2025\/03\/19\/le-professeur-philippe-boigey-nomme-president-de-pmi-chapitre-levis-quebec\/#primaryimage"},"image":{"@id":"https:\/\/www.uqac.ca\/uqactualites\/2025\/03\/19\/le-professeur-philippe-boigey-nomme-president-de-pmi-chapitre-levis-quebec\/#primaryimage"},"thumbnailUrl":"https:\/\/www.uqac.ca\/uqactualites\/wp-content\/uploads\/2025\/03\/PHILIPPE-BOIGEY-2020cb.jpg","datePublished":"2025-03-19T12:33:31+00:00","dateModified":"2025-03-19T12:33:31+00:00","author":{"@id":"https:\/\/www.uqac.ca\/uqactualites\/#\/schema\/person\/366c45a0c4f0e677b41b4af5886e2018"},"breadcrumb":{"@id":"https:\/\/www.uqac.ca\/uqactualites\/2025\/03\/19\/le-professeur-philippe-boigey-nomme-president-de-pmi-chapitre-levis-quebec\/#breadcrumb"},"inLanguage":"fr-CA","potentialAction":[{"@type":"ReadAction","target":["https:\/\/www.uqac.ca\/uqactualites\/2025\/03\/19\/le-professeur-philippe-boigey-nomme-president-de-pmi-chapitre-levis-quebec\/"]}]},{"@type":"ImageObject","inLanguage":"fr-CA","@id":"https:\/\/www.uqac.ca\/uqactualites\/2025\/03\/19\/le-professeur-philippe-boigey-nomme-president-de-pmi-chapitre-levis-quebec\/#primaryimage","url":"https:\/\/www.uqac.ca\/uqactualites\/wp-content\/uploads\/2025\/03\/PHILIPPE-BOIGEY-2020cb.jpg","contentUrl":"https:\/\/www.uqac.ca\/uqactualites\/wp-content\/uploads\/2025\/03\/PHILIPPE-BOIGEY-2020cb.jpg","width":715,"height":984},{"@type":"BreadcrumbList","@id":"https:\/\/www.uqac.ca\/uqactualites\/2025\/03\/19\/le-professeur-philippe-boigey-nomme-president-de-pmi-chapitre-levis-quebec\/#breadcrumb","itemListElement":[{"@type":"ListItem","position":1,"name":"Home","item":"https:\/\/www.uqac.ca\/uqactualites\/"},{"@type":"ListItem","position":2,"name":"Le professeur Philippe Boigey nomm\u00e9 pr\u00e9sident de PMI, Chapitre L\u00e9vis-Qu\u00e9bec"}]},{"@type":"WebSite","@id":"https:\/\/www.uqac.ca\/uqactualites\/#website","url":"https:\/\/www.uqac.ca\/uqactualites\/","name":"UQACtualit\u00e9s","description":"Le portail des nouvelles de l&#039;UQAC","potentialAction":[{"@type":"SearchAction","target":{"@type":"EntryPoint","urlTemplate":"https:\/\/www.uqac.ca\/uqactualites\/?s={search_term_string}"},"query-input":{"@type":"PropertyValueSpecification","valueRequired":true,"valueName":"search_term_string"}}],"inLanguage":"fr-CA"},{"@type":"Person","@id":"https:\/\/www.uqac.ca\/uqactualites\/#\/schema\/person\/366c45a0c4f0e677b41b4af5886e2018","name":"Service des communications et des relations publiques","image":{"@type":"ImageObject","inLanguage":"fr-CA","@id":"https:\/\/www.uqac.ca\/uqactualites\/#\/schema\/person\/image\/","url":"https:\/\/secure.gravatar.com\/avatar\/20fbbda8a292f59f2d3461a5b999c00b?s=96&d=mm&r=g","contentUrl":"https:\/\/secure.gravatar.com\/avatar\/20fbbda8a292f59f2d3461a5b999c00b?s=96&d=mm&r=g","caption":"Service des communications et des relations publiques"},"url":"https:\/\/www.uqac.ca\/uqactualites\/author\/bap\/"}]}},"_links":{"self":[{"href":"https:\/\/www.uqac.ca\/uqactualites\/wp-json\/wp\/v2\/posts\/50265"}],"collection":[{"href":"https:\/\/www.uqac.ca\/uqactualites\/wp-json\/wp\/v2\/posts"}],"about":[{"href":"https:\/\/www.uqac.ca\/uqactualites\/wp-json\/wp\/v2\/types\/post"}],"author":[{"embeddable":true,"href":"https:\/\/www.uqac.ca\/uqactualites\/wp-json\/wp\/v2\/users\/5"}],"replies":[{"embeddable":true,"href":"https:\/\/www.uqac.ca\/uqactualites\/wp-json\/wp\/v2\/comments?post=50265"}],"version-history":[{"count":1,"href":"https:\/\/www.uqac.ca\/uqactualites\/wp-json\/wp\/v2\/posts\/50265\/revisions"}],"predecessor-version":[{"id":50266,"href":"https:\/\/www.uqac.ca\/uqactualites\/wp-json\/wp\/v2\/posts\/50265\/revisions\/50266"}],"wp:featuredmedia":[{"embeddable":true,"href":"https:\/\/www.uqac.ca\/uqactualites\/wp-json\/wp\/v2\/media\/50267"}],"wp:attachment":[{"href":"https:\/\/www.uqac.ca\/uqactualites\/wp-json\/wp\/v2\/media?parent=50265"}],"wp:term":[{"taxonomy":"category","embeddable":true,"href":"https:\/\/www.uqac.ca\/uqactualites\/wp-json\/wp\/v2\/categories?post=50265"},{"taxonomy":"post_tag","embeddable":true,"href":"https:\/\/www.uqac.ca\/uqactualites\/wp-json\/wp\/v2\/tags?post=50265"}],"curies":[{"name":"wp","href":"https:\/\/api.w.org\/{rel}","templated":true}]}}