{"id":50274,"date":"2025-03-21T15:27:04","date_gmt":"2025-03-21T19:27:04","guid":{"rendered":"https:\/\/www.uqac.ca\/uqactualites\/?p=50274"},"modified":"2025-03-21T15:27:04","modified_gmt":"2025-03-21T19:27:04","slug":"medaille-du-couronnement-du-roi-au-professeur-masoud-farzaneh","status":"publish","type":"post","link":"https:\/\/www.uqac.ca\/uqactualites\/2025\/03\/21\/medaille-du-couronnement-du-roi-au-professeur-masoud-farzaneh\/","title":{"rendered":"La Chambre des communes du Canada d\u00e9cerne la M\u00e9daille du couronnement du Roi au professeur Masoud Farzaneh"},"content":{"rendered":"<p>Le 15 mars dernier, le d\u00e9put\u00e9 de Chicoutimi\u2013Le-Fjord, M. Richard Martel, remettait au professeur Masoud Farzaneh, la M\u00e9daille du couronnement du Roi Charles III pour ses contributions \u00e0 la science et \u00e0 la recherche dans la r\u00e9gion et \u00e0 travers le monde.<\/p>\n<p>Ses recherches exceptionnelles lui ont valu de nombreux prix, tant au niveau national qu\u2019international. En 2020, il a d\u2019ailleurs \u00e9t\u00e9 class\u00e9 parmi les 2 % des scientifiques les plus cit\u00e9s dans le monde par l\u2019Universit\u00e9 de Stanford. Le professeur Farzaneh est aujourd\u2019hui reconnu comme l\u2019un des scientifiques les plus influents du Saguenay\u2013Lac-Saint-Jean.<\/p>\n<p>Ses travaux ont certes propuls\u00e9 la recherche en ing\u00e9nierie, mais ils ont aussi profond\u00e9ment contribu\u00e9 \u00e0 l\u2019am\u00e9lioration des r\u00e9seaux \u00e9lectriques dans des conditions extr\u00eames.<\/p>\n<p>Le professeur Farzaneh est le fondateur du Centre international de recherche sur le givrage et l\u2019ing\u00e9nierie des r\u00e9seaux \u00e9lectriques (CENGIVRE), qu\u2019il a dirig\u00e9 de 2003 \u00e0 2016, faisant de notre universit\u00e9 un leader mondial dans le domaine du transport et de la distribution de l\u2019\u00e9nergie \u00e9lectrique en climat froid. Son expertise et son travail ont conduit \u00e0 la cr\u00e9ation, en 2010, du prix Masoud Farzaneh, qui r\u00e9compense l\u2019excellence en ing\u00e9nierie des r\u00e9seaux \u00e9lectriques a\u00e9riens.<\/p>\n","protected":false},"excerpt":{"rendered":"<p>Le 15 mars dernier, le d\u00e9put\u00e9 de Chicoutimi\u2013Le-Fjord, M. Richard Martel, remettait au professeur Masoud Farzaneh, la M\u00e9daille du couronnement du Roi Charles III pour ses contributions \u00e0 la science et \u00e0 la recherche dans la r\u00e9gion et \u00e0 travers le monde. Ses recherches exceptionnelles lui ont valu de nombreux prix, tant au niveau national [&hellip;]<\/p>\n","protected":false},"author":5,"featured_media":50279,"comment_status":"closed","ping_status":"open","sticky":false,"template":"","format":"standard","meta":{"footnotes":""},"categories":[2795,2],"tags":[],"yoast_head":"<!-- This site is optimized with the Yoast SEO plugin v24.2 - https:\/\/yoast.com\/wordpress\/plugins\/seo\/ -->\r\n<title>La Chambre des communes du Canada d\u00e9cerne la M\u00e9daille du couronnement du Roi au professeur Masoud Farzaneh - UQACtualit\u00e9s<\/title>\r\n<meta name=\"description\" content=\"La Chambre des communes du Canada d\u00e9cerne la M\u00e9daille du couronnement du Roi au professeur Masoud Farzaneh\" \/>\r\n<meta name=\"robots\" content=\"index, follow, max-snippet:-1, max-image-preview:large, max-video-preview:-1\" \/>\r\n<link rel=\"canonical\" href=\"https:\/\/www.uqac.ca\/uqactualites\/2025\/03\/21\/medaille-du-couronnement-du-roi-au-professeur-masoud-farzaneh\/\" \/>\r\n<meta property=\"og:locale\" content=\"fr_CA\" \/>\r\n<meta property=\"og:type\" content=\"article\" \/>\r\n<meta property=\"og:title\" content=\"La Chambre des communes du Canada d\u00e9cerne la M\u00e9daille du couronnement du Roi au professeur Masoud Farzaneh - UQACtualit\u00e9s\" \/>\r\n<meta property=\"og:description\" content=\"La Chambre des communes du Canada d\u00e9cerne la M\u00e9daille du couronnement du Roi au professeur Masoud Farzaneh\" \/>\r\n<meta property=\"og:url\" content=\"https:\/\/www.uqac.ca\/uqactualites\/2025\/03\/21\/medaille-du-couronnement-du-roi-au-professeur-masoud-farzaneh\/\" \/>\r\n<meta property=\"og:site_name\" content=\"UQACtualit\u00e9s\" \/>\r\n<meta property=\"article:published_time\" content=\"2025-03-21T19:27:04+00:00\" \/>\r\n<meta property=\"og:image\" content=\"https:\/\/www.uqac.ca\/uqactualites\/wp-content\/uploads\/2025\/03\/NUM_MassoudRichardMartelH25_Uqctualite1920X1080.jpg\" \/>\r\n\t<meta property=\"og:image:width\" content=\"1920\" \/>\r\n\t<meta property=\"og:image:height\" content=\"1080\" \/>\r\n\t<meta property=\"og:image:type\" content=\"image\/jpeg\" \/>\r\n<meta name=\"author\" content=\"Service des communications et des relations publiques\" \/>\r\n<meta name=\"twitter:card\" content=\"summary_large_image\" \/>\r\n<meta name=\"twitter:label1\" content=\"\u00c9crit par\" \/>\n\t<meta name=\"twitter:data1\" content=\"Service des communications et des relations publiques\" \/>\n\t<meta name=\"twitter:label2\" content=\"Estimation du temps de lecture\" \/>\n\t<meta name=\"twitter:data2\" content=\"2 minutes\" \/>\r\n<script type=\"application\/ld+json\" class=\"yoast-schema-graph\">{\"@context\":\"https:\/\/schema.org\",\"@graph\":[{\"@type\":\"WebPage\",\"@id\":\"https:\/\/www.uqac.ca\/uqactualites\/2025\/03\/21\/medaille-du-couronnement-du-roi-au-professeur-masoud-farzaneh\/\",\"url\":\"https:\/\/www.uqac.ca\/uqactualites\/2025\/03\/21\/medaille-du-couronnement-du-roi-au-professeur-masoud-farzaneh\/\",\"name\":\"La Chambre des communes du Canada d\u00e9cerne la M\u00e9daille du couronnement du Roi au professeur Masoud Farzaneh - UQACtualit\u00e9s\",\"isPartOf\":{\"@id\":\"https:\/\/www.uqac.ca\/uqactualites\/#website\"},\"primaryImageOfPage\":{\"@id\":\"https:\/\/www.uqac.ca\/uqactualites\/2025\/03\/21\/medaille-du-couronnement-du-roi-au-professeur-masoud-farzaneh\/#primaryimage\"},\"image\":{\"@id\":\"https:\/\/www.uqac.ca\/uqactualites\/2025\/03\/21\/medaille-du-couronnement-du-roi-au-professeur-masoud-farzaneh\/#primaryimage\"},\"thumbnailUrl\":\"https:\/\/www.uqac.ca\/uqactualites\/wp-content\/uploads\/2025\/03\/NUM_MassoudRichardMartelH25_Uqctualite1920X1080.jpg\",\"datePublished\":\"2025-03-21T19:27:04+00:00\",\"dateModified\":\"2025-03-21T19:27:04+00:00\",\"author\":{\"@id\":\"https:\/\/www.uqac.ca\/uqactualites\/#\/schema\/person\/366c45a0c4f0e677b41b4af5886e2018\"},\"description\":\"La Chambre des communes du Canada d\u00e9cerne la M\u00e9daille du couronnement du Roi au professeur Masoud Farzaneh\",\"breadcrumb\":{\"@id\":\"https:\/\/www.uqac.ca\/uqactualites\/2025\/03\/21\/medaille-du-couronnement-du-roi-au-professeur-masoud-farzaneh\/#breadcrumb\"},\"inLanguage\":\"fr-CA\",\"potentialAction\":[{\"@type\":\"ReadAction\",\"target\":[\"https:\/\/www.uqac.ca\/uqactualites\/2025\/03\/21\/medaille-du-couronnement-du-roi-au-professeur-masoud-farzaneh\/\"]}]},{\"@type\":\"ImageObject\",\"inLanguage\":\"fr-CA\",\"@id\":\"https:\/\/www.uqac.ca\/uqactualites\/2025\/03\/21\/medaille-du-couronnement-du-roi-au-professeur-masoud-farzaneh\/#primaryimage\",\"url\":\"https:\/\/www.uqac.ca\/uqactualites\/wp-content\/uploads\/2025\/03\/NUM_MassoudRichardMartelH25_Uqctualite1920X1080.jpg\",\"contentUrl\":\"https:\/\/www.uqac.ca\/uqactualites\/wp-content\/uploads\/2025\/03\/NUM_MassoudRichardMartelH25_Uqctualite1920X1080.jpg\",\"width\":1920,\"height\":1080},{\"@type\":\"BreadcrumbList\",\"@id\":\"https:\/\/www.uqac.ca\/uqactualites\/2025\/03\/21\/medaille-du-couronnement-du-roi-au-professeur-masoud-farzaneh\/#breadcrumb\",\"itemListElement\":[{\"@type\":\"ListItem\",\"position\":1,\"name\":\"Home\",\"item\":\"https:\/\/www.uqac.ca\/uqactualites\/\"},{\"@type\":\"ListItem\",\"position\":2,\"name\":\"La Chambre des communes du Canada d\u00e9cerne la M\u00e9daille du couronnement du Roi au professeur Masoud Farzaneh\"}]},{\"@type\":\"WebSite\",\"@id\":\"https:\/\/www.uqac.ca\/uqactualites\/#website\",\"url\":\"https:\/\/www.uqac.ca\/uqactualites\/\",\"name\":\"UQACtualit\u00e9s\",\"description\":\"Le portail des nouvelles de l&#039;UQAC\",\"potentialAction\":[{\"@type\":\"SearchAction\",\"target\":{\"@type\":\"EntryPoint\",\"urlTemplate\":\"https:\/\/www.uqac.ca\/uqactualites\/?s={search_term_string}\"},\"query-input\":{\"@type\":\"PropertyValueSpecification\",\"valueRequired\":true,\"valueName\":\"search_term_string\"}}],\"inLanguage\":\"fr-CA\"},{\"@type\":\"Person\",\"@id\":\"https:\/\/www.uqac.ca\/uqactualites\/#\/schema\/person\/366c45a0c4f0e677b41b4af5886e2018\",\"name\":\"Service des communications et des relations publiques\",\"image\":{\"@type\":\"ImageObject\",\"inLanguage\":\"fr-CA\",\"@id\":\"https:\/\/www.uqac.ca\/uqactualites\/#\/schema\/person\/image\/\",\"url\":\"https:\/\/secure.gravatar.com\/avatar\/20fbbda8a292f59f2d3461a5b999c00b?s=96&d=mm&r=g\",\"contentUrl\":\"https:\/\/secure.gravatar.com\/avatar\/20fbbda8a292f59f2d3461a5b999c00b?s=96&d=mm&r=g\",\"caption\":\"Service des communications et des relations publiques\"},\"url\":\"https:\/\/www.uqac.ca\/uqactualites\/author\/bap\/\"}]}<\/script>\r\n<!-- \/ Yoast SEO plugin. -->","yoast_head_json":{"title":"La Chambre des communes du Canada d\u00e9cerne la M\u00e9daille du couronnement du Roi au professeur Masoud Farzaneh - UQACtualit\u00e9s","description":"La Chambre des communes du Canada d\u00e9cerne la M\u00e9daille du couronnement du Roi au professeur Masoud Farzaneh","robots":{"index":"index","follow":"follow","max-snippet":"max-snippet:-1","max-image-preview":"max-image-preview:large","max-video-preview":"max-video-preview:-1"},"canonical":"https:\/\/www.uqac.ca\/uqactualites\/2025\/03\/21\/medaille-du-couronnement-du-roi-au-professeur-masoud-farzaneh\/","og_locale":"fr_CA","og_type":"article","og_title":"La Chambre des communes du Canada d\u00e9cerne la M\u00e9daille du couronnement du Roi au professeur Masoud Farzaneh - UQACtualit\u00e9s","og_description":"La Chambre des communes du Canada d\u00e9cerne la M\u00e9daille du couronnement du Roi au professeur Masoud Farzaneh","og_url":"https:\/\/www.uqac.ca\/uqactualites\/2025\/03\/21\/medaille-du-couronnement-du-roi-au-professeur-masoud-farzaneh\/","og_site_name":"UQACtualit\u00e9s","article_published_time":"2025-03-21T19:27:04+00:00","og_image":[{"width":1920,"height":1080,"url":"https:\/\/www.uqac.ca\/uqactualites\/wp-content\/uploads\/2025\/03\/NUM_MassoudRichardMartelH25_Uqctualite1920X1080.jpg","type":"image\/jpeg"}],"author":"Service des communications et des relations publiques","twitter_card":"summary_large_image","twitter_misc":{"\u00c9crit par":"Service des communications et des relations publiques","Estimation du temps de lecture":"2 minutes"},"schema":{"@context":"https:\/\/schema.org","@graph":[{"@type":"WebPage","@id":"https:\/\/www.uqac.ca\/uqactualites\/2025\/03\/21\/medaille-du-couronnement-du-roi-au-professeur-masoud-farzaneh\/","url":"https:\/\/www.uqac.ca\/uqactualites\/2025\/03\/21\/medaille-du-couronnement-du-roi-au-professeur-masoud-farzaneh\/","name":"La Chambre des communes du Canada d\u00e9cerne la M\u00e9daille du couronnement du Roi au professeur Masoud Farzaneh - UQACtualit\u00e9s","isPartOf":{"@id":"https:\/\/www.uqac.ca\/uqactualites\/#website"},"primaryImageOfPage":{"@id":"https:\/\/www.uqac.ca\/uqactualites\/2025\/03\/21\/medaille-du-couronnement-du-roi-au-professeur-masoud-farzaneh\/#primaryimage"},"image":{"@id":"https:\/\/www.uqac.ca\/uqactualites\/2025\/03\/21\/medaille-du-couronnement-du-roi-au-professeur-masoud-farzaneh\/#primaryimage"},"thumbnailUrl":"https:\/\/www.uqac.ca\/uqactualites\/wp-content\/uploads\/2025\/03\/NUM_MassoudRichardMartelH25_Uqctualite1920X1080.jpg","datePublished":"2025-03-21T19:27:04+00:00","dateModified":"2025-03-21T19:27:04+00:00","author":{"@id":"https:\/\/www.uqac.ca\/uqactualites\/#\/schema\/person\/366c45a0c4f0e677b41b4af5886e2018"},"description":"La Chambre des communes du Canada d\u00e9cerne la M\u00e9daille du couronnement du Roi au professeur Masoud Farzaneh","breadcrumb":{"@id":"https:\/\/www.uqac.ca\/uqactualites\/2025\/03\/21\/medaille-du-couronnement-du-roi-au-professeur-masoud-farzaneh\/#breadcrumb"},"inLanguage":"fr-CA","potentialAction":[{"@type":"ReadAction","target":["https:\/\/www.uqac.ca\/uqactualites\/2025\/03\/21\/medaille-du-couronnement-du-roi-au-professeur-masoud-farzaneh\/"]}]},{"@type":"ImageObject","inLanguage":"fr-CA","@id":"https:\/\/www.uqac.ca\/uqactualites\/2025\/03\/21\/medaille-du-couronnement-du-roi-au-professeur-masoud-farzaneh\/#primaryimage","url":"https:\/\/www.uqac.ca\/uqactualites\/wp-content\/uploads\/2025\/03\/NUM_MassoudRichardMartelH25_Uqctualite1920X1080.jpg","contentUrl":"https:\/\/www.uqac.ca\/uqactualites\/wp-content\/uploads\/2025\/03\/NUM_MassoudRichardMartelH25_Uqctualite1920X1080.jpg","width":1920,"height":1080},{"@type":"BreadcrumbList","@id":"https:\/\/www.uqac.ca\/uqactualites\/2025\/03\/21\/medaille-du-couronnement-du-roi-au-professeur-masoud-farzaneh\/#breadcrumb","itemListElement":[{"@type":"ListItem","position":1,"name":"Home","item":"https:\/\/www.uqac.ca\/uqactualites\/"},{"@type":"ListItem","position":2,"name":"La Chambre des communes du Canada d\u00e9cerne la M\u00e9daille du couronnement du Roi au professeur Masoud Farzaneh"}]},{"@type":"WebSite","@id":"https:\/\/www.uqac.ca\/uqactualites\/#website","url":"https:\/\/www.uqac.ca\/uqactualites\/","name":"UQACtualit\u00e9s","description":"Le portail des nouvelles de l&#039;UQAC","potentialAction":[{"@type":"SearchAction","target":{"@type":"EntryPoint","urlTemplate":"https:\/\/www.uqac.ca\/uqactualites\/?s={search_term_string}"},"query-input":{"@type":"PropertyValueSpecification","valueRequired":true,"valueName":"search_term_string"}}],"inLanguage":"fr-CA"},{"@type":"Person","@id":"https:\/\/www.uqac.ca\/uqactualites\/#\/schema\/person\/366c45a0c4f0e677b41b4af5886e2018","name":"Service des communications et des relations publiques","image":{"@type":"ImageObject","inLanguage":"fr-CA","@id":"https:\/\/www.uqac.ca\/uqactualites\/#\/schema\/person\/image\/","url":"https:\/\/secure.gravatar.com\/avatar\/20fbbda8a292f59f2d3461a5b999c00b?s=96&d=mm&r=g","contentUrl":"https:\/\/secure.gravatar.com\/avatar\/20fbbda8a292f59f2d3461a5b999c00b?s=96&d=mm&r=g","caption":"Service des communications et des relations publiques"},"url":"https:\/\/www.uqac.ca\/uqactualites\/author\/bap\/"}]}},"_links":{"self":[{"href":"https:\/\/www.uqac.ca\/uqactualites\/wp-json\/wp\/v2\/posts\/50274"}],"collection":[{"href":"https:\/\/www.uqac.ca\/uqactualites\/wp-json\/wp\/v2\/posts"}],"about":[{"href":"https:\/\/www.uqac.ca\/uqactualites\/wp-json\/wp\/v2\/types\/post"}],"author":[{"embeddable":true,"href":"https:\/\/www.uqac.ca\/uqactualites\/wp-json\/wp\/v2\/users\/5"}],"replies":[{"embeddable":true,"href":"https:\/\/www.uqac.ca\/uqactualites\/wp-json\/wp\/v2\/comments?post=50274"}],"version-history":[{"count":1,"href":"https:\/\/www.uqac.ca\/uqactualites\/wp-json\/wp\/v2\/posts\/50274\/revisions"}],"predecessor-version":[{"id":50275,"href":"https:\/\/www.uqac.ca\/uqactualites\/wp-json\/wp\/v2\/posts\/50274\/revisions\/50275"}],"wp:featuredmedia":[{"embeddable":true,"href":"https:\/\/www.uqac.ca\/uqactualites\/wp-json\/wp\/v2\/media\/50279"}],"wp:attachment":[{"href":"https:\/\/www.uqac.ca\/uqactualites\/wp-json\/wp\/v2\/media?parent=50274"}],"wp:term":[{"taxonomy":"category","embeddable":true,"href":"https:\/\/www.uqac.ca\/uqactualites\/wp-json\/wp\/v2\/categories?post=50274"},{"taxonomy":"post_tag","embeddable":true,"href":"https:\/\/www.uqac.ca\/uqactualites\/wp-json\/wp\/v2\/tags?post=50274"}],"curies":[{"name":"wp","href":"https:\/\/api.w.org\/{rel}","templated":true}]}}