{"id":50282,"date":"2025-03-24T08:17:23","date_gmt":"2025-03-24T12:17:23","guid":{"rendered":"https:\/\/www.uqac.ca\/uqactualites\/?p=50282"},"modified":"2025-07-09T13:18:21","modified_gmt":"2025-07-09T17:18:21","slug":"de-saguenay-a-grenoble-le-projet-detudes-de-mathieu-tremblay","status":"publish","type":"post","link":"https:\/\/www.uqac.ca\/uqactualites\/2025\/03\/24\/de-saguenay-a-grenoble-le-projet-detudes-de-mathieu-tremblay\/","title":{"rendered":"De Saguenay \u00e0 Grenoble, le projet d\u2019\u00e9tudes de Mathieu Tremblay"},"content":{"rendered":"<p>C\u2019est apr\u00e8s avoir fait un retour aux \u00e9tudes \u00e0 27 ans que Mathieu Tremblay, finissant au <a href=\"https:\/\/www.uqac.ca\/programme\/7688\/\" target=\"_blank\" rel=\"noopener\">baccalaur\u00e9at en g\u00e9ographie<\/a>, a d\u00e9cid\u00e9 de terminer ses \u00e9tudes en beaut\u00e9 en effectuant son dernier trimestre \u00e0 l\u2019Universit\u00e9 de Grenoble Alpes, en France.<\/p>\n<p>\u00ab\u00a0Le syst\u00e8me d\u2019\u00e9ducation fran\u00e7ais demande un temps d\u2019adaptation, mais j\u2019aime beaucoup les cours l\u00e0-bas, ils sont tr\u00e8s int\u00e9ressants. J\u2019appr\u00e9cie aussi la bouffe fran\u00e7aise offerte sur le campus, qui est d\u00e9licieuse et tr\u00e8s abordable ! \u00bb affirme l\u2019\u00e9tudiant.<\/p>\n<p>Sur la photo \u00e0 la une, on peut apercevoir l&rsquo;\u00e9tudiant sur l&rsquo;Alpe du Grand Serre, lors de son actuel s\u00e9jour d\u2019\u00e9tudes. Amateur de ski, sa passion pour les activit\u00e9s hivernales est d\u2019ailleurs l\u2019une des motivations qui l\u2019ont amen\u00e9 \u00e0 choisir l\u2019UQAC pour son projet d\u2019\u00e9tudes :<\/p>\n<p>\u00ab <em>J\u2019aime le territoire sur lequel se trouve l\u2019universit\u00e9. Le Saguenay est un paradis du ski en hiver et de la baignade en \u00e9t\u00e9. Pendant mes \u00e9tudes universitaires, je voulais pouvoir faire du ski le matin avant d\u2019aller \u00e0 mon cours de 13 h, ce que j\u2019ai fait durant tout mon baccalaur\u00e9at \u00bb.<\/em><\/p>\n<p><em>\u00a0<\/em>Dans un m\u00eame ordre d&rsquo;id\u00e9e, son s\u00e9jour \u00e0 l\u2019\u00e9tranger lui permet d&rsquo;explorer les montagnes fran\u00e7aises tout en terminant son parcours d\u2019\u00e9tudes.<\/p>\n<p>Int\u00e9ress\u00e9 par la compl\u00e9mentarit\u00e9 des dimensions humaine et physique de la g\u00e9ographie, Mathieu appr\u00e9cie particuli\u00e8rement l\u2019approche multidisciplinaire qui caract\u00e9rise les cours offerts dans son programme d\u2019\u00e9tudes\u00a0:<\/p>\n<p>\u00ab\u00a0<em>Que ce soit par la g\u00e9ographie physique, la g\u00e9ographie humaine, la g\u00e9opolitique ou l\u2019\u00e9tude du climat, la g\u00e9ographie am\u00e8ne une approche pertinente, \u00a0par le territoire, pour mieux saisir les nombreux enjeux de notre \u00e9poque\u00a0<\/em>\u00bb, explique l\u2019\u00e9tudiant.<\/p>\n<p>En travaillant deux \u00e9t\u00e9s au <a href=\"https:\/\/recherche.uqac.ca\/lerga\/\" target=\"_blank\" rel=\"noopener\">Laboratoire d\u2019expertise et de recherche en g\u00e9ographie appliqu\u00e9e (LERGA)<\/a> avec le professeur <a href=\"https:\/\/portfolio.uqac.ca\/maximeboivin\/\" target=\"_blank\" rel=\"noopener\">Maxime Boivin<\/a>, Mathieu a eu l\u2019occasion de s\u2019impliquer dans des projets stimulants et d\u2019acqu\u00e9rir de l\u2019exp\u00e9rience en recherche et en \u00e9tudes g\u00e9ographique des rivi\u00e8res.<\/p>\n<p><em>\u00a0\u00ab En plus des cours, l\u2019UQAC nous offre la possibilit\u00e9 de participer \u00e0 des projets stimulants, que ce soit de travailler dans un laboratoire de recherche, de faire un s\u00e9jour \u00e0 l\u2019ext\u00e9rieur, ou m\u00eame de participer \u00e0 un projet de coop\u00e9ration internationale comme l\u2019a fait une amie! \u00bb<\/em><\/p>\n","protected":false},"excerpt":{"rendered":"<p>C\u2019est apr\u00e8s avoir fait un retour aux \u00e9tudes \u00e0 27 ans que Mathieu Tremblay, finissant au baccalaur\u00e9at en g\u00e9ographie, a d\u00e9cid\u00e9 de terminer ses \u00e9tudes en beaut\u00e9 en effectuant son dernier trimestre \u00e0 l\u2019Universit\u00e9 de Grenoble Alpes, en France. \u00ab\u00a0Le syst\u00e8me d\u2019\u00e9ducation fran\u00e7ais demande un temps d\u2019adaptation, mais j\u2019aime beaucoup les cours l\u00e0-bas, ils sont [&hellip;]<\/p>\n","protected":false},"author":5,"featured_media":50283,"comment_status":"closed","ping_status":"open","sticky":false,"template":"","format":"standard","meta":{"footnotes":""},"categories":[2844,248],"tags":[51,22,2977,64,2895],"yoast_head":"<!-- This site is optimized with the Yoast SEO plugin v24.2 - https:\/\/yoast.com\/wordpress\/plugins\/seo\/ -->\r\n<title>De Saguenay \u00e0 Grenoble, le projet d\u2019\u00e9tudes de Mathieu Tremblay - UQACtualit\u00e9s<\/title>\r\n<meta name=\"robots\" content=\"index, follow, max-snippet:-1, max-image-preview:large, max-video-preview:-1\" \/>\r\n<link rel=\"canonical\" href=\"https:\/\/www.uqac.ca\/uqactualites\/2025\/03\/24\/de-saguenay-a-grenoble-le-projet-detudes-de-mathieu-tremblay\/\" \/>\r\n<meta property=\"og:locale\" content=\"fr_CA\" \/>\r\n<meta property=\"og:type\" content=\"article\" \/>\r\n<meta property=\"og:title\" content=\"De Saguenay \u00e0 Grenoble, le projet d\u2019\u00e9tudes de Mathieu Tremblay - UQACtualit\u00e9s\" \/>\r\n<meta property=\"og:description\" content=\"C\u2019est apr\u00e8s avoir fait un retour aux \u00e9tudes \u00e0 27 ans que Mathieu Tremblay, finissant au baccalaur\u00e9at en g\u00e9ographie, a d\u00e9cid\u00e9 de terminer ses \u00e9tudes en beaut\u00e9 en effectuant son dernier trimestre \u00e0 l\u2019Universit\u00e9 de Grenoble Alpes, en France. \u00ab\u00a0Le syst\u00e8me d\u2019\u00e9ducation fran\u00e7ais demande un temps d\u2019adaptation, mais j\u2019aime beaucoup les cours l\u00e0-bas, ils sont [&hellip;]\" \/>\r\n<meta property=\"og:url\" content=\"https:\/\/www.uqac.ca\/uqactualites\/2025\/03\/24\/de-saguenay-a-grenoble-le-projet-detudes-de-mathieu-tremblay\/\" \/>\r\n<meta property=\"og:site_name\" content=\"UQACtualit\u00e9s\" \/>\r\n<meta property=\"article:published_time\" content=\"2025-03-24T12:17:23+00:00\" \/>\r\n<meta property=\"article:modified_time\" content=\"2025-07-09T17:18:21+00:00\" \/>\r\n<meta property=\"og:image\" content=\"https:\/\/www.uqac.ca\/uqactualites\/wp-content\/uploads\/2025\/03\/Mathieu-Tremblay.jpg\" \/>\r\n\t<meta property=\"og:image:width\" content=\"2048\" \/>\r\n\t<meta property=\"og:image:height\" content=\"1536\" \/>\r\n\t<meta property=\"og:image:type\" content=\"image\/jpeg\" \/>\r\n<meta name=\"author\" content=\"Service des communications et des relations publiques\" \/>\r\n<meta name=\"twitter:card\" content=\"summary_large_image\" \/>\r\n<meta name=\"twitter:label1\" content=\"\u00c9crit par\" \/>\n\t<meta name=\"twitter:data1\" content=\"Service des communications et des relations publiques\" \/>\n\t<meta name=\"twitter:label2\" content=\"Estimation du temps de lecture\" \/>\n\t<meta name=\"twitter:data2\" content=\"2 minutes\" \/>\r\n<script type=\"application\/ld+json\" class=\"yoast-schema-graph\">{\"@context\":\"https:\/\/schema.org\",\"@graph\":[{\"@type\":\"WebPage\",\"@id\":\"https:\/\/www.uqac.ca\/uqactualites\/2025\/03\/24\/de-saguenay-a-grenoble-le-projet-detudes-de-mathieu-tremblay\/\",\"url\":\"https:\/\/www.uqac.ca\/uqactualites\/2025\/03\/24\/de-saguenay-a-grenoble-le-projet-detudes-de-mathieu-tremblay\/\",\"name\":\"De Saguenay \u00e0 Grenoble, le projet d\u2019\u00e9tudes de Mathieu Tremblay - UQACtualit\u00e9s\",\"isPartOf\":{\"@id\":\"https:\/\/www.uqac.ca\/uqactualites\/#website\"},\"primaryImageOfPage\":{\"@id\":\"https:\/\/www.uqac.ca\/uqactualites\/2025\/03\/24\/de-saguenay-a-grenoble-le-projet-detudes-de-mathieu-tremblay\/#primaryimage\"},\"image\":{\"@id\":\"https:\/\/www.uqac.ca\/uqactualites\/2025\/03\/24\/de-saguenay-a-grenoble-le-projet-detudes-de-mathieu-tremblay\/#primaryimage\"},\"thumbnailUrl\":\"https:\/\/www.uqac.ca\/uqactualites\/wp-content\/uploads\/2025\/03\/Mathieu-Tremblay.jpg\",\"datePublished\":\"2025-03-24T12:17:23+00:00\",\"dateModified\":\"2025-07-09T17:18:21+00:00\",\"author\":{\"@id\":\"https:\/\/www.uqac.ca\/uqactualites\/#\/schema\/person\/366c45a0c4f0e677b41b4af5886e2018\"},\"breadcrumb\":{\"@id\":\"https:\/\/www.uqac.ca\/uqactualites\/2025\/03\/24\/de-saguenay-a-grenoble-le-projet-detudes-de-mathieu-tremblay\/#breadcrumb\"},\"inLanguage\":\"fr-CA\",\"potentialAction\":[{\"@type\":\"ReadAction\",\"target\":[\"https:\/\/www.uqac.ca\/uqactualites\/2025\/03\/24\/de-saguenay-a-grenoble-le-projet-detudes-de-mathieu-tremblay\/\"]}]},{\"@type\":\"ImageObject\",\"inLanguage\":\"fr-CA\",\"@id\":\"https:\/\/www.uqac.ca\/uqactualites\/2025\/03\/24\/de-saguenay-a-grenoble-le-projet-detudes-de-mathieu-tremblay\/#primaryimage\",\"url\":\"https:\/\/www.uqac.ca\/uqactualites\/wp-content\/uploads\/2025\/03\/Mathieu-Tremblay.jpg\",\"contentUrl\":\"https:\/\/www.uqac.ca\/uqactualites\/wp-content\/uploads\/2025\/03\/Mathieu-Tremblay.jpg\",\"width\":2048,\"height\":1536},{\"@type\":\"BreadcrumbList\",\"@id\":\"https:\/\/www.uqac.ca\/uqactualites\/2025\/03\/24\/de-saguenay-a-grenoble-le-projet-detudes-de-mathieu-tremblay\/#breadcrumb\",\"itemListElement\":[{\"@type\":\"ListItem\",\"position\":1,\"name\":\"Home\",\"item\":\"https:\/\/www.uqac.ca\/uqactualites\/\"},{\"@type\":\"ListItem\",\"position\":2,\"name\":\"De Saguenay \u00e0 Grenoble, le projet d\u2019\u00e9tudes de Mathieu Tremblay\"}]},{\"@type\":\"WebSite\",\"@id\":\"https:\/\/www.uqac.ca\/uqactualites\/#website\",\"url\":\"https:\/\/www.uqac.ca\/uqactualites\/\",\"name\":\"UQACtualit\u00e9s\",\"description\":\"Le portail des nouvelles de l&#039;UQAC\",\"potentialAction\":[{\"@type\":\"SearchAction\",\"target\":{\"@type\":\"EntryPoint\",\"urlTemplate\":\"https:\/\/www.uqac.ca\/uqactualites\/?s={search_term_string}\"},\"query-input\":{\"@type\":\"PropertyValueSpecification\",\"valueRequired\":true,\"valueName\":\"search_term_string\"}}],\"inLanguage\":\"fr-CA\"},{\"@type\":\"Person\",\"@id\":\"https:\/\/www.uqac.ca\/uqactualites\/#\/schema\/person\/366c45a0c4f0e677b41b4af5886e2018\",\"name\":\"Service des communications et des relations publiques\",\"image\":{\"@type\":\"ImageObject\",\"inLanguage\":\"fr-CA\",\"@id\":\"https:\/\/www.uqac.ca\/uqactualites\/#\/schema\/person\/image\/\",\"url\":\"https:\/\/secure.gravatar.com\/avatar\/20fbbda8a292f59f2d3461a5b999c00b?s=96&d=mm&r=g\",\"contentUrl\":\"https:\/\/secure.gravatar.com\/avatar\/20fbbda8a292f59f2d3461a5b999c00b?s=96&d=mm&r=g\",\"caption\":\"Service des communications et des relations publiques\"},\"url\":\"https:\/\/www.uqac.ca\/uqactualites\/author\/bap\/\"}]}<\/script>\r\n<!-- \/ Yoast SEO plugin. -->","yoast_head_json":{"title":"De Saguenay \u00e0 Grenoble, le projet d\u2019\u00e9tudes de Mathieu Tremblay - UQACtualit\u00e9s","robots":{"index":"index","follow":"follow","max-snippet":"max-snippet:-1","max-image-preview":"max-image-preview:large","max-video-preview":"max-video-preview:-1"},"canonical":"https:\/\/www.uqac.ca\/uqactualites\/2025\/03\/24\/de-saguenay-a-grenoble-le-projet-detudes-de-mathieu-tremblay\/","og_locale":"fr_CA","og_type":"article","og_title":"De Saguenay \u00e0 Grenoble, le projet d\u2019\u00e9tudes de Mathieu Tremblay - UQACtualit\u00e9s","og_description":"C\u2019est apr\u00e8s avoir fait un retour aux \u00e9tudes \u00e0 27 ans que Mathieu Tremblay, finissant au baccalaur\u00e9at en g\u00e9ographie, a d\u00e9cid\u00e9 de terminer ses \u00e9tudes en beaut\u00e9 en effectuant son dernier trimestre \u00e0 l\u2019Universit\u00e9 de Grenoble Alpes, en France. \u00ab\u00a0Le syst\u00e8me d\u2019\u00e9ducation fran\u00e7ais demande un temps d\u2019adaptation, mais j\u2019aime beaucoup les cours l\u00e0-bas, ils sont [&hellip;]","og_url":"https:\/\/www.uqac.ca\/uqactualites\/2025\/03\/24\/de-saguenay-a-grenoble-le-projet-detudes-de-mathieu-tremblay\/","og_site_name":"UQACtualit\u00e9s","article_published_time":"2025-03-24T12:17:23+00:00","article_modified_time":"2025-07-09T17:18:21+00:00","og_image":[{"width":2048,"height":1536,"url":"https:\/\/www.uqac.ca\/uqactualites\/wp-content\/uploads\/2025\/03\/Mathieu-Tremblay.jpg","type":"image\/jpeg"}],"author":"Service des communications et des relations publiques","twitter_card":"summary_large_image","twitter_misc":{"\u00c9crit par":"Service des communications et des relations publiques","Estimation du temps de lecture":"2 minutes"},"schema":{"@context":"https:\/\/schema.org","@graph":[{"@type":"WebPage","@id":"https:\/\/www.uqac.ca\/uqactualites\/2025\/03\/24\/de-saguenay-a-grenoble-le-projet-detudes-de-mathieu-tremblay\/","url":"https:\/\/www.uqac.ca\/uqactualites\/2025\/03\/24\/de-saguenay-a-grenoble-le-projet-detudes-de-mathieu-tremblay\/","name":"De Saguenay \u00e0 Grenoble, le projet d\u2019\u00e9tudes de Mathieu Tremblay - UQACtualit\u00e9s","isPartOf":{"@id":"https:\/\/www.uqac.ca\/uqactualites\/#website"},"primaryImageOfPage":{"@id":"https:\/\/www.uqac.ca\/uqactualites\/2025\/03\/24\/de-saguenay-a-grenoble-le-projet-detudes-de-mathieu-tremblay\/#primaryimage"},"image":{"@id":"https:\/\/www.uqac.ca\/uqactualites\/2025\/03\/24\/de-saguenay-a-grenoble-le-projet-detudes-de-mathieu-tremblay\/#primaryimage"},"thumbnailUrl":"https:\/\/www.uqac.ca\/uqactualites\/wp-content\/uploads\/2025\/03\/Mathieu-Tremblay.jpg","datePublished":"2025-03-24T12:17:23+00:00","dateModified":"2025-07-09T17:18:21+00:00","author":{"@id":"https:\/\/www.uqac.ca\/uqactualites\/#\/schema\/person\/366c45a0c4f0e677b41b4af5886e2018"},"breadcrumb":{"@id":"https:\/\/www.uqac.ca\/uqactualites\/2025\/03\/24\/de-saguenay-a-grenoble-le-projet-detudes-de-mathieu-tremblay\/#breadcrumb"},"inLanguage":"fr-CA","potentialAction":[{"@type":"ReadAction","target":["https:\/\/www.uqac.ca\/uqactualites\/2025\/03\/24\/de-saguenay-a-grenoble-le-projet-detudes-de-mathieu-tremblay\/"]}]},{"@type":"ImageObject","inLanguage":"fr-CA","@id":"https:\/\/www.uqac.ca\/uqactualites\/2025\/03\/24\/de-saguenay-a-grenoble-le-projet-detudes-de-mathieu-tremblay\/#primaryimage","url":"https:\/\/www.uqac.ca\/uqactualites\/wp-content\/uploads\/2025\/03\/Mathieu-Tremblay.jpg","contentUrl":"https:\/\/www.uqac.ca\/uqactualites\/wp-content\/uploads\/2025\/03\/Mathieu-Tremblay.jpg","width":2048,"height":1536},{"@type":"BreadcrumbList","@id":"https:\/\/www.uqac.ca\/uqactualites\/2025\/03\/24\/de-saguenay-a-grenoble-le-projet-detudes-de-mathieu-tremblay\/#breadcrumb","itemListElement":[{"@type":"ListItem","position":1,"name":"Home","item":"https:\/\/www.uqac.ca\/uqactualites\/"},{"@type":"ListItem","position":2,"name":"De Saguenay \u00e0 Grenoble, le projet d\u2019\u00e9tudes de Mathieu Tremblay"}]},{"@type":"WebSite","@id":"https:\/\/www.uqac.ca\/uqactualites\/#website","url":"https:\/\/www.uqac.ca\/uqactualites\/","name":"UQACtualit\u00e9s","description":"Le portail des nouvelles de l&#039;UQAC","potentialAction":[{"@type":"SearchAction","target":{"@type":"EntryPoint","urlTemplate":"https:\/\/www.uqac.ca\/uqactualites\/?s={search_term_string}"},"query-input":{"@type":"PropertyValueSpecification","valueRequired":true,"valueName":"search_term_string"}}],"inLanguage":"fr-CA"},{"@type":"Person","@id":"https:\/\/www.uqac.ca\/uqactualites\/#\/schema\/person\/366c45a0c4f0e677b41b4af5886e2018","name":"Service des communications et des relations publiques","image":{"@type":"ImageObject","inLanguage":"fr-CA","@id":"https:\/\/www.uqac.ca\/uqactualites\/#\/schema\/person\/image\/","url":"https:\/\/secure.gravatar.com\/avatar\/20fbbda8a292f59f2d3461a5b999c00b?s=96&d=mm&r=g","contentUrl":"https:\/\/secure.gravatar.com\/avatar\/20fbbda8a292f59f2d3461a5b999c00b?s=96&d=mm&r=g","caption":"Service des communications et des relations publiques"},"url":"https:\/\/www.uqac.ca\/uqactualites\/author\/bap\/"}]}},"_links":{"self":[{"href":"https:\/\/www.uqac.ca\/uqactualites\/wp-json\/wp\/v2\/posts\/50282"}],"collection":[{"href":"https:\/\/www.uqac.ca\/uqactualites\/wp-json\/wp\/v2\/posts"}],"about":[{"href":"https:\/\/www.uqac.ca\/uqactualites\/wp-json\/wp\/v2\/types\/post"}],"author":[{"embeddable":true,"href":"https:\/\/www.uqac.ca\/uqactualites\/wp-json\/wp\/v2\/users\/5"}],"replies":[{"embeddable":true,"href":"https:\/\/www.uqac.ca\/uqactualites\/wp-json\/wp\/v2\/comments?post=50282"}],"version-history":[{"count":5,"href":"https:\/\/www.uqac.ca\/uqactualites\/wp-json\/wp\/v2\/posts\/50282\/revisions"}],"predecessor-version":[{"id":50288,"href":"https:\/\/www.uqac.ca\/uqactualites\/wp-json\/wp\/v2\/posts\/50282\/revisions\/50288"}],"wp:featuredmedia":[{"embeddable":true,"href":"https:\/\/www.uqac.ca\/uqactualites\/wp-json\/wp\/v2\/media\/50283"}],"wp:attachment":[{"href":"https:\/\/www.uqac.ca\/uqactualites\/wp-json\/wp\/v2\/media?parent=50282"}],"wp:term":[{"taxonomy":"category","embeddable":true,"href":"https:\/\/www.uqac.ca\/uqactualites\/wp-json\/wp\/v2\/categories?post=50282"},{"taxonomy":"post_tag","embeddable":true,"href":"https:\/\/www.uqac.ca\/uqactualites\/wp-json\/wp\/v2\/tags?post=50282"}],"curies":[{"name":"wp","href":"https:\/\/api.w.org\/{rel}","templated":true}]}}