{"id":50337,"date":"2025-03-31T08:40:24","date_gmt":"2025-03-31T12:40:24","guid":{"rendered":"https:\/\/www.uqac.ca\/uqactualites\/?p=50337"},"modified":"2025-03-31T08:40:24","modified_gmt":"2025-03-31T12:40:24","slug":"une-avancee-majeure-pour-la-recherche-en-mineraux-critiques-et-strategiques-a-luqac","status":"publish","type":"post","link":"https:\/\/www.uqac.ca\/uqactualites\/2025\/03\/31\/une-avancee-majeure-pour-la-recherche-en-mineraux-critiques-et-strategiques-a-luqac\/","title":{"rendered":"Une avanc\u00e9e majeure pour la recherche en min\u00e9raux critiques et strat\u00e9giques \u00e0 l\u2019UQAC"},"content":{"rendered":"<p>L\u2019Universit\u00e9 du Qu\u00e9bec \u00e0 Chicoutimi, en partenariat avec l\u2019Universit\u00e9 du Qu\u00e9bec \u00e0 Montr\u00e9al, est fi\u00e8re d\u2019annoncer qu\u2019elle fait partie des six projets de recherche soutenus par le gouvernement du Qu\u00e9bec dans le domaine des min\u00e9raux critiques et strat\u00e9giques (MCS). Cela repr\u00e9sente un financement substantiel de 1.01 M$ pour soutenir la recherche et l&rsquo;innovation dans le domaine des min\u00e9raux critiques et strat\u00e9giques pour les trois prochaines ann\u00e9es. Ce financement est attribu\u00e9 aux professeurs<\/p>\n<ul>\n<li>Sarah Dare (CERM, DSA, UQAC)<\/li>\n<li>Dominique Genna (CERM, DSA, UQAC)<\/li>\n<li>St\u00e9phane de Souza (UQAM)<\/li>\n<li>Beno\u00eet Saumur (UQAM)<\/li>\n<li>Michel J\u00e9brak de l\u2019UQAM<\/li>\n<\/ul>\n<p>Cet important financement est rendu possible gr\u00e2ce \u00e0 l\u2019action concert\u00e9e du minist\u00e8re des Ressources naturelles et des For\u00eats du Qu\u00e9bec, du Consortium de recherche et d&rsquo;innovation en transformation m\u00e9tallique (CRITM) et de partenaires industriels\u00a0: SOQUEM, Abitibi Metals, Brunswick Exploration, Canadian Royalties, Exploration Azimut, Galaxy Lithium, Nuvau Minerals, Osisko Metals et Power Nickel.<\/p>\n<p>Le projet UQAM-UQAC se concentre sur trois enjeux prioritaires de la cha\u00eene de valeur des MCS : la recherche sur les mod\u00e8les m\u00e9tallog\u00e9niques pour le d\u00e9veloppement des connaissances, l&rsquo;innovation dans les techniques d&rsquo;exploration et de valorisation des MCS et la diffusion des r\u00e9sultats pour cr\u00e9er un bien commun au sein du groupe de recherche, des partenaires industriels et des communaut\u00e9s.<\/p>\n<p>Dans le contexte actuel, o\u00f9 la transition \u00e9nerg\u00e9tique et la d\u00e9carbonation sont au c\u0153ur des enjeux mondiaux, ce projet s&rsquo;inscrit dans la volont\u00e9 du Qu\u00e9bec de rester un leader dans l\u2019exploitation responsable et durable de ses ressources naturelles. Gr\u00e2ce \u00e0 ce soutien, l\u2019Universit\u00e9 du Qu\u00e9bec \u00e0 Chicoutimi contribuera \u00e0 l&rsquo;avancement de l&rsquo;industrie des MCS tout en renfor\u00e7ant l&rsquo;expertise scientifique et technique de ses chercheurs.<\/p>\n","protected":false},"excerpt":{"rendered":"<p>L\u2019Universit\u00e9 du Qu\u00e9bec \u00e0 Chicoutimi, en partenariat avec l\u2019Universit\u00e9 du Qu\u00e9bec \u00e0 Montr\u00e9al, est fi\u00e8re d\u2019annoncer qu\u2019elle fait partie des six projets de recherche soutenus par le gouvernement du Qu\u00e9bec dans le domaine des min\u00e9raux critiques et strat\u00e9giques (MCS). Cela repr\u00e9sente un financement substantiel de 1.01 M$ pour soutenir la recherche et l&rsquo;innovation dans le [&hellip;]<\/p>\n","protected":false},"author":5,"featured_media":50338,"comment_status":"closed","ping_status":"open","sticky":false,"template":"","format":"standard","meta":{"footnotes":""},"categories":[2795,2,4],"tags":[46,21],"yoast_head":"<!-- This site is optimized with the Yoast SEO plugin v24.2 - https:\/\/yoast.com\/wordpress\/plugins\/seo\/ -->\r\n<title>Une avanc\u00e9e majeure pour la recherche en min\u00e9raux critiques et strat\u00e9giques \u00e0 l\u2019UQAC - UQACtualit\u00e9s<\/title>\r\n<meta name=\"robots\" content=\"index, follow, max-snippet:-1, max-image-preview:large, max-video-preview:-1\" \/>\r\n<link rel=\"canonical\" href=\"https:\/\/www.uqac.ca\/uqactualites\/2025\/03\/31\/une-avancee-majeure-pour-la-recherche-en-mineraux-critiques-et-strategiques-a-luqac\/\" \/>\r\n<meta property=\"og:locale\" content=\"fr_CA\" \/>\r\n<meta property=\"og:type\" content=\"article\" \/>\r\n<meta property=\"og:title\" content=\"Une avanc\u00e9e majeure pour la recherche en min\u00e9raux critiques et strat\u00e9giques \u00e0 l\u2019UQAC - UQACtualit\u00e9s\" \/>\r\n<meta property=\"og:description\" content=\"L\u2019Universit\u00e9 du Qu\u00e9bec \u00e0 Chicoutimi, en partenariat avec l\u2019Universit\u00e9 du Qu\u00e9bec \u00e0 Montr\u00e9al, est fi\u00e8re d\u2019annoncer qu\u2019elle fait partie des six projets de recherche soutenus par le gouvernement du Qu\u00e9bec dans le domaine des min\u00e9raux critiques et strat\u00e9giques (MCS). Cela repr\u00e9sente un financement substantiel de 1.01 M$ pour soutenir la recherche et l&rsquo;innovation dans le [&hellip;]\" \/>\r\n<meta property=\"og:url\" content=\"https:\/\/www.uqac.ca\/uqactualites\/2025\/03\/31\/une-avancee-majeure-pour-la-recherche-en-mineraux-critiques-et-strategiques-a-luqac\/\" \/>\r\n<meta property=\"og:site_name\" content=\"UQACtualit\u00e9s\" \/>\r\n<meta property=\"article:published_time\" content=\"2025-03-31T12:40:24+00:00\" \/>\r\n<meta property=\"og:image\" content=\"https:\/\/www.uqac.ca\/uqactualites\/wp-content\/uploads\/2025\/03\/UQACtu_financement-mineraux-critiques.jpg\" \/>\r\n\t<meta property=\"og:image:width\" content=\"1280\" \/>\r\n\t<meta property=\"og:image:height\" content=\"853\" \/>\r\n\t<meta property=\"og:image:type\" content=\"image\/jpeg\" \/>\r\n<meta name=\"author\" content=\"Service des communications et des relations publiques\" \/>\r\n<meta name=\"twitter:card\" content=\"summary_large_image\" \/>\r\n<meta name=\"twitter:label1\" content=\"\u00c9crit par\" \/>\n\t<meta name=\"twitter:data1\" content=\"Service des communications et des relations publiques\" \/>\n\t<meta name=\"twitter:label2\" content=\"Estimation du temps de lecture\" \/>\n\t<meta name=\"twitter:data2\" content=\"2 minutes\" \/>\r\n<script type=\"application\/ld+json\" class=\"yoast-schema-graph\">{\"@context\":\"https:\/\/schema.org\",\"@graph\":[{\"@type\":\"WebPage\",\"@id\":\"https:\/\/www.uqac.ca\/uqactualites\/2025\/03\/31\/une-avancee-majeure-pour-la-recherche-en-mineraux-critiques-et-strategiques-a-luqac\/\",\"url\":\"https:\/\/www.uqac.ca\/uqactualites\/2025\/03\/31\/une-avancee-majeure-pour-la-recherche-en-mineraux-critiques-et-strategiques-a-luqac\/\",\"name\":\"Une avanc\u00e9e majeure pour la recherche en min\u00e9raux critiques et strat\u00e9giques \u00e0 l\u2019UQAC - UQACtualit\u00e9s\",\"isPartOf\":{\"@id\":\"https:\/\/www.uqac.ca\/uqactualites\/#website\"},\"primaryImageOfPage\":{\"@id\":\"https:\/\/www.uqac.ca\/uqactualites\/2025\/03\/31\/une-avancee-majeure-pour-la-recherche-en-mineraux-critiques-et-strategiques-a-luqac\/#primaryimage\"},\"image\":{\"@id\":\"https:\/\/www.uqac.ca\/uqactualites\/2025\/03\/31\/une-avancee-majeure-pour-la-recherche-en-mineraux-critiques-et-strategiques-a-luqac\/#primaryimage\"},\"thumbnailUrl\":\"https:\/\/www.uqac.ca\/uqactualites\/wp-content\/uploads\/2025\/03\/UQACtu_financement-mineraux-critiques.jpg\",\"datePublished\":\"2025-03-31T12:40:24+00:00\",\"dateModified\":\"2025-03-31T12:40:24+00:00\",\"author\":{\"@id\":\"https:\/\/www.uqac.ca\/uqactualites\/#\/schema\/person\/366c45a0c4f0e677b41b4af5886e2018\"},\"breadcrumb\":{\"@id\":\"https:\/\/www.uqac.ca\/uqactualites\/2025\/03\/31\/une-avancee-majeure-pour-la-recherche-en-mineraux-critiques-et-strategiques-a-luqac\/#breadcrumb\"},\"inLanguage\":\"fr-CA\",\"potentialAction\":[{\"@type\":\"ReadAction\",\"target\":[\"https:\/\/www.uqac.ca\/uqactualites\/2025\/03\/31\/une-avancee-majeure-pour-la-recherche-en-mineraux-critiques-et-strategiques-a-luqac\/\"]}]},{\"@type\":\"ImageObject\",\"inLanguage\":\"fr-CA\",\"@id\":\"https:\/\/www.uqac.ca\/uqactualites\/2025\/03\/31\/une-avancee-majeure-pour-la-recherche-en-mineraux-critiques-et-strategiques-a-luqac\/#primaryimage\",\"url\":\"https:\/\/www.uqac.ca\/uqactualites\/wp-content\/uploads\/2025\/03\/UQACtu_financement-mineraux-critiques.jpg\",\"contentUrl\":\"https:\/\/www.uqac.ca\/uqactualites\/wp-content\/uploads\/2025\/03\/UQACtu_financement-mineraux-critiques.jpg\",\"width\":1280,\"height\":853,\"caption\":\"Le ministre d\u00e9l\u00e9gu\u00e9 \u00e0 l'\u00c9conomie, Christopher Skeete (8e \u00e0 partir de la gauche), entour\u00e9 des demandeurs et partenaires des six projets financ\u00e9s par le programme de soutien aux projets du R\u00e9seau de recherche scientifique aux Min\u00e9raux Critiques et Strat\u00e9giques, lors de l\u2019annonce.\"},{\"@type\":\"BreadcrumbList\",\"@id\":\"https:\/\/www.uqac.ca\/uqactualites\/2025\/03\/31\/une-avancee-majeure-pour-la-recherche-en-mineraux-critiques-et-strategiques-a-luqac\/#breadcrumb\",\"itemListElement\":[{\"@type\":\"ListItem\",\"position\":1,\"name\":\"Home\",\"item\":\"https:\/\/www.uqac.ca\/uqactualites\/\"},{\"@type\":\"ListItem\",\"position\":2,\"name\":\"Une avanc\u00e9e majeure pour la recherche en min\u00e9raux critiques et strat\u00e9giques \u00e0 l\u2019UQAC\"}]},{\"@type\":\"WebSite\",\"@id\":\"https:\/\/www.uqac.ca\/uqactualites\/#website\",\"url\":\"https:\/\/www.uqac.ca\/uqactualites\/\",\"name\":\"UQACtualit\u00e9s\",\"description\":\"Le portail des nouvelles de l&#039;UQAC\",\"potentialAction\":[{\"@type\":\"SearchAction\",\"target\":{\"@type\":\"EntryPoint\",\"urlTemplate\":\"https:\/\/www.uqac.ca\/uqactualites\/?s={search_term_string}\"},\"query-input\":{\"@type\":\"PropertyValueSpecification\",\"valueRequired\":true,\"valueName\":\"search_term_string\"}}],\"inLanguage\":\"fr-CA\"},{\"@type\":\"Person\",\"@id\":\"https:\/\/www.uqac.ca\/uqactualites\/#\/schema\/person\/366c45a0c4f0e677b41b4af5886e2018\",\"name\":\"Service des communications et des relations publiques\",\"image\":{\"@type\":\"ImageObject\",\"inLanguage\":\"fr-CA\",\"@id\":\"https:\/\/www.uqac.ca\/uqactualites\/#\/schema\/person\/image\/\",\"url\":\"https:\/\/secure.gravatar.com\/avatar\/20fbbda8a292f59f2d3461a5b999c00b?s=96&d=mm&r=g\",\"contentUrl\":\"https:\/\/secure.gravatar.com\/avatar\/20fbbda8a292f59f2d3461a5b999c00b?s=96&d=mm&r=g\",\"caption\":\"Service des communications et des relations publiques\"},\"url\":\"https:\/\/www.uqac.ca\/uqactualites\/author\/bap\/\"}]}<\/script>\r\n<!-- \/ Yoast SEO plugin. -->","yoast_head_json":{"title":"Une avanc\u00e9e majeure pour la recherche en min\u00e9raux critiques et strat\u00e9giques \u00e0 l\u2019UQAC - UQACtualit\u00e9s","robots":{"index":"index","follow":"follow","max-snippet":"max-snippet:-1","max-image-preview":"max-image-preview:large","max-video-preview":"max-video-preview:-1"},"canonical":"https:\/\/www.uqac.ca\/uqactualites\/2025\/03\/31\/une-avancee-majeure-pour-la-recherche-en-mineraux-critiques-et-strategiques-a-luqac\/","og_locale":"fr_CA","og_type":"article","og_title":"Une avanc\u00e9e majeure pour la recherche en min\u00e9raux critiques et strat\u00e9giques \u00e0 l\u2019UQAC - UQACtualit\u00e9s","og_description":"L\u2019Universit\u00e9 du Qu\u00e9bec \u00e0 Chicoutimi, en partenariat avec l\u2019Universit\u00e9 du Qu\u00e9bec \u00e0 Montr\u00e9al, est fi\u00e8re d\u2019annoncer qu\u2019elle fait partie des six projets de recherche soutenus par le gouvernement du Qu\u00e9bec dans le domaine des min\u00e9raux critiques et strat\u00e9giques (MCS). Cela repr\u00e9sente un financement substantiel de 1.01 M$ pour soutenir la recherche et l&rsquo;innovation dans le [&hellip;]","og_url":"https:\/\/www.uqac.ca\/uqactualites\/2025\/03\/31\/une-avancee-majeure-pour-la-recherche-en-mineraux-critiques-et-strategiques-a-luqac\/","og_site_name":"UQACtualit\u00e9s","article_published_time":"2025-03-31T12:40:24+00:00","og_image":[{"width":1280,"height":853,"url":"https:\/\/www.uqac.ca\/uqactualites\/wp-content\/uploads\/2025\/03\/UQACtu_financement-mineraux-critiques.jpg","type":"image\/jpeg"}],"author":"Service des communications et des relations publiques","twitter_card":"summary_large_image","twitter_misc":{"\u00c9crit par":"Service des communications et des relations publiques","Estimation du temps de lecture":"2 minutes"},"schema":{"@context":"https:\/\/schema.org","@graph":[{"@type":"WebPage","@id":"https:\/\/www.uqac.ca\/uqactualites\/2025\/03\/31\/une-avancee-majeure-pour-la-recherche-en-mineraux-critiques-et-strategiques-a-luqac\/","url":"https:\/\/www.uqac.ca\/uqactualites\/2025\/03\/31\/une-avancee-majeure-pour-la-recherche-en-mineraux-critiques-et-strategiques-a-luqac\/","name":"Une avanc\u00e9e majeure pour la recherche en min\u00e9raux critiques et strat\u00e9giques \u00e0 l\u2019UQAC - UQACtualit\u00e9s","isPartOf":{"@id":"https:\/\/www.uqac.ca\/uqactualites\/#website"},"primaryImageOfPage":{"@id":"https:\/\/www.uqac.ca\/uqactualites\/2025\/03\/31\/une-avancee-majeure-pour-la-recherche-en-mineraux-critiques-et-strategiques-a-luqac\/#primaryimage"},"image":{"@id":"https:\/\/www.uqac.ca\/uqactualites\/2025\/03\/31\/une-avancee-majeure-pour-la-recherche-en-mineraux-critiques-et-strategiques-a-luqac\/#primaryimage"},"thumbnailUrl":"https:\/\/www.uqac.ca\/uqactualites\/wp-content\/uploads\/2025\/03\/UQACtu_financement-mineraux-critiques.jpg","datePublished":"2025-03-31T12:40:24+00:00","dateModified":"2025-03-31T12:40:24+00:00","author":{"@id":"https:\/\/www.uqac.ca\/uqactualites\/#\/schema\/person\/366c45a0c4f0e677b41b4af5886e2018"},"breadcrumb":{"@id":"https:\/\/www.uqac.ca\/uqactualites\/2025\/03\/31\/une-avancee-majeure-pour-la-recherche-en-mineraux-critiques-et-strategiques-a-luqac\/#breadcrumb"},"inLanguage":"fr-CA","potentialAction":[{"@type":"ReadAction","target":["https:\/\/www.uqac.ca\/uqactualites\/2025\/03\/31\/une-avancee-majeure-pour-la-recherche-en-mineraux-critiques-et-strategiques-a-luqac\/"]}]},{"@type":"ImageObject","inLanguage":"fr-CA","@id":"https:\/\/www.uqac.ca\/uqactualites\/2025\/03\/31\/une-avancee-majeure-pour-la-recherche-en-mineraux-critiques-et-strategiques-a-luqac\/#primaryimage","url":"https:\/\/www.uqac.ca\/uqactualites\/wp-content\/uploads\/2025\/03\/UQACtu_financement-mineraux-critiques.jpg","contentUrl":"https:\/\/www.uqac.ca\/uqactualites\/wp-content\/uploads\/2025\/03\/UQACtu_financement-mineraux-critiques.jpg","width":1280,"height":853,"caption":"Le ministre d\u00e9l\u00e9gu\u00e9 \u00e0 l'\u00c9conomie, Christopher Skeete (8e \u00e0 partir de la gauche), entour\u00e9 des demandeurs et partenaires des six projets financ\u00e9s par le programme de soutien aux projets du R\u00e9seau de recherche scientifique aux Min\u00e9raux Critiques et Strat\u00e9giques, lors de l\u2019annonce."},{"@type":"BreadcrumbList","@id":"https:\/\/www.uqac.ca\/uqactualites\/2025\/03\/31\/une-avancee-majeure-pour-la-recherche-en-mineraux-critiques-et-strategiques-a-luqac\/#breadcrumb","itemListElement":[{"@type":"ListItem","position":1,"name":"Home","item":"https:\/\/www.uqac.ca\/uqactualites\/"},{"@type":"ListItem","position":2,"name":"Une avanc\u00e9e majeure pour la recherche en min\u00e9raux critiques et strat\u00e9giques \u00e0 l\u2019UQAC"}]},{"@type":"WebSite","@id":"https:\/\/www.uqac.ca\/uqactualites\/#website","url":"https:\/\/www.uqac.ca\/uqactualites\/","name":"UQACtualit\u00e9s","description":"Le portail des nouvelles de l&#039;UQAC","potentialAction":[{"@type":"SearchAction","target":{"@type":"EntryPoint","urlTemplate":"https:\/\/www.uqac.ca\/uqactualites\/?s={search_term_string}"},"query-input":{"@type":"PropertyValueSpecification","valueRequired":true,"valueName":"search_term_string"}}],"inLanguage":"fr-CA"},{"@type":"Person","@id":"https:\/\/www.uqac.ca\/uqactualites\/#\/schema\/person\/366c45a0c4f0e677b41b4af5886e2018","name":"Service des communications et des relations publiques","image":{"@type":"ImageObject","inLanguage":"fr-CA","@id":"https:\/\/www.uqac.ca\/uqactualites\/#\/schema\/person\/image\/","url":"https:\/\/secure.gravatar.com\/avatar\/20fbbda8a292f59f2d3461a5b999c00b?s=96&d=mm&r=g","contentUrl":"https:\/\/secure.gravatar.com\/avatar\/20fbbda8a292f59f2d3461a5b999c00b?s=96&d=mm&r=g","caption":"Service des communications et des relations publiques"},"url":"https:\/\/www.uqac.ca\/uqactualites\/author\/bap\/"}]}},"_links":{"self":[{"href":"https:\/\/www.uqac.ca\/uqactualites\/wp-json\/wp\/v2\/posts\/50337"}],"collection":[{"href":"https:\/\/www.uqac.ca\/uqactualites\/wp-json\/wp\/v2\/posts"}],"about":[{"href":"https:\/\/www.uqac.ca\/uqactualites\/wp-json\/wp\/v2\/types\/post"}],"author":[{"embeddable":true,"href":"https:\/\/www.uqac.ca\/uqactualites\/wp-json\/wp\/v2\/users\/5"}],"replies":[{"embeddable":true,"href":"https:\/\/www.uqac.ca\/uqactualites\/wp-json\/wp\/v2\/comments?post=50337"}],"version-history":[{"count":1,"href":"https:\/\/www.uqac.ca\/uqactualites\/wp-json\/wp\/v2\/posts\/50337\/revisions"}],"predecessor-version":[{"id":50339,"href":"https:\/\/www.uqac.ca\/uqactualites\/wp-json\/wp\/v2\/posts\/50337\/revisions\/50339"}],"wp:featuredmedia":[{"embeddable":true,"href":"https:\/\/www.uqac.ca\/uqactualites\/wp-json\/wp\/v2\/media\/50338"}],"wp:attachment":[{"href":"https:\/\/www.uqac.ca\/uqactualites\/wp-json\/wp\/v2\/media?parent=50337"}],"wp:term":[{"taxonomy":"category","embeddable":true,"href":"https:\/\/www.uqac.ca\/uqactualites\/wp-json\/wp\/v2\/categories?post=50337"},{"taxonomy":"post_tag","embeddable":true,"href":"https:\/\/www.uqac.ca\/uqactualites\/wp-json\/wp\/v2\/tags?post=50337"}],"curies":[{"name":"wp","href":"https:\/\/api.w.org\/{rel}","templated":true}]}}