{"id":50402,"date":"2025-04-17T09:04:46","date_gmt":"2025-04-17T13:04:46","guid":{"rendered":"https:\/\/www.uqac.ca\/uqactualites\/?p=50402"},"modified":"2025-04-22T10:28:52","modified_gmt":"2025-04-22T14:28:52","slug":"carlos-alberto-dos-santos-etudiant-au-doctorat-en-sciences-et-technologies-de-linformation-soutient-sa-these","status":"publish","type":"post","link":"https:\/\/www.uqac.ca\/uqactualites\/2025\/04\/17\/carlos-alberto-dos-santos-etudiant-au-doctorat-en-sciences-et-technologies-de-linformation-soutient-sa-these\/","title":{"rendered":"Carlos Alberto dos Santos, \u00e9tudiant au doctorat en sciences et technologies de l&rsquo;information, soutient sa th\u00e8se"},"content":{"rendered":"<p>\u00c9tudiant au <a href=\"https:\/\/www.uqac.ca\/programme\/3121-doctorat-en-informatique\/\" target=\"_blank\" rel=\"noopener\">doctorat en sciences et technologies de l&rsquo;information<\/a>, Carlos Alberto dos Santos a effectu\u00e9 sa soutenance de th\u00e8se le 16 avril 2025. Sous la direction de recherche de Kevin Bouchard, sa th\u00e8se a pour titre \u00ab <em>Leveraging text generation for enhanced user story quality<\/em>\u00a0\u00bb.<\/p>\n<p>Sous la pr\u00e9sidence de <a href=\"https:\/\/portfolio.uqac.ca\/brunobouchard\/\" target=\"_blank\" rel=\"noopener\">Bruno Bouchard<\/a>, le jury d&rsquo;\u00e9valuation \u00e9tait compos\u00e9 de Hubert Kenfack Ngankam (Universit\u00e9 de Sherbrooke) et <a href=\"https:\/\/portfolio.uqac.ca\/yannickfrancillette\/\" target=\"_blank\" rel=\"noopener\">Yannick Francillette<\/a> (UQAC)<\/p>\n<hr \/>\n<h5>R\u00e9sum\u00e9 de la th\u00e8se<\/h5>\n<p><strong>Contexte<\/strong>: Les r\u00e9cits d&rsquo;utilisateurs jouent un r\u00f4le crucial dans le d\u00e9veloppement de logiciels agiles en raison de leur format structur\u00e9 et de leur facilit\u00e9 de mise en \u0153uvre. Cependant, les \u00e9quipes de d\u00e9veloppement sont confront\u00e9es \u00e0 la t\u00e2che difficile de g\u00e9rer la vari\u00e9t\u00e9 des informations requises \u00e0 partir de sources multiples pour r\u00e9diger manuellement les r\u00e9cits d&rsquo;utilisateurs. En outre, des r\u00e9cits d&rsquo;utilisateur de mauvaise qualit\u00e9 peuvent entraver la communication entre les membres de l&rsquo;\u00e9quipe, ce qui peut entra\u00eener des retards ou des erreurs dans le processus de d\u00e9veloppement.<\/p>\n<p><strong>Objectif<\/strong>: Cette th\u00e8se \u00e9tudie l&rsquo;\u00e9tat de l&rsquo;art dans la g\u00e9n\u00e9ration automatique d&rsquo;histoires d&rsquo;utilisateurs et propose divers mod\u00e8les de g\u00e9n\u00e9ration de texte pour aider \u00e0 la r\u00e9daction d&rsquo;histoires d&rsquo;utilisateurs dans le cadre de projets de d\u00e9veloppement de logiciels agiles. Nous \u00e9mettons l&rsquo;hypoth\u00e8se que l&rsquo;utilisation de ces mod\u00e8les peut aider les praticiens du logiciel \u00e0 \u00e9crire des histoires d&rsquo;utilisateurs plus efficacement et avec une meilleure qualit\u00e9.<\/p>\n<p><strong>M\u00e9thode<\/strong>: Plusieurs m\u00e9thodes de recherche ont \u00e9t\u00e9 utilis\u00e9es pour \u00e9laborer et \u00e9valuer cette th\u00e8se. Tout d&rsquo;abord, nous avons effectu\u00e9 une revue syst\u00e9matique de la litt\u00e9rature pour r\u00e9sumer les preuves sur le sujet. Sur la base des r\u00e9sultats de cette analyse, nous avons pr\u00e9sent\u00e9 nos deux premiers mod\u00e8les de g\u00e9n\u00e9ration de texte pour les r\u00e9cits d&rsquo;utilisateurs (N-gram et GPT) et nous avons utilis\u00e9 un cadre quantitatif de mesures pour les comparer. Par la suite, nous avons am\u00e9lior\u00e9 le mod\u00e8le N-gram cr\u00e9\u00e9 et r\u00e9alis\u00e9 une exp\u00e9rience contr\u00f4l\u00e9e suivie d&rsquo;une enqu\u00eate destin\u00e9e \u00e0 \u00e9valuer l&rsquo;utilisation des mod\u00e8les de g\u00e9n\u00e9ration de texte pour les r\u00e9cits d&rsquo;utilisateurs.<\/p>\n<p><strong>R\u00e9sultats<\/strong>: La revue a constat\u00e9 qu&rsquo;il y a une p\u00e9nurie de corpus de r\u00e9cits d&rsquo;utilisateurs pour soutenir la mise en \u0153uvre de mod\u00e8les de g\u00e9n\u00e9ration de texte pour les r\u00e9cits d&rsquo;utilisateurs, ainsi qu&rsquo;une grande vari\u00e9t\u00e9 de techniques de traitement du langage naturel et d&rsquo;algorithmes d&rsquo;apprentissage automatique pour sp\u00e9cifier automatiquement les r\u00e9cits d&rsquo;utilisateurs. Seules quelques \u00e9tudes s&rsquo;int\u00e9ressent \u00e0 la qualit\u00e9 des r\u00e9cits d&rsquo;utilisateurs g\u00e9n\u00e9r\u00e9s par les approches pr\u00e9sent\u00e9es. L&rsquo;\u00e9valuation quantitative du mod\u00e8le N-gram initial \u00e0 l&rsquo;aide des m\u00e9triques BLEU, ROUGE et BERTScore a montr\u00e9 que si les mod\u00e8les GPT ont excell\u00e9 dans l&rsquo;\u00e9laboration de r\u00e9cits d&rsquo;utilisateurs plus complets, les mod\u00e8les N-gram ont fait preuve d&rsquo;un degr\u00e9 plus \u00e9lev\u00e9 de sensibilit\u00e9 s\u00e9mantique. Enfin, notre exp\u00e9rience contr\u00f4l\u00e9e a r\u00e9v\u00e9l\u00e9 que la version am\u00e9lior\u00e9e du mod\u00e8le N-gram am\u00e9liorait la consistance et l\u2019uniformit\u00e9 des r\u00e9cits d&rsquo;utilisateurs par rapport \u00e0 la m\u00e9thode de r\u00e9daction manuelle et apportait des informations importantes sur l&#8217;emploi des r\u00e9cits d&rsquo;utilisateurs.<\/p>\n<p><strong>Conclusion<\/strong>: L&rsquo;utilisation de mod\u00e8les de g\u00e9n\u00e9ration de texte pour soutenir la r\u00e9daction d&rsquo;histoires d&rsquo;utilisateurs est prometteuse. Ces mod\u00e8les ont acc\u00e9l\u00e9r\u00e9 le processus de composition et am\u00e9lior\u00e9 la qualit\u00e9 des r\u00e9cits d&rsquo;utilisateurs qui en r\u00e9sultent. Nous encourageons la poursuite des recherches en vue d&rsquo;affiner la technique des mod\u00e8les N-grammes ou d&rsquo;entra\u00eener d&rsquo;autres grands mod\u00e8les de langage pour aider \u00e0 la r\u00e9daction de r\u00e9cits d&rsquo;utilisateurs dans diff\u00e9rents contextes avec des mod\u00e8les vari\u00e9s.<\/p>\n<p>&nbsp;<\/p>\n<p>F\u00e9licitations \u00e0 Carlos Alberto dos Santos pour la soutenance de sa th\u00e8se de doctorat!<\/p>\n<p>&nbsp;<\/p>\n","protected":false},"excerpt":{"rendered":"<p>\u00c9tudiant au doctorat en sciences et technologies de l&rsquo;information, Carlos Alberto dos Santos a effectu\u00e9 sa soutenance de th\u00e8se le 16 avril 2025. Sous la direction de recherche de Kevin Bouchard, sa th\u00e8se a pour titre \u00ab Leveraging text generation for enhanced user story quality\u00a0\u00bb. Sous la pr\u00e9sidence de Bruno Bouchard, le jury d&rsquo;\u00e9valuation \u00e9tait [&hellip;]<\/p>\n","protected":false},"author":5,"featured_media":50404,"comment_status":"closed","ping_status":"open","sticky":false,"template":"","format":"standard","meta":{"footnotes":""},"categories":[2913],"tags":[],"yoast_head":"<!-- This site is optimized with the Yoast SEO plugin v24.2 - https:\/\/yoast.com\/wordpress\/plugins\/seo\/ -->\r\n<title>Carlos Alberto dos Santos, \u00e9tudiant au doctorat en sciences et technologies de l&#039;information, soutient sa th\u00e8se - UQACtualit\u00e9s<\/title>\r\n<meta name=\"robots\" content=\"index, follow, max-snippet:-1, max-image-preview:large, max-video-preview:-1\" \/>\r\n<link rel=\"canonical\" href=\"https:\/\/www.uqac.ca\/uqactualites\/2025\/04\/17\/carlos-alberto-dos-santos-etudiant-au-doctorat-en-sciences-et-technologies-de-linformation-soutient-sa-these\/\" \/>\r\n<meta property=\"og:locale\" content=\"fr_CA\" \/>\r\n<meta property=\"og:type\" content=\"article\" \/>\r\n<meta property=\"og:title\" content=\"Carlos Alberto dos Santos, \u00e9tudiant au doctorat en sciences et technologies de l&#039;information, soutient sa th\u00e8se - UQACtualit\u00e9s\" \/>\r\n<meta property=\"og:description\" content=\"\u00c9tudiant au doctorat en sciences et technologies de l&rsquo;information, Carlos Alberto dos Santos a effectu\u00e9 sa soutenance de th\u00e8se le 16 avril 2025. Sous la direction de recherche de Kevin Bouchard, sa th\u00e8se a pour titre \u00ab Leveraging text generation for enhanced user story quality\u00a0\u00bb. Sous la pr\u00e9sidence de Bruno Bouchard, le jury d&rsquo;\u00e9valuation \u00e9tait [&hellip;]\" \/>\r\n<meta property=\"og:url\" content=\"https:\/\/www.uqac.ca\/uqactualites\/2025\/04\/17\/carlos-alberto-dos-santos-etudiant-au-doctorat-en-sciences-et-technologies-de-linformation-soutient-sa-these\/\" \/>\r\n<meta property=\"og:site_name\" content=\"UQACtualit\u00e9s\" \/>\r\n<meta property=\"article:published_time\" content=\"2025-04-17T13:04:46+00:00\" \/>\r\n<meta property=\"article:modified_time\" content=\"2025-04-22T14:28:52+00:00\" \/>\r\n<meta property=\"og:image\" content=\"https:\/\/www.uqac.ca\/uqactualites\/wp-content\/uploads\/2025\/04\/Carlos-Alberto-dos-Santos.png\" \/>\r\n\t<meta property=\"og:image:width\" content=\"1920\" \/>\r\n\t<meta property=\"og:image:height\" content=\"1080\" \/>\r\n\t<meta property=\"og:image:type\" content=\"image\/png\" \/>\r\n<meta name=\"author\" content=\"Service des communications et des relations publiques\" \/>\r\n<meta name=\"twitter:card\" content=\"summary_large_image\" \/>\r\n<meta name=\"twitter:label1\" content=\"\u00c9crit par\" \/>\n\t<meta name=\"twitter:data1\" content=\"Service des communications et des relations publiques\" \/>\n\t<meta name=\"twitter:label2\" content=\"Estimation du temps de lecture\" \/>\n\t<meta name=\"twitter:data2\" content=\"4 minutes\" \/>\r\n<script type=\"application\/ld+json\" class=\"yoast-schema-graph\">{\"@context\":\"https:\/\/schema.org\",\"@graph\":[{\"@type\":\"WebPage\",\"@id\":\"https:\/\/www.uqac.ca\/uqactualites\/2025\/04\/17\/carlos-alberto-dos-santos-etudiant-au-doctorat-en-sciences-et-technologies-de-linformation-soutient-sa-these\/\",\"url\":\"https:\/\/www.uqac.ca\/uqactualites\/2025\/04\/17\/carlos-alberto-dos-santos-etudiant-au-doctorat-en-sciences-et-technologies-de-linformation-soutient-sa-these\/\",\"name\":\"Carlos Alberto dos Santos, \u00e9tudiant au doctorat en sciences et technologies de l'information, soutient sa th\u00e8se - UQACtualit\u00e9s\",\"isPartOf\":{\"@id\":\"https:\/\/www.uqac.ca\/uqactualites\/#website\"},\"primaryImageOfPage\":{\"@id\":\"https:\/\/www.uqac.ca\/uqactualites\/2025\/04\/17\/carlos-alberto-dos-santos-etudiant-au-doctorat-en-sciences-et-technologies-de-linformation-soutient-sa-these\/#primaryimage\"},\"image\":{\"@id\":\"https:\/\/www.uqac.ca\/uqactualites\/2025\/04\/17\/carlos-alberto-dos-santos-etudiant-au-doctorat-en-sciences-et-technologies-de-linformation-soutient-sa-these\/#primaryimage\"},\"thumbnailUrl\":\"https:\/\/www.uqac.ca\/uqactualites\/wp-content\/uploads\/2025\/04\/Carlos-Alberto-dos-Santos.png\",\"datePublished\":\"2025-04-17T13:04:46+00:00\",\"dateModified\":\"2025-04-22T14:28:52+00:00\",\"author\":{\"@id\":\"https:\/\/www.uqac.ca\/uqactualites\/#\/schema\/person\/366c45a0c4f0e677b41b4af5886e2018\"},\"breadcrumb\":{\"@id\":\"https:\/\/www.uqac.ca\/uqactualites\/2025\/04\/17\/carlos-alberto-dos-santos-etudiant-au-doctorat-en-sciences-et-technologies-de-linformation-soutient-sa-these\/#breadcrumb\"},\"inLanguage\":\"fr-CA\",\"potentialAction\":[{\"@type\":\"ReadAction\",\"target\":[\"https:\/\/www.uqac.ca\/uqactualites\/2025\/04\/17\/carlos-alberto-dos-santos-etudiant-au-doctorat-en-sciences-et-technologies-de-linformation-soutient-sa-these\/\"]}]},{\"@type\":\"ImageObject\",\"inLanguage\":\"fr-CA\",\"@id\":\"https:\/\/www.uqac.ca\/uqactualites\/2025\/04\/17\/carlos-alberto-dos-santos-etudiant-au-doctorat-en-sciences-et-technologies-de-linformation-soutient-sa-these\/#primaryimage\",\"url\":\"https:\/\/www.uqac.ca\/uqactualites\/wp-content\/uploads\/2025\/04\/Carlos-Alberto-dos-Santos.png\",\"contentUrl\":\"https:\/\/www.uqac.ca\/uqactualites\/wp-content\/uploads\/2025\/04\/Carlos-Alberto-dos-Santos.png\",\"width\":1920,\"height\":1080},{\"@type\":\"BreadcrumbList\",\"@id\":\"https:\/\/www.uqac.ca\/uqactualites\/2025\/04\/17\/carlos-alberto-dos-santos-etudiant-au-doctorat-en-sciences-et-technologies-de-linformation-soutient-sa-these\/#breadcrumb\",\"itemListElement\":[{\"@type\":\"ListItem\",\"position\":1,\"name\":\"Home\",\"item\":\"https:\/\/www.uqac.ca\/uqactualites\/\"},{\"@type\":\"ListItem\",\"position\":2,\"name\":\"Carlos Alberto dos Santos, \u00e9tudiant au doctorat en sciences et technologies de l&rsquo;information, soutient sa th\u00e8se\"}]},{\"@type\":\"WebSite\",\"@id\":\"https:\/\/www.uqac.ca\/uqactualites\/#website\",\"url\":\"https:\/\/www.uqac.ca\/uqactualites\/\",\"name\":\"UQACtualit\u00e9s\",\"description\":\"Le portail des nouvelles de l&#039;UQAC\",\"potentialAction\":[{\"@type\":\"SearchAction\",\"target\":{\"@type\":\"EntryPoint\",\"urlTemplate\":\"https:\/\/www.uqac.ca\/uqactualites\/?s={search_term_string}\"},\"query-input\":{\"@type\":\"PropertyValueSpecification\",\"valueRequired\":true,\"valueName\":\"search_term_string\"}}],\"inLanguage\":\"fr-CA\"},{\"@type\":\"Person\",\"@id\":\"https:\/\/www.uqac.ca\/uqactualites\/#\/schema\/person\/366c45a0c4f0e677b41b4af5886e2018\",\"name\":\"Service des communications et des relations publiques\",\"image\":{\"@type\":\"ImageObject\",\"inLanguage\":\"fr-CA\",\"@id\":\"https:\/\/www.uqac.ca\/uqactualites\/#\/schema\/person\/image\/\",\"url\":\"https:\/\/secure.gravatar.com\/avatar\/20fbbda8a292f59f2d3461a5b999c00b?s=96&d=mm&r=g\",\"contentUrl\":\"https:\/\/secure.gravatar.com\/avatar\/20fbbda8a292f59f2d3461a5b999c00b?s=96&d=mm&r=g\",\"caption\":\"Service des communications et des relations publiques\"},\"url\":\"https:\/\/www.uqac.ca\/uqactualites\/author\/bap\/\"}]}<\/script>\r\n<!-- \/ Yoast SEO plugin. -->","yoast_head_json":{"title":"Carlos Alberto dos Santos, \u00e9tudiant au doctorat en sciences et technologies de l'information, soutient sa th\u00e8se - UQACtualit\u00e9s","robots":{"index":"index","follow":"follow","max-snippet":"max-snippet:-1","max-image-preview":"max-image-preview:large","max-video-preview":"max-video-preview:-1"},"canonical":"https:\/\/www.uqac.ca\/uqactualites\/2025\/04\/17\/carlos-alberto-dos-santos-etudiant-au-doctorat-en-sciences-et-technologies-de-linformation-soutient-sa-these\/","og_locale":"fr_CA","og_type":"article","og_title":"Carlos Alberto dos Santos, \u00e9tudiant au doctorat en sciences et technologies de l'information, soutient sa th\u00e8se - UQACtualit\u00e9s","og_description":"\u00c9tudiant au doctorat en sciences et technologies de l&rsquo;information, Carlos Alberto dos Santos a effectu\u00e9 sa soutenance de th\u00e8se le 16 avril 2025. Sous la direction de recherche de Kevin Bouchard, sa th\u00e8se a pour titre \u00ab Leveraging text generation for enhanced user story quality\u00a0\u00bb. Sous la pr\u00e9sidence de Bruno Bouchard, le jury d&rsquo;\u00e9valuation \u00e9tait [&hellip;]","og_url":"https:\/\/www.uqac.ca\/uqactualites\/2025\/04\/17\/carlos-alberto-dos-santos-etudiant-au-doctorat-en-sciences-et-technologies-de-linformation-soutient-sa-these\/","og_site_name":"UQACtualit\u00e9s","article_published_time":"2025-04-17T13:04:46+00:00","article_modified_time":"2025-04-22T14:28:52+00:00","og_image":[{"width":1920,"height":1080,"url":"https:\/\/www.uqac.ca\/uqactualites\/wp-content\/uploads\/2025\/04\/Carlos-Alberto-dos-Santos.png","type":"image\/png"}],"author":"Service des communications et des relations publiques","twitter_card":"summary_large_image","twitter_misc":{"\u00c9crit par":"Service des communications et des relations publiques","Estimation du temps de lecture":"4 minutes"},"schema":{"@context":"https:\/\/schema.org","@graph":[{"@type":"WebPage","@id":"https:\/\/www.uqac.ca\/uqactualites\/2025\/04\/17\/carlos-alberto-dos-santos-etudiant-au-doctorat-en-sciences-et-technologies-de-linformation-soutient-sa-these\/","url":"https:\/\/www.uqac.ca\/uqactualites\/2025\/04\/17\/carlos-alberto-dos-santos-etudiant-au-doctorat-en-sciences-et-technologies-de-linformation-soutient-sa-these\/","name":"Carlos Alberto dos Santos, \u00e9tudiant au doctorat en sciences et technologies de l'information, soutient sa th\u00e8se - UQACtualit\u00e9s","isPartOf":{"@id":"https:\/\/www.uqac.ca\/uqactualites\/#website"},"primaryImageOfPage":{"@id":"https:\/\/www.uqac.ca\/uqactualites\/2025\/04\/17\/carlos-alberto-dos-santos-etudiant-au-doctorat-en-sciences-et-technologies-de-linformation-soutient-sa-these\/#primaryimage"},"image":{"@id":"https:\/\/www.uqac.ca\/uqactualites\/2025\/04\/17\/carlos-alberto-dos-santos-etudiant-au-doctorat-en-sciences-et-technologies-de-linformation-soutient-sa-these\/#primaryimage"},"thumbnailUrl":"https:\/\/www.uqac.ca\/uqactualites\/wp-content\/uploads\/2025\/04\/Carlos-Alberto-dos-Santos.png","datePublished":"2025-04-17T13:04:46+00:00","dateModified":"2025-04-22T14:28:52+00:00","author":{"@id":"https:\/\/www.uqac.ca\/uqactualites\/#\/schema\/person\/366c45a0c4f0e677b41b4af5886e2018"},"breadcrumb":{"@id":"https:\/\/www.uqac.ca\/uqactualites\/2025\/04\/17\/carlos-alberto-dos-santos-etudiant-au-doctorat-en-sciences-et-technologies-de-linformation-soutient-sa-these\/#breadcrumb"},"inLanguage":"fr-CA","potentialAction":[{"@type":"ReadAction","target":["https:\/\/www.uqac.ca\/uqactualites\/2025\/04\/17\/carlos-alberto-dos-santos-etudiant-au-doctorat-en-sciences-et-technologies-de-linformation-soutient-sa-these\/"]}]},{"@type":"ImageObject","inLanguage":"fr-CA","@id":"https:\/\/www.uqac.ca\/uqactualites\/2025\/04\/17\/carlos-alberto-dos-santos-etudiant-au-doctorat-en-sciences-et-technologies-de-linformation-soutient-sa-these\/#primaryimage","url":"https:\/\/www.uqac.ca\/uqactualites\/wp-content\/uploads\/2025\/04\/Carlos-Alberto-dos-Santos.png","contentUrl":"https:\/\/www.uqac.ca\/uqactualites\/wp-content\/uploads\/2025\/04\/Carlos-Alberto-dos-Santos.png","width":1920,"height":1080},{"@type":"BreadcrumbList","@id":"https:\/\/www.uqac.ca\/uqactualites\/2025\/04\/17\/carlos-alberto-dos-santos-etudiant-au-doctorat-en-sciences-et-technologies-de-linformation-soutient-sa-these\/#breadcrumb","itemListElement":[{"@type":"ListItem","position":1,"name":"Home","item":"https:\/\/www.uqac.ca\/uqactualites\/"},{"@type":"ListItem","position":2,"name":"Carlos Alberto dos Santos, \u00e9tudiant au doctorat en sciences et technologies de l&rsquo;information, soutient sa th\u00e8se"}]},{"@type":"WebSite","@id":"https:\/\/www.uqac.ca\/uqactualites\/#website","url":"https:\/\/www.uqac.ca\/uqactualites\/","name":"UQACtualit\u00e9s","description":"Le portail des nouvelles de l&#039;UQAC","potentialAction":[{"@type":"SearchAction","target":{"@type":"EntryPoint","urlTemplate":"https:\/\/www.uqac.ca\/uqactualites\/?s={search_term_string}"},"query-input":{"@type":"PropertyValueSpecification","valueRequired":true,"valueName":"search_term_string"}}],"inLanguage":"fr-CA"},{"@type":"Person","@id":"https:\/\/www.uqac.ca\/uqactualites\/#\/schema\/person\/366c45a0c4f0e677b41b4af5886e2018","name":"Service des communications et des relations publiques","image":{"@type":"ImageObject","inLanguage":"fr-CA","@id":"https:\/\/www.uqac.ca\/uqactualites\/#\/schema\/person\/image\/","url":"https:\/\/secure.gravatar.com\/avatar\/20fbbda8a292f59f2d3461a5b999c00b?s=96&d=mm&r=g","contentUrl":"https:\/\/secure.gravatar.com\/avatar\/20fbbda8a292f59f2d3461a5b999c00b?s=96&d=mm&r=g","caption":"Service des communications et des relations publiques"},"url":"https:\/\/www.uqac.ca\/uqactualites\/author\/bap\/"}]}},"_links":{"self":[{"href":"https:\/\/www.uqac.ca\/uqactualites\/wp-json\/wp\/v2\/posts\/50402"}],"collection":[{"href":"https:\/\/www.uqac.ca\/uqactualites\/wp-json\/wp\/v2\/posts"}],"about":[{"href":"https:\/\/www.uqac.ca\/uqactualites\/wp-json\/wp\/v2\/types\/post"}],"author":[{"embeddable":true,"href":"https:\/\/www.uqac.ca\/uqactualites\/wp-json\/wp\/v2\/users\/5"}],"replies":[{"embeddable":true,"href":"https:\/\/www.uqac.ca\/uqactualites\/wp-json\/wp\/v2\/comments?post=50402"}],"version-history":[{"count":2,"href":"https:\/\/www.uqac.ca\/uqactualites\/wp-json\/wp\/v2\/posts\/50402\/revisions"}],"predecessor-version":[{"id":50482,"href":"https:\/\/www.uqac.ca\/uqactualites\/wp-json\/wp\/v2\/posts\/50402\/revisions\/50482"}],"wp:featuredmedia":[{"embeddable":true,"href":"https:\/\/www.uqac.ca\/uqactualites\/wp-json\/wp\/v2\/media\/50404"}],"wp:attachment":[{"href":"https:\/\/www.uqac.ca\/uqactualites\/wp-json\/wp\/v2\/media?parent=50402"}],"wp:term":[{"taxonomy":"category","embeddable":true,"href":"https:\/\/www.uqac.ca\/uqactualites\/wp-json\/wp\/v2\/categories?post=50402"},{"taxonomy":"post_tag","embeddable":true,"href":"https:\/\/www.uqac.ca\/uqactualites\/wp-json\/wp\/v2\/tags?post=50402"}],"curies":[{"name":"wp","href":"https:\/\/api.w.org\/{rel}","templated":true}]}}