{"id":50450,"date":"2025-04-10T14:02:31","date_gmt":"2025-04-10T18:02:31","guid":{"rendered":"https:\/\/www.uqac.ca\/uqactualites\/?p=50450"},"modified":"2025-04-10T14:02:49","modified_gmt":"2025-04-10T18:02:49","slug":"charles-nadeau-piloter-des-projets-denvergure","status":"publish","type":"post","link":"https:\/\/www.uqac.ca\/uqactualites\/2025\/04\/10\/charles-nadeau-piloter-des-projets-denvergure\/","title":{"rendered":"Charles Nadeau : piloter des projets d\u2019envergure"},"content":{"rendered":"<p>Charles Nadeau ne se d\u00e9finit plus comme un ing\u00e9nieur, mais plut\u00f4t comme un gestionnaire d\u2019ing\u00e9nieurs. Et pour cause\u00a0: \u00e9tudier l\u2019ing\u00e9nierie est une chose, mais savoir g\u00e9rer une \u00e9quipe multidisciplinaire et des projets \u00e0 nature environnementale d\u2019une valeur de 260 millions, c\u2019en est toute une autre! Apr\u00e8s avoir d\u00e9croch\u00e9 deux dipl\u00f4mes \u00e0 l\u2019Universit\u00e9 du Qu\u00e9bec \u00e0 Chicoutimi (UQAC) d\u2019abord de <a href=\"https:\/\/www.uqac.ca\/programme\/7944-baccalaureat-en-genie-electrique\/\">baccalaur\u00e9at en g\u00e9nie \u00e9lectrique<\/a> en 2013 puis de <a href=\"https:\/\/www.uqac.ca\/programme\/3737-doctorat-en-ingenierie\/\">doctorat en ing\u00e9nierie<\/a> en 2017, Charles Nadeau a gravi les \u00e9chelons jusqu\u2019\u00e0 obtenir le titre de surintendant des projets en environnement pour Rio Tinto.<\/p>\n<h4>De la recherche universitaire \u00e0 la gestion de projet<\/h4>\n<p>Charles Nadeau a d\u2019abord suivi une formation en technologie du g\u00e9nie \u00e9lectrique &#8211; instrumentation et contr\u00f4le industriel au C\u00e9gep de Chicoutimi. Avec l\u2019intention d\u2019\u00ab\u00a0\u00eatre un peu plus dans le d\u00e9cisionnel\u00a0\u00bb, il se dirige ensuite vers le baccalaur\u00e9at en g\u00e9nie \u00e9lectrique. Durant ses \u00e9tudes de premier cycle, il obtient un stage au <a href=\"https:\/\/recherche.uqac.ca\/centre-universitaire-de-recherche-sur-laluminium\">Centre universitaire de recherche sur l\u2019aluminium (CURAL)<\/a>, un p\u00f4le de recherche en collaboration avec Rio Tinto. \u00ab\u00a0Je trouvais \u00e7a ultra stimulant, car nous menions des projets qui concernaient de vraies probl\u00e9matiques tout en \u00e9tant en contact avec le march\u00e9 du travail. \u00bb, raconte-t-il.<\/p>\n<p>Avec l\u2019encouragement du CURAL, il amorce une ma\u00eetrise sur la s\u00e9paration solide-liquide appliqu\u00e9e \u00e0 l\u2019industrie de l\u2019aluminium. Rapidement, son travail est remarqu\u00e9, et il obtient la possibilit\u00e9 de faire un passage direct au doctorat, \u00e9conomisant une ann\u00e9e d\u2019\u00e9tudes. Sa th\u00e8se, r\u00e9alis\u00e9e sous la supervision d\u2019Andr\u00e9 Leclerc, doyen des \u00e9tudes sup\u00e9rieures \u00e0 l\u2019\u00e9poque, l\u2019am\u00e8ne \u00e0 collaborer \u00e9troitement avec Rio Tinto sur des probl\u00e9matiques industrielles concr\u00e8tes.<\/p>\n<p>Au moment de d\u00e9crocher son doctorat en 2017, l\u2019industrie de l\u2019aluminium traverse une p\u00e9riode difficile, limitant les embauches. Il choisit de se r\u00e9orienter vers un autre secteur de l\u2019entreprise : l\u2019industrie du fer, avec Iron Ore Company of Canada (IOC), une filiale de Rio Tinto situ\u00e9e \u00e0 Sept-\u00celes. Embauch\u00e9 comme ing\u00e9nieur en instrumentation et contr\u00f4le \u00e9lectrique, Charles Nadeau constate qu\u2019il est plus attir\u00e9 par la gestion de projets que par l\u2019aspect technique. En 2019, on lui propose un r\u00f4le sur mesure : surintendant des projets en environnement. Il a notamment la charge de la gestion des parties prenantes, du budget, de la pr\u00e9sentation aupr\u00e8s de la direction et de l\u2019\u00e9ch\u00e9ancier.<\/p>\n<p>En parall\u00e8le, convaincu de l\u2019importance d\u2019une formation compl\u00e9mentaire, il d\u00e9cide d\u2019obtenir la tr\u00e8s reconnue certification du Project Manager Professional (PMP). Cet ajout \u00e0 son curriculum renforce ses comp\u00e9tences en gestion de projets.<\/p>\n<h4>Apprendre \u00e0 g\u00e9rer des humains<\/h4>\n<p>C\u2019est gr\u00e2ce \u00e0 son exp\u00e9rience de stage \u00e0 l\u2019UQAC que Charles Nadeau s\u2019est fait conna\u00eetre de Rio Tinto, son employeur depuis 2011. L\u2019UQAC a donc \u00e9t\u00e9 le lieu o\u00f9 il a pu apprendre \u00e0 apprendre, et acqu\u00e9rir une pr\u00e9cieuse exp\u00e9rience de vie\u00a0: \u00ab\u00a0J&rsquo;ai v\u00e9cu des joies et des peines, j&rsquo;ai coul\u00e9 certains cours, j&rsquo;ai appris la r\u00e9silience, j&rsquo;ai eu des professeurs qui m&rsquo;ont appris \u00e9norm\u00e9ment. [\u2026] J&rsquo;ai test\u00e9 beaucoup de fa\u00e7ons d&rsquo;approcher les gens, des techniques aussi pour apprendre.\u00a0\u00bb Alors qu\u2019il a d\u2019ailleurs enseign\u00e9 au doctorat, il retient les amiti\u00e9s forg\u00e9es avec le corps enseignant et les \u00e9tudiants, dans une petite communaut\u00e9 universitaire.<\/p>\n<p>En revenant sur son parcours, Charles Nadeau r\u00e9alise que ce dont il se sert le plus aujourd\u2019hui, ce ne sont pas les concepts th\u00e9oriques, mais bien l\u2019aspect humain qu\u2019il a appris \u00e0 l\u2019universit\u00e9. Comme surintendant, il passe ses journ\u00e9es \u00e0 rencontrer et \u00e0 guider des gens. Il se sert souvent des techniques d\u2019apprentissages et des techniques d\u2019approches du \u00ab\u00a0beau coffre \u00e0 outils\u00a0\u00bb que l\u2019UQAC lui a apport\u00e9. \u00ab\u00a0C\u2019est cette partie-l\u00e0 que je retiens de l&rsquo;universit\u00e9 : le contact humain, puis comment s&rsquo;y prendre avec chacun. Il faut que tu adaptes ton discours pour que \u00e7a fonctionne avec les gens,\u00a0\u00bb ajoute-t-il. Cette capacit\u00e9 d\u2019adaptation, acquise \u00e0 l\u2019UQAC, est aujourd\u2019hui au c\u0153ur de son r\u00f4le de gestionnaire.<\/p>\n","protected":false},"excerpt":{"rendered":"<p>Charles Nadeau ne se d\u00e9finit plus comme un ing\u00e9nieur, mais plut\u00f4t comme un gestionnaire d\u2019ing\u00e9nieurs. Et pour cause\u00a0: \u00e9tudier l\u2019ing\u00e9nierie est une chose, mais savoir g\u00e9rer une \u00e9quipe multidisciplinaire et des projets \u00e0 nature environnementale d\u2019une valeur de 260 millions, c\u2019en est toute une autre! Apr\u00e8s avoir d\u00e9croch\u00e9 deux dipl\u00f4mes \u00e0 l\u2019Universit\u00e9 du Qu\u00e9bec \u00e0 [&hellip;]<\/p>\n","protected":false},"author":5,"featured_media":50451,"comment_status":"closed","ping_status":"open","sticky":false,"template":"","format":"standard","meta":{"footnotes":""},"categories":[2847,248],"tags":[],"yoast_head":"<!-- This site is optimized with the Yoast SEO plugin v24.2 - https:\/\/yoast.com\/wordpress\/plugins\/seo\/ -->\r\n<title>Charles Nadeau : piloter des projets d\u2019envergure - UQACtualit\u00e9s<\/title>\r\n<meta name=\"robots\" content=\"index, follow, max-snippet:-1, max-image-preview:large, max-video-preview:-1\" \/>\r\n<link rel=\"canonical\" href=\"https:\/\/www.uqac.ca\/uqactualites\/2025\/04\/10\/charles-nadeau-piloter-des-projets-denvergure\/\" \/>\r\n<meta property=\"og:locale\" content=\"fr_CA\" \/>\r\n<meta property=\"og:type\" content=\"article\" \/>\r\n<meta property=\"og:title\" content=\"Charles Nadeau : piloter des projets d\u2019envergure - UQACtualit\u00e9s\" \/>\r\n<meta property=\"og:description\" content=\"Charles Nadeau ne se d\u00e9finit plus comme un ing\u00e9nieur, mais plut\u00f4t comme un gestionnaire d\u2019ing\u00e9nieurs. Et pour cause\u00a0: \u00e9tudier l\u2019ing\u00e9nierie est une chose, mais savoir g\u00e9rer une \u00e9quipe multidisciplinaire et des projets \u00e0 nature environnementale d\u2019une valeur de 260 millions, c\u2019en est toute une autre! Apr\u00e8s avoir d\u00e9croch\u00e9 deux dipl\u00f4mes \u00e0 l\u2019Universit\u00e9 du Qu\u00e9bec \u00e0 [&hellip;]\" \/>\r\n<meta property=\"og:url\" content=\"https:\/\/www.uqac.ca\/uqactualites\/2025\/04\/10\/charles-nadeau-piloter-des-projets-denvergure\/\" \/>\r\n<meta property=\"og:site_name\" content=\"UQACtualit\u00e9s\" \/>\r\n<meta property=\"article:published_time\" content=\"2025-04-10T18:02:31+00:00\" \/>\r\n<meta property=\"article:modified_time\" content=\"2025-04-10T18:02:49+00:00\" \/>\r\n<meta property=\"og:image\" content=\"https:\/\/www.uqac.ca\/uqactualites\/wp-content\/uploads\/2025\/04\/NUM_AmbassadeurH25_Uqctualite1920X1080CharlesNadeau.jpg\" \/>\r\n\t<meta property=\"og:image:width\" content=\"1920\" \/>\r\n\t<meta property=\"og:image:height\" content=\"1080\" \/>\r\n\t<meta property=\"og:image:type\" content=\"image\/jpeg\" \/>\r\n<meta name=\"author\" content=\"Service des communications et des relations publiques\" \/>\r\n<meta name=\"twitter:card\" content=\"summary_large_image\" \/>\r\n<meta name=\"twitter:label1\" content=\"\u00c9crit par\" \/>\n\t<meta name=\"twitter:data1\" content=\"Service des communications et des relations publiques\" \/>\n\t<meta name=\"twitter:label2\" content=\"Estimation du temps de lecture\" \/>\n\t<meta name=\"twitter:data2\" content=\"4 minutes\" \/>\r\n<script type=\"application\/ld+json\" class=\"yoast-schema-graph\">{\"@context\":\"https:\/\/schema.org\",\"@graph\":[{\"@type\":\"WebPage\",\"@id\":\"https:\/\/www.uqac.ca\/uqactualites\/2025\/04\/10\/charles-nadeau-piloter-des-projets-denvergure\/\",\"url\":\"https:\/\/www.uqac.ca\/uqactualites\/2025\/04\/10\/charles-nadeau-piloter-des-projets-denvergure\/\",\"name\":\"Charles Nadeau : piloter des projets d\u2019envergure - UQACtualit\u00e9s\",\"isPartOf\":{\"@id\":\"https:\/\/www.uqac.ca\/uqactualites\/#website\"},\"primaryImageOfPage\":{\"@id\":\"https:\/\/www.uqac.ca\/uqactualites\/2025\/04\/10\/charles-nadeau-piloter-des-projets-denvergure\/#primaryimage\"},\"image\":{\"@id\":\"https:\/\/www.uqac.ca\/uqactualites\/2025\/04\/10\/charles-nadeau-piloter-des-projets-denvergure\/#primaryimage\"},\"thumbnailUrl\":\"https:\/\/www.uqac.ca\/uqactualites\/wp-content\/uploads\/2025\/04\/NUM_AmbassadeurH25_Uqctualite1920X1080CharlesNadeau.jpg\",\"datePublished\":\"2025-04-10T18:02:31+00:00\",\"dateModified\":\"2025-04-10T18:02:49+00:00\",\"author\":{\"@id\":\"https:\/\/www.uqac.ca\/uqactualites\/#\/schema\/person\/366c45a0c4f0e677b41b4af5886e2018\"},\"breadcrumb\":{\"@id\":\"https:\/\/www.uqac.ca\/uqactualites\/2025\/04\/10\/charles-nadeau-piloter-des-projets-denvergure\/#breadcrumb\"},\"inLanguage\":\"fr-CA\",\"potentialAction\":[{\"@type\":\"ReadAction\",\"target\":[\"https:\/\/www.uqac.ca\/uqactualites\/2025\/04\/10\/charles-nadeau-piloter-des-projets-denvergure\/\"]}]},{\"@type\":\"ImageObject\",\"inLanguage\":\"fr-CA\",\"@id\":\"https:\/\/www.uqac.ca\/uqactualites\/2025\/04\/10\/charles-nadeau-piloter-des-projets-denvergure\/#primaryimage\",\"url\":\"https:\/\/www.uqac.ca\/uqactualites\/wp-content\/uploads\/2025\/04\/NUM_AmbassadeurH25_Uqctualite1920X1080CharlesNadeau.jpg\",\"contentUrl\":\"https:\/\/www.uqac.ca\/uqactualites\/wp-content\/uploads\/2025\/04\/NUM_AmbassadeurH25_Uqctualite1920X1080CharlesNadeau.jpg\",\"width\":1920,\"height\":1080},{\"@type\":\"BreadcrumbList\",\"@id\":\"https:\/\/www.uqac.ca\/uqactualites\/2025\/04\/10\/charles-nadeau-piloter-des-projets-denvergure\/#breadcrumb\",\"itemListElement\":[{\"@type\":\"ListItem\",\"position\":1,\"name\":\"Home\",\"item\":\"https:\/\/www.uqac.ca\/uqactualites\/\"},{\"@type\":\"ListItem\",\"position\":2,\"name\":\"Charles Nadeau : piloter des projets d\u2019envergure\"}]},{\"@type\":\"WebSite\",\"@id\":\"https:\/\/www.uqac.ca\/uqactualites\/#website\",\"url\":\"https:\/\/www.uqac.ca\/uqactualites\/\",\"name\":\"UQACtualit\u00e9s\",\"description\":\"Le portail des nouvelles de l&#039;UQAC\",\"potentialAction\":[{\"@type\":\"SearchAction\",\"target\":{\"@type\":\"EntryPoint\",\"urlTemplate\":\"https:\/\/www.uqac.ca\/uqactualites\/?s={search_term_string}\"},\"query-input\":{\"@type\":\"PropertyValueSpecification\",\"valueRequired\":true,\"valueName\":\"search_term_string\"}}],\"inLanguage\":\"fr-CA\"},{\"@type\":\"Person\",\"@id\":\"https:\/\/www.uqac.ca\/uqactualites\/#\/schema\/person\/366c45a0c4f0e677b41b4af5886e2018\",\"name\":\"Service des communications et des relations publiques\",\"image\":{\"@type\":\"ImageObject\",\"inLanguage\":\"fr-CA\",\"@id\":\"https:\/\/www.uqac.ca\/uqactualites\/#\/schema\/person\/image\/\",\"url\":\"https:\/\/secure.gravatar.com\/avatar\/20fbbda8a292f59f2d3461a5b999c00b?s=96&d=mm&r=g\",\"contentUrl\":\"https:\/\/secure.gravatar.com\/avatar\/20fbbda8a292f59f2d3461a5b999c00b?s=96&d=mm&r=g\",\"caption\":\"Service des communications et des relations publiques\"},\"url\":\"https:\/\/www.uqac.ca\/uqactualites\/author\/bap\/\"}]}<\/script>\r\n<!-- \/ Yoast SEO plugin. -->","yoast_head_json":{"title":"Charles Nadeau : piloter des projets d\u2019envergure - UQACtualit\u00e9s","robots":{"index":"index","follow":"follow","max-snippet":"max-snippet:-1","max-image-preview":"max-image-preview:large","max-video-preview":"max-video-preview:-1"},"canonical":"https:\/\/www.uqac.ca\/uqactualites\/2025\/04\/10\/charles-nadeau-piloter-des-projets-denvergure\/","og_locale":"fr_CA","og_type":"article","og_title":"Charles Nadeau : piloter des projets d\u2019envergure - UQACtualit\u00e9s","og_description":"Charles Nadeau ne se d\u00e9finit plus comme un ing\u00e9nieur, mais plut\u00f4t comme un gestionnaire d\u2019ing\u00e9nieurs. Et pour cause\u00a0: \u00e9tudier l\u2019ing\u00e9nierie est une chose, mais savoir g\u00e9rer une \u00e9quipe multidisciplinaire et des projets \u00e0 nature environnementale d\u2019une valeur de 260 millions, c\u2019en est toute une autre! Apr\u00e8s avoir d\u00e9croch\u00e9 deux dipl\u00f4mes \u00e0 l\u2019Universit\u00e9 du Qu\u00e9bec \u00e0 [&hellip;]","og_url":"https:\/\/www.uqac.ca\/uqactualites\/2025\/04\/10\/charles-nadeau-piloter-des-projets-denvergure\/","og_site_name":"UQACtualit\u00e9s","article_published_time":"2025-04-10T18:02:31+00:00","article_modified_time":"2025-04-10T18:02:49+00:00","og_image":[{"width":1920,"height":1080,"url":"https:\/\/www.uqac.ca\/uqactualites\/wp-content\/uploads\/2025\/04\/NUM_AmbassadeurH25_Uqctualite1920X1080CharlesNadeau.jpg","type":"image\/jpeg"}],"author":"Service des communications et des relations publiques","twitter_card":"summary_large_image","twitter_misc":{"\u00c9crit par":"Service des communications et des relations publiques","Estimation du temps de lecture":"4 minutes"},"schema":{"@context":"https:\/\/schema.org","@graph":[{"@type":"WebPage","@id":"https:\/\/www.uqac.ca\/uqactualites\/2025\/04\/10\/charles-nadeau-piloter-des-projets-denvergure\/","url":"https:\/\/www.uqac.ca\/uqactualites\/2025\/04\/10\/charles-nadeau-piloter-des-projets-denvergure\/","name":"Charles Nadeau : piloter des projets d\u2019envergure - UQACtualit\u00e9s","isPartOf":{"@id":"https:\/\/www.uqac.ca\/uqactualites\/#website"},"primaryImageOfPage":{"@id":"https:\/\/www.uqac.ca\/uqactualites\/2025\/04\/10\/charles-nadeau-piloter-des-projets-denvergure\/#primaryimage"},"image":{"@id":"https:\/\/www.uqac.ca\/uqactualites\/2025\/04\/10\/charles-nadeau-piloter-des-projets-denvergure\/#primaryimage"},"thumbnailUrl":"https:\/\/www.uqac.ca\/uqactualites\/wp-content\/uploads\/2025\/04\/NUM_AmbassadeurH25_Uqctualite1920X1080CharlesNadeau.jpg","datePublished":"2025-04-10T18:02:31+00:00","dateModified":"2025-04-10T18:02:49+00:00","author":{"@id":"https:\/\/www.uqac.ca\/uqactualites\/#\/schema\/person\/366c45a0c4f0e677b41b4af5886e2018"},"breadcrumb":{"@id":"https:\/\/www.uqac.ca\/uqactualites\/2025\/04\/10\/charles-nadeau-piloter-des-projets-denvergure\/#breadcrumb"},"inLanguage":"fr-CA","potentialAction":[{"@type":"ReadAction","target":["https:\/\/www.uqac.ca\/uqactualites\/2025\/04\/10\/charles-nadeau-piloter-des-projets-denvergure\/"]}]},{"@type":"ImageObject","inLanguage":"fr-CA","@id":"https:\/\/www.uqac.ca\/uqactualites\/2025\/04\/10\/charles-nadeau-piloter-des-projets-denvergure\/#primaryimage","url":"https:\/\/www.uqac.ca\/uqactualites\/wp-content\/uploads\/2025\/04\/NUM_AmbassadeurH25_Uqctualite1920X1080CharlesNadeau.jpg","contentUrl":"https:\/\/www.uqac.ca\/uqactualites\/wp-content\/uploads\/2025\/04\/NUM_AmbassadeurH25_Uqctualite1920X1080CharlesNadeau.jpg","width":1920,"height":1080},{"@type":"BreadcrumbList","@id":"https:\/\/www.uqac.ca\/uqactualites\/2025\/04\/10\/charles-nadeau-piloter-des-projets-denvergure\/#breadcrumb","itemListElement":[{"@type":"ListItem","position":1,"name":"Home","item":"https:\/\/www.uqac.ca\/uqactualites\/"},{"@type":"ListItem","position":2,"name":"Charles Nadeau : piloter des projets d\u2019envergure"}]},{"@type":"WebSite","@id":"https:\/\/www.uqac.ca\/uqactualites\/#website","url":"https:\/\/www.uqac.ca\/uqactualites\/","name":"UQACtualit\u00e9s","description":"Le portail des nouvelles de l&#039;UQAC","potentialAction":[{"@type":"SearchAction","target":{"@type":"EntryPoint","urlTemplate":"https:\/\/www.uqac.ca\/uqactualites\/?s={search_term_string}"},"query-input":{"@type":"PropertyValueSpecification","valueRequired":true,"valueName":"search_term_string"}}],"inLanguage":"fr-CA"},{"@type":"Person","@id":"https:\/\/www.uqac.ca\/uqactualites\/#\/schema\/person\/366c45a0c4f0e677b41b4af5886e2018","name":"Service des communications et des relations publiques","image":{"@type":"ImageObject","inLanguage":"fr-CA","@id":"https:\/\/www.uqac.ca\/uqactualites\/#\/schema\/person\/image\/","url":"https:\/\/secure.gravatar.com\/avatar\/20fbbda8a292f59f2d3461a5b999c00b?s=96&d=mm&r=g","contentUrl":"https:\/\/secure.gravatar.com\/avatar\/20fbbda8a292f59f2d3461a5b999c00b?s=96&d=mm&r=g","caption":"Service des communications et des relations publiques"},"url":"https:\/\/www.uqac.ca\/uqactualites\/author\/bap\/"}]}},"_links":{"self":[{"href":"https:\/\/www.uqac.ca\/uqactualites\/wp-json\/wp\/v2\/posts\/50450"}],"collection":[{"href":"https:\/\/www.uqac.ca\/uqactualites\/wp-json\/wp\/v2\/posts"}],"about":[{"href":"https:\/\/www.uqac.ca\/uqactualites\/wp-json\/wp\/v2\/types\/post"}],"author":[{"embeddable":true,"href":"https:\/\/www.uqac.ca\/uqactualites\/wp-json\/wp\/v2\/users\/5"}],"replies":[{"embeddable":true,"href":"https:\/\/www.uqac.ca\/uqactualites\/wp-json\/wp\/v2\/comments?post=50450"}],"version-history":[{"count":2,"href":"https:\/\/www.uqac.ca\/uqactualites\/wp-json\/wp\/v2\/posts\/50450\/revisions"}],"predecessor-version":[{"id":50453,"href":"https:\/\/www.uqac.ca\/uqactualites\/wp-json\/wp\/v2\/posts\/50450\/revisions\/50453"}],"wp:featuredmedia":[{"embeddable":true,"href":"https:\/\/www.uqac.ca\/uqactualites\/wp-json\/wp\/v2\/media\/50451"}],"wp:attachment":[{"href":"https:\/\/www.uqac.ca\/uqactualites\/wp-json\/wp\/v2\/media?parent=50450"}],"wp:term":[{"taxonomy":"category","embeddable":true,"href":"https:\/\/www.uqac.ca\/uqactualites\/wp-json\/wp\/v2\/categories?post=50450"},{"taxonomy":"post_tag","embeddable":true,"href":"https:\/\/www.uqac.ca\/uqactualites\/wp-json\/wp\/v2\/tags?post=50450"}],"curies":[{"name":"wp","href":"https:\/\/api.w.org\/{rel}","templated":true}]}}