{"id":50483,"date":"2025-04-15T13:44:30","date_gmt":"2025-04-15T17:44:30","guid":{"rendered":"https:\/\/www.uqac.ca\/uqactualites\/?p=50483"},"modified":"2025-04-15T13:44:53","modified_gmt":"2025-04-15T17:44:53","slug":"mohammad-ali-saberi-etudiant-au-doctorat-en-sciences-et-technologies-de-linformation-soutient-sa-these","status":"publish","type":"post","link":"https:\/\/www.uqac.ca\/uqactualites\/2025\/04\/15\/mohammad-ali-saberi-etudiant-au-doctorat-en-sciences-et-technologies-de-linformation-soutient-sa-these\/","title":{"rendered":"Mohammad Ali Saberi, \u00e9tudiant au doctorat en sciences et technologies de l&rsquo;information, soutient sa th\u00e8se"},"content":{"rendered":"<p>\u00c9tudiant au <a href=\"https:\/\/www.uqac.ca\/programme\/3121-doctorat-en-informatique\/\" target=\"_blank\" rel=\"noopener\">doctorat en sciences et technologies de l&rsquo;information<\/a>, Mohammad Ali Saberi a effectu\u00e9 sa soutenance de th\u00e8se le 14 avril 2025. Sous la direction de recherche de <a href=\"https:\/\/portfolio.uqac.ca\/hamidmcheick\/\" target=\"_blank\" rel=\"noopener\">Hamid Mcheick<\/a> (UQAC) et la codirection de Mehdi Adda (UQAR), sa th\u00e8se a pour titre \u00ab<em> Un mod\u00e8le d&rsquo;architecture de donn\u00e9es centr\u00e9 sur le patient pour les syst\u00e8mes d&rsquo;information de sant\u00e9 : am\u00e9liorer l&rsquo;interop\u00e9rabilit\u00e9 des donn\u00e9es de sant\u00e9 gr\u00e2ce \u00e0 la technologie Blockchain\u00a0<\/em>\u00bb.<\/p>\n<p>Sous la pr\u00e9sidence de Hamdi Ben Abdessalem, le jury d&rsquo;\u00e9valuation \u00e9tait compos\u00e9 de Ha\u00effa Nakouri (UQAC) et Bessam Abdulrazak (Universit\u00e9 de Sherbrooke).<\/p>\n<hr \/>\n<h5>R\u00e9sum\u00e9 de la th\u00e8se<\/h5>\n<p>L&rsquo;adoption g\u00e9n\u00e9ralis\u00e9e des dossiers m\u00e9dicaux \u00e9lectroniques (DME) et des syst\u00e8mes d&rsquo;information sur la sant\u00e9 (SIH) a apport\u00e9 des avantages consid\u00e9rables, mais a cr\u00e9\u00e9 des silos de donn\u00e9es fragment\u00e9s entre divers fournisseurs et nations. Les normes d&rsquo;interop\u00e9rabilit\u00e9 telles que Fast Healthcare Interoperability Resources (FHIR) visent \u00e0 faciliter l&rsquo;\u00e9change de donn\u00e9es, mais elles se concentrent principalement sur les \u00e9changes de donn\u00e9es entre institutions et ne peuvent pas prendre en charge l&rsquo;interop\u00e9rabilit\u00e9 des donn\u00e9es centr\u00e9e sur le patient, en particulier lorsque diff\u00e9rents guides de mise en \u0153uvre, politiques de gouvernance ou m\u00eame pays sont impliqu\u00e9s.<\/p>\n<p>En r\u00e9ponse \u00e0 ces d\u00e9fis, cette recherche \u00e9tablit une revue compl\u00e8te de la litt\u00e9rature de 56 \u00e9tudes cl\u00e9s pour identifier les principaux obstacles et les solutions existantes pour l&rsquo;interop\u00e9rabilit\u00e9 des donn\u00e9es. Des analyses qualitatives et quantitatives ont illustr\u00e9 les caract\u00e9ristiques d&rsquo;une solution souhait\u00e9e pour l&rsquo;interop\u00e9rabilit\u00e9 centr\u00e9e sur le patient et ont identifi\u00e9 les caract\u00e9ristiques communes des solutions existantes. De plus, une analyse de similarit\u00e9 de l&rsquo;indice de Jaccard a \u00e9tudi\u00e9 la combinaison commune de l&rsquo;appariement de ces caract\u00e9ristiques. Elle a r\u00e9v\u00e9l\u00e9 l&rsquo;importance des architectures bas\u00e9es sur la blockchain (48 % des \u00e9tudes) et des m\u00e9canismes de r\u00e9cup\u00e9ration des donn\u00e9es personnelles (41 %) comme caract\u00e9ristiques importantes de l&rsquo;interop\u00e9rabilit\u00e9 centr\u00e9e sur le patient. Notamment, le chevauchement le plus \u00e9lev\u00e9 se produit entre la blockchain et la r\u00e9cup\u00e9ration de donn\u00e9es personnelles (indice Jaccard de 0,47), ce qui sugg\u00e8re que la combinaison peut permettre aux patients d&rsquo;acc\u00e9der et de contr\u00f4ler l&rsquo;int\u00e9gralit\u00e9 de leurs dossiers m\u00e9dicaux.<\/p>\n<p>L&rsquo;une des contributions notables de cette th\u00e8se est le d\u00e9veloppement du syst\u00e8me autonome d&rsquo;\u00e9change de dossiers orient\u00e9s patient (APORES), un mod\u00e8le architectural de donn\u00e9es d\u00e9centralis\u00e9 con\u00e7u sur la base du d\u00e9couplage du contenu, du contexte et des politiques des dossiers m\u00e9dicaux. La s\u00e9paration des dossiers m\u00e9dicaux (contenu), des ressources FHIR (contexte) et de la gouvernance des donn\u00e9es (politiques) a permis \u00e0 ce mod\u00e8le architectural d&rsquo;\u00eatre un mod\u00e8le architectural de donn\u00e9es centr\u00e9 sur le patient. APORES exploite la blockchain pour une collaboration et une d\u00e9centralisation s\u00e9curis\u00e9es en tant qu&rsquo;interface unifi\u00e9e qui accorde l&rsquo;acc\u00e8s aux services de r\u00e9cup\u00e9ration de donn\u00e9es personnelles et de cartographie s\u00e9mantique et convertit les dossiers r\u00e9cup\u00e9r\u00e9s en toutes les normes de ressources FHIR divergentes. Le mod\u00e8le est valid\u00e9 par un test d&rsquo;interop\u00e9rabilit\u00e9 bas\u00e9 sur des sc\u00e9narios, d\u00e9montrant sa faisabilit\u00e9 dans la r\u00e9cup\u00e9ration et la conversion de dossiers m\u00e9dicaux entre des syst\u00e8mes h\u00e9t\u00e9rog\u00e8nes. APORES est un mod\u00e8le d&rsquo;architecture de donn\u00e9es centr\u00e9 sur le patient qui utilise une architecture d\u00e9centralis\u00e9e pour augmenter la flexibilit\u00e9 dans l&rsquo;application d&rsquo;une gouvernance personnalis\u00e9e aux dossiers m\u00e9dicaux. Cette recherche d\u00e9veloppe \u00e0 la fois des fondements scientifiques et des mod\u00e8les d&rsquo;architecture pratiques les uns \u00e0 c\u00f4t\u00e9 des autres pour cr\u00e9er des preuves \u00e0 l&rsquo;appui de l&rsquo;hypoth\u00e8se avanc\u00e9e.<\/p>\n<p>&nbsp;<\/p>\n<p>F\u00e9licitations \u00e0 Mohammad Ali Saberi pour la soutenance de sa th\u00e8se de doctorat!<\/p>\n","protected":false},"excerpt":{"rendered":"<p>\u00c9tudiant au doctorat en sciences et technologies de l&rsquo;information, Mohammad Ali Saberi a effectu\u00e9 sa soutenance de th\u00e8se le 14 avril 2025. Sous la direction de recherche de Hamid Mcheick (UQAC) et la codirection de Mehdi Adda (UQAR), sa th\u00e8se a pour titre \u00ab Un mod\u00e8le d&rsquo;architecture de donn\u00e9es centr\u00e9 sur le patient pour les [&hellip;]<\/p>\n","protected":false},"author":5,"featured_media":50484,"comment_status":"closed","ping_status":"open","sticky":false,"template":"","format":"standard","meta":{"footnotes":""},"categories":[2913],"tags":[],"yoast_head":"<!-- This site is optimized with the Yoast SEO plugin v24.2 - https:\/\/yoast.com\/wordpress\/plugins\/seo\/ -->\r\n<title>Mohammad Ali Saberi, \u00e9tudiant au doctorat en sciences et technologies de l&#039;information, soutient sa th\u00e8se - UQACtualit\u00e9s<\/title>\r\n<meta name=\"robots\" content=\"index, follow, max-snippet:-1, max-image-preview:large, max-video-preview:-1\" \/>\r\n<link rel=\"canonical\" href=\"https:\/\/www.uqac.ca\/uqactualites\/2025\/04\/15\/mohammad-ali-saberi-etudiant-au-doctorat-en-sciences-et-technologies-de-linformation-soutient-sa-these\/\" \/>\r\n<meta property=\"og:locale\" content=\"fr_CA\" \/>\r\n<meta property=\"og:type\" content=\"article\" \/>\r\n<meta property=\"og:title\" content=\"Mohammad Ali Saberi, \u00e9tudiant au doctorat en sciences et technologies de l&#039;information, soutient sa th\u00e8se - UQACtualit\u00e9s\" \/>\r\n<meta property=\"og:description\" content=\"\u00c9tudiant au doctorat en sciences et technologies de l&rsquo;information, Mohammad Ali Saberi a effectu\u00e9 sa soutenance de th\u00e8se le 14 avril 2025. Sous la direction de recherche de Hamid Mcheick (UQAC) et la codirection de Mehdi Adda (UQAR), sa th\u00e8se a pour titre \u00ab Un mod\u00e8le d&rsquo;architecture de donn\u00e9es centr\u00e9 sur le patient pour les [&hellip;]\" \/>\r\n<meta property=\"og:url\" content=\"https:\/\/www.uqac.ca\/uqactualites\/2025\/04\/15\/mohammad-ali-saberi-etudiant-au-doctorat-en-sciences-et-technologies-de-linformation-soutient-sa-these\/\" \/>\r\n<meta property=\"og:site_name\" content=\"UQACtualit\u00e9s\" \/>\r\n<meta property=\"article:published_time\" content=\"2025-04-15T17:44:30+00:00\" \/>\r\n<meta property=\"article:modified_time\" content=\"2025-04-15T17:44:53+00:00\" \/>\r\n<meta property=\"og:image\" content=\"https:\/\/www.uqac.ca\/uqactualites\/wp-content\/uploads\/2025\/04\/Mohammad-Ali-Saberi-1024x576.png\" \/>\r\n\t<meta property=\"og:image:width\" content=\"1024\" \/>\r\n\t<meta property=\"og:image:height\" content=\"576\" \/>\r\n\t<meta property=\"og:image:type\" content=\"image\/png\" \/>\r\n<meta name=\"author\" content=\"Service des communications et des relations publiques\" \/>\r\n<meta name=\"twitter:card\" content=\"summary_large_image\" \/>\r\n<meta name=\"twitter:label1\" content=\"\u00c9crit par\" \/>\n\t<meta name=\"twitter:data1\" content=\"Service des communications et des relations publiques\" \/>\n\t<meta name=\"twitter:label2\" content=\"Estimation du temps de lecture\" \/>\n\t<meta name=\"twitter:data2\" content=\"4 minutes\" \/>\r\n<script type=\"application\/ld+json\" class=\"yoast-schema-graph\">{\"@context\":\"https:\/\/schema.org\",\"@graph\":[{\"@type\":\"WebPage\",\"@id\":\"https:\/\/www.uqac.ca\/uqactualites\/2025\/04\/15\/mohammad-ali-saberi-etudiant-au-doctorat-en-sciences-et-technologies-de-linformation-soutient-sa-these\/\",\"url\":\"https:\/\/www.uqac.ca\/uqactualites\/2025\/04\/15\/mohammad-ali-saberi-etudiant-au-doctorat-en-sciences-et-technologies-de-linformation-soutient-sa-these\/\",\"name\":\"Mohammad Ali Saberi, \u00e9tudiant au doctorat en sciences et technologies de l'information, soutient sa th\u00e8se - UQACtualit\u00e9s\",\"isPartOf\":{\"@id\":\"https:\/\/www.uqac.ca\/uqactualites\/#website\"},\"primaryImageOfPage\":{\"@id\":\"https:\/\/www.uqac.ca\/uqactualites\/2025\/04\/15\/mohammad-ali-saberi-etudiant-au-doctorat-en-sciences-et-technologies-de-linformation-soutient-sa-these\/#primaryimage\"},\"image\":{\"@id\":\"https:\/\/www.uqac.ca\/uqactualites\/2025\/04\/15\/mohammad-ali-saberi-etudiant-au-doctorat-en-sciences-et-technologies-de-linformation-soutient-sa-these\/#primaryimage\"},\"thumbnailUrl\":\"https:\/\/www.uqac.ca\/uqactualites\/wp-content\/uploads\/2025\/04\/Mohammad-Ali-Saberi.png\",\"datePublished\":\"2025-04-15T17:44:30+00:00\",\"dateModified\":\"2025-04-15T17:44:53+00:00\",\"author\":{\"@id\":\"https:\/\/www.uqac.ca\/uqactualites\/#\/schema\/person\/366c45a0c4f0e677b41b4af5886e2018\"},\"breadcrumb\":{\"@id\":\"https:\/\/www.uqac.ca\/uqactualites\/2025\/04\/15\/mohammad-ali-saberi-etudiant-au-doctorat-en-sciences-et-technologies-de-linformation-soutient-sa-these\/#breadcrumb\"},\"inLanguage\":\"fr-CA\",\"potentialAction\":[{\"@type\":\"ReadAction\",\"target\":[\"https:\/\/www.uqac.ca\/uqactualites\/2025\/04\/15\/mohammad-ali-saberi-etudiant-au-doctorat-en-sciences-et-technologies-de-linformation-soutient-sa-these\/\"]}]},{\"@type\":\"ImageObject\",\"inLanguage\":\"fr-CA\",\"@id\":\"https:\/\/www.uqac.ca\/uqactualites\/2025\/04\/15\/mohammad-ali-saberi-etudiant-au-doctorat-en-sciences-et-technologies-de-linformation-soutient-sa-these\/#primaryimage\",\"url\":\"https:\/\/www.uqac.ca\/uqactualites\/wp-content\/uploads\/2025\/04\/Mohammad-Ali-Saberi.png\",\"contentUrl\":\"https:\/\/www.uqac.ca\/uqactualites\/wp-content\/uploads\/2025\/04\/Mohammad-Ali-Saberi.png\",\"width\":1920,\"height\":1080},{\"@type\":\"BreadcrumbList\",\"@id\":\"https:\/\/www.uqac.ca\/uqactualites\/2025\/04\/15\/mohammad-ali-saberi-etudiant-au-doctorat-en-sciences-et-technologies-de-linformation-soutient-sa-these\/#breadcrumb\",\"itemListElement\":[{\"@type\":\"ListItem\",\"position\":1,\"name\":\"Home\",\"item\":\"https:\/\/www.uqac.ca\/uqactualites\/\"},{\"@type\":\"ListItem\",\"position\":2,\"name\":\"Mohammad Ali Saberi, \u00e9tudiant au doctorat en sciences et technologies de l&rsquo;information, soutient sa th\u00e8se\"}]},{\"@type\":\"WebSite\",\"@id\":\"https:\/\/www.uqac.ca\/uqactualites\/#website\",\"url\":\"https:\/\/www.uqac.ca\/uqactualites\/\",\"name\":\"UQACtualit\u00e9s\",\"description\":\"Le portail des nouvelles de l&#039;UQAC\",\"potentialAction\":[{\"@type\":\"SearchAction\",\"target\":{\"@type\":\"EntryPoint\",\"urlTemplate\":\"https:\/\/www.uqac.ca\/uqactualites\/?s={search_term_string}\"},\"query-input\":{\"@type\":\"PropertyValueSpecification\",\"valueRequired\":true,\"valueName\":\"search_term_string\"}}],\"inLanguage\":\"fr-CA\"},{\"@type\":\"Person\",\"@id\":\"https:\/\/www.uqac.ca\/uqactualites\/#\/schema\/person\/366c45a0c4f0e677b41b4af5886e2018\",\"name\":\"Service des communications et des relations publiques\",\"image\":{\"@type\":\"ImageObject\",\"inLanguage\":\"fr-CA\",\"@id\":\"https:\/\/www.uqac.ca\/uqactualites\/#\/schema\/person\/image\/\",\"url\":\"https:\/\/secure.gravatar.com\/avatar\/20fbbda8a292f59f2d3461a5b999c00b?s=96&d=mm&r=g\",\"contentUrl\":\"https:\/\/secure.gravatar.com\/avatar\/20fbbda8a292f59f2d3461a5b999c00b?s=96&d=mm&r=g\",\"caption\":\"Service des communications et des relations publiques\"},\"url\":\"https:\/\/www.uqac.ca\/uqactualites\/author\/bap\/\"}]}<\/script>\r\n<!-- \/ Yoast SEO plugin. -->","yoast_head_json":{"title":"Mohammad Ali Saberi, \u00e9tudiant au doctorat en sciences et technologies de l'information, soutient sa th\u00e8se - UQACtualit\u00e9s","robots":{"index":"index","follow":"follow","max-snippet":"max-snippet:-1","max-image-preview":"max-image-preview:large","max-video-preview":"max-video-preview:-1"},"canonical":"https:\/\/www.uqac.ca\/uqactualites\/2025\/04\/15\/mohammad-ali-saberi-etudiant-au-doctorat-en-sciences-et-technologies-de-linformation-soutient-sa-these\/","og_locale":"fr_CA","og_type":"article","og_title":"Mohammad Ali Saberi, \u00e9tudiant au doctorat en sciences et technologies de l'information, soutient sa th\u00e8se - UQACtualit\u00e9s","og_description":"\u00c9tudiant au doctorat en sciences et technologies de l&rsquo;information, Mohammad Ali Saberi a effectu\u00e9 sa soutenance de th\u00e8se le 14 avril 2025. Sous la direction de recherche de Hamid Mcheick (UQAC) et la codirection de Mehdi Adda (UQAR), sa th\u00e8se a pour titre \u00ab Un mod\u00e8le d&rsquo;architecture de donn\u00e9es centr\u00e9 sur le patient pour les [&hellip;]","og_url":"https:\/\/www.uqac.ca\/uqactualites\/2025\/04\/15\/mohammad-ali-saberi-etudiant-au-doctorat-en-sciences-et-technologies-de-linformation-soutient-sa-these\/","og_site_name":"UQACtualit\u00e9s","article_published_time":"2025-04-15T17:44:30+00:00","article_modified_time":"2025-04-15T17:44:53+00:00","og_image":[{"width":1024,"height":576,"url":"https:\/\/www.uqac.ca\/uqactualites\/wp-content\/uploads\/2025\/04\/Mohammad-Ali-Saberi-1024x576.png","type":"image\/png"}],"author":"Service des communications et des relations publiques","twitter_card":"summary_large_image","twitter_misc":{"\u00c9crit par":"Service des communications et des relations publiques","Estimation du temps de lecture":"4 minutes"},"schema":{"@context":"https:\/\/schema.org","@graph":[{"@type":"WebPage","@id":"https:\/\/www.uqac.ca\/uqactualites\/2025\/04\/15\/mohammad-ali-saberi-etudiant-au-doctorat-en-sciences-et-technologies-de-linformation-soutient-sa-these\/","url":"https:\/\/www.uqac.ca\/uqactualites\/2025\/04\/15\/mohammad-ali-saberi-etudiant-au-doctorat-en-sciences-et-technologies-de-linformation-soutient-sa-these\/","name":"Mohammad Ali Saberi, \u00e9tudiant au doctorat en sciences et technologies de l'information, soutient sa th\u00e8se - UQACtualit\u00e9s","isPartOf":{"@id":"https:\/\/www.uqac.ca\/uqactualites\/#website"},"primaryImageOfPage":{"@id":"https:\/\/www.uqac.ca\/uqactualites\/2025\/04\/15\/mohammad-ali-saberi-etudiant-au-doctorat-en-sciences-et-technologies-de-linformation-soutient-sa-these\/#primaryimage"},"image":{"@id":"https:\/\/www.uqac.ca\/uqactualites\/2025\/04\/15\/mohammad-ali-saberi-etudiant-au-doctorat-en-sciences-et-technologies-de-linformation-soutient-sa-these\/#primaryimage"},"thumbnailUrl":"https:\/\/www.uqac.ca\/uqactualites\/wp-content\/uploads\/2025\/04\/Mohammad-Ali-Saberi.png","datePublished":"2025-04-15T17:44:30+00:00","dateModified":"2025-04-15T17:44:53+00:00","author":{"@id":"https:\/\/www.uqac.ca\/uqactualites\/#\/schema\/person\/366c45a0c4f0e677b41b4af5886e2018"},"breadcrumb":{"@id":"https:\/\/www.uqac.ca\/uqactualites\/2025\/04\/15\/mohammad-ali-saberi-etudiant-au-doctorat-en-sciences-et-technologies-de-linformation-soutient-sa-these\/#breadcrumb"},"inLanguage":"fr-CA","potentialAction":[{"@type":"ReadAction","target":["https:\/\/www.uqac.ca\/uqactualites\/2025\/04\/15\/mohammad-ali-saberi-etudiant-au-doctorat-en-sciences-et-technologies-de-linformation-soutient-sa-these\/"]}]},{"@type":"ImageObject","inLanguage":"fr-CA","@id":"https:\/\/www.uqac.ca\/uqactualites\/2025\/04\/15\/mohammad-ali-saberi-etudiant-au-doctorat-en-sciences-et-technologies-de-linformation-soutient-sa-these\/#primaryimage","url":"https:\/\/www.uqac.ca\/uqactualites\/wp-content\/uploads\/2025\/04\/Mohammad-Ali-Saberi.png","contentUrl":"https:\/\/www.uqac.ca\/uqactualites\/wp-content\/uploads\/2025\/04\/Mohammad-Ali-Saberi.png","width":1920,"height":1080},{"@type":"BreadcrumbList","@id":"https:\/\/www.uqac.ca\/uqactualites\/2025\/04\/15\/mohammad-ali-saberi-etudiant-au-doctorat-en-sciences-et-technologies-de-linformation-soutient-sa-these\/#breadcrumb","itemListElement":[{"@type":"ListItem","position":1,"name":"Home","item":"https:\/\/www.uqac.ca\/uqactualites\/"},{"@type":"ListItem","position":2,"name":"Mohammad Ali Saberi, \u00e9tudiant au doctorat en sciences et technologies de l&rsquo;information, soutient sa th\u00e8se"}]},{"@type":"WebSite","@id":"https:\/\/www.uqac.ca\/uqactualites\/#website","url":"https:\/\/www.uqac.ca\/uqactualites\/","name":"UQACtualit\u00e9s","description":"Le portail des nouvelles de l&#039;UQAC","potentialAction":[{"@type":"SearchAction","target":{"@type":"EntryPoint","urlTemplate":"https:\/\/www.uqac.ca\/uqactualites\/?s={search_term_string}"},"query-input":{"@type":"PropertyValueSpecification","valueRequired":true,"valueName":"search_term_string"}}],"inLanguage":"fr-CA"},{"@type":"Person","@id":"https:\/\/www.uqac.ca\/uqactualites\/#\/schema\/person\/366c45a0c4f0e677b41b4af5886e2018","name":"Service des communications et des relations publiques","image":{"@type":"ImageObject","inLanguage":"fr-CA","@id":"https:\/\/www.uqac.ca\/uqactualites\/#\/schema\/person\/image\/","url":"https:\/\/secure.gravatar.com\/avatar\/20fbbda8a292f59f2d3461a5b999c00b?s=96&d=mm&r=g","contentUrl":"https:\/\/secure.gravatar.com\/avatar\/20fbbda8a292f59f2d3461a5b999c00b?s=96&d=mm&r=g","caption":"Service des communications et des relations publiques"},"url":"https:\/\/www.uqac.ca\/uqactualites\/author\/bap\/"}]}},"_links":{"self":[{"href":"https:\/\/www.uqac.ca\/uqactualites\/wp-json\/wp\/v2\/posts\/50483"}],"collection":[{"href":"https:\/\/www.uqac.ca\/uqactualites\/wp-json\/wp\/v2\/posts"}],"about":[{"href":"https:\/\/www.uqac.ca\/uqactualites\/wp-json\/wp\/v2\/types\/post"}],"author":[{"embeddable":true,"href":"https:\/\/www.uqac.ca\/uqactualites\/wp-json\/wp\/v2\/users\/5"}],"replies":[{"embeddable":true,"href":"https:\/\/www.uqac.ca\/uqactualites\/wp-json\/wp\/v2\/comments?post=50483"}],"version-history":[{"count":3,"href":"https:\/\/www.uqac.ca\/uqactualites\/wp-json\/wp\/v2\/posts\/50483\/revisions"}],"predecessor-version":[{"id":50488,"href":"https:\/\/www.uqac.ca\/uqactualites\/wp-json\/wp\/v2\/posts\/50483\/revisions\/50488"}],"wp:featuredmedia":[{"embeddable":true,"href":"https:\/\/www.uqac.ca\/uqactualites\/wp-json\/wp\/v2\/media\/50484"}],"wp:attachment":[{"href":"https:\/\/www.uqac.ca\/uqactualites\/wp-json\/wp\/v2\/media?parent=50483"}],"wp:term":[{"taxonomy":"category","embeddable":true,"href":"https:\/\/www.uqac.ca\/uqactualites\/wp-json\/wp\/v2\/categories?post=50483"},{"taxonomy":"post_tag","embeddable":true,"href":"https:\/\/www.uqac.ca\/uqactualites\/wp-json\/wp\/v2\/tags?post=50483"}],"curies":[{"name":"wp","href":"https:\/\/api.w.org\/{rel}","templated":true}]}}