{"id":50489,"date":"2025-04-16T09:08:09","date_gmt":"2025-04-16T13:08:09","guid":{"rendered":"https:\/\/www.uqac.ca\/uqactualites\/?p=50489"},"modified":"2025-04-17T14:41:05","modified_gmt":"2025-04-17T18:41:05","slug":"les-inuk-se-racontent-en-balado","status":"publish","type":"post","link":"https:\/\/www.uqac.ca\/uqactualites\/2025\/04\/16\/les-inuk-se-racontent-en-balado\/","title":{"rendered":"Les Inuk se racontent en balado"},"content":{"rendered":"<p>Dans le cadre des <a href=\"https:\/\/www.uqac.ca\/reconnaissance\/\">F\u00eates de la reconnaissance 2025<\/a>, la communaut\u00e9 universitaire s\u2019est r\u00e9unie le mardi 15 avril au centre social de l\u2019UQAC pour assister \u00e0 l\u2019enregistrement d\u2019un \u00e9pisode sp\u00e9cial du <a href=\"https:\/\/www.uqac.ca\/reconnaissance\/balado-inuk\/\">balado Ma vie de campus<\/a>, enti\u00e8rement d\u00e9di\u00e9 au sport universitaire et aux \u00e9tudiantes et \u00e9tudiants athl\u00e8tes qui l&rsquo;incarnent.<\/p>\n<p>Anim\u00e9 par Fr\u00e9d\u00e9ric Tremblay, journaliste et animateur \u00e0 Radio-Canada, cet \u00e9v\u00e9nement unique a mis en lumi\u00e8re le parcours inspirant de quatre \u00e9tudiantes et \u00e9tudiants athl\u00e8tes des <a href=\"https:\/\/www.uqac.ca\/inuk\/\">Inuk de l\u2019UQAC<\/a>. Accompagn\u00e9s de Marie-Claude Duchesne, responsable de l\u2019administration et de la programmation du Pavillon sportif, les \u00e9tudiants ont pu faire un retour sur la saison 2024-2025. Succ\u00e8s, d\u00e9fis, objectifs : la discussion a permis aux spectateurs de d\u00e9couvrir les coulisses du sport universitaire \u00e0 l\u2019UQAC et de plonger dans un \u00e9change captivant sur les enjeux et les passions qui animent nos athl\u00e8tes et notre communaut\u00e9.<\/p>\n<h6><img loading=\"lazy\" decoding=\"async\" class=\" wp-image-50499 alignleft\" src=\"https:\/\/www.uqac.ca\/uqactualites\/wp-content\/uploads\/2025\/04\/Leopold-Chec-240x300.jpg\" alt=\"\" width=\"150\" height=\"188\" srcset=\"https:\/\/www.uqac.ca\/uqactualites\/wp-content\/uploads\/2025\/04\/Leopold-Chec-240x300.jpg 240w, https:\/\/www.uqac.ca\/uqactualites\/wp-content\/uploads\/2025\/04\/Leopold-Chec-150x188.jpg 150w, https:\/\/www.uqac.ca\/uqactualites\/wp-content\/uploads\/2025\/04\/Leopold-Chec-300x375.jpg 300w, https:\/\/www.uqac.ca\/uqactualites\/wp-content\/uploads\/2025\/04\/Leopold-Chec.jpg 640w\" sizes=\"(max-width: 150px) 100vw, 150px\" \/>L\u00e9opold Chec<\/h6>\n<p>\u00c9tudiant \u00e0 la ma\u00eetrise en gestion des organisations, L\u00e9opold est membre des \u00e9quipes de cross-country et d\u2019athl\u00e9tisme. Athl\u00e8te rigoureux et engag\u00e9, il agit \u00e9galement comme vice-pr\u00e9sident aux finances dans une association \u00e9tudiante. <strong>L\u00e9opold incarne parfaitement l\u2019\u00e9tudiant-athl\u00e8te engag\u00e9, d\u00e9termin\u00e9 et inspirant.<\/strong><\/p>\n<h6 style=\"text-align: right;\"><img loading=\"lazy\" decoding=\"async\" class=\"wp-image-50502 alignright\" src=\"https:\/\/www.uqac.ca\/uqactualites\/wp-content\/uploads\/2025\/04\/Nina-Olivier-240x300-1.jpg\" alt=\"\" width=\"150\" height=\"188\" srcset=\"https:\/\/www.uqac.ca\/uqactualites\/wp-content\/uploads\/2025\/04\/Nina-Olivier-240x300-1.jpg 240w, https:\/\/www.uqac.ca\/uqactualites\/wp-content\/uploads\/2025\/04\/Nina-Olivier-240x300-1-150x188.jpg 150w\" sizes=\"(max-width: 150px) 100vw, 150px\" \/>Nina Olivier<\/h6>\n<p style=\"text-align: right;\">\u00c9tudiante \u00e0 la ma\u00eetrise en sant\u00e9 durable et perchiste au sein de l&rsquo;\u00e9quipe d&rsquo;athl\u00e9tisme, Nina est m\u00e9daill\u00e9e aux championnats provinciaux et class\u00e9e parmi les meilleures du Qu\u00e9bec. Elle s\u2019implique aussi comme entra\u00eeneuse dans deux clubs r\u00e9gionaux, faisant rayonner sa discipline \u00e0 travers le Saguenay. <strong>Sur le terrain comme dans la communaut\u00e9, Nina incarne l\u2019esprit Inuk : performance, implication et passion.<\/strong><\/p>\n<h6><img loading=\"lazy\" decoding=\"async\" class=\"wp-image-50498 alignleft\" src=\"https:\/\/www.uqac.ca\/uqactualites\/wp-content\/uploads\/2025\/04\/INUK_Justin-Trottier-9-240x300.jpg\" alt=\"\" width=\"150\" height=\"188\" srcset=\"https:\/\/www.uqac.ca\/uqactualites\/wp-content\/uploads\/2025\/04\/INUK_Justin-Trottier-9-240x300.jpg 240w, https:\/\/www.uqac.ca\/uqactualites\/wp-content\/uploads\/2025\/04\/INUK_Justin-Trottier-9-150x188.jpg 150w, https:\/\/www.uqac.ca\/uqactualites\/wp-content\/uploads\/2025\/04\/INUK_Justin-Trottier-9-300x375.jpg 300w, https:\/\/www.uqac.ca\/uqactualites\/wp-content\/uploads\/2025\/04\/INUK_Justin-Trottier-9.jpg 640w\" sizes=\"(max-width: 150px) 100vw, 150px\" \/>Justin Trottier<\/h6>\n<p>\u00c9tudiant au baccalaur\u00e9at en enseignement de l&rsquo;\u00e9ducation physique et \u00e0 la sant\u00e9, Justin est un pilier d\u00e9fensif de l\u2019\u00e9quipe de hockey masculin. Mod\u00e8le de constance, de progression et de leadership, l&rsquo;athl\u00e8te a d&rsquo;ailleurs \u00e9t\u00e9 nomm\u00e9 joueur d\u00e9fensif de l\u2019ann\u00e9e lors du Gala des Inuk 2025. <strong>Consid\u00e9r\u00e9 par le personnel d\u2019entra\u00eeneurs comme la plus belle progression depuis le d\u00e9but du programme, il est sans conteste l\u2019un des moteurs du futur groupe de leaders de l\u2019\u00e9quipe.<\/strong><\/p>\n<h6 style=\"text-align: right;\"><img loading=\"lazy\" decoding=\"async\" class=\"wp-image-50501 alignright\" src=\"https:\/\/www.uqac.ca\/uqactualites\/wp-content\/uploads\/2025\/04\/Sandrine-Beliveau-1-240x300.jpg\" alt=\"\" width=\"150\" height=\"188\" srcset=\"https:\/\/www.uqac.ca\/uqactualites\/wp-content\/uploads\/2025\/04\/Sandrine-Beliveau-1-240x300.jpg 240w, https:\/\/www.uqac.ca\/uqactualites\/wp-content\/uploads\/2025\/04\/Sandrine-Beliveau-1-150x188.jpg 150w, https:\/\/www.uqac.ca\/uqactualites\/wp-content\/uploads\/2025\/04\/Sandrine-Beliveau-1-300x375.jpg 300w, https:\/\/www.uqac.ca\/uqactualites\/wp-content\/uploads\/2025\/04\/Sandrine-Beliveau-1.jpg 640w\" sizes=\"(max-width: 150px) 100vw, 150px\" \/>Sandrine B\u00e9liveau<\/h6>\n<p style=\"text-align: right;\">\u00c9tudiante au baccalaur\u00e9at en physioth\u00e9rapie, Sandrine est une recrue de l\u2019\u00e9quipe de volleyball f\u00e9minin D1. Athl\u00e8te fiable, engag\u00e9e et toujours pr\u00eate \u00e0 relever les d\u00e9fis, son engagement d\u00e9passe le terrain. <strong>Entre performance, engagement et passion, Sandrine B\u00e9liveau repr\u00e9sente parfaitement la rel\u00e8ve Inuk.<\/strong><\/p>\n<p>&nbsp;<\/p>\n<h4><\/h4>\n<h4 style=\"text-align: center;\">\u00c9coutez l&rsquo;\u00e9pisode d\u00e8s maintenant!<a href=\"https:\/\/open.spotify.com\/episode\/1xhuMRktg6d3w406ottD4p?si=6a9da6fc39be4ac0&amp;nd=1&amp;dlsi=6fbdd8be299d4fa1\"><img loading=\"lazy\" decoding=\"async\" class=\"aligncenter size-large wp-image-50575\" src=\"https:\/\/www.uqac.ca\/uqactualites\/wp-content\/uploads\/2025\/04\/BaladoSpotify-1024x138.png\" alt=\"\" width=\"696\" height=\"94\" srcset=\"https:\/\/www.uqac.ca\/uqactualites\/wp-content\/uploads\/2025\/04\/BaladoSpotify-1024x138.png 1024w, https:\/\/www.uqac.ca\/uqactualites\/wp-content\/uploads\/2025\/04\/BaladoSpotify-300x40.png 300w, https:\/\/www.uqac.ca\/uqactualites\/wp-content\/uploads\/2025\/04\/BaladoSpotify-768x103.png 768w, https:\/\/www.uqac.ca\/uqactualites\/wp-content\/uploads\/2025\/04\/BaladoSpotify-150x20.png 150w, https:\/\/www.uqac.ca\/uqactualites\/wp-content\/uploads\/2025\/04\/BaladoSpotify-696x94.png 696w, https:\/\/www.uqac.ca\/uqactualites\/wp-content\/uploads\/2025\/04\/BaladoSpotify-1068x144.png 1068w, https:\/\/www.uqac.ca\/uqactualites\/wp-content\/uploads\/2025\/04\/BaladoSpotify.png 1189w\" sizes=\"(max-width: 696px) 100vw, 696px\" \/><\/a><\/h4>\n","protected":false},"excerpt":{"rendered":"<p>Dans le cadre des F\u00eates de la reconnaissance 2025, la communaut\u00e9 universitaire s\u2019est r\u00e9unie le mardi 15 avril au centre social de l\u2019UQAC pour assister \u00e0 l\u2019enregistrement d\u2019un \u00e9pisode sp\u00e9cial du balado Ma vie de campus, enti\u00e8rement d\u00e9di\u00e9 au sport universitaire et aux \u00e9tudiantes et \u00e9tudiants athl\u00e8tes qui l&rsquo;incarnent. Anim\u00e9 par Fr\u00e9d\u00e9ric Tremblay, journaliste et [&hellip;]<\/p>\n","protected":false},"author":5,"featured_media":50491,"comment_status":"closed","ping_status":"open","sticky":false,"template":"","format":"standard","meta":{"footnotes":""},"categories":[2795,2,61,2773],"tags":[],"yoast_head":"<!-- This site is optimized with the Yoast SEO plugin v24.2 - https:\/\/yoast.com\/wordpress\/plugins\/seo\/ -->\r\n<title>Les Inuk se racontent en balado - UQACtualit\u00e9s<\/title>\r\n<meta name=\"robots\" content=\"index, follow, max-snippet:-1, max-image-preview:large, max-video-preview:-1\" \/>\r\n<link rel=\"canonical\" href=\"https:\/\/www.uqac.ca\/uqactualites\/2025\/04\/16\/les-inuk-se-racontent-en-balado\/\" \/>\r\n<meta property=\"og:locale\" content=\"fr_CA\" \/>\r\n<meta property=\"og:type\" content=\"article\" \/>\r\n<meta property=\"og:title\" content=\"Les Inuk se racontent en balado - UQACtualit\u00e9s\" \/>\r\n<meta property=\"og:description\" content=\"Dans le cadre des F\u00eates de la reconnaissance 2025, la communaut\u00e9 universitaire s\u2019est r\u00e9unie le mardi 15 avril au centre social de l\u2019UQAC pour assister \u00e0 l\u2019enregistrement d\u2019un \u00e9pisode sp\u00e9cial du balado Ma vie de campus, enti\u00e8rement d\u00e9di\u00e9 au sport universitaire et aux \u00e9tudiantes et \u00e9tudiants athl\u00e8tes qui l&rsquo;incarnent. Anim\u00e9 par Fr\u00e9d\u00e9ric Tremblay, journaliste et [&hellip;]\" \/>\r\n<meta property=\"og:url\" content=\"https:\/\/www.uqac.ca\/uqactualites\/2025\/04\/16\/les-inuk-se-racontent-en-balado\/\" \/>\r\n<meta property=\"og:site_name\" content=\"UQACtualit\u00e9s\" \/>\r\n<meta property=\"article:published_time\" content=\"2025-04-16T13:08:09+00:00\" \/>\r\n<meta property=\"article:modified_time\" content=\"2025-04-17T18:41:05+00:00\" \/>\r\n<meta property=\"og:image\" content=\"https:\/\/www.uqac.ca\/uqactualites\/wp-content\/uploads\/2025\/04\/podcast-inuk-mduhaime-h25-3.jpg\" \/>\r\n\t<meta property=\"og:image:width\" content=\"1920\" \/>\r\n\t<meta property=\"og:image:height\" content=\"737\" \/>\r\n\t<meta property=\"og:image:type\" content=\"image\/jpeg\" \/>\r\n<meta name=\"author\" content=\"Service des communications et des relations publiques\" \/>\r\n<meta name=\"twitter:card\" content=\"summary_large_image\" \/>\r\n<meta name=\"twitter:label1\" content=\"\u00c9crit par\" \/>\n\t<meta name=\"twitter:data1\" content=\"Service des communications et des relations publiques\" \/>\n\t<meta name=\"twitter:label2\" content=\"Estimation du temps de lecture\" \/>\n\t<meta name=\"twitter:data2\" content=\"4 minutes\" \/>\r\n<script type=\"application\/ld+json\" class=\"yoast-schema-graph\">{\"@context\":\"https:\/\/schema.org\",\"@graph\":[{\"@type\":\"WebPage\",\"@id\":\"https:\/\/www.uqac.ca\/uqactualites\/2025\/04\/16\/les-inuk-se-racontent-en-balado\/\",\"url\":\"https:\/\/www.uqac.ca\/uqactualites\/2025\/04\/16\/les-inuk-se-racontent-en-balado\/\",\"name\":\"Les Inuk se racontent en balado - UQACtualit\u00e9s\",\"isPartOf\":{\"@id\":\"https:\/\/www.uqac.ca\/uqactualites\/#website\"},\"primaryImageOfPage\":{\"@id\":\"https:\/\/www.uqac.ca\/uqactualites\/2025\/04\/16\/les-inuk-se-racontent-en-balado\/#primaryimage\"},\"image\":{\"@id\":\"https:\/\/www.uqac.ca\/uqactualites\/2025\/04\/16\/les-inuk-se-racontent-en-balado\/#primaryimage\"},\"thumbnailUrl\":\"https:\/\/www.uqac.ca\/uqactualites\/wp-content\/uploads\/2025\/04\/podcast-inuk-mduhaime-h25-3.jpg\",\"datePublished\":\"2025-04-16T13:08:09+00:00\",\"dateModified\":\"2025-04-17T18:41:05+00:00\",\"author\":{\"@id\":\"https:\/\/www.uqac.ca\/uqactualites\/#\/schema\/person\/366c45a0c4f0e677b41b4af5886e2018\"},\"breadcrumb\":{\"@id\":\"https:\/\/www.uqac.ca\/uqactualites\/2025\/04\/16\/les-inuk-se-racontent-en-balado\/#breadcrumb\"},\"inLanguage\":\"fr-CA\",\"potentialAction\":[{\"@type\":\"ReadAction\",\"target\":[\"https:\/\/www.uqac.ca\/uqactualites\/2025\/04\/16\/les-inuk-se-racontent-en-balado\/\"]}]},{\"@type\":\"ImageObject\",\"inLanguage\":\"fr-CA\",\"@id\":\"https:\/\/www.uqac.ca\/uqactualites\/2025\/04\/16\/les-inuk-se-racontent-en-balado\/#primaryimage\",\"url\":\"https:\/\/www.uqac.ca\/uqactualites\/wp-content\/uploads\/2025\/04\/podcast-inuk-mduhaime-h25-3.jpg\",\"contentUrl\":\"https:\/\/www.uqac.ca\/uqactualites\/wp-content\/uploads\/2025\/04\/podcast-inuk-mduhaime-h25-3.jpg\",\"width\":1920,\"height\":737},{\"@type\":\"BreadcrumbList\",\"@id\":\"https:\/\/www.uqac.ca\/uqactualites\/2025\/04\/16\/les-inuk-se-racontent-en-balado\/#breadcrumb\",\"itemListElement\":[{\"@type\":\"ListItem\",\"position\":1,\"name\":\"Home\",\"item\":\"https:\/\/www.uqac.ca\/uqactualites\/\"},{\"@type\":\"ListItem\",\"position\":2,\"name\":\"Les Inuk se racontent en balado\"}]},{\"@type\":\"WebSite\",\"@id\":\"https:\/\/www.uqac.ca\/uqactualites\/#website\",\"url\":\"https:\/\/www.uqac.ca\/uqactualites\/\",\"name\":\"UQACtualit\u00e9s\",\"description\":\"Le portail des nouvelles de l&#039;UQAC\",\"potentialAction\":[{\"@type\":\"SearchAction\",\"target\":{\"@type\":\"EntryPoint\",\"urlTemplate\":\"https:\/\/www.uqac.ca\/uqactualites\/?s={search_term_string}\"},\"query-input\":{\"@type\":\"PropertyValueSpecification\",\"valueRequired\":true,\"valueName\":\"search_term_string\"}}],\"inLanguage\":\"fr-CA\"},{\"@type\":\"Person\",\"@id\":\"https:\/\/www.uqac.ca\/uqactualites\/#\/schema\/person\/366c45a0c4f0e677b41b4af5886e2018\",\"name\":\"Service des communications et des relations publiques\",\"image\":{\"@type\":\"ImageObject\",\"inLanguage\":\"fr-CA\",\"@id\":\"https:\/\/www.uqac.ca\/uqactualites\/#\/schema\/person\/image\/\",\"url\":\"https:\/\/secure.gravatar.com\/avatar\/20fbbda8a292f59f2d3461a5b999c00b?s=96&d=mm&r=g\",\"contentUrl\":\"https:\/\/secure.gravatar.com\/avatar\/20fbbda8a292f59f2d3461a5b999c00b?s=96&d=mm&r=g\",\"caption\":\"Service des communications et des relations publiques\"},\"url\":\"https:\/\/www.uqac.ca\/uqactualites\/author\/bap\/\"}]}<\/script>\r\n<!-- \/ Yoast SEO plugin. -->","yoast_head_json":{"title":"Les Inuk se racontent en balado - UQACtualit\u00e9s","robots":{"index":"index","follow":"follow","max-snippet":"max-snippet:-1","max-image-preview":"max-image-preview:large","max-video-preview":"max-video-preview:-1"},"canonical":"https:\/\/www.uqac.ca\/uqactualites\/2025\/04\/16\/les-inuk-se-racontent-en-balado\/","og_locale":"fr_CA","og_type":"article","og_title":"Les Inuk se racontent en balado - UQACtualit\u00e9s","og_description":"Dans le cadre des F\u00eates de la reconnaissance 2025, la communaut\u00e9 universitaire s\u2019est r\u00e9unie le mardi 15 avril au centre social de l\u2019UQAC pour assister \u00e0 l\u2019enregistrement d\u2019un \u00e9pisode sp\u00e9cial du balado Ma vie de campus, enti\u00e8rement d\u00e9di\u00e9 au sport universitaire et aux \u00e9tudiantes et \u00e9tudiants athl\u00e8tes qui l&rsquo;incarnent. Anim\u00e9 par Fr\u00e9d\u00e9ric Tremblay, journaliste et [&hellip;]","og_url":"https:\/\/www.uqac.ca\/uqactualites\/2025\/04\/16\/les-inuk-se-racontent-en-balado\/","og_site_name":"UQACtualit\u00e9s","article_published_time":"2025-04-16T13:08:09+00:00","article_modified_time":"2025-04-17T18:41:05+00:00","og_image":[{"width":1920,"height":737,"url":"https:\/\/www.uqac.ca\/uqactualites\/wp-content\/uploads\/2025\/04\/podcast-inuk-mduhaime-h25-3.jpg","type":"image\/jpeg"}],"author":"Service des communications et des relations publiques","twitter_card":"summary_large_image","twitter_misc":{"\u00c9crit par":"Service des communications et des relations publiques","Estimation du temps de lecture":"4 minutes"},"schema":{"@context":"https:\/\/schema.org","@graph":[{"@type":"WebPage","@id":"https:\/\/www.uqac.ca\/uqactualites\/2025\/04\/16\/les-inuk-se-racontent-en-balado\/","url":"https:\/\/www.uqac.ca\/uqactualites\/2025\/04\/16\/les-inuk-se-racontent-en-balado\/","name":"Les Inuk se racontent en balado - UQACtualit\u00e9s","isPartOf":{"@id":"https:\/\/www.uqac.ca\/uqactualites\/#website"},"primaryImageOfPage":{"@id":"https:\/\/www.uqac.ca\/uqactualites\/2025\/04\/16\/les-inuk-se-racontent-en-balado\/#primaryimage"},"image":{"@id":"https:\/\/www.uqac.ca\/uqactualites\/2025\/04\/16\/les-inuk-se-racontent-en-balado\/#primaryimage"},"thumbnailUrl":"https:\/\/www.uqac.ca\/uqactualites\/wp-content\/uploads\/2025\/04\/podcast-inuk-mduhaime-h25-3.jpg","datePublished":"2025-04-16T13:08:09+00:00","dateModified":"2025-04-17T18:41:05+00:00","author":{"@id":"https:\/\/www.uqac.ca\/uqactualites\/#\/schema\/person\/366c45a0c4f0e677b41b4af5886e2018"},"breadcrumb":{"@id":"https:\/\/www.uqac.ca\/uqactualites\/2025\/04\/16\/les-inuk-se-racontent-en-balado\/#breadcrumb"},"inLanguage":"fr-CA","potentialAction":[{"@type":"ReadAction","target":["https:\/\/www.uqac.ca\/uqactualites\/2025\/04\/16\/les-inuk-se-racontent-en-balado\/"]}]},{"@type":"ImageObject","inLanguage":"fr-CA","@id":"https:\/\/www.uqac.ca\/uqactualites\/2025\/04\/16\/les-inuk-se-racontent-en-balado\/#primaryimage","url":"https:\/\/www.uqac.ca\/uqactualites\/wp-content\/uploads\/2025\/04\/podcast-inuk-mduhaime-h25-3.jpg","contentUrl":"https:\/\/www.uqac.ca\/uqactualites\/wp-content\/uploads\/2025\/04\/podcast-inuk-mduhaime-h25-3.jpg","width":1920,"height":737},{"@type":"BreadcrumbList","@id":"https:\/\/www.uqac.ca\/uqactualites\/2025\/04\/16\/les-inuk-se-racontent-en-balado\/#breadcrumb","itemListElement":[{"@type":"ListItem","position":1,"name":"Home","item":"https:\/\/www.uqac.ca\/uqactualites\/"},{"@type":"ListItem","position":2,"name":"Les Inuk se racontent en balado"}]},{"@type":"WebSite","@id":"https:\/\/www.uqac.ca\/uqactualites\/#website","url":"https:\/\/www.uqac.ca\/uqactualites\/","name":"UQACtualit\u00e9s","description":"Le portail des nouvelles de l&#039;UQAC","potentialAction":[{"@type":"SearchAction","target":{"@type":"EntryPoint","urlTemplate":"https:\/\/www.uqac.ca\/uqactualites\/?s={search_term_string}"},"query-input":{"@type":"PropertyValueSpecification","valueRequired":true,"valueName":"search_term_string"}}],"inLanguage":"fr-CA"},{"@type":"Person","@id":"https:\/\/www.uqac.ca\/uqactualites\/#\/schema\/person\/366c45a0c4f0e677b41b4af5886e2018","name":"Service des communications et des relations publiques","image":{"@type":"ImageObject","inLanguage":"fr-CA","@id":"https:\/\/www.uqac.ca\/uqactualites\/#\/schema\/person\/image\/","url":"https:\/\/secure.gravatar.com\/avatar\/20fbbda8a292f59f2d3461a5b999c00b?s=96&d=mm&r=g","contentUrl":"https:\/\/secure.gravatar.com\/avatar\/20fbbda8a292f59f2d3461a5b999c00b?s=96&d=mm&r=g","caption":"Service des communications et des relations publiques"},"url":"https:\/\/www.uqac.ca\/uqactualites\/author\/bap\/"}]}},"_links":{"self":[{"href":"https:\/\/www.uqac.ca\/uqactualites\/wp-json\/wp\/v2\/posts\/50489"}],"collection":[{"href":"https:\/\/www.uqac.ca\/uqactualites\/wp-json\/wp\/v2\/posts"}],"about":[{"href":"https:\/\/www.uqac.ca\/uqactualites\/wp-json\/wp\/v2\/types\/post"}],"author":[{"embeddable":true,"href":"https:\/\/www.uqac.ca\/uqactualites\/wp-json\/wp\/v2\/users\/5"}],"replies":[{"embeddable":true,"href":"https:\/\/www.uqac.ca\/uqactualites\/wp-json\/wp\/v2\/comments?post=50489"}],"version-history":[{"count":23,"href":"https:\/\/www.uqac.ca\/uqactualites\/wp-json\/wp\/v2\/posts\/50489\/revisions"}],"predecessor-version":[{"id":50580,"href":"https:\/\/www.uqac.ca\/uqactualites\/wp-json\/wp\/v2\/posts\/50489\/revisions\/50580"}],"wp:featuredmedia":[{"embeddable":true,"href":"https:\/\/www.uqac.ca\/uqactualites\/wp-json\/wp\/v2\/media\/50491"}],"wp:attachment":[{"href":"https:\/\/www.uqac.ca\/uqactualites\/wp-json\/wp\/v2\/media?parent=50489"}],"wp:term":[{"taxonomy":"category","embeddable":true,"href":"https:\/\/www.uqac.ca\/uqactualites\/wp-json\/wp\/v2\/categories?post=50489"},{"taxonomy":"post_tag","embeddable":true,"href":"https:\/\/www.uqac.ca\/uqactualites\/wp-json\/wp\/v2\/tags?post=50489"}],"curies":[{"name":"wp","href":"https:\/\/api.w.org\/{rel}","templated":true}]}}