{"id":50601,"date":"2025-04-22T16:19:24","date_gmt":"2025-04-22T20:19:24","guid":{"rendered":"https:\/\/www.uqac.ca\/uqactualites\/?p=50601"},"modified":"2025-04-22T16:23:56","modified_gmt":"2025-04-22T20:23:56","slug":"celebration-retraites","status":"publish","type":"post","link":"https:\/\/www.uqac.ca\/uqactualites\/2025\/04\/22\/celebration-retraites\/","title":{"rendered":"L&rsquo;UQAC c\u00e9l\u00e8bre 27 personnes retrait\u00e9es"},"content":{"rendered":"<p>Le 16 avril dernier, dans le cadre des f\u00eates de la reconnaissance, l\u2019UQAC a soulign\u00e9 le d\u00e9vouement de 27 membres de son personnel lors d\u2019une soir\u00e9e festive organis\u00e9e en l&rsquo;honneur de leur d\u00e9part \u00e0 la retraite.<\/p>\n<p>L\u2019\u00e9v\u00e9nement, tenu au centre social de l&rsquo;UQAC, a rassembl\u00e9 coll\u00e8gues, familles et proches venus c\u00e9l\u00e9brer le parcours remarquable de ces employ\u00e9s et employ\u00e9es qui ont contribu\u00e9 de fa\u00e7on significative \u00e0 l\u2019histoire de l\u2019universit\u00e9.<\/p>\n<p>Sur la photo : Val\u00e9rie Legendre-Guillemin (doyenne aux affaires d\u00e9partementales), Pierre Ouellet (directeur des ressources humaines), Jocelyne Aubut, Linda Tremblay, Caroline Beauchemin, Richard Blackburn, Francine Fillion, Pierre Landry, Suzanne Boivin, Bernard Larouche, Mosa Savard, Benoit M\u00e9rette, Jacques Plouffe et Ghyslain Samson (recteur)<\/p>\n<p>Absents et absentes : Julie Alain, Mohamed Bournane, H\u00e9l\u00e8ne Gagn\u00e9, Fatima Mezouari, Louise Charette, Monica Cividini, Anny Duchesne, Louise Dumais, Romain Gagnon, Henri Larouche, Christophe Leyrie, Sylvie Morais, Lise Plourde, Nathalie Rublik, Nathalie Tremblay, Suzanne Tremblay.<\/p>\n","protected":false},"excerpt":{"rendered":"<p>Le 16 avril dernier, dans le cadre des f\u00eates de la reconnaissance, l\u2019UQAC a soulign\u00e9 le d\u00e9vouement de 27 membres de son personnel lors d\u2019une soir\u00e9e festive organis\u00e9e en l&rsquo;honneur de leur d\u00e9part \u00e0 la retraite. L\u2019\u00e9v\u00e9nement, tenu au centre social de l&rsquo;UQAC, a rassembl\u00e9 coll\u00e8gues, familles et proches venus c\u00e9l\u00e9brer le parcours remarquable de [&hellip;]<\/p>\n","protected":false},"author":5,"featured_media":50603,"comment_status":"closed","ping_status":"open","sticky":false,"template":"","format":"standard","meta":{"footnotes":""},"categories":[2,9],"tags":[1890,487,2883,488],"yoast_head":"<!-- This site is optimized with the Yoast SEO plugin v24.2 - https:\/\/yoast.com\/wordpress\/plugins\/seo\/ -->\r\n<title>L&#039;UQAC c\u00e9l\u00e8bre 27 personnes retrait\u00e9es - UQACtualit\u00e9s<\/title>\r\n<meta name=\"robots\" content=\"index, follow, max-snippet:-1, max-image-preview:large, max-video-preview:-1\" \/>\r\n<link rel=\"canonical\" href=\"https:\/\/www.uqac.ca\/uqactualites\/2025\/04\/22\/celebration-retraites\/\" \/>\r\n<meta property=\"og:locale\" content=\"fr_CA\" \/>\r\n<meta property=\"og:type\" content=\"article\" \/>\r\n<meta property=\"og:title\" content=\"L&#039;UQAC c\u00e9l\u00e8bre 27 personnes retrait\u00e9es - UQACtualit\u00e9s\" \/>\r\n<meta property=\"og:description\" content=\"Le 16 avril dernier, dans le cadre des f\u00eates de la reconnaissance, l\u2019UQAC a soulign\u00e9 le d\u00e9vouement de 27 membres de son personnel lors d\u2019une soir\u00e9e festive organis\u00e9e en l&rsquo;honneur de leur d\u00e9part \u00e0 la retraite. L\u2019\u00e9v\u00e9nement, tenu au centre social de l&rsquo;UQAC, a rassembl\u00e9 coll\u00e8gues, familles et proches venus c\u00e9l\u00e9brer le parcours remarquable de [&hellip;]\" \/>\r\n<meta property=\"og:url\" content=\"https:\/\/www.uqac.ca\/uqactualites\/2025\/04\/22\/celebration-retraites\/\" \/>\r\n<meta property=\"og:site_name\" content=\"UQACtualit\u00e9s\" \/>\r\n<meta property=\"article:published_time\" content=\"2025-04-22T20:19:24+00:00\" \/>\r\n<meta property=\"article:modified_time\" content=\"2025-04-22T20:23:56+00:00\" \/>\r\n<meta property=\"og:image\" content=\"https:\/\/www.uqac.ca\/uqactualites\/wp-content\/uploads\/2025\/04\/fdretraites-mduhaime-h25-16.jpg\" \/>\r\n\t<meta property=\"og:image:width\" content=\"1920\" \/>\r\n\t<meta property=\"og:image:height\" content=\"1086\" \/>\r\n\t<meta property=\"og:image:type\" content=\"image\/jpeg\" \/>\r\n<meta name=\"author\" content=\"Service des communications et des relations publiques\" \/>\r\n<meta name=\"twitter:card\" content=\"summary_large_image\" \/>\r\n<meta name=\"twitter:label1\" content=\"\u00c9crit par\" \/>\n\t<meta name=\"twitter:data1\" content=\"Service des communications et des relations publiques\" \/>\n\t<meta name=\"twitter:label2\" content=\"Estimation du temps de lecture\" \/>\n\t<meta name=\"twitter:data2\" content=\"1 minute\" \/>\r\n<script type=\"application\/ld+json\" class=\"yoast-schema-graph\">{\"@context\":\"https:\/\/schema.org\",\"@graph\":[{\"@type\":\"WebPage\",\"@id\":\"https:\/\/www.uqac.ca\/uqactualites\/2025\/04\/22\/celebration-retraites\/\",\"url\":\"https:\/\/www.uqac.ca\/uqactualites\/2025\/04\/22\/celebration-retraites\/\",\"name\":\"L'UQAC c\u00e9l\u00e8bre 27 personnes retrait\u00e9es - UQACtualit\u00e9s\",\"isPartOf\":{\"@id\":\"https:\/\/www.uqac.ca\/uqactualites\/#website\"},\"primaryImageOfPage\":{\"@id\":\"https:\/\/www.uqac.ca\/uqactualites\/2025\/04\/22\/celebration-retraites\/#primaryimage\"},\"image\":{\"@id\":\"https:\/\/www.uqac.ca\/uqactualites\/2025\/04\/22\/celebration-retraites\/#primaryimage\"},\"thumbnailUrl\":\"https:\/\/www.uqac.ca\/uqactualites\/wp-content\/uploads\/2025\/04\/fdretraites-mduhaime-h25-16.jpg\",\"datePublished\":\"2025-04-22T20:19:24+00:00\",\"dateModified\":\"2025-04-22T20:23:56+00:00\",\"author\":{\"@id\":\"https:\/\/www.uqac.ca\/uqactualites\/#\/schema\/person\/366c45a0c4f0e677b41b4af5886e2018\"},\"breadcrumb\":{\"@id\":\"https:\/\/www.uqac.ca\/uqactualites\/2025\/04\/22\/celebration-retraites\/#breadcrumb\"},\"inLanguage\":\"fr-CA\",\"potentialAction\":[{\"@type\":\"ReadAction\",\"target\":[\"https:\/\/www.uqac.ca\/uqactualites\/2025\/04\/22\/celebration-retraites\/\"]}]},{\"@type\":\"ImageObject\",\"inLanguage\":\"fr-CA\",\"@id\":\"https:\/\/www.uqac.ca\/uqactualites\/2025\/04\/22\/celebration-retraites\/#primaryimage\",\"url\":\"https:\/\/www.uqac.ca\/uqactualites\/wp-content\/uploads\/2025\/04\/fdretraites-mduhaime-h25-16.jpg\",\"contentUrl\":\"https:\/\/www.uqac.ca\/uqactualites\/wp-content\/uploads\/2025\/04\/fdretraites-mduhaime-h25-16.jpg\",\"width\":1920,\"height\":1086,\"caption\":\"Personnel retrait\u00e9 2025\"},{\"@type\":\"BreadcrumbList\",\"@id\":\"https:\/\/www.uqac.ca\/uqactualites\/2025\/04\/22\/celebration-retraites\/#breadcrumb\",\"itemListElement\":[{\"@type\":\"ListItem\",\"position\":1,\"name\":\"Home\",\"item\":\"https:\/\/www.uqac.ca\/uqactualites\/\"},{\"@type\":\"ListItem\",\"position\":2,\"name\":\"L&rsquo;UQAC c\u00e9l\u00e8bre 27 personnes retrait\u00e9es\"}]},{\"@type\":\"WebSite\",\"@id\":\"https:\/\/www.uqac.ca\/uqactualites\/#website\",\"url\":\"https:\/\/www.uqac.ca\/uqactualites\/\",\"name\":\"UQACtualit\u00e9s\",\"description\":\"Le portail des nouvelles de l&#039;UQAC\",\"potentialAction\":[{\"@type\":\"SearchAction\",\"target\":{\"@type\":\"EntryPoint\",\"urlTemplate\":\"https:\/\/www.uqac.ca\/uqactualites\/?s={search_term_string}\"},\"query-input\":{\"@type\":\"PropertyValueSpecification\",\"valueRequired\":true,\"valueName\":\"search_term_string\"}}],\"inLanguage\":\"fr-CA\"},{\"@type\":\"Person\",\"@id\":\"https:\/\/www.uqac.ca\/uqactualites\/#\/schema\/person\/366c45a0c4f0e677b41b4af5886e2018\",\"name\":\"Service des communications et des relations publiques\",\"image\":{\"@type\":\"ImageObject\",\"inLanguage\":\"fr-CA\",\"@id\":\"https:\/\/www.uqac.ca\/uqactualites\/#\/schema\/person\/image\/\",\"url\":\"https:\/\/secure.gravatar.com\/avatar\/20fbbda8a292f59f2d3461a5b999c00b?s=96&d=mm&r=g\",\"contentUrl\":\"https:\/\/secure.gravatar.com\/avatar\/20fbbda8a292f59f2d3461a5b999c00b?s=96&d=mm&r=g\",\"caption\":\"Service des communications et des relations publiques\"},\"url\":\"https:\/\/www.uqac.ca\/uqactualites\/author\/bap\/\"}]}<\/script>\r\n<!-- \/ Yoast SEO plugin. -->","yoast_head_json":{"title":"L'UQAC c\u00e9l\u00e8bre 27 personnes retrait\u00e9es - UQACtualit\u00e9s","robots":{"index":"index","follow":"follow","max-snippet":"max-snippet:-1","max-image-preview":"max-image-preview:large","max-video-preview":"max-video-preview:-1"},"canonical":"https:\/\/www.uqac.ca\/uqactualites\/2025\/04\/22\/celebration-retraites\/","og_locale":"fr_CA","og_type":"article","og_title":"L'UQAC c\u00e9l\u00e8bre 27 personnes retrait\u00e9es - UQACtualit\u00e9s","og_description":"Le 16 avril dernier, dans le cadre des f\u00eates de la reconnaissance, l\u2019UQAC a soulign\u00e9 le d\u00e9vouement de 27 membres de son personnel lors d\u2019une soir\u00e9e festive organis\u00e9e en l&rsquo;honneur de leur d\u00e9part \u00e0 la retraite. L\u2019\u00e9v\u00e9nement, tenu au centre social de l&rsquo;UQAC, a rassembl\u00e9 coll\u00e8gues, familles et proches venus c\u00e9l\u00e9brer le parcours remarquable de [&hellip;]","og_url":"https:\/\/www.uqac.ca\/uqactualites\/2025\/04\/22\/celebration-retraites\/","og_site_name":"UQACtualit\u00e9s","article_published_time":"2025-04-22T20:19:24+00:00","article_modified_time":"2025-04-22T20:23:56+00:00","og_image":[{"width":1920,"height":1086,"url":"https:\/\/www.uqac.ca\/uqactualites\/wp-content\/uploads\/2025\/04\/fdretraites-mduhaime-h25-16.jpg","type":"image\/jpeg"}],"author":"Service des communications et des relations publiques","twitter_card":"summary_large_image","twitter_misc":{"\u00c9crit par":"Service des communications et des relations publiques","Estimation du temps de lecture":"1 minute"},"schema":{"@context":"https:\/\/schema.org","@graph":[{"@type":"WebPage","@id":"https:\/\/www.uqac.ca\/uqactualites\/2025\/04\/22\/celebration-retraites\/","url":"https:\/\/www.uqac.ca\/uqactualites\/2025\/04\/22\/celebration-retraites\/","name":"L'UQAC c\u00e9l\u00e8bre 27 personnes retrait\u00e9es - UQACtualit\u00e9s","isPartOf":{"@id":"https:\/\/www.uqac.ca\/uqactualites\/#website"},"primaryImageOfPage":{"@id":"https:\/\/www.uqac.ca\/uqactualites\/2025\/04\/22\/celebration-retraites\/#primaryimage"},"image":{"@id":"https:\/\/www.uqac.ca\/uqactualites\/2025\/04\/22\/celebration-retraites\/#primaryimage"},"thumbnailUrl":"https:\/\/www.uqac.ca\/uqactualites\/wp-content\/uploads\/2025\/04\/fdretraites-mduhaime-h25-16.jpg","datePublished":"2025-04-22T20:19:24+00:00","dateModified":"2025-04-22T20:23:56+00:00","author":{"@id":"https:\/\/www.uqac.ca\/uqactualites\/#\/schema\/person\/366c45a0c4f0e677b41b4af5886e2018"},"breadcrumb":{"@id":"https:\/\/www.uqac.ca\/uqactualites\/2025\/04\/22\/celebration-retraites\/#breadcrumb"},"inLanguage":"fr-CA","potentialAction":[{"@type":"ReadAction","target":["https:\/\/www.uqac.ca\/uqactualites\/2025\/04\/22\/celebration-retraites\/"]}]},{"@type":"ImageObject","inLanguage":"fr-CA","@id":"https:\/\/www.uqac.ca\/uqactualites\/2025\/04\/22\/celebration-retraites\/#primaryimage","url":"https:\/\/www.uqac.ca\/uqactualites\/wp-content\/uploads\/2025\/04\/fdretraites-mduhaime-h25-16.jpg","contentUrl":"https:\/\/www.uqac.ca\/uqactualites\/wp-content\/uploads\/2025\/04\/fdretraites-mduhaime-h25-16.jpg","width":1920,"height":1086,"caption":"Personnel retrait\u00e9 2025"},{"@type":"BreadcrumbList","@id":"https:\/\/www.uqac.ca\/uqactualites\/2025\/04\/22\/celebration-retraites\/#breadcrumb","itemListElement":[{"@type":"ListItem","position":1,"name":"Home","item":"https:\/\/www.uqac.ca\/uqactualites\/"},{"@type":"ListItem","position":2,"name":"L&rsquo;UQAC c\u00e9l\u00e8bre 27 personnes retrait\u00e9es"}]},{"@type":"WebSite","@id":"https:\/\/www.uqac.ca\/uqactualites\/#website","url":"https:\/\/www.uqac.ca\/uqactualites\/","name":"UQACtualit\u00e9s","description":"Le portail des nouvelles de l&#039;UQAC","potentialAction":[{"@type":"SearchAction","target":{"@type":"EntryPoint","urlTemplate":"https:\/\/www.uqac.ca\/uqactualites\/?s={search_term_string}"},"query-input":{"@type":"PropertyValueSpecification","valueRequired":true,"valueName":"search_term_string"}}],"inLanguage":"fr-CA"},{"@type":"Person","@id":"https:\/\/www.uqac.ca\/uqactualites\/#\/schema\/person\/366c45a0c4f0e677b41b4af5886e2018","name":"Service des communications et des relations publiques","image":{"@type":"ImageObject","inLanguage":"fr-CA","@id":"https:\/\/www.uqac.ca\/uqactualites\/#\/schema\/person\/image\/","url":"https:\/\/secure.gravatar.com\/avatar\/20fbbda8a292f59f2d3461a5b999c00b?s=96&d=mm&r=g","contentUrl":"https:\/\/secure.gravatar.com\/avatar\/20fbbda8a292f59f2d3461a5b999c00b?s=96&d=mm&r=g","caption":"Service des communications et des relations publiques"},"url":"https:\/\/www.uqac.ca\/uqactualites\/author\/bap\/"}]}},"_links":{"self":[{"href":"https:\/\/www.uqac.ca\/uqactualites\/wp-json\/wp\/v2\/posts\/50601"}],"collection":[{"href":"https:\/\/www.uqac.ca\/uqactualites\/wp-json\/wp\/v2\/posts"}],"about":[{"href":"https:\/\/www.uqac.ca\/uqactualites\/wp-json\/wp\/v2\/types\/post"}],"author":[{"embeddable":true,"href":"https:\/\/www.uqac.ca\/uqactualites\/wp-json\/wp\/v2\/users\/5"}],"replies":[{"embeddable":true,"href":"https:\/\/www.uqac.ca\/uqactualites\/wp-json\/wp\/v2\/comments?post=50601"}],"version-history":[{"count":3,"href":"https:\/\/www.uqac.ca\/uqactualites\/wp-json\/wp\/v2\/posts\/50601\/revisions"}],"predecessor-version":[{"id":50605,"href":"https:\/\/www.uqac.ca\/uqactualites\/wp-json\/wp\/v2\/posts\/50601\/revisions\/50605"}],"wp:featuredmedia":[{"embeddable":true,"href":"https:\/\/www.uqac.ca\/uqactualites\/wp-json\/wp\/v2\/media\/50603"}],"wp:attachment":[{"href":"https:\/\/www.uqac.ca\/uqactualites\/wp-json\/wp\/v2\/media?parent=50601"}],"wp:term":[{"taxonomy":"category","embeddable":true,"href":"https:\/\/www.uqac.ca\/uqactualites\/wp-json\/wp\/v2\/categories?post=50601"},{"taxonomy":"post_tag","embeddable":true,"href":"https:\/\/www.uqac.ca\/uqactualites\/wp-json\/wp\/v2\/tags?post=50601"}],"curies":[{"name":"wp","href":"https:\/\/api.w.org\/{rel}","templated":true}]}}