{"id":50747,"date":"2025-05-15T11:49:33","date_gmt":"2025-05-15T15:49:33","guid":{"rendered":"https:\/\/www.uqac.ca\/uqactualites\/?p=50747"},"modified":"2025-05-21T15:13:23","modified_gmt":"2025-05-21T19:13:23","slug":"le-professeur-dave-hawey-expose-au-conseil-des-arts-de-montreal","status":"publish","type":"post","link":"https:\/\/www.uqac.ca\/uqactualites\/2025\/05\/15\/le-professeur-dave-hawey-expose-au-conseil-des-arts-de-montreal\/","title":{"rendered":"Le professeur Dave Hawey expose au Conseil des arts de Montr\u00e9al"},"content":{"rendered":"<div class=\"single-news__introduction\">\n<div class=\"block-wysiwyg block-wysiwyg--flexible single-news__introduction-text\">\n<div class=\"block-wysiwyg__container\">\n<div class=\"wysiwyg block-wysiwyg__content appear-translate-in-stagger appear-translate-in-stagger-visible\"><a href=\"https:\/\/portfolio.uqac.ca\/davehawey\/\" target=\"_blank\" rel=\"noopener\">Dave Hawey<\/a>, professeur \u00e0 l\u2019<a href=\"https:\/\/www.nad.ca\/\" target=\"_blank\" rel=\"noopener\">\u00c9cole des arts num\u00e9riques, de l\u2019animation et du design de l\u2019UQAC (NAD-UQAC)<\/a>,\u00a0 participe \u00e0 une exposition collective organis\u00e9e par la Women&rsquo;s Art Society of Montreal (WASM). Pr\u00e9sent\u00e9e au Conseil des arts de Montr\u00e9al, cette exposition est accessible gratuitement du 1er au 30 mai 2025.<\/div>\n<div><\/div>\n<\/div>\n<\/div>\n<\/div>\n<div class=\"single-news__flexible\">\n<div class=\"flexible-blocks\">\n<section class=\"flexible-blocks__section flexible-blocks__section--NouvelleComponentsWysiwygLayout flexible-blocks__section--single\">\n<div class=\"flexible-blocks__wysiwyg flexible-blocks__wysiwyg--single\">\n<div class=\"block-wysiwyg block-wysiwyg--single\" data-appear-paint-child=\"\">\n<div class=\"block-wysiwyg__container\">\n<div class=\"wysiwyg block-wysiwyg__content appear-translate-in-stagger appear-translate-in-stagger-visible\">\n<p data-start=\"525\" data-end=\"1121\" data-appear-child=\"\">Le professeur et artiste y pr\u00e9sente <em>The Illusion Factory<\/em>, une illustration marquante qui fut \u00e9galement l\u2019\u0153uvre principale de son exposition solo <a href=\"https:\/\/www.davehawey.com\/\" target=\"_blank\" rel=\"noopener\"><em>Ambivalence technologique<\/em>,<\/a> tenue en novembre 2025. Le th\u00e8me de cette exposition repose sur un sentiment complexe et contemporain, m\u00ealant \u00e0 la fois fascination et inqui\u00e9tude \u00e0 l\u2019\u00e9gard des technologies, lesquelles m\u00e9diatisent notre rapport au monde. Cette r\u00e9flexion emprunte \u00e0 la technocritique, ainsi qu\u2019aux travaux du philosophe Jacques Ellul sur l\u2019ambivalence des techniques et le syst\u00e8me technicien.<\/p>\n<h5 data-start=\"525\" data-end=\"1121\">\u00c0 propos de la WASM<\/h5>\n<p data-start=\"1123\" data-end=\"1369\" data-appear-child=\"\">Fond\u00e9e en 1894, la\u00a0<a href=\"https:\/\/www.wasmtl.org\/?fbclid=IwY2xjawKR0W9leHRuA2FlbQIxMABicmlkETFuWXEzSzhVcHRxUzgzT3RlAR7GZ9WP47yvm6kIuDs6FjPJrR3FFtKfoFWl8rEzsu1LysFW9sRcChdqzpwC9w_aem_R5FWc5r30HUqYjy_2cd1Ww\" target=\"_blank\" rel=\"noopener\">WASM<\/a>\u00a0est l\u2019une des plus anciennes organisations artistiques de Montr\u00e9al. Elle a pour mission d\u2019encourager les artistes \u00e9mergent(es) et de promouvoir la sant\u00e9 mentale chez les enfants \u00e0 travers l\u2019art et l\u2019expression cr\u00e9ative.<\/p>\n<\/div>\n<\/div>\n<\/div>\n<\/div>\n<\/section>\n<\/div>\n<\/div>\n","protected":false},"excerpt":{"rendered":"<p>Dave Hawey, professeur \u00e0 l\u2019\u00c9cole des arts num\u00e9riques, de l\u2019animation et du design de l\u2019UQAC (NAD-UQAC),\u00a0 participe \u00e0 une exposition collective organis\u00e9e par la Women&rsquo;s Art Society of Montreal (WASM). Pr\u00e9sent\u00e9e au Conseil des arts de Montr\u00e9al, cette exposition est accessible gratuitement du 1er au 30 mai 2025. Le professeur et artiste y pr\u00e9sente The [&hellip;]<\/p>\n","protected":false},"author":5,"featured_media":50748,"comment_status":"closed","ping_status":"open","sticky":false,"template":"","format":"standard","meta":{"footnotes":""},"categories":[2795,61],"tags":[357,62,76],"yoast_head":"<!-- This site is optimized with the Yoast SEO plugin v24.2 - https:\/\/yoast.com\/wordpress\/plugins\/seo\/ -->\r\n<title>Le professeur Dave Hawey expose au Conseil des arts de Montr\u00e9al - UQACtualit\u00e9s<\/title>\r\n<meta name=\"robots\" content=\"index, follow, max-snippet:-1, max-image-preview:large, max-video-preview:-1\" \/>\r\n<link rel=\"canonical\" href=\"https:\/\/www.uqac.ca\/uqactualites\/2025\/05\/15\/le-professeur-dave-hawey-expose-au-conseil-des-arts-de-montreal\/\" \/>\r\n<meta property=\"og:locale\" content=\"fr_CA\" \/>\r\n<meta property=\"og:type\" content=\"article\" \/>\r\n<meta property=\"og:title\" content=\"Le professeur Dave Hawey expose au Conseil des arts de Montr\u00e9al - UQACtualit\u00e9s\" \/>\r\n<meta property=\"og:description\" content=\"Dave Hawey, professeur \u00e0 l\u2019\u00c9cole des arts num\u00e9riques, de l\u2019animation et du design de l\u2019UQAC (NAD-UQAC),\u00a0 participe \u00e0 une exposition collective organis\u00e9e par la Women&rsquo;s Art Society of Montreal (WASM). Pr\u00e9sent\u00e9e au Conseil des arts de Montr\u00e9al, cette exposition est accessible gratuitement du 1er au 30 mai 2025. Le professeur et artiste y pr\u00e9sente The [&hellip;]\" \/>\r\n<meta property=\"og:url\" content=\"https:\/\/www.uqac.ca\/uqactualites\/2025\/05\/15\/le-professeur-dave-hawey-expose-au-conseil-des-arts-de-montreal\/\" \/>\r\n<meta property=\"og:site_name\" content=\"UQACtualit\u00e9s\" \/>\r\n<meta property=\"article:published_time\" content=\"2025-05-15T15:49:33+00:00\" \/>\r\n<meta property=\"article:modified_time\" content=\"2025-05-21T19:13:23+00:00\" \/>\r\n<meta property=\"og:image\" content=\"https:\/\/www.uqac.ca\/uqactualites\/wp-content\/uploads\/2025\/05\/Expo-Dave-Hawey.png\" \/>\r\n\t<meta property=\"og:image:width\" content=\"1920\" \/>\r\n\t<meta property=\"og:image:height\" content=\"1080\" \/>\r\n\t<meta property=\"og:image:type\" content=\"image\/png\" \/>\r\n<meta name=\"author\" content=\"Service des communications et des relations publiques\" \/>\r\n<meta name=\"twitter:card\" content=\"summary_large_image\" \/>\r\n<meta name=\"twitter:label1\" content=\"\u00c9crit par\" \/>\n\t<meta name=\"twitter:data1\" content=\"Service des communications et des relations publiques\" \/>\n\t<meta name=\"twitter:label2\" content=\"Estimation du temps de lecture\" \/>\n\t<meta name=\"twitter:data2\" content=\"2 minutes\" \/>\r\n<script type=\"application\/ld+json\" class=\"yoast-schema-graph\">{\"@context\":\"https:\/\/schema.org\",\"@graph\":[{\"@type\":\"WebPage\",\"@id\":\"https:\/\/www.uqac.ca\/uqactualites\/2025\/05\/15\/le-professeur-dave-hawey-expose-au-conseil-des-arts-de-montreal\/\",\"url\":\"https:\/\/www.uqac.ca\/uqactualites\/2025\/05\/15\/le-professeur-dave-hawey-expose-au-conseil-des-arts-de-montreal\/\",\"name\":\"Le professeur Dave Hawey expose au Conseil des arts de Montr\u00e9al - UQACtualit\u00e9s\",\"isPartOf\":{\"@id\":\"https:\/\/www.uqac.ca\/uqactualites\/#website\"},\"primaryImageOfPage\":{\"@id\":\"https:\/\/www.uqac.ca\/uqactualites\/2025\/05\/15\/le-professeur-dave-hawey-expose-au-conseil-des-arts-de-montreal\/#primaryimage\"},\"image\":{\"@id\":\"https:\/\/www.uqac.ca\/uqactualites\/2025\/05\/15\/le-professeur-dave-hawey-expose-au-conseil-des-arts-de-montreal\/#primaryimage\"},\"thumbnailUrl\":\"https:\/\/www.uqac.ca\/uqactualites\/wp-content\/uploads\/2025\/05\/Expo-Dave-Hawey.png\",\"datePublished\":\"2025-05-15T15:49:33+00:00\",\"dateModified\":\"2025-05-21T19:13:23+00:00\",\"author\":{\"@id\":\"https:\/\/www.uqac.ca\/uqactualites\/#\/schema\/person\/366c45a0c4f0e677b41b4af5886e2018\"},\"breadcrumb\":{\"@id\":\"https:\/\/www.uqac.ca\/uqactualites\/2025\/05\/15\/le-professeur-dave-hawey-expose-au-conseil-des-arts-de-montreal\/#breadcrumb\"},\"inLanguage\":\"fr-CA\",\"potentialAction\":[{\"@type\":\"ReadAction\",\"target\":[\"https:\/\/www.uqac.ca\/uqactualites\/2025\/05\/15\/le-professeur-dave-hawey-expose-au-conseil-des-arts-de-montreal\/\"]}]},{\"@type\":\"ImageObject\",\"inLanguage\":\"fr-CA\",\"@id\":\"https:\/\/www.uqac.ca\/uqactualites\/2025\/05\/15\/le-professeur-dave-hawey-expose-au-conseil-des-arts-de-montreal\/#primaryimage\",\"url\":\"https:\/\/www.uqac.ca\/uqactualites\/wp-content\/uploads\/2025\/05\/Expo-Dave-Hawey.png\",\"contentUrl\":\"https:\/\/www.uqac.ca\/uqactualites\/wp-content\/uploads\/2025\/05\/Expo-Dave-Hawey.png\",\"width\":1920,\"height\":1080},{\"@type\":\"BreadcrumbList\",\"@id\":\"https:\/\/www.uqac.ca\/uqactualites\/2025\/05\/15\/le-professeur-dave-hawey-expose-au-conseil-des-arts-de-montreal\/#breadcrumb\",\"itemListElement\":[{\"@type\":\"ListItem\",\"position\":1,\"name\":\"Home\",\"item\":\"https:\/\/www.uqac.ca\/uqactualites\/\"},{\"@type\":\"ListItem\",\"position\":2,\"name\":\"Le professeur Dave Hawey expose au Conseil des arts de Montr\u00e9al\"}]},{\"@type\":\"WebSite\",\"@id\":\"https:\/\/www.uqac.ca\/uqactualites\/#website\",\"url\":\"https:\/\/www.uqac.ca\/uqactualites\/\",\"name\":\"UQACtualit\u00e9s\",\"description\":\"Le portail des nouvelles de l&#039;UQAC\",\"potentialAction\":[{\"@type\":\"SearchAction\",\"target\":{\"@type\":\"EntryPoint\",\"urlTemplate\":\"https:\/\/www.uqac.ca\/uqactualites\/?s={search_term_string}\"},\"query-input\":{\"@type\":\"PropertyValueSpecification\",\"valueRequired\":true,\"valueName\":\"search_term_string\"}}],\"inLanguage\":\"fr-CA\"},{\"@type\":\"Person\",\"@id\":\"https:\/\/www.uqac.ca\/uqactualites\/#\/schema\/person\/366c45a0c4f0e677b41b4af5886e2018\",\"name\":\"Service des communications et des relations publiques\",\"image\":{\"@type\":\"ImageObject\",\"inLanguage\":\"fr-CA\",\"@id\":\"https:\/\/www.uqac.ca\/uqactualites\/#\/schema\/person\/image\/\",\"url\":\"https:\/\/secure.gravatar.com\/avatar\/20fbbda8a292f59f2d3461a5b999c00b?s=96&d=mm&r=g\",\"contentUrl\":\"https:\/\/secure.gravatar.com\/avatar\/20fbbda8a292f59f2d3461a5b999c00b?s=96&d=mm&r=g\",\"caption\":\"Service des communications et des relations publiques\"},\"url\":\"https:\/\/www.uqac.ca\/uqactualites\/author\/bap\/\"}]}<\/script>\r\n<!-- \/ Yoast SEO plugin. -->","yoast_head_json":{"title":"Le professeur Dave Hawey expose au Conseil des arts de Montr\u00e9al - UQACtualit\u00e9s","robots":{"index":"index","follow":"follow","max-snippet":"max-snippet:-1","max-image-preview":"max-image-preview:large","max-video-preview":"max-video-preview:-1"},"canonical":"https:\/\/www.uqac.ca\/uqactualites\/2025\/05\/15\/le-professeur-dave-hawey-expose-au-conseil-des-arts-de-montreal\/","og_locale":"fr_CA","og_type":"article","og_title":"Le professeur Dave Hawey expose au Conseil des arts de Montr\u00e9al - UQACtualit\u00e9s","og_description":"Dave Hawey, professeur \u00e0 l\u2019\u00c9cole des arts num\u00e9riques, de l\u2019animation et du design de l\u2019UQAC (NAD-UQAC),\u00a0 participe \u00e0 une exposition collective organis\u00e9e par la Women&rsquo;s Art Society of Montreal (WASM). Pr\u00e9sent\u00e9e au Conseil des arts de Montr\u00e9al, cette exposition est accessible gratuitement du 1er au 30 mai 2025. Le professeur et artiste y pr\u00e9sente The [&hellip;]","og_url":"https:\/\/www.uqac.ca\/uqactualites\/2025\/05\/15\/le-professeur-dave-hawey-expose-au-conseil-des-arts-de-montreal\/","og_site_name":"UQACtualit\u00e9s","article_published_time":"2025-05-15T15:49:33+00:00","article_modified_time":"2025-05-21T19:13:23+00:00","og_image":[{"width":1920,"height":1080,"url":"https:\/\/www.uqac.ca\/uqactualites\/wp-content\/uploads\/2025\/05\/Expo-Dave-Hawey.png","type":"image\/png"}],"author":"Service des communications et des relations publiques","twitter_card":"summary_large_image","twitter_misc":{"\u00c9crit par":"Service des communications et des relations publiques","Estimation du temps de lecture":"2 minutes"},"schema":{"@context":"https:\/\/schema.org","@graph":[{"@type":"WebPage","@id":"https:\/\/www.uqac.ca\/uqactualites\/2025\/05\/15\/le-professeur-dave-hawey-expose-au-conseil-des-arts-de-montreal\/","url":"https:\/\/www.uqac.ca\/uqactualites\/2025\/05\/15\/le-professeur-dave-hawey-expose-au-conseil-des-arts-de-montreal\/","name":"Le professeur Dave Hawey expose au Conseil des arts de Montr\u00e9al - UQACtualit\u00e9s","isPartOf":{"@id":"https:\/\/www.uqac.ca\/uqactualites\/#website"},"primaryImageOfPage":{"@id":"https:\/\/www.uqac.ca\/uqactualites\/2025\/05\/15\/le-professeur-dave-hawey-expose-au-conseil-des-arts-de-montreal\/#primaryimage"},"image":{"@id":"https:\/\/www.uqac.ca\/uqactualites\/2025\/05\/15\/le-professeur-dave-hawey-expose-au-conseil-des-arts-de-montreal\/#primaryimage"},"thumbnailUrl":"https:\/\/www.uqac.ca\/uqactualites\/wp-content\/uploads\/2025\/05\/Expo-Dave-Hawey.png","datePublished":"2025-05-15T15:49:33+00:00","dateModified":"2025-05-21T19:13:23+00:00","author":{"@id":"https:\/\/www.uqac.ca\/uqactualites\/#\/schema\/person\/366c45a0c4f0e677b41b4af5886e2018"},"breadcrumb":{"@id":"https:\/\/www.uqac.ca\/uqactualites\/2025\/05\/15\/le-professeur-dave-hawey-expose-au-conseil-des-arts-de-montreal\/#breadcrumb"},"inLanguage":"fr-CA","potentialAction":[{"@type":"ReadAction","target":["https:\/\/www.uqac.ca\/uqactualites\/2025\/05\/15\/le-professeur-dave-hawey-expose-au-conseil-des-arts-de-montreal\/"]}]},{"@type":"ImageObject","inLanguage":"fr-CA","@id":"https:\/\/www.uqac.ca\/uqactualites\/2025\/05\/15\/le-professeur-dave-hawey-expose-au-conseil-des-arts-de-montreal\/#primaryimage","url":"https:\/\/www.uqac.ca\/uqactualites\/wp-content\/uploads\/2025\/05\/Expo-Dave-Hawey.png","contentUrl":"https:\/\/www.uqac.ca\/uqactualites\/wp-content\/uploads\/2025\/05\/Expo-Dave-Hawey.png","width":1920,"height":1080},{"@type":"BreadcrumbList","@id":"https:\/\/www.uqac.ca\/uqactualites\/2025\/05\/15\/le-professeur-dave-hawey-expose-au-conseil-des-arts-de-montreal\/#breadcrumb","itemListElement":[{"@type":"ListItem","position":1,"name":"Home","item":"https:\/\/www.uqac.ca\/uqactualites\/"},{"@type":"ListItem","position":2,"name":"Le professeur Dave Hawey expose au Conseil des arts de Montr\u00e9al"}]},{"@type":"WebSite","@id":"https:\/\/www.uqac.ca\/uqactualites\/#website","url":"https:\/\/www.uqac.ca\/uqactualites\/","name":"UQACtualit\u00e9s","description":"Le portail des nouvelles de l&#039;UQAC","potentialAction":[{"@type":"SearchAction","target":{"@type":"EntryPoint","urlTemplate":"https:\/\/www.uqac.ca\/uqactualites\/?s={search_term_string}"},"query-input":{"@type":"PropertyValueSpecification","valueRequired":true,"valueName":"search_term_string"}}],"inLanguage":"fr-CA"},{"@type":"Person","@id":"https:\/\/www.uqac.ca\/uqactualites\/#\/schema\/person\/366c45a0c4f0e677b41b4af5886e2018","name":"Service des communications et des relations publiques","image":{"@type":"ImageObject","inLanguage":"fr-CA","@id":"https:\/\/www.uqac.ca\/uqactualites\/#\/schema\/person\/image\/","url":"https:\/\/secure.gravatar.com\/avatar\/20fbbda8a292f59f2d3461a5b999c00b?s=96&d=mm&r=g","contentUrl":"https:\/\/secure.gravatar.com\/avatar\/20fbbda8a292f59f2d3461a5b999c00b?s=96&d=mm&r=g","caption":"Service des communications et des relations publiques"},"url":"https:\/\/www.uqac.ca\/uqactualites\/author\/bap\/"}]}},"_links":{"self":[{"href":"https:\/\/www.uqac.ca\/uqactualites\/wp-json\/wp\/v2\/posts\/50747"}],"collection":[{"href":"https:\/\/www.uqac.ca\/uqactualites\/wp-json\/wp\/v2\/posts"}],"about":[{"href":"https:\/\/www.uqac.ca\/uqactualites\/wp-json\/wp\/v2\/types\/post"}],"author":[{"embeddable":true,"href":"https:\/\/www.uqac.ca\/uqactualites\/wp-json\/wp\/v2\/users\/5"}],"replies":[{"embeddable":true,"href":"https:\/\/www.uqac.ca\/uqactualites\/wp-json\/wp\/v2\/comments?post=50747"}],"version-history":[{"count":2,"href":"https:\/\/www.uqac.ca\/uqactualites\/wp-json\/wp\/v2\/posts\/50747\/revisions"}],"predecessor-version":[{"id":50786,"href":"https:\/\/www.uqac.ca\/uqactualites\/wp-json\/wp\/v2\/posts\/50747\/revisions\/50786"}],"wp:featuredmedia":[{"embeddable":true,"href":"https:\/\/www.uqac.ca\/uqactualites\/wp-json\/wp\/v2\/media\/50748"}],"wp:attachment":[{"href":"https:\/\/www.uqac.ca\/uqactualites\/wp-json\/wp\/v2\/media?parent=50747"}],"wp:term":[{"taxonomy":"category","embeddable":true,"href":"https:\/\/www.uqac.ca\/uqactualites\/wp-json\/wp\/v2\/categories?post=50747"},{"taxonomy":"post_tag","embeddable":true,"href":"https:\/\/www.uqac.ca\/uqactualites\/wp-json\/wp\/v2\/tags?post=50747"}],"curies":[{"name":"wp","href":"https:\/\/api.w.org\/{rel}","templated":true}]}}