{"id":50763,"date":"2025-05-21T09:42:04","date_gmt":"2025-05-21T13:42:04","guid":{"rendered":"https:\/\/www.uqac.ca\/uqactualites\/?p=50763"},"modified":"2025-05-22T11:56:34","modified_gmt":"2025-05-22T15:56:34","slug":"trois-professeures-de-luqac-prennent-part-au-plus-recent-numero-de-la-revue-afrique-contemporaine","status":"publish","type":"post","link":"https:\/\/www.uqac.ca\/uqactualites\/2025\/05\/21\/trois-professeures-de-luqac-prennent-part-au-plus-recent-numero-de-la-revue-afrique-contemporaine\/","title":{"rendered":"Trois professeures de l\u2019UQAC prennent part au plus r\u00e9cent num\u00e9ro de la revue Afrique contemporaine"},"content":{"rendered":"<p>Le n\u00b0 279 de la revue <em>Afrique contemporaine<\/em>, consacr\u00e9 aux politiques sociales transformatrices en Afrique, est le fruit d\u2019une \u00e9troite et bienveillante collaboration entre Louise Carignan, <a href=\"https:\/\/portfolio.uqac.ca\/mariefall\/\" target=\"_blank\" rel=\"noopener\">Marie Fall<\/a>, toutes deux professeures au D\u00e9partement des sciences humaines et sociales de l\u2019UQAC, Ndeye Faty Sarr, charg\u00e9e de cours \u00e0 l&rsquo;UQAC et Pierre Jacquemot, ancien ambassadeur de France en Afrique, attach\u00e9 \u00e0 Sciences Po-Paris et pr\u00e9sident du Groupe initiatives \u00e0 Paris.<\/p>\n<figure id=\"attachment_50764\" aria-describedby=\"caption-attachment-50764\" style=\"width: 400px\" class=\"wp-caption alignnone\"><img loading=\"lazy\" decoding=\"async\" class=\"wp-image-50764\" src=\"https:\/\/www.uqac.ca\/uqactualites\/wp-content\/uploads\/2025\/05\/Le-groupe-des-4_Uottawa_16-mai-2024-1024x854.jpeg\" alt=\"\" width=\"400\" height=\"334\" srcset=\"https:\/\/www.uqac.ca\/uqactualites\/wp-content\/uploads\/2025\/05\/Le-groupe-des-4_Uottawa_16-mai-2024-1024x854.jpeg 1024w, https:\/\/www.uqac.ca\/uqactualites\/wp-content\/uploads\/2025\/05\/Le-groupe-des-4_Uottawa_16-mai-2024-300x250.jpeg 300w, https:\/\/www.uqac.ca\/uqactualites\/wp-content\/uploads\/2025\/05\/Le-groupe-des-4_Uottawa_16-mai-2024-768x641.jpeg 768w, https:\/\/www.uqac.ca\/uqactualites\/wp-content\/uploads\/2025\/05\/Le-groupe-des-4_Uottawa_16-mai-2024-150x125.jpeg 150w, https:\/\/www.uqac.ca\/uqactualites\/wp-content\/uploads\/2025\/05\/Le-groupe-des-4_Uottawa_16-mai-2024-696x581.jpeg 696w, https:\/\/www.uqac.ca\/uqactualites\/wp-content\/uploads\/2025\/05\/Le-groupe-des-4_Uottawa_16-mai-2024-1068x891.jpeg 1068w, https:\/\/www.uqac.ca\/uqactualites\/wp-content\/uploads\/2025\/05\/Le-groupe-des-4_Uottawa_16-mai-2024.jpeg 1200w\" sizes=\"(max-width: 400px) 100vw, 400px\" \/><figcaption id=\"caption-attachment-50764\" class=\"wp-caption-text\">Ndeye Faty Sarr, Marie Fall et Louise Carignan (UQAC) accompagn\u00e9es de Pierre Jacquemot, attach\u00e9 \u00e0 Sciences Po-Paris et pr\u00e9sident du Groupe initiatives \u00e0 Paris.<\/figcaption><\/figure>\n<p>De plus, ce projet a \u00e9t\u00e9 rendu possible gr\u00e2ce \u00e0 la contribution de l\u2019Institute of African Studies de l\u2019Universit\u00e9 du Ghana, avec son projet de recherche <em>Gender Equitable and Transformative Social Policy for Post-COVID-19 Africa (GETSPA),<\/em> et gr\u00e2ce au soutien de l\u2019organisme Open Society Initiatives of Africa.<\/p>\n<p>Le calendrier de pr\u00e9paration de ce num\u00e9ro, \u00e9tal\u00e9 sur plusieurs mois, a \u00e9t\u00e9 travers\u00e9 par deux moments forts. D\u2019abord, un colloque \u00e0 Ottawa dans le cadre du 91e congr\u00e8s de l\u2019Association canadienne-fran\u00e7aise pour l\u2019avancement des sciences (ACFAS) du 13 au 17 mai 2024. Ensuite lors du <a href=\"https:\/\/www.uqac.ca\/uqactualites\/2024\/11\/20\/forum-international-politiques-sociales-transformatrices-afrique\/\" target=\"_blank\" rel=\"noopener\">Forum international sur les politiques sociales transformatrices en Afrique (FIPSTA) <\/a>qui s\u2019est tenu du 19 au 21 novembre 2024, \u00e0 Dakar au S\u00e9n\u00e9gal. Les deux activit\u00e9s scientifiques ont permis de s\u2019interroger sur les postulats de base des politiques sociales et d\u2019analyser leur op\u00e9rationnalisation dans divers contextes politiques, \u00e9conomiques et sociaux dans l\u2019Afrique d\u2019aujourd\u2019hui.<\/p>\n<p>Le n\u00b0 279 de la revue Afrique contemporaine est d\u00e9sormais accessible en ligne sur la plateforme <a href=\"https:\/\/shs.cairn.info\/revue-afrique-contemporaine-2025-1?lang=fr\">Cairn.info<\/a>.<\/p>\n<h5>\u00c0 propos de la revue Afrique contemporaine<\/h5>\n<p>Cr\u00e9\u00e9 en 1962,\u00a0<em>Afrique contemporaine<\/em> est une revue scientifique francophone et pluridisciplinaire d\u00e9di\u00e9e \u00e0 l\u2019\u00e9tude des dynamiques africaines. La revue compte plus de 2000 articles produits dans 279 num\u00e9ros jusqu\u2019\u00e0 maintenant et environ un million de consultation chaque ann\u00e9e. Elle contribue ainsi \u00e0 l\u2019\u00e9tude des probl\u00e9matiques du continent africain, \u00e0 partir d\u2019un fond \u00e9ditorial cons\u00e9quent et valid\u00e9 par une d\u00e9marche scientifique.<\/p>\n","protected":false},"excerpt":{"rendered":"<p>Le n\u00b0 279 de la revue Afrique contemporaine, consacr\u00e9 aux politiques sociales transformatrices en Afrique, est le fruit d\u2019une \u00e9troite et bienveillante collaboration entre Louise Carignan, Marie Fall, toutes deux professeures au D\u00e9partement des sciences humaines et sociales de l\u2019UQAC, Ndeye Faty Sarr, charg\u00e9e de cours \u00e0 l&rsquo;UQAC et Pierre Jacquemot, ancien ambassadeur de France [&hellip;]<\/p>\n","protected":false},"author":5,"featured_media":49275,"comment_status":"closed","ping_status":"open","sticky":false,"template":"","format":"standard","meta":{"footnotes":""},"categories":[2795,2,25],"tags":[2814,22],"yoast_head":"<!-- This site is optimized with the Yoast SEO plugin v24.2 - https:\/\/yoast.com\/wordpress\/plugins\/seo\/ -->\r\n<title>Trois professeures de l\u2019UQAC prennent part au plus r\u00e9cent num\u00e9ro de la revue Afrique contemporaine - UQACtualit\u00e9s<\/title>\r\n<meta name=\"robots\" content=\"index, follow, max-snippet:-1, max-image-preview:large, max-video-preview:-1\" \/>\r\n<link rel=\"canonical\" href=\"https:\/\/www.uqac.ca\/uqactualites\/2025\/05\/21\/trois-professeures-de-luqac-prennent-part-au-plus-recent-numero-de-la-revue-afrique-contemporaine\/\" \/>\r\n<meta property=\"og:locale\" content=\"fr_CA\" \/>\r\n<meta property=\"og:type\" content=\"article\" \/>\r\n<meta property=\"og:title\" content=\"Trois professeures de l\u2019UQAC prennent part au plus r\u00e9cent num\u00e9ro de la revue Afrique contemporaine - UQACtualit\u00e9s\" \/>\r\n<meta property=\"og:description\" content=\"Le n\u00b0 279 de la revue Afrique contemporaine, consacr\u00e9 aux politiques sociales transformatrices en Afrique, est le fruit d\u2019une \u00e9troite et bienveillante collaboration entre Louise Carignan, Marie Fall, toutes deux professeures au D\u00e9partement des sciences humaines et sociales de l\u2019UQAC, Ndeye Faty Sarr, charg\u00e9e de cours \u00e0 l&rsquo;UQAC et Pierre Jacquemot, ancien ambassadeur de France [&hellip;]\" \/>\r\n<meta property=\"og:url\" content=\"https:\/\/www.uqac.ca\/uqactualites\/2025\/05\/21\/trois-professeures-de-luqac-prennent-part-au-plus-recent-numero-de-la-revue-afrique-contemporaine\/\" \/>\r\n<meta property=\"og:site_name\" content=\"UQACtualit\u00e9s\" \/>\r\n<meta property=\"article:published_time\" content=\"2025-05-21T13:42:04+00:00\" \/>\r\n<meta property=\"article:modified_time\" content=\"2025-05-22T15:56:34+00:00\" \/>\r\n<meta property=\"og:image\" content=\"https:\/\/www.uqac.ca\/uqactualites\/wp-content\/uploads\/2024\/11\/NUM_UQACtualiteFIPSTA_A24-1.jpg\" \/>\r\n\t<meta property=\"og:image:width\" content=\"1920\" \/>\r\n\t<meta property=\"og:image:height\" content=\"1080\" \/>\r\n\t<meta property=\"og:image:type\" content=\"image\/jpeg\" \/>\r\n<meta name=\"author\" content=\"Service des communications et des relations publiques\" \/>\r\n<meta name=\"twitter:card\" content=\"summary_large_image\" \/>\r\n<meta name=\"twitter:label1\" content=\"\u00c9crit par\" \/>\n\t<meta name=\"twitter:data1\" content=\"Service des communications et des relations publiques\" \/>\n\t<meta name=\"twitter:label2\" content=\"Estimation du temps de lecture\" \/>\n\t<meta name=\"twitter:data2\" content=\"3 minutes\" \/>\r\n<script type=\"application\/ld+json\" class=\"yoast-schema-graph\">{\"@context\":\"https:\/\/schema.org\",\"@graph\":[{\"@type\":\"WebPage\",\"@id\":\"https:\/\/www.uqac.ca\/uqactualites\/2025\/05\/21\/trois-professeures-de-luqac-prennent-part-au-plus-recent-numero-de-la-revue-afrique-contemporaine\/\",\"url\":\"https:\/\/www.uqac.ca\/uqactualites\/2025\/05\/21\/trois-professeures-de-luqac-prennent-part-au-plus-recent-numero-de-la-revue-afrique-contemporaine\/\",\"name\":\"Trois professeures de l\u2019UQAC prennent part au plus r\u00e9cent num\u00e9ro de la revue Afrique contemporaine - UQACtualit\u00e9s\",\"isPartOf\":{\"@id\":\"https:\/\/www.uqac.ca\/uqactualites\/#website\"},\"primaryImageOfPage\":{\"@id\":\"https:\/\/www.uqac.ca\/uqactualites\/2025\/05\/21\/trois-professeures-de-luqac-prennent-part-au-plus-recent-numero-de-la-revue-afrique-contemporaine\/#primaryimage\"},\"image\":{\"@id\":\"https:\/\/www.uqac.ca\/uqactualites\/2025\/05\/21\/trois-professeures-de-luqac-prennent-part-au-plus-recent-numero-de-la-revue-afrique-contemporaine\/#primaryimage\"},\"thumbnailUrl\":\"https:\/\/www.uqac.ca\/uqactualites\/wp-content\/uploads\/2024\/11\/NUM_UQACtualiteFIPSTA_A24-1.jpg\",\"datePublished\":\"2025-05-21T13:42:04+00:00\",\"dateModified\":\"2025-05-22T15:56:34+00:00\",\"author\":{\"@id\":\"https:\/\/www.uqac.ca\/uqactualites\/#\/schema\/person\/366c45a0c4f0e677b41b4af5886e2018\"},\"breadcrumb\":{\"@id\":\"https:\/\/www.uqac.ca\/uqactualites\/2025\/05\/21\/trois-professeures-de-luqac-prennent-part-au-plus-recent-numero-de-la-revue-afrique-contemporaine\/#breadcrumb\"},\"inLanguage\":\"fr-CA\",\"potentialAction\":[{\"@type\":\"ReadAction\",\"target\":[\"https:\/\/www.uqac.ca\/uqactualites\/2025\/05\/21\/trois-professeures-de-luqac-prennent-part-au-plus-recent-numero-de-la-revue-afrique-contemporaine\/\"]}]},{\"@type\":\"ImageObject\",\"inLanguage\":\"fr-CA\",\"@id\":\"https:\/\/www.uqac.ca\/uqactualites\/2025\/05\/21\/trois-professeures-de-luqac-prennent-part-au-plus-recent-numero-de-la-revue-afrique-contemporaine\/#primaryimage\",\"url\":\"https:\/\/www.uqac.ca\/uqactualites\/wp-content\/uploads\/2024\/11\/NUM_UQACtualiteFIPSTA_A24-1.jpg\",\"contentUrl\":\"https:\/\/www.uqac.ca\/uqactualites\/wp-content\/uploads\/2024\/11\/NUM_UQACtualiteFIPSTA_A24-1.jpg\",\"width\":1920,\"height\":1080},{\"@type\":\"BreadcrumbList\",\"@id\":\"https:\/\/www.uqac.ca\/uqactualites\/2025\/05\/21\/trois-professeures-de-luqac-prennent-part-au-plus-recent-numero-de-la-revue-afrique-contemporaine\/#breadcrumb\",\"itemListElement\":[{\"@type\":\"ListItem\",\"position\":1,\"name\":\"Home\",\"item\":\"https:\/\/www.uqac.ca\/uqactualites\/\"},{\"@type\":\"ListItem\",\"position\":2,\"name\":\"Trois professeures de l\u2019UQAC prennent part au plus r\u00e9cent num\u00e9ro de la revue Afrique contemporaine\"}]},{\"@type\":\"WebSite\",\"@id\":\"https:\/\/www.uqac.ca\/uqactualites\/#website\",\"url\":\"https:\/\/www.uqac.ca\/uqactualites\/\",\"name\":\"UQACtualit\u00e9s\",\"description\":\"Le portail des nouvelles de l&#039;UQAC\",\"potentialAction\":[{\"@type\":\"SearchAction\",\"target\":{\"@type\":\"EntryPoint\",\"urlTemplate\":\"https:\/\/www.uqac.ca\/uqactualites\/?s={search_term_string}\"},\"query-input\":{\"@type\":\"PropertyValueSpecification\",\"valueRequired\":true,\"valueName\":\"search_term_string\"}}],\"inLanguage\":\"fr-CA\"},{\"@type\":\"Person\",\"@id\":\"https:\/\/www.uqac.ca\/uqactualites\/#\/schema\/person\/366c45a0c4f0e677b41b4af5886e2018\",\"name\":\"Service des communications et des relations publiques\",\"image\":{\"@type\":\"ImageObject\",\"inLanguage\":\"fr-CA\",\"@id\":\"https:\/\/www.uqac.ca\/uqactualites\/#\/schema\/person\/image\/\",\"url\":\"https:\/\/secure.gravatar.com\/avatar\/20fbbda8a292f59f2d3461a5b999c00b?s=96&d=mm&r=g\",\"contentUrl\":\"https:\/\/secure.gravatar.com\/avatar\/20fbbda8a292f59f2d3461a5b999c00b?s=96&d=mm&r=g\",\"caption\":\"Service des communications et des relations publiques\"},\"url\":\"https:\/\/www.uqac.ca\/uqactualites\/author\/bap\/\"}]}<\/script>\r\n<!-- \/ Yoast SEO plugin. -->","yoast_head_json":{"title":"Trois professeures de l\u2019UQAC prennent part au plus r\u00e9cent num\u00e9ro de la revue Afrique contemporaine - UQACtualit\u00e9s","robots":{"index":"index","follow":"follow","max-snippet":"max-snippet:-1","max-image-preview":"max-image-preview:large","max-video-preview":"max-video-preview:-1"},"canonical":"https:\/\/www.uqac.ca\/uqactualites\/2025\/05\/21\/trois-professeures-de-luqac-prennent-part-au-plus-recent-numero-de-la-revue-afrique-contemporaine\/","og_locale":"fr_CA","og_type":"article","og_title":"Trois professeures de l\u2019UQAC prennent part au plus r\u00e9cent num\u00e9ro de la revue Afrique contemporaine - UQACtualit\u00e9s","og_description":"Le n\u00b0 279 de la revue Afrique contemporaine, consacr\u00e9 aux politiques sociales transformatrices en Afrique, est le fruit d\u2019une \u00e9troite et bienveillante collaboration entre Louise Carignan, Marie Fall, toutes deux professeures au D\u00e9partement des sciences humaines et sociales de l\u2019UQAC, Ndeye Faty Sarr, charg\u00e9e de cours \u00e0 l&rsquo;UQAC et Pierre Jacquemot, ancien ambassadeur de France [&hellip;]","og_url":"https:\/\/www.uqac.ca\/uqactualites\/2025\/05\/21\/trois-professeures-de-luqac-prennent-part-au-plus-recent-numero-de-la-revue-afrique-contemporaine\/","og_site_name":"UQACtualit\u00e9s","article_published_time":"2025-05-21T13:42:04+00:00","article_modified_time":"2025-05-22T15:56:34+00:00","og_image":[{"width":1920,"height":1080,"url":"https:\/\/www.uqac.ca\/uqactualites\/wp-content\/uploads\/2024\/11\/NUM_UQACtualiteFIPSTA_A24-1.jpg","type":"image\/jpeg"}],"author":"Service des communications et des relations publiques","twitter_card":"summary_large_image","twitter_misc":{"\u00c9crit par":"Service des communications et des relations publiques","Estimation du temps de lecture":"3 minutes"},"schema":{"@context":"https:\/\/schema.org","@graph":[{"@type":"WebPage","@id":"https:\/\/www.uqac.ca\/uqactualites\/2025\/05\/21\/trois-professeures-de-luqac-prennent-part-au-plus-recent-numero-de-la-revue-afrique-contemporaine\/","url":"https:\/\/www.uqac.ca\/uqactualites\/2025\/05\/21\/trois-professeures-de-luqac-prennent-part-au-plus-recent-numero-de-la-revue-afrique-contemporaine\/","name":"Trois professeures de l\u2019UQAC prennent part au plus r\u00e9cent num\u00e9ro de la revue Afrique contemporaine - UQACtualit\u00e9s","isPartOf":{"@id":"https:\/\/www.uqac.ca\/uqactualites\/#website"},"primaryImageOfPage":{"@id":"https:\/\/www.uqac.ca\/uqactualites\/2025\/05\/21\/trois-professeures-de-luqac-prennent-part-au-plus-recent-numero-de-la-revue-afrique-contemporaine\/#primaryimage"},"image":{"@id":"https:\/\/www.uqac.ca\/uqactualites\/2025\/05\/21\/trois-professeures-de-luqac-prennent-part-au-plus-recent-numero-de-la-revue-afrique-contemporaine\/#primaryimage"},"thumbnailUrl":"https:\/\/www.uqac.ca\/uqactualites\/wp-content\/uploads\/2024\/11\/NUM_UQACtualiteFIPSTA_A24-1.jpg","datePublished":"2025-05-21T13:42:04+00:00","dateModified":"2025-05-22T15:56:34+00:00","author":{"@id":"https:\/\/www.uqac.ca\/uqactualites\/#\/schema\/person\/366c45a0c4f0e677b41b4af5886e2018"},"breadcrumb":{"@id":"https:\/\/www.uqac.ca\/uqactualites\/2025\/05\/21\/trois-professeures-de-luqac-prennent-part-au-plus-recent-numero-de-la-revue-afrique-contemporaine\/#breadcrumb"},"inLanguage":"fr-CA","potentialAction":[{"@type":"ReadAction","target":["https:\/\/www.uqac.ca\/uqactualites\/2025\/05\/21\/trois-professeures-de-luqac-prennent-part-au-plus-recent-numero-de-la-revue-afrique-contemporaine\/"]}]},{"@type":"ImageObject","inLanguage":"fr-CA","@id":"https:\/\/www.uqac.ca\/uqactualites\/2025\/05\/21\/trois-professeures-de-luqac-prennent-part-au-plus-recent-numero-de-la-revue-afrique-contemporaine\/#primaryimage","url":"https:\/\/www.uqac.ca\/uqactualites\/wp-content\/uploads\/2024\/11\/NUM_UQACtualiteFIPSTA_A24-1.jpg","contentUrl":"https:\/\/www.uqac.ca\/uqactualites\/wp-content\/uploads\/2024\/11\/NUM_UQACtualiteFIPSTA_A24-1.jpg","width":1920,"height":1080},{"@type":"BreadcrumbList","@id":"https:\/\/www.uqac.ca\/uqactualites\/2025\/05\/21\/trois-professeures-de-luqac-prennent-part-au-plus-recent-numero-de-la-revue-afrique-contemporaine\/#breadcrumb","itemListElement":[{"@type":"ListItem","position":1,"name":"Home","item":"https:\/\/www.uqac.ca\/uqactualites\/"},{"@type":"ListItem","position":2,"name":"Trois professeures de l\u2019UQAC prennent part au plus r\u00e9cent num\u00e9ro de la revue Afrique contemporaine"}]},{"@type":"WebSite","@id":"https:\/\/www.uqac.ca\/uqactualites\/#website","url":"https:\/\/www.uqac.ca\/uqactualites\/","name":"UQACtualit\u00e9s","description":"Le portail des nouvelles de l&#039;UQAC","potentialAction":[{"@type":"SearchAction","target":{"@type":"EntryPoint","urlTemplate":"https:\/\/www.uqac.ca\/uqactualites\/?s={search_term_string}"},"query-input":{"@type":"PropertyValueSpecification","valueRequired":true,"valueName":"search_term_string"}}],"inLanguage":"fr-CA"},{"@type":"Person","@id":"https:\/\/www.uqac.ca\/uqactualites\/#\/schema\/person\/366c45a0c4f0e677b41b4af5886e2018","name":"Service des communications et des relations publiques","image":{"@type":"ImageObject","inLanguage":"fr-CA","@id":"https:\/\/www.uqac.ca\/uqactualites\/#\/schema\/person\/image\/","url":"https:\/\/secure.gravatar.com\/avatar\/20fbbda8a292f59f2d3461a5b999c00b?s=96&d=mm&r=g","contentUrl":"https:\/\/secure.gravatar.com\/avatar\/20fbbda8a292f59f2d3461a5b999c00b?s=96&d=mm&r=g","caption":"Service des communications et des relations publiques"},"url":"https:\/\/www.uqac.ca\/uqactualites\/author\/bap\/"}]}},"_links":{"self":[{"href":"https:\/\/www.uqac.ca\/uqactualites\/wp-json\/wp\/v2\/posts\/50763"}],"collection":[{"href":"https:\/\/www.uqac.ca\/uqactualites\/wp-json\/wp\/v2\/posts"}],"about":[{"href":"https:\/\/www.uqac.ca\/uqactualites\/wp-json\/wp\/v2\/types\/post"}],"author":[{"embeddable":true,"href":"https:\/\/www.uqac.ca\/uqactualites\/wp-json\/wp\/v2\/users\/5"}],"replies":[{"embeddable":true,"href":"https:\/\/www.uqac.ca\/uqactualites\/wp-json\/wp\/v2\/comments?post=50763"}],"version-history":[{"count":6,"href":"https:\/\/www.uqac.ca\/uqactualites\/wp-json\/wp\/v2\/posts\/50763\/revisions"}],"predecessor-version":[{"id":50787,"href":"https:\/\/www.uqac.ca\/uqactualites\/wp-json\/wp\/v2\/posts\/50763\/revisions\/50787"}],"wp:featuredmedia":[{"embeddable":true,"href":"https:\/\/www.uqac.ca\/uqactualites\/wp-json\/wp\/v2\/media\/49275"}],"wp:attachment":[{"href":"https:\/\/www.uqac.ca\/uqactualites\/wp-json\/wp\/v2\/media?parent=50763"}],"wp:term":[{"taxonomy":"category","embeddable":true,"href":"https:\/\/www.uqac.ca\/uqactualites\/wp-json\/wp\/v2\/categories?post=50763"},{"taxonomy":"post_tag","embeddable":true,"href":"https:\/\/www.uqac.ca\/uqactualites\/wp-json\/wp\/v2\/tags?post=50763"}],"curies":[{"name":"wp","href":"https:\/\/api.w.org\/{rel}","templated":true}]}}