{"id":50789,"date":"2025-05-22T08:39:03","date_gmt":"2025-05-22T12:39:03","guid":{"rendered":"https:\/\/www.uqac.ca\/uqactualites\/?p=50789"},"modified":"2025-05-22T08:39:03","modified_gmt":"2025-05-22T12:39:03","slug":"un-soutien-de-3m-pour-donner-vie-a-une-vision-regionale-citoyenne","status":"publish","type":"post","link":"https:\/\/www.uqac.ca\/uqactualites\/2025\/05\/22\/un-soutien-de-3m-pour-donner-vie-a-une-vision-regionale-citoyenne\/","title":{"rendered":"Un soutien de 3M $ pour donner vie \u00e0 une vision r\u00e9gionale citoyenne"},"content":{"rendered":"<p>Avec un financement de 3 091 800 $ sur trois ans, la Fondation Lucie et Andr\u00e9 Chagnon r\u00e9affirme sa confiance envers le Grand Dialogue, une d\u00e9marche citoyenne d\u2019envergure pour une transition socio-\u00e9cologique au Saguenay\u2013Lac-Saint-Jean. Ce projet b\u00e9n\u00e9ficie de l\u2019expertise du <a href=\"https:\/\/collectiflagora.org\/\" target=\"_blank\" rel=\"noopener\">Laboratoire de gouvernances alternatives<\/a> (LAGORA) de l\u2019UQAC, sous la direction du professeur Olivier Riffon, sp\u00e9cialiste en \u00e9co-conseil et membre fondateur du comit\u00e9 de d\u00e9marrage du Grand Dialogue. Cette collaboration assure une base scientifique solide pour analyser, structurer et accompagner les actions issues de l\u2019intelligence collective.<\/p>\n<p>Depuis ses d\u00e9buts, le Grand Dialogue a r\u00e9uni pr\u00e8s de 10 000 personnes et recueilli plus de 28 000 propositions pour l\u2019avenir du Saguenay\u2013Lac-Saint-Jean. Cette vaste consultation populaire, amorc\u00e9e en 2021, franchit aujourd\u2019hui un tournant. Alors que l\u2019\u00e9tape DIALOGUER a permis de r\u00e9colter la parole citoyenne jusqu\u2019en d\u00e9cembre 2023, la d\u00e9marche se poursuit depuis avec la phase DIFFUSER pour obtenir de la r\u00e9troaction et identifier, parmi les milliers d\u2019\u00e9nonc\u00e9s recueillis, ceux qui ont le plus de potentiel de concr\u00e9tisation. L\u2019\u00e9tape suivante initi\u00e9e cette ann\u00e9e, S\u2019ORGANISER, marque le moment de transformer cette intelligence collective en actions concr\u00e8tes.<\/p>\n<p>Le laboratoire LAGORA de l\u2019UQAC est impliqu\u00e9e depuis les d\u00e9buts du Grand Dialogue, que ce soit par la r\u00e9alisation de projets ou d\u2019animations participatives, en plus de d\u00e9velopper le volet recherche du mouvement. LAGORA documente, analyse et accompagne les dynamiques collectives en contexte de transition.<\/p>\n<p>Son mandat pour le Grand Dialogue permet d\u2019assurer une analyse rigoureuse des donn\u00e9es citoyennes, soutenir la structuration strat\u00e9gique des id\u00e9es \u00e9mergentes et favoriser une d\u00e9marche territoriale ancr\u00e9e dans la recherche appliqu\u00e9e. Ce partenariat s\u2019inscrit dans une logique d\u2019innovation sociale, soutenue par le Fonds d\u2019innovation sociale du MEIE et plusieurs bourses MITACS.<\/p>\n<p><strong>De la vision \u00e0 l\u2019action : des \u00e9tapes cl\u00e9s en 2025<\/strong><br \/>\nLe Grand Dialogue entre dans une nouvelle phase d\u00e9terminante, port\u00e9e par trois leviers majeurs :<\/p>\n<ol>\n<li><strong>Les Journ\u00e9es de consolidation<\/strong><br \/>\nCes rencontres r\u00e9gionales permettent d\u2019affiner les priorit\u00e9s collectives en rassemblant les forces vives du territoire. Apr\u00e8s les \u00e9tapes tenues \u00e0 Saint-F\u00e9licien, L\u2019Anse-Saint-Jean, Dolbeau-Mistassini et Saint-Fulgence, de <a href=\"https:\/\/granddialogue-slsj.com\/journees-de-consolidation\" target=\"_blank\" rel=\"noopener\">nouveaux rendez-vous<\/a> auront lieu :<\/p>\n<ul>\n<li style=\"list-style-type: none;\">\n<ul>\n<li><strong>28 mai<\/strong> au Coll\u00e8ge d\u2019Alma<\/li>\n<li><strong>11 juin<\/strong> au C\u00e9gep de Jonqui\u00e8re<\/li>\n<\/ul>\n<\/li>\n<\/ul>\n<\/li>\n<li><strong>Le sondage de priorisation<\/strong><br \/>\nPour favoriser une large participation citoyenne, un sondage en ligne est accessible afin d\u2019identifier les priorit\u00e9s r\u00e9gionales les plus porteuses :<br \/>\n<a href=\"https:\/\/granddialogue-slsj.com\/sondage-de-priorisation\" target=\"_blank\" rel=\"noopener\">Participer ici<\/a><\/li>\n<li><strong>Le Grand Rassemblement \u2013 15 au 19 octobre 2025<\/strong><br \/>\nEn octobre prochain, le Grand Rassemblement r\u00e9unira pendant cinq jours les partenaires, les personnes citoyennes, organisations et institutions autour de groupes de travail th\u00e9matiques, dans le but de transformer les id\u00e9es en projets et de cocr\u00e9er une feuille de route r\u00e9gionale ambitieuse et r\u00e9aliste.<\/li>\n<\/ol>\n","protected":false},"excerpt":{"rendered":"<p>Avec un financement de 3 091 800 $ sur trois ans, la Fondation Lucie et Andr\u00e9 Chagnon r\u00e9affirme sa confiance envers le Grand Dialogue, une d\u00e9marche citoyenne d\u2019envergure pour une transition socio-\u00e9cologique au Saguenay\u2013Lac-Saint-Jean. Ce projet b\u00e9n\u00e9ficie de l\u2019expertise du Laboratoire de gouvernances alternatives (LAGORA) de l\u2019UQAC, sous la direction du professeur Olivier Riffon, sp\u00e9cialiste [&hellip;]<\/p>\n","protected":false},"author":5,"featured_media":50791,"comment_status":"closed","ping_status":"open","sticky":false,"template":"","format":"standard","meta":{"footnotes":""},"categories":[2795,2,4],"tags":[22,16],"yoast_head":"<!-- This site is optimized with the Yoast SEO plugin v24.2 - https:\/\/yoast.com\/wordpress\/plugins\/seo\/ -->\r\n<title>Un soutien de 3M $ pour donner vie \u00e0 une vision r\u00e9gionale citoyenne - UQACtualit\u00e9s<\/title>\r\n<meta name=\"description\" content=\"La Fondation Lucie et Andr\u00e9 Chagnon r\u00e9affirme sa confiance envers le Grand Dialogue, un projet qui b\u00e9n\u00e9ficie de l\u2019expertise du Laboratoire de gouvernances alternatives (LAGORA) de l\u2019UQAC\" \/>\r\n<meta name=\"robots\" content=\"index, follow, max-snippet:-1, max-image-preview:large, max-video-preview:-1\" \/>\r\n<link rel=\"canonical\" href=\"https:\/\/www.uqac.ca\/uqactualites\/2025\/05\/22\/un-soutien-de-3m-pour-donner-vie-a-une-vision-regionale-citoyenne\/\" \/>\r\n<meta property=\"og:locale\" content=\"fr_CA\" \/>\r\n<meta property=\"og:type\" content=\"article\" \/>\r\n<meta property=\"og:title\" content=\"Un soutien de 3M $ pour donner vie \u00e0 une vision r\u00e9gionale citoyenne - UQACtualit\u00e9s\" \/>\r\n<meta property=\"og:description\" content=\"La Fondation Lucie et Andr\u00e9 Chagnon r\u00e9affirme sa confiance envers le Grand Dialogue, un projet qui b\u00e9n\u00e9ficie de l\u2019expertise du Laboratoire de gouvernances alternatives (LAGORA) de l\u2019UQAC\" \/>\r\n<meta property=\"og:url\" content=\"https:\/\/www.uqac.ca\/uqactualites\/2025\/05\/22\/un-soutien-de-3m-pour-donner-vie-a-une-vision-regionale-citoyenne\/\" \/>\r\n<meta property=\"og:site_name\" content=\"UQACtualit\u00e9s\" \/>\r\n<meta property=\"article:published_time\" content=\"2025-05-22T12:39:03+00:00\" \/>\r\n<meta property=\"og:image\" content=\"https:\/\/www.uqac.ca\/uqactualites\/wp-content\/uploads\/2025\/05\/DSC_0145-scaled.jpg\" \/>\r\n\t<meta property=\"og:image:width\" content=\"2560\" \/>\r\n\t<meta property=\"og:image:height\" content=\"1707\" \/>\r\n\t<meta property=\"og:image:type\" content=\"image\/jpeg\" \/>\r\n<meta name=\"author\" content=\"Service des communications et des relations publiques\" \/>\r\n<meta name=\"twitter:card\" content=\"summary_large_image\" \/>\r\n<meta name=\"twitter:label1\" content=\"\u00c9crit par\" \/>\n\t<meta name=\"twitter:data1\" content=\"Service des communications et des relations publiques\" \/>\n\t<meta name=\"twitter:label2\" content=\"Estimation du temps de lecture\" \/>\n\t<meta name=\"twitter:data2\" content=\"3 minutes\" \/>\r\n<script type=\"application\/ld+json\" class=\"yoast-schema-graph\">{\"@context\":\"https:\/\/schema.org\",\"@graph\":[{\"@type\":\"WebPage\",\"@id\":\"https:\/\/www.uqac.ca\/uqactualites\/2025\/05\/22\/un-soutien-de-3m-pour-donner-vie-a-une-vision-regionale-citoyenne\/\",\"url\":\"https:\/\/www.uqac.ca\/uqactualites\/2025\/05\/22\/un-soutien-de-3m-pour-donner-vie-a-une-vision-regionale-citoyenne\/\",\"name\":\"Un soutien de 3M $ pour donner vie \u00e0 une vision r\u00e9gionale citoyenne - UQACtualit\u00e9s\",\"isPartOf\":{\"@id\":\"https:\/\/www.uqac.ca\/uqactualites\/#website\"},\"primaryImageOfPage\":{\"@id\":\"https:\/\/www.uqac.ca\/uqactualites\/2025\/05\/22\/un-soutien-de-3m-pour-donner-vie-a-une-vision-regionale-citoyenne\/#primaryimage\"},\"image\":{\"@id\":\"https:\/\/www.uqac.ca\/uqactualites\/2025\/05\/22\/un-soutien-de-3m-pour-donner-vie-a-une-vision-regionale-citoyenne\/#primaryimage\"},\"thumbnailUrl\":\"https:\/\/www.uqac.ca\/uqactualites\/wp-content\/uploads\/2025\/05\/DSC_0145-scaled.jpg\",\"datePublished\":\"2025-05-22T12:39:03+00:00\",\"dateModified\":\"2025-05-22T12:39:03+00:00\",\"author\":{\"@id\":\"https:\/\/www.uqac.ca\/uqactualites\/#\/schema\/person\/366c45a0c4f0e677b41b4af5886e2018\"},\"description\":\"La Fondation Lucie et Andr\u00e9 Chagnon r\u00e9affirme sa confiance envers le Grand Dialogue, un projet qui b\u00e9n\u00e9ficie de l\u2019expertise du Laboratoire de gouvernances alternatives (LAGORA) de l\u2019UQAC\",\"breadcrumb\":{\"@id\":\"https:\/\/www.uqac.ca\/uqactualites\/2025\/05\/22\/un-soutien-de-3m-pour-donner-vie-a-une-vision-regionale-citoyenne\/#breadcrumb\"},\"inLanguage\":\"fr-CA\",\"potentialAction\":[{\"@type\":\"ReadAction\",\"target\":[\"https:\/\/www.uqac.ca\/uqactualites\/2025\/05\/22\/un-soutien-de-3m-pour-donner-vie-a-une-vision-regionale-citoyenne\/\"]}]},{\"@type\":\"ImageObject\",\"inLanguage\":\"fr-CA\",\"@id\":\"https:\/\/www.uqac.ca\/uqactualites\/2025\/05\/22\/un-soutien-de-3m-pour-donner-vie-a-une-vision-regionale-citoyenne\/#primaryimage\",\"url\":\"https:\/\/www.uqac.ca\/uqactualites\/wp-content\/uploads\/2025\/05\/DSC_0145-scaled.jpg\",\"contentUrl\":\"https:\/\/www.uqac.ca\/uqactualites\/wp-content\/uploads\/2025\/05\/DSC_0145-scaled.jpg\",\"width\":2560,\"height\":1707},{\"@type\":\"BreadcrumbList\",\"@id\":\"https:\/\/www.uqac.ca\/uqactualites\/2025\/05\/22\/un-soutien-de-3m-pour-donner-vie-a-une-vision-regionale-citoyenne\/#breadcrumb\",\"itemListElement\":[{\"@type\":\"ListItem\",\"position\":1,\"name\":\"Home\",\"item\":\"https:\/\/www.uqac.ca\/uqactualites\/\"},{\"@type\":\"ListItem\",\"position\":2,\"name\":\"Un soutien de 3M $ pour donner vie \u00e0 une vision r\u00e9gionale citoyenne\"}]},{\"@type\":\"WebSite\",\"@id\":\"https:\/\/www.uqac.ca\/uqactualites\/#website\",\"url\":\"https:\/\/www.uqac.ca\/uqactualites\/\",\"name\":\"UQACtualit\u00e9s\",\"description\":\"Le portail des nouvelles de l&#039;UQAC\",\"potentialAction\":[{\"@type\":\"SearchAction\",\"target\":{\"@type\":\"EntryPoint\",\"urlTemplate\":\"https:\/\/www.uqac.ca\/uqactualites\/?s={search_term_string}\"},\"query-input\":{\"@type\":\"PropertyValueSpecification\",\"valueRequired\":true,\"valueName\":\"search_term_string\"}}],\"inLanguage\":\"fr-CA\"},{\"@type\":\"Person\",\"@id\":\"https:\/\/www.uqac.ca\/uqactualites\/#\/schema\/person\/366c45a0c4f0e677b41b4af5886e2018\",\"name\":\"Service des communications et des relations publiques\",\"image\":{\"@type\":\"ImageObject\",\"inLanguage\":\"fr-CA\",\"@id\":\"https:\/\/www.uqac.ca\/uqactualites\/#\/schema\/person\/image\/\",\"url\":\"https:\/\/secure.gravatar.com\/avatar\/20fbbda8a292f59f2d3461a5b999c00b?s=96&d=mm&r=g\",\"contentUrl\":\"https:\/\/secure.gravatar.com\/avatar\/20fbbda8a292f59f2d3461a5b999c00b?s=96&d=mm&r=g\",\"caption\":\"Service des communications et des relations publiques\"},\"url\":\"https:\/\/www.uqac.ca\/uqactualites\/author\/bap\/\"}]}<\/script>\r\n<!-- \/ Yoast SEO plugin. -->","yoast_head_json":{"title":"Un soutien de 3M $ pour donner vie \u00e0 une vision r\u00e9gionale citoyenne - UQACtualit\u00e9s","description":"La Fondation Lucie et Andr\u00e9 Chagnon r\u00e9affirme sa confiance envers le Grand Dialogue, un projet qui b\u00e9n\u00e9ficie de l\u2019expertise du Laboratoire de gouvernances alternatives (LAGORA) de l\u2019UQAC","robots":{"index":"index","follow":"follow","max-snippet":"max-snippet:-1","max-image-preview":"max-image-preview:large","max-video-preview":"max-video-preview:-1"},"canonical":"https:\/\/www.uqac.ca\/uqactualites\/2025\/05\/22\/un-soutien-de-3m-pour-donner-vie-a-une-vision-regionale-citoyenne\/","og_locale":"fr_CA","og_type":"article","og_title":"Un soutien de 3M $ pour donner vie \u00e0 une vision r\u00e9gionale citoyenne - UQACtualit\u00e9s","og_description":"La Fondation Lucie et Andr\u00e9 Chagnon r\u00e9affirme sa confiance envers le Grand Dialogue, un projet qui b\u00e9n\u00e9ficie de l\u2019expertise du Laboratoire de gouvernances alternatives (LAGORA) de l\u2019UQAC","og_url":"https:\/\/www.uqac.ca\/uqactualites\/2025\/05\/22\/un-soutien-de-3m-pour-donner-vie-a-une-vision-regionale-citoyenne\/","og_site_name":"UQACtualit\u00e9s","article_published_time":"2025-05-22T12:39:03+00:00","og_image":[{"width":2560,"height":1707,"url":"https:\/\/www.uqac.ca\/uqactualites\/wp-content\/uploads\/2025\/05\/DSC_0145-scaled.jpg","type":"image\/jpeg"}],"author":"Service des communications et des relations publiques","twitter_card":"summary_large_image","twitter_misc":{"\u00c9crit par":"Service des communications et des relations publiques","Estimation du temps de lecture":"3 minutes"},"schema":{"@context":"https:\/\/schema.org","@graph":[{"@type":"WebPage","@id":"https:\/\/www.uqac.ca\/uqactualites\/2025\/05\/22\/un-soutien-de-3m-pour-donner-vie-a-une-vision-regionale-citoyenne\/","url":"https:\/\/www.uqac.ca\/uqactualites\/2025\/05\/22\/un-soutien-de-3m-pour-donner-vie-a-une-vision-regionale-citoyenne\/","name":"Un soutien de 3M $ pour donner vie \u00e0 une vision r\u00e9gionale citoyenne - UQACtualit\u00e9s","isPartOf":{"@id":"https:\/\/www.uqac.ca\/uqactualites\/#website"},"primaryImageOfPage":{"@id":"https:\/\/www.uqac.ca\/uqactualites\/2025\/05\/22\/un-soutien-de-3m-pour-donner-vie-a-une-vision-regionale-citoyenne\/#primaryimage"},"image":{"@id":"https:\/\/www.uqac.ca\/uqactualites\/2025\/05\/22\/un-soutien-de-3m-pour-donner-vie-a-une-vision-regionale-citoyenne\/#primaryimage"},"thumbnailUrl":"https:\/\/www.uqac.ca\/uqactualites\/wp-content\/uploads\/2025\/05\/DSC_0145-scaled.jpg","datePublished":"2025-05-22T12:39:03+00:00","dateModified":"2025-05-22T12:39:03+00:00","author":{"@id":"https:\/\/www.uqac.ca\/uqactualites\/#\/schema\/person\/366c45a0c4f0e677b41b4af5886e2018"},"description":"La Fondation Lucie et Andr\u00e9 Chagnon r\u00e9affirme sa confiance envers le Grand Dialogue, un projet qui b\u00e9n\u00e9ficie de l\u2019expertise du Laboratoire de gouvernances alternatives (LAGORA) de l\u2019UQAC","breadcrumb":{"@id":"https:\/\/www.uqac.ca\/uqactualites\/2025\/05\/22\/un-soutien-de-3m-pour-donner-vie-a-une-vision-regionale-citoyenne\/#breadcrumb"},"inLanguage":"fr-CA","potentialAction":[{"@type":"ReadAction","target":["https:\/\/www.uqac.ca\/uqactualites\/2025\/05\/22\/un-soutien-de-3m-pour-donner-vie-a-une-vision-regionale-citoyenne\/"]}]},{"@type":"ImageObject","inLanguage":"fr-CA","@id":"https:\/\/www.uqac.ca\/uqactualites\/2025\/05\/22\/un-soutien-de-3m-pour-donner-vie-a-une-vision-regionale-citoyenne\/#primaryimage","url":"https:\/\/www.uqac.ca\/uqactualites\/wp-content\/uploads\/2025\/05\/DSC_0145-scaled.jpg","contentUrl":"https:\/\/www.uqac.ca\/uqactualites\/wp-content\/uploads\/2025\/05\/DSC_0145-scaled.jpg","width":2560,"height":1707},{"@type":"BreadcrumbList","@id":"https:\/\/www.uqac.ca\/uqactualites\/2025\/05\/22\/un-soutien-de-3m-pour-donner-vie-a-une-vision-regionale-citoyenne\/#breadcrumb","itemListElement":[{"@type":"ListItem","position":1,"name":"Home","item":"https:\/\/www.uqac.ca\/uqactualites\/"},{"@type":"ListItem","position":2,"name":"Un soutien de 3M $ pour donner vie \u00e0 une vision r\u00e9gionale citoyenne"}]},{"@type":"WebSite","@id":"https:\/\/www.uqac.ca\/uqactualites\/#website","url":"https:\/\/www.uqac.ca\/uqactualites\/","name":"UQACtualit\u00e9s","description":"Le portail des nouvelles de l&#039;UQAC","potentialAction":[{"@type":"SearchAction","target":{"@type":"EntryPoint","urlTemplate":"https:\/\/www.uqac.ca\/uqactualites\/?s={search_term_string}"},"query-input":{"@type":"PropertyValueSpecification","valueRequired":true,"valueName":"search_term_string"}}],"inLanguage":"fr-CA"},{"@type":"Person","@id":"https:\/\/www.uqac.ca\/uqactualites\/#\/schema\/person\/366c45a0c4f0e677b41b4af5886e2018","name":"Service des communications et des relations publiques","image":{"@type":"ImageObject","inLanguage":"fr-CA","@id":"https:\/\/www.uqac.ca\/uqactualites\/#\/schema\/person\/image\/","url":"https:\/\/secure.gravatar.com\/avatar\/20fbbda8a292f59f2d3461a5b999c00b?s=96&d=mm&r=g","contentUrl":"https:\/\/secure.gravatar.com\/avatar\/20fbbda8a292f59f2d3461a5b999c00b?s=96&d=mm&r=g","caption":"Service des communications et des relations publiques"},"url":"https:\/\/www.uqac.ca\/uqactualites\/author\/bap\/"}]}},"_links":{"self":[{"href":"https:\/\/www.uqac.ca\/uqactualites\/wp-json\/wp\/v2\/posts\/50789"}],"collection":[{"href":"https:\/\/www.uqac.ca\/uqactualites\/wp-json\/wp\/v2\/posts"}],"about":[{"href":"https:\/\/www.uqac.ca\/uqactualites\/wp-json\/wp\/v2\/types\/post"}],"author":[{"embeddable":true,"href":"https:\/\/www.uqac.ca\/uqactualites\/wp-json\/wp\/v2\/users\/5"}],"replies":[{"embeddable":true,"href":"https:\/\/www.uqac.ca\/uqactualites\/wp-json\/wp\/v2\/comments?post=50789"}],"version-history":[{"count":4,"href":"https:\/\/www.uqac.ca\/uqactualites\/wp-json\/wp\/v2\/posts\/50789\/revisions"}],"predecessor-version":[{"id":50795,"href":"https:\/\/www.uqac.ca\/uqactualites\/wp-json\/wp\/v2\/posts\/50789\/revisions\/50795"}],"wp:featuredmedia":[{"embeddable":true,"href":"https:\/\/www.uqac.ca\/uqactualites\/wp-json\/wp\/v2\/media\/50791"}],"wp:attachment":[{"href":"https:\/\/www.uqac.ca\/uqactualites\/wp-json\/wp\/v2\/media?parent=50789"}],"wp:term":[{"taxonomy":"category","embeddable":true,"href":"https:\/\/www.uqac.ca\/uqactualites\/wp-json\/wp\/v2\/categories?post=50789"},{"taxonomy":"post_tag","embeddable":true,"href":"https:\/\/www.uqac.ca\/uqactualites\/wp-json\/wp\/v2\/tags?post=50789"}],"curies":[{"name":"wp","href":"https:\/\/api.w.org\/{rel}","templated":true}]}}