{"id":50797,"date":"2025-05-22T15:37:11","date_gmt":"2025-05-22T19:37:11","guid":{"rendered":"https:\/\/www.uqac.ca\/uqactualites\/?p=50797"},"modified":"2025-05-22T15:37:11","modified_gmt":"2025-05-22T19:37:11","slug":"une-offre-bonifiee-de-trois-programmes-a-sept-iles-pour-lautomne-2025","status":"publish","type":"post","link":"https:\/\/www.uqac.ca\/uqactualites\/2025\/05\/22\/une-offre-bonifiee-de-trois-programmes-a-sept-iles-pour-lautomne-2025\/","title":{"rendered":"Une offre bonifi\u00e9e de trois programmes \u00e0 Sept-\u00celes pour l\u2019automne 2025"},"content":{"rendered":"<p>\u00c0 l\u2019automne 2025, l\u2019Universit\u00e9 du Qu\u00e9bec \u00e0 Chicoutimi (UQAC) proposera trois formations universitaires en d\u00e9marrage par cohorte sur son campus de Sept-\u00celes en compl\u00e9ment de son offre r\u00e9guli\u00e8re. Les programmes de certificat en intervention communautaire, de baccalaur\u00e9at en \u00e9ducation pr\u00e9scolaire et en enseignement primaire ainsi que de ma\u00eetrise en gestion de projet sont maintenant ouverts aux admissions. Con\u00e7us pour s\u2019adapter aux horaires des personnes en emploi, ces parcours visent \u00e0 r\u00e9pondre aux besoins de main-d\u2019\u0153uvre de la r\u00e9gion tout en facilitant l\u2019acc\u00e8s aux \u00e9tudes universitaires pour les Nord-C\u00f4tiers et Nord-C\u00f4ti\u00e8res.<\/p>\n<p><a href=\"https:\/\/www.uqac.ca\/programme\/4440\/\" target=\"_blank\" rel=\"noopener\"><strong>Certificat en intervention communautaire<\/strong><\/a><br \/>\nLe certificat en intervention communautaire s&rsquo;adresse autant aux intervenantes et intervenants exp\u00e9riment\u00e9s qu&rsquo;\u00e0 toute personne d\u00e9sireuse de parfaire ses connaissances et d&rsquo;am\u00e9liorer ses diff\u00e9rentes formes d&rsquo;implication sociale dans le champ communautaire. Il propose un cheminement \u00e0 temps partiel \u00e0 raison d\u2019un cours par trimestre, majoritairement en pr\u00e9sence. Les personnes \u00e9tudiantes auront l\u2019occasion de s\u2019initier \u00e0 certains principes de base de l\u2019intervention communautaire, notamment par des cours comme : Intervenir aupr\u00e8s des hommes en travail social, Intervention collective en travail social ou encore Groupe communautaire et groupe de femmes : enjeux et pratiques.<\/p>\n<p><a href=\"https:\/\/www.uqac.ca\/programme\/7991-bacc-en-education-prescolaire-et-en-enseignement-primaire\/\" target=\"_blank\" rel=\"noopener\"><strong>Baccalaur\u00e9at en \u00e9ducation pr\u00e9scolaire et en enseignement primaire<\/strong><\/a><br \/>\nLe baccalaur\u00e9at en \u00e9ducation pr\u00e9scolaire et en enseignement primaire confirme le d\u00e9marrage de sa cohorte et continue de recevoir les demandes d\u2019admission. Cette formation, qui m\u00e8ne au brevet d\u2019enseignement, condense les cours offerts en deux journ\u00e9es par semaine afin de permettre aux \u00e9tudiantes et \u00e9tudiants de travailler durant leurs \u00e9tudes. Les cours sont r\u00e9partis sur trois trimestres, pour une dur\u00e9e de quatre ans. Par ailleurs, les personnes qui r\u00e9sident \u00e0 plus de 100 km du campus de Sept-\u00celes pourront suivre leurs cours \u00e0 distance.<\/p>\n<p><a href=\"https:\/\/www.uqac.ca\/programme\/1631-maitrise-en-gestion-de-projet-centre-detudes-univ\/\" target=\"_blank\" rel=\"noopener\"><strong>Ma\u00eetrise en gestion de projet<\/strong><\/a><br \/>\nQuant \u00e0 elle, la ma\u00eetrise en gestion de projet vise \u00e0 former des personnes gestionnaires dot\u00e9es d&rsquo;une vision strat\u00e9gique et int\u00e9gr\u00e9e du domaine, qui sont aptes \u00e0 g\u00e9rer strat\u00e9giquement et efficacement des projets, programmes et portefeuilles, de leur conception jusqu&rsquo;\u00e0 l&rsquo;obtention des b\u00e9n\u00e9fices. Le programme offert \u00e0 Sept-\u00celes a \u00e9t\u00e9 r\u00e9fl\u00e9chi pour favoriser la conciliation travail-\u00e9tudes, c\u2019est pourquoi les cours sont offerts en pr\u00e9sentiel lors de journ\u00e9es intensives, compl\u00e9t\u00e9s par des cours en ligne, en soir\u00e9e. La formation est r\u00e9partie sur trois trimestres pour une dur\u00e9e de trois ans.<\/p>\n","protected":false},"excerpt":{"rendered":"<p>\u00c0 l\u2019automne 2025, l\u2019Universit\u00e9 du Qu\u00e9bec \u00e0 Chicoutimi (UQAC) proposera trois formations universitaires en d\u00e9marrage par cohorte sur son campus de Sept-\u00celes en compl\u00e9ment de son offre r\u00e9guli\u00e8re. Les programmes de certificat en intervention communautaire, de baccalaur\u00e9at en \u00e9ducation pr\u00e9scolaire et en enseignement primaire ainsi que de ma\u00eetrise en gestion de projet sont maintenant ouverts [&hellip;]<\/p>\n","protected":false},"author":5,"featured_media":257,"comment_status":"closed","ping_status":"open","sticky":false,"template":"","format":"standard","meta":{"footnotes":""},"categories":[2795,2,2854],"tags":[443,106],"yoast_head":"<!-- This site is optimized with the Yoast SEO plugin v24.2 - https:\/\/yoast.com\/wordpress\/plugins\/seo\/ -->\r\n<title>Une offre bonifi\u00e9e de trois programmes \u00e0 Sept-\u00celes pour l\u2019automne 2025 - UQACtualit\u00e9s<\/title>\r\n<meta name=\"robots\" content=\"index, follow, max-snippet:-1, max-image-preview:large, max-video-preview:-1\" \/>\r\n<link rel=\"canonical\" href=\"https:\/\/www.uqac.ca\/uqactualites\/2025\/05\/22\/une-offre-bonifiee-de-trois-programmes-a-sept-iles-pour-lautomne-2025\/\" \/>\r\n<meta property=\"og:locale\" content=\"fr_CA\" \/>\r\n<meta property=\"og:type\" content=\"article\" \/>\r\n<meta property=\"og:title\" content=\"Une offre bonifi\u00e9e de trois programmes \u00e0 Sept-\u00celes pour l\u2019automne 2025 - UQACtualit\u00e9s\" \/>\r\n<meta property=\"og:description\" content=\"\u00c0 l\u2019automne 2025, l\u2019Universit\u00e9 du Qu\u00e9bec \u00e0 Chicoutimi (UQAC) proposera trois formations universitaires en d\u00e9marrage par cohorte sur son campus de Sept-\u00celes en compl\u00e9ment de son offre r\u00e9guli\u00e8re. Les programmes de certificat en intervention communautaire, de baccalaur\u00e9at en \u00e9ducation pr\u00e9scolaire et en enseignement primaire ainsi que de ma\u00eetrise en gestion de projet sont maintenant ouverts [&hellip;]\" \/>\r\n<meta property=\"og:url\" content=\"https:\/\/www.uqac.ca\/uqactualites\/2025\/05\/22\/une-offre-bonifiee-de-trois-programmes-a-sept-iles-pour-lautomne-2025\/\" \/>\r\n<meta property=\"og:site_name\" content=\"UQACtualit\u00e9s\" \/>\r\n<meta property=\"article:published_time\" content=\"2025-05-22T19:37:11+00:00\" \/>\r\n<meta property=\"og:image\" content=\"https:\/\/www.uqac.ca\/uqactualites\/wp-content\/uploads\/2023\/01\/NUM_SeptIles_FbkCouv851x315-02.jpg\" \/>\r\n\t<meta property=\"og:image:width\" content=\"852\" \/>\r\n\t<meta property=\"og:image:height\" content=\"361\" \/>\r\n\t<meta property=\"og:image:type\" content=\"image\/jpeg\" \/>\r\n<meta name=\"author\" content=\"Service des communications et des relations publiques\" \/>\r\n<meta name=\"twitter:card\" content=\"summary_large_image\" \/>\r\n<meta name=\"twitter:label1\" content=\"\u00c9crit par\" \/>\n\t<meta name=\"twitter:data1\" content=\"Service des communications et des relations publiques\" \/>\n\t<meta name=\"twitter:label2\" content=\"Estimation du temps de lecture\" \/>\n\t<meta name=\"twitter:data2\" content=\"3 minutes\" \/>\r\n<script type=\"application\/ld+json\" class=\"yoast-schema-graph\">{\"@context\":\"https:\/\/schema.org\",\"@graph\":[{\"@type\":\"WebPage\",\"@id\":\"https:\/\/www.uqac.ca\/uqactualites\/2025\/05\/22\/une-offre-bonifiee-de-trois-programmes-a-sept-iles-pour-lautomne-2025\/\",\"url\":\"https:\/\/www.uqac.ca\/uqactualites\/2025\/05\/22\/une-offre-bonifiee-de-trois-programmes-a-sept-iles-pour-lautomne-2025\/\",\"name\":\"Une offre bonifi\u00e9e de trois programmes \u00e0 Sept-\u00celes pour l\u2019automne 2025 - UQACtualit\u00e9s\",\"isPartOf\":{\"@id\":\"https:\/\/www.uqac.ca\/uqactualites\/#website\"},\"primaryImageOfPage\":{\"@id\":\"https:\/\/www.uqac.ca\/uqactualites\/2025\/05\/22\/une-offre-bonifiee-de-trois-programmes-a-sept-iles-pour-lautomne-2025\/#primaryimage\"},\"image\":{\"@id\":\"https:\/\/www.uqac.ca\/uqactualites\/2025\/05\/22\/une-offre-bonifiee-de-trois-programmes-a-sept-iles-pour-lautomne-2025\/#primaryimage\"},\"thumbnailUrl\":\"https:\/\/www.uqac.ca\/uqactualites\/wp-content\/uploads\/2023\/01\/NUM_SeptIles_FbkCouv851x315-02.jpg\",\"datePublished\":\"2025-05-22T19:37:11+00:00\",\"dateModified\":\"2025-05-22T19:37:11+00:00\",\"author\":{\"@id\":\"https:\/\/www.uqac.ca\/uqactualites\/#\/schema\/person\/366c45a0c4f0e677b41b4af5886e2018\"},\"breadcrumb\":{\"@id\":\"https:\/\/www.uqac.ca\/uqactualites\/2025\/05\/22\/une-offre-bonifiee-de-trois-programmes-a-sept-iles-pour-lautomne-2025\/#breadcrumb\"},\"inLanguage\":\"fr-CA\",\"potentialAction\":[{\"@type\":\"ReadAction\",\"target\":[\"https:\/\/www.uqac.ca\/uqactualites\/2025\/05\/22\/une-offre-bonifiee-de-trois-programmes-a-sept-iles-pour-lautomne-2025\/\"]}]},{\"@type\":\"ImageObject\",\"inLanguage\":\"fr-CA\",\"@id\":\"https:\/\/www.uqac.ca\/uqactualites\/2025\/05\/22\/une-offre-bonifiee-de-trois-programmes-a-sept-iles-pour-lautomne-2025\/#primaryimage\",\"url\":\"https:\/\/www.uqac.ca\/uqactualites\/wp-content\/uploads\/2023\/01\/NUM_SeptIles_FbkCouv851x315-02.jpg\",\"contentUrl\":\"https:\/\/www.uqac.ca\/uqactualites\/wp-content\/uploads\/2023\/01\/NUM_SeptIles_FbkCouv851x315-02.jpg\",\"width\":852,\"height\":361},{\"@type\":\"BreadcrumbList\",\"@id\":\"https:\/\/www.uqac.ca\/uqactualites\/2025\/05\/22\/une-offre-bonifiee-de-trois-programmes-a-sept-iles-pour-lautomne-2025\/#breadcrumb\",\"itemListElement\":[{\"@type\":\"ListItem\",\"position\":1,\"name\":\"Home\",\"item\":\"https:\/\/www.uqac.ca\/uqactualites\/\"},{\"@type\":\"ListItem\",\"position\":2,\"name\":\"Une offre bonifi\u00e9e de trois programmes \u00e0 Sept-\u00celes pour l\u2019automne 2025\"}]},{\"@type\":\"WebSite\",\"@id\":\"https:\/\/www.uqac.ca\/uqactualites\/#website\",\"url\":\"https:\/\/www.uqac.ca\/uqactualites\/\",\"name\":\"UQACtualit\u00e9s\",\"description\":\"Le portail des nouvelles de l&#039;UQAC\",\"potentialAction\":[{\"@type\":\"SearchAction\",\"target\":{\"@type\":\"EntryPoint\",\"urlTemplate\":\"https:\/\/www.uqac.ca\/uqactualites\/?s={search_term_string}\"},\"query-input\":{\"@type\":\"PropertyValueSpecification\",\"valueRequired\":true,\"valueName\":\"search_term_string\"}}],\"inLanguage\":\"fr-CA\"},{\"@type\":\"Person\",\"@id\":\"https:\/\/www.uqac.ca\/uqactualites\/#\/schema\/person\/366c45a0c4f0e677b41b4af5886e2018\",\"name\":\"Service des communications et des relations publiques\",\"image\":{\"@type\":\"ImageObject\",\"inLanguage\":\"fr-CA\",\"@id\":\"https:\/\/www.uqac.ca\/uqactualites\/#\/schema\/person\/image\/\",\"url\":\"https:\/\/secure.gravatar.com\/avatar\/20fbbda8a292f59f2d3461a5b999c00b?s=96&d=mm&r=g\",\"contentUrl\":\"https:\/\/secure.gravatar.com\/avatar\/20fbbda8a292f59f2d3461a5b999c00b?s=96&d=mm&r=g\",\"caption\":\"Service des communications et des relations publiques\"},\"url\":\"https:\/\/www.uqac.ca\/uqactualites\/author\/bap\/\"}]}<\/script>\r\n<!-- \/ Yoast SEO plugin. -->","yoast_head_json":{"title":"Une offre bonifi\u00e9e de trois programmes \u00e0 Sept-\u00celes pour l\u2019automne 2025 - UQACtualit\u00e9s","robots":{"index":"index","follow":"follow","max-snippet":"max-snippet:-1","max-image-preview":"max-image-preview:large","max-video-preview":"max-video-preview:-1"},"canonical":"https:\/\/www.uqac.ca\/uqactualites\/2025\/05\/22\/une-offre-bonifiee-de-trois-programmes-a-sept-iles-pour-lautomne-2025\/","og_locale":"fr_CA","og_type":"article","og_title":"Une offre bonifi\u00e9e de trois programmes \u00e0 Sept-\u00celes pour l\u2019automne 2025 - UQACtualit\u00e9s","og_description":"\u00c0 l\u2019automne 2025, l\u2019Universit\u00e9 du Qu\u00e9bec \u00e0 Chicoutimi (UQAC) proposera trois formations universitaires en d\u00e9marrage par cohorte sur son campus de Sept-\u00celes en compl\u00e9ment de son offre r\u00e9guli\u00e8re. Les programmes de certificat en intervention communautaire, de baccalaur\u00e9at en \u00e9ducation pr\u00e9scolaire et en enseignement primaire ainsi que de ma\u00eetrise en gestion de projet sont maintenant ouverts [&hellip;]","og_url":"https:\/\/www.uqac.ca\/uqactualites\/2025\/05\/22\/une-offre-bonifiee-de-trois-programmes-a-sept-iles-pour-lautomne-2025\/","og_site_name":"UQACtualit\u00e9s","article_published_time":"2025-05-22T19:37:11+00:00","og_image":[{"width":852,"height":361,"url":"https:\/\/www.uqac.ca\/uqactualites\/wp-content\/uploads\/2023\/01\/NUM_SeptIles_FbkCouv851x315-02.jpg","type":"image\/jpeg"}],"author":"Service des communications et des relations publiques","twitter_card":"summary_large_image","twitter_misc":{"\u00c9crit par":"Service des communications et des relations publiques","Estimation du temps de lecture":"3 minutes"},"schema":{"@context":"https:\/\/schema.org","@graph":[{"@type":"WebPage","@id":"https:\/\/www.uqac.ca\/uqactualites\/2025\/05\/22\/une-offre-bonifiee-de-trois-programmes-a-sept-iles-pour-lautomne-2025\/","url":"https:\/\/www.uqac.ca\/uqactualites\/2025\/05\/22\/une-offre-bonifiee-de-trois-programmes-a-sept-iles-pour-lautomne-2025\/","name":"Une offre bonifi\u00e9e de trois programmes \u00e0 Sept-\u00celes pour l\u2019automne 2025 - UQACtualit\u00e9s","isPartOf":{"@id":"https:\/\/www.uqac.ca\/uqactualites\/#website"},"primaryImageOfPage":{"@id":"https:\/\/www.uqac.ca\/uqactualites\/2025\/05\/22\/une-offre-bonifiee-de-trois-programmes-a-sept-iles-pour-lautomne-2025\/#primaryimage"},"image":{"@id":"https:\/\/www.uqac.ca\/uqactualites\/2025\/05\/22\/une-offre-bonifiee-de-trois-programmes-a-sept-iles-pour-lautomne-2025\/#primaryimage"},"thumbnailUrl":"https:\/\/www.uqac.ca\/uqactualites\/wp-content\/uploads\/2023\/01\/NUM_SeptIles_FbkCouv851x315-02.jpg","datePublished":"2025-05-22T19:37:11+00:00","dateModified":"2025-05-22T19:37:11+00:00","author":{"@id":"https:\/\/www.uqac.ca\/uqactualites\/#\/schema\/person\/366c45a0c4f0e677b41b4af5886e2018"},"breadcrumb":{"@id":"https:\/\/www.uqac.ca\/uqactualites\/2025\/05\/22\/une-offre-bonifiee-de-trois-programmes-a-sept-iles-pour-lautomne-2025\/#breadcrumb"},"inLanguage":"fr-CA","potentialAction":[{"@type":"ReadAction","target":["https:\/\/www.uqac.ca\/uqactualites\/2025\/05\/22\/une-offre-bonifiee-de-trois-programmes-a-sept-iles-pour-lautomne-2025\/"]}]},{"@type":"ImageObject","inLanguage":"fr-CA","@id":"https:\/\/www.uqac.ca\/uqactualites\/2025\/05\/22\/une-offre-bonifiee-de-trois-programmes-a-sept-iles-pour-lautomne-2025\/#primaryimage","url":"https:\/\/www.uqac.ca\/uqactualites\/wp-content\/uploads\/2023\/01\/NUM_SeptIles_FbkCouv851x315-02.jpg","contentUrl":"https:\/\/www.uqac.ca\/uqactualites\/wp-content\/uploads\/2023\/01\/NUM_SeptIles_FbkCouv851x315-02.jpg","width":852,"height":361},{"@type":"BreadcrumbList","@id":"https:\/\/www.uqac.ca\/uqactualites\/2025\/05\/22\/une-offre-bonifiee-de-trois-programmes-a-sept-iles-pour-lautomne-2025\/#breadcrumb","itemListElement":[{"@type":"ListItem","position":1,"name":"Home","item":"https:\/\/www.uqac.ca\/uqactualites\/"},{"@type":"ListItem","position":2,"name":"Une offre bonifi\u00e9e de trois programmes \u00e0 Sept-\u00celes pour l\u2019automne 2025"}]},{"@type":"WebSite","@id":"https:\/\/www.uqac.ca\/uqactualites\/#website","url":"https:\/\/www.uqac.ca\/uqactualites\/","name":"UQACtualit\u00e9s","description":"Le portail des nouvelles de l&#039;UQAC","potentialAction":[{"@type":"SearchAction","target":{"@type":"EntryPoint","urlTemplate":"https:\/\/www.uqac.ca\/uqactualites\/?s={search_term_string}"},"query-input":{"@type":"PropertyValueSpecification","valueRequired":true,"valueName":"search_term_string"}}],"inLanguage":"fr-CA"},{"@type":"Person","@id":"https:\/\/www.uqac.ca\/uqactualites\/#\/schema\/person\/366c45a0c4f0e677b41b4af5886e2018","name":"Service des communications et des relations publiques","image":{"@type":"ImageObject","inLanguage":"fr-CA","@id":"https:\/\/www.uqac.ca\/uqactualites\/#\/schema\/person\/image\/","url":"https:\/\/secure.gravatar.com\/avatar\/20fbbda8a292f59f2d3461a5b999c00b?s=96&d=mm&r=g","contentUrl":"https:\/\/secure.gravatar.com\/avatar\/20fbbda8a292f59f2d3461a5b999c00b?s=96&d=mm&r=g","caption":"Service des communications et des relations publiques"},"url":"https:\/\/www.uqac.ca\/uqactualites\/author\/bap\/"}]}},"_links":{"self":[{"href":"https:\/\/www.uqac.ca\/uqactualites\/wp-json\/wp\/v2\/posts\/50797"}],"collection":[{"href":"https:\/\/www.uqac.ca\/uqactualites\/wp-json\/wp\/v2\/posts"}],"about":[{"href":"https:\/\/www.uqac.ca\/uqactualites\/wp-json\/wp\/v2\/types\/post"}],"author":[{"embeddable":true,"href":"https:\/\/www.uqac.ca\/uqactualites\/wp-json\/wp\/v2\/users\/5"}],"replies":[{"embeddable":true,"href":"https:\/\/www.uqac.ca\/uqactualites\/wp-json\/wp\/v2\/comments?post=50797"}],"version-history":[{"count":1,"href":"https:\/\/www.uqac.ca\/uqactualites\/wp-json\/wp\/v2\/posts\/50797\/revisions"}],"predecessor-version":[{"id":50798,"href":"https:\/\/www.uqac.ca\/uqactualites\/wp-json\/wp\/v2\/posts\/50797\/revisions\/50798"}],"wp:featuredmedia":[{"embeddable":true,"href":"https:\/\/www.uqac.ca\/uqactualites\/wp-json\/wp\/v2\/media\/257"}],"wp:attachment":[{"href":"https:\/\/www.uqac.ca\/uqactualites\/wp-json\/wp\/v2\/media?parent=50797"}],"wp:term":[{"taxonomy":"category","embeddable":true,"href":"https:\/\/www.uqac.ca\/uqactualites\/wp-json\/wp\/v2\/categories?post=50797"},{"taxonomy":"post_tag","embeddable":true,"href":"https:\/\/www.uqac.ca\/uqactualites\/wp-json\/wp\/v2\/tags?post=50797"}],"curies":[{"name":"wp","href":"https:\/\/api.w.org\/{rel}","templated":true}]}}